{"id":316173,"date":"2023-11-05T08:00:48","date_gmt":"2023-11-05T11:00:48","guid":{"rendered":"https:\/\/www.notibras.com\/site\/?p=316173"},"modified":"2023-11-05T08:31:54","modified_gmt":"2023-11-05T11:31:54","slug":"pesquisa-mostra-mudancas-na-forma-de-encarar-cancer","status":"publish","type":"post","link":"https:\/\/www.notibras.com\/site\/pesquisa-mostra-mudancas-na-forma-de-encarar-cancer\/","title":{"rendered":"Pesquisa mostra mudan\u00e7as na forma de encarar c\u00e2ncer"},"content":{"rendered":"<p>Visibilidade, luta pelo direito de acesso \u00e0 sa\u00fade de qualidade e pela escolha em reconstruir ou n\u00e3o o seio ap\u00f3s a cirurgia de retirada das mamas, a mastectomia. Esses s\u00e3o alguns dos achados da antrop\u00f3loga Waleska de Ara\u00fajo Aureliano, em 20 anos de pesquisas, sobre como as mulheres com c\u00e2ncer de mama lidam com o processo de adoecimento.<\/p>\n<p>Desde a d\u00e9cada de 1980, de acordo com a professora, \u00e9 poss\u00edvel perceber mudan\u00e7as na maneira como a doen\u00e7a \u00e9 encarada pela sociedade, principalmente o discurso m\u00e9dico. Os profissionais de sa\u00fade sa\u00edram da perspectiva fatalista e hoje t\u00eam um di\u00e1logo mais franco com pacientes sobre o c\u00e2ncer de mama.<\/p>\n<p>H\u00e1 40 anos, ainda era tabu para muitas pessoas mencionar a palavra c\u00e2ncer, que n\u00e3o era dita nem por profissionais de sa\u00fade, nem pela fam\u00edlia dos pacientes. &#8220;Embora ainda tenhamos um estigma muito forte em torno da doen\u00e7a, muita coisa mudou. A percep\u00e7\u00e3o do c\u00e2ncer de mama como senten\u00e7a de morte vem cedendo lugar \u00e0 compreens\u00e3o do c\u00e2ncer como uma doen\u00e7a cr\u00f4nica. Isso, claro, quando as pessoas afetadas t\u00eam acesso adequado a diagn\u00f3stico e tratamento.&#8221;<\/p>\n<p>Segundo Waleska, \u00e9 muito importante que esse acesso seja mencionado na campanha Outubro Rosa, porque a ideia de que tudo depende da disposi\u00e7\u00e3o individual das mulheres em se cuidar n\u00e3o funciona se n\u00e3o forem dadas as condi\u00e7\u00f5es ideais para que todas possam fazer isso adequadamente\u201d.<\/p>\n<p>De acordo com a professora, a internet, com as m\u00eddias sociais, foi uma das respons\u00e1veis pelo processo de dar maior visibilidade do c\u00e2ncer de mama. \u201cIsso afeta a narrativa das mulheres, uma vez que elas recebem esse diagn\u00f3stico acompanhado de um progn\u00f3stico que traz esperan\u00e7a de cura e qualidade de vida durante muitas d\u00e9cadas\u201d, afirma.<\/p>\n<p>&#8220;A perspectiva de cura faz com que a pessoa acometida comece a ter outra imagem sobre sua trajet\u00f3ria e fique mais confort\u00e1vel para falar no assunto abertamente. O relato \u00e9 provocado por uma mudan\u00e7a na percep\u00e7\u00e3o sobre o pr\u00f3prio corpo, sobre o que significa ser mulher, independente de ter um seio ou dois, de ter feito reconstru\u00e7\u00e3o mam\u00e1ria ou n\u00e3o.\u201d<\/p>\n<p><strong>Empoderamento<\/strong><br \/>\nAtualmente, Waleska se dedica a estudar trabalhos fotogr\u00e1ficos art\u00edsticos e textos autobiogr\u00e1ficos de mulheres que passaram pelo diagn\u00f3stico de c\u00e2ncer de mama. Para ela, esses registros marcam uma mudan\u00e7a na ideia da mulher como v\u00edtima para o empoderamento, com consci\u00eancia das mudan\u00e7as provocadas pelo diagn\u00f3stico e pelo tratamento, assim como a perda da vergonha em expor o corpo ou falar sobre a doen\u00e7a.<\/p>\n<p>\u201c\u00c9 o movimento de algumas mulheres dentro de um universo muito heterog\u00eaneo. N\u00e3o se pode pensar nas transforma\u00e7\u00f5es como algo que atravessa todas as mulheres igualmente. H\u00e1 uma variedade muito grande nessa experi\u00eancia, a depender de fatores sociais e culturais, de acesso \u00e0 sa\u00fade, sua hist\u00f3ria pregressa, dos relacionamentos e do modo como ela se insere no mundo do trabalho\u201d, ressalta a antrop\u00f3loga.<\/p>\n<p>Ela tamb\u00e9m afirma ter observado, ao longo desses anos, que aa pluralidade de modos de entender o c\u00e2ncer de mama, em alguns casos, refor\u00e7am padr\u00f5es de representa\u00e7\u00e3o do corpo feminino. \u201c\u00c9 como se depois do c\u00e2ncer n\u00e3o bastasse voc\u00ea ser mulher, voc\u00ea tem que se mostrar como mulher.\u201d<\/p>\n","protected":false},"excerpt":{"rendered":"<p>Visibilidade, luta pelo direito de acesso \u00e0 sa\u00fade de qualidade e pela escolha em reconstruir ou n\u00e3o o seio ap\u00f3s a cirurgia de retirada das mamas, a mastectomia. Esses s\u00e3o alguns dos achados da antrop\u00f3loga Waleska de Ara\u00fajo Aureliano, em 20 anos de pesquisas, sobre como as mulheres com c\u00e2ncer de mama lidam com o [&hellip;]<\/p>\n","protected":false},"author":2,"featured_media":316174,"comment_status":"closed","ping_status":"closed","sticky":false,"template":"","format":"standard","meta":{"_acf_changed":false,"footnotes":""},"categories":[161],"tags":[],"class_list":["post-316173","post","type-post","status-publish","format-standard","has-post-thumbnail","hentry","category-quadradinho-em-foco"],"acf":[],"yoast_head":"<!-- This site is optimized with the Yoast SEO plugin v27.2 - https:\/\/yoast.com\/product\/yoast-seo-wordpress\/ -->\n<title>Pesquisa mostra mudan\u00e7as na forma de encarar c\u00e2ncer - Notibras<\/title>\n<meta name=\"robots\" content=\"index, follow, max-snippet:-1, max-image-preview:large, max-video-preview:-1\" \/>\n<link rel=\"canonical\" href=\"https:\/\/www.notibras.com\/site\/pesquisa-mostra-mudancas-na-forma-de-encarar-cancer\/\" \/>\n<meta property=\"og:locale\" content=\"pt_BR\" \/>\n<meta property=\"og:type\" content=\"article\" \/>\n<meta property=\"og:title\" content=\"Pesquisa mostra mudan\u00e7as na forma de encarar c\u00e2ncer - Notibras\" \/>\n<meta property=\"og:description\" content=\"Visibilidade, luta pelo direito de acesso \u00e0 sa\u00fade de qualidade e pela escolha em reconstruir ou n\u00e3o o seio ap\u00f3s a cirurgia de retirada das mamas, a mastectomia. Esses s\u00e3o alguns dos achados da antrop\u00f3loga Waleska de Ara\u00fajo Aureliano, em 20 anos de pesquisas, sobre como as mulheres com c\u00e2ncer de mama lidam com o [&hellip;]\" \/>\n<meta property=\"og:url\" content=\"https:\/\/www.notibras.com\/site\/pesquisa-mostra-mudancas-na-forma-de-encarar-cancer\/\" \/>\n<meta property=\"og:site_name\" content=\"Notibras\" \/>\n<meta property=\"article:publisher\" content=\"https:\/\/www.facebook.com\/notibras\/\" \/>\n<meta property=\"article:published_time\" content=\"2023-11-05T11:00:48+00:00\" \/>\n<meta property=\"article:modified_time\" content=\"2023-11-05T11:31:54+00:00\" \/>\n<meta property=\"og:image\" content=\"https:\/\/www.notibras.com\/site\/wp-content\/uploads\/2023\/11\/mama.can_.png\" \/>\n\t<meta property=\"og:image:width\" content=\"1170\" \/>\n\t<meta property=\"og:image:height\" content=\"700\" \/>\n\t<meta property=\"og:image:type\" content=\"image\/png\" \/>\n<meta name=\"author\" content=\"Reda\u00e7\u00e3o\" \/>\n<meta name=\"twitter:card\" content=\"summary_large_image\" \/>\n<meta name=\"twitter:creator\" content=\"@Notibras\" \/>\n<meta name=\"twitter:site\" content=\"@Notibras\" \/>\n<meta name=\"twitter:label1\" content=\"Escrito por\" \/>\n\t<meta name=\"twitter:data1\" content=\"Reda\u00e7\u00e3o\" \/>\n\t<meta name=\"twitter:label2\" content=\"Est. tempo de leitura\" \/>\n\t<meta name=\"twitter:data2\" content=\"3 minutos\" \/>\n<script type=\"application\/ld+json\" class=\"yoast-schema-graph\">{\"@context\":\"https:\/\/schema.org\",\"@graph\":[{\"@type\":\"Article\",\"@id\":\"https:\/\/www.notibras.com\/site\/pesquisa-mostra-mudancas-na-forma-de-encarar-cancer\/#article\",\"isPartOf\":{\"@id\":\"https:\/\/www.notibras.com\/site\/pesquisa-mostra-mudancas-na-forma-de-encarar-cancer\/\"},\"author\":{\"name\":\"Reda\u00e7\u00e3o\",\"@id\":\"https:\/\/www.notibras.com\/site\/#\/schema\/person\/36ab0979449956132d3e5b517ea76ac8\"},\"headline\":\"Pesquisa mostra mudan\u00e7as na forma de encarar c\u00e2ncer\",\"datePublished\":\"2023-11-05T11:00:48+00:00\",\"dateModified\":\"2023-11-05T11:31:54+00:00\",\"mainEntityOfPage\":{\"@id\":\"https:\/\/www.notibras.com\/site\/pesquisa-mostra-mudancas-na-forma-de-encarar-cancer\/\"},\"wordCount\":590,\"publisher\":{\"@id\":\"https:\/\/www.notibras.com\/site\/#organization\"},\"image\":{\"@id\":\"https:\/\/www.notibras.com\/site\/pesquisa-mostra-mudancas-na-forma-de-encarar-cancer\/#primaryimage\"},\"thumbnailUrl\":\"https:\/\/www.notibras.com\/site\/wp-content\/uploads\/2023\/11\/mama.can_.png\",\"articleSection\":[\"Quadradinho em Foco\"],\"inLanguage\":\"pt-BR\"},{\"@type\":\"WebPage\",\"@id\":\"https:\/\/www.notibras.com\/site\/pesquisa-mostra-mudancas-na-forma-de-encarar-cancer\/\",\"url\":\"https:\/\/www.notibras.com\/site\/pesquisa-mostra-mudancas-na-forma-de-encarar-cancer\/\",\"name\":\"Pesquisa mostra mudan\u00e7as na forma de encarar c\u00e2ncer - Notibras\",\"isPartOf\":{\"@id\":\"https:\/\/www.notibras.com\/site\/#website\"},\"primaryImageOfPage\":{\"@id\":\"https:\/\/www.notibras.com\/site\/pesquisa-mostra-mudancas-na-forma-de-encarar-cancer\/#primaryimage\"},\"image\":{\"@id\":\"https:\/\/www.notibras.com\/site\/pesquisa-mostra-mudancas-na-forma-de-encarar-cancer\/#primaryimage\"},\"thumbnailUrl\":\"https:\/\/www.notibras.com\/site\/wp-content\/uploads\/2023\/11\/mama.can_.png\",\"datePublished\":\"2023-11-05T11:00:48+00:00\",\"dateModified\":\"2023-11-05T11:31:54+00:00\",\"breadcrumb\":{\"@id\":\"https:\/\/www.notibras.com\/site\/pesquisa-mostra-mudancas-na-forma-de-encarar-cancer\/#breadcrumb\"},\"inLanguage\":\"pt-BR\",\"potentialAction\":[{\"@type\":\"ReadAction\",\"target\":[\"https:\/\/www.notibras.com\/site\/pesquisa-mostra-mudancas-na-forma-de-encarar-cancer\/\"]}]},{\"@type\":\"ImageObject\",\"inLanguage\":\"pt-BR\",\"@id\":\"https:\/\/www.notibras.com\/site\/pesquisa-mostra-mudancas-na-forma-de-encarar-cancer\/#primaryimage\",\"url\":\"https:\/\/www.notibras.com\/site\/wp-content\/uploads\/2023\/11\/mama.can_.png\",\"contentUrl\":\"https:\/\/www.notibras.com\/site\/wp-content\/uploads\/2023\/11\/mama.can_.png\",\"width\":1170,\"height\":700},{\"@type\":\"BreadcrumbList\",\"@id\":\"https:\/\/www.notibras.com\/site\/pesquisa-mostra-mudancas-na-forma-de-encarar-cancer\/#breadcrumb\",\"itemListElement\":[{\"@type\":\"ListItem\",\"position\":1,\"name\":\"In\u00edcio\",\"item\":\"https:\/\/www.notibras.com\/site\/\"},{\"@type\":\"ListItem\",\"position\":2,\"name\":\"Pesquisa mostra mudan\u00e7as na forma de encarar c\u00e2ncer\"}]},{\"@type\":\"WebSite\",\"@id\":\"https:\/\/www.notibras.com\/site\/#website\",\"url\":\"https:\/\/www.notibras.com\/site\/\",\"name\":\"Notibras\",\"description\":\"Not\u00edcias de Bras\u00edlia, do Brasil e do Mundo\",\"publisher\":{\"@id\":\"https:\/\/www.notibras.com\/site\/#organization\"},\"potentialAction\":[{\"@type\":\"SearchAction\",\"target\":{\"@type\":\"EntryPoint\",\"urlTemplate\":\"https:\/\/www.notibras.com\/site\/?s={search_term_string}\"},\"query-input\":{\"@type\":\"PropertyValueSpecification\",\"valueRequired\":true,\"valueName\":\"search_term_string\"}}],\"inLanguage\":\"pt-BR\"},{\"@type\":\"Organization\",\"@id\":\"https:\/\/www.notibras.com\/site\/#organization\",\"name\":\"Grupo Notibras de Comunica\u00e7\u00e3o\",\"url\":\"https:\/\/www.notibras.com\/site\/\",\"logo\":{\"@type\":\"ImageObject\",\"inLanguage\":\"pt-BR\",\"@id\":\"https:\/\/www.notibras.com\/site\/#\/schema\/logo\/image\/\",\"url\":\"https:\/\/www.notibras.com\/site\/wp-content\/uploads\/2023\/01\/notibras23.png\",\"contentUrl\":\"https:\/\/www.notibras.com\/site\/wp-content\/uploads\/2023\/01\/notibras23.png\",\"width\":350,\"height\":87,\"caption\":\"Grupo Notibras de Comunica\u00e7\u00e3o\"},\"image\":{\"@id\":\"https:\/\/www.notibras.com\/site\/#\/schema\/logo\/image\/\"},\"sameAs\":[\"https:\/\/www.facebook.com\/notibras\/\",\"https:\/\/x.com\/Notibras\",\"https:\/\/www.instagram.com\/notibras\/\"]},{\"@type\":\"Person\",\"@id\":\"https:\/\/www.notibras.com\/site\/#\/schema\/person\/36ab0979449956132d3e5b517ea76ac8\",\"name\":\"Reda\u00e7\u00e3o\",\"image\":{\"@type\":\"ImageObject\",\"inLanguage\":\"pt-BR\",\"@id\":\"https:\/\/secure.gravatar.com\/avatar\/e0a867bdedb85fd243eadf09663511f96fc81e0720a4a42581f334ad4303aa6b?s=96&d=mm&r=g\",\"url\":\"https:\/\/secure.gravatar.com\/avatar\/e0a867bdedb85fd243eadf09663511f96fc81e0720a4a42581f334ad4303aa6b?s=96&d=mm&r=g\",\"contentUrl\":\"https:\/\/secure.gravatar.com\/avatar\/e0a867bdedb85fd243eadf09663511f96fc81e0720a4a42581f334ad4303aa6b?s=96&d=mm&r=g\",\"caption\":\"Reda\u00e7\u00e3o\"}}]}<\/script>\n<!-- \/ Yoast SEO plugin. -->","yoast_head_json":{"title":"Pesquisa mostra mudan\u00e7as na forma de encarar c\u00e2ncer - Notibras","robots":{"index":"index","follow":"follow","max-snippet":"max-snippet:-1","max-image-preview":"max-image-preview:large","max-video-preview":"max-video-preview:-1"},"canonical":"https:\/\/www.notibras.com\/site\/pesquisa-mostra-mudancas-na-forma-de-encarar-cancer\/","og_locale":"pt_BR","og_type":"article","og_title":"Pesquisa mostra mudan\u00e7as na forma de encarar c\u00e2ncer - Notibras","og_description":"Visibilidade, luta pelo direito de acesso \u00e0 sa\u00fade de qualidade e pela escolha em reconstruir ou n\u00e3o o seio ap\u00f3s a cirurgia de retirada das mamas, a mastectomia. Esses s\u00e3o alguns dos achados da antrop\u00f3loga Waleska de Ara\u00fajo Aureliano, em 20 anos de pesquisas, sobre como as mulheres com c\u00e2ncer de mama lidam com o [&hellip;]","og_url":"https:\/\/www.notibras.com\/site\/pesquisa-mostra-mudancas-na-forma-de-encarar-cancer\/","og_site_name":"Notibras","article_publisher":"https:\/\/www.facebook.com\/notibras\/","article_published_time":"2023-11-05T11:00:48+00:00","article_modified_time":"2023-11-05T11:31:54+00:00","og_image":[{"width":1170,"height":700,"url":"https:\/\/www.notibras.com\/site\/wp-content\/uploads\/2023\/11\/mama.can_.png","type":"image\/png"}],"author":"Reda\u00e7\u00e3o","twitter_card":"summary_large_image","twitter_creator":"@Notibras","twitter_site":"@Notibras","twitter_misc":{"Escrito por":"Reda\u00e7\u00e3o","Est. tempo de leitura":"3 minutos"},"schema":{"@context":"https:\/\/schema.org","@graph":[{"@type":"Article","@id":"https:\/\/www.notibras.com\/site\/pesquisa-mostra-mudancas-na-forma-de-encarar-cancer\/#article","isPartOf":{"@id":"https:\/\/www.notibras.com\/site\/pesquisa-mostra-mudancas-na-forma-de-encarar-cancer\/"},"author":{"name":"Reda\u00e7\u00e3o","@id":"https:\/\/www.notibras.com\/site\/#\/schema\/person\/36ab0979449956132d3e5b517ea76ac8"},"headline":"Pesquisa mostra mudan\u00e7as na forma de encarar c\u00e2ncer","datePublished":"2023-11-05T11:00:48+00:00","dateModified":"2023-11-05T11:31:54+00:00","mainEntityOfPage":{"@id":"https:\/\/www.notibras.com\/site\/pesquisa-mostra-mudancas-na-forma-de-encarar-cancer\/"},"wordCount":590,"publisher":{"@id":"https:\/\/www.notibras.com\/site\/#organization"},"image":{"@id":"https:\/\/www.notibras.com\/site\/pesquisa-mostra-mudancas-na-forma-de-encarar-cancer\/#primaryimage"},"thumbnailUrl":"https:\/\/www.notibras.com\/site\/wp-content\/uploads\/2023\/11\/mama.can_.png","articleSection":["Quadradinho em Foco"],"inLanguage":"pt-BR"},{"@type":"WebPage","@id":"https:\/\/www.notibras.com\/site\/pesquisa-mostra-mudancas-na-forma-de-encarar-cancer\/","url":"https:\/\/www.notibras.com\/site\/pesquisa-mostra-mudancas-na-forma-de-encarar-cancer\/","name":"Pesquisa mostra mudan\u00e7as na forma de encarar c\u00e2ncer - Notibras","isPartOf":{"@id":"https:\/\/www.notibras.com\/site\/#website"},"primaryImageOfPage":{"@id":"https:\/\/www.notibras.com\/site\/pesquisa-mostra-mudancas-na-forma-de-encarar-cancer\/#primaryimage"},"image":{"@id":"https:\/\/www.notibras.com\/site\/pesquisa-mostra-mudancas-na-forma-de-encarar-cancer\/#primaryimage"},"thumbnailUrl":"https:\/\/www.notibras.com\/site\/wp-content\/uploads\/2023\/11\/mama.can_.png","datePublished":"2023-11-05T11:00:48+00:00","dateModified":"2023-11-05T11:31:54+00:00","breadcrumb":{"@id":"https:\/\/www.notibras.com\/site\/pesquisa-mostra-mudancas-na-forma-de-encarar-cancer\/#breadcrumb"},"inLanguage":"pt-BR","potentialAction":[{"@type":"ReadAction","target":["https:\/\/www.notibras.com\/site\/pesquisa-mostra-mudancas-na-forma-de-encarar-cancer\/"]}]},{"@type":"ImageObject","inLanguage":"pt-BR","@id":"https:\/\/www.notibras.com\/site\/pesquisa-mostra-mudancas-na-forma-de-encarar-cancer\/#primaryimage","url":"https:\/\/www.notibras.com\/site\/wp-content\/uploads\/2023\/11\/mama.can_.png","contentUrl":"https:\/\/www.notibras.com\/site\/wp-content\/uploads\/2023\/11\/mama.can_.png","width":1170,"height":700},{"@type":"BreadcrumbList","@id":"https:\/\/www.notibras.com\/site\/pesquisa-mostra-mudancas-na-forma-de-encarar-cancer\/#breadcrumb","itemListElement":[{"@type":"ListItem","position":1,"name":"In\u00edcio","item":"https:\/\/www.notibras.com\/site\/"},{"@type":"ListItem","position":2,"name":"Pesquisa mostra mudan\u00e7as na forma de encarar c\u00e2ncer"}]},{"@type":"WebSite","@id":"https:\/\/www.notibras.com\/site\/#website","url":"https:\/\/www.notibras.com\/site\/","name":"Notibras","description":"Not\u00edcias de Bras\u00edlia, do Brasil e do Mundo","publisher":{"@id":"https:\/\/www.notibras.com\/site\/#organization"},"potentialAction":[{"@type":"SearchAction","target":{"@type":"EntryPoint","urlTemplate":"https:\/\/www.notibras.com\/site\/?s={search_term_string}"},"query-input":{"@type":"PropertyValueSpecification","valueRequired":true,"valueName":"search_term_string"}}],"inLanguage":"pt-BR"},{"@type":"Organization","@id":"https:\/\/www.notibras.com\/site\/#organization","name":"Grupo Notibras de Comunica\u00e7\u00e3o","url":"https:\/\/www.notibras.com\/site\/","logo":{"@type":"ImageObject","inLanguage":"pt-BR","@id":"https:\/\/www.notibras.com\/site\/#\/schema\/logo\/image\/","url":"https:\/\/www.notibras.com\/site\/wp-content\/uploads\/2023\/01\/notibras23.png","contentUrl":"https:\/\/www.notibras.com\/site\/wp-content\/uploads\/2023\/01\/notibras23.png","width":350,"height":87,"caption":"Grupo Notibras de Comunica\u00e7\u00e3o"},"image":{"@id":"https:\/\/www.notibras.com\/site\/#\/schema\/logo\/image\/"},"sameAs":["https:\/\/www.facebook.com\/notibras\/","https:\/\/x.com\/Notibras","https:\/\/www.instagram.com\/notibras\/"]},{"@type":"Person","@id":"https:\/\/www.notibras.com\/site\/#\/schema\/person\/36ab0979449956132d3e5b517ea76ac8","name":"Reda\u00e7\u00e3o","image":{"@type":"ImageObject","inLanguage":"pt-BR","@id":"https:\/\/secure.gravatar.com\/avatar\/e0a867bdedb85fd243eadf09663511f96fc81e0720a4a42581f334ad4303aa6b?s=96&d=mm&r=g","url":"https:\/\/secure.gravatar.com\/avatar\/e0a867bdedb85fd243eadf09663511f96fc81e0720a4a42581f334ad4303aa6b?s=96&d=mm&r=g","contentUrl":"https:\/\/secure.gravatar.com\/avatar\/e0a867bdedb85fd243eadf09663511f96fc81e0720a4a42581f334ad4303aa6b?s=96&d=mm&r=g","caption":"Reda\u00e7\u00e3o"}}]}},"amp_enabled":true,"_links":{"self":[{"href":"https:\/\/www.notibras.com\/site\/wp-json\/wp\/v2\/posts\/316173","targetHints":{"allow":["GET"]}}],"collection":[{"href":"https:\/\/www.notibras.com\/site\/wp-json\/wp\/v2\/posts"}],"about":[{"href":"https:\/\/www.notibras.com\/site\/wp-json\/wp\/v2\/types\/post"}],"author":[{"embeddable":true,"href":"https:\/\/www.notibras.com\/site\/wp-json\/wp\/v2\/users\/2"}],"replies":[{"embeddable":true,"href":"https:\/\/www.notibras.com\/site\/wp-json\/wp\/v2\/comments?post=316173"}],"version-history":[{"count":1,"href":"https:\/\/www.notibras.com\/site\/wp-json\/wp\/v2\/posts\/316173\/revisions"}],"predecessor-version":[{"id":316175,"href":"https:\/\/www.notibras.com\/site\/wp-json\/wp\/v2\/posts\/316173\/revisions\/316175"}],"wp:featuredmedia":[{"embeddable":true,"href":"https:\/\/www.notibras.com\/site\/wp-json\/wp\/v2\/media\/316174"}],"wp:attachment":[{"href":"https:\/\/www.notibras.com\/site\/wp-json\/wp\/v2\/media?parent=316173"}],"wp:term":[{"taxonomy":"category","embeddable":true,"href":"https:\/\/www.notibras.com\/site\/wp-json\/wp\/v2\/categories?post=316173"},{"taxonomy":"post_tag","embeddable":true,"href":"https:\/\/www.notibras.com\/site\/wp-json\/wp\/v2\/tags?post=316173"}],"curies":[{"name":"wp","href":"https:\/\/api.w.org\/{rel}","templated":true}]}}