{"id":316176,"date":"2023-11-05T08:00:39","date_gmt":"2023-11-05T11:00:39","guid":{"rendered":"https:\/\/www.notibras.com\/site\/?p=316176"},"modified":"2023-11-05T08:36:21","modified_gmt":"2023-11-05T11:36:21","slug":"homens-reconhecem-que-precisam-se-tratar-melhor","status":"publish","type":"post","link":"https:\/\/www.notibras.com\/site\/homens-reconhecem-que-precisam-se-tratar-melhor\/","title":{"rendered":"Homens reconhecem que precisam se tratar melhor"},"content":{"rendered":"<p>De cada dez homens, oito (83%) reconhecem que precisam cuidar mais da pr\u00f3pria sa\u00fade, mas parcelas significativas ainda identificam, no dia a dia, empecilhos. De acordo com a pesquisa A Sa\u00fade do Brasileiro, do Instituto Lado a Lado pela Vida, em parceria com o QualiBest, 51% deles apontam a rotina estressante como o principal obst\u00e1culo e 32%, o acesso \u00e0 sa\u00fade. Ao todo, 63% disseram que se preocupam muito com a pr\u00f3pria sa\u00fade.<\/p>\n<p>Para conhecer a percep\u00e7\u00e3o do grupo, a entidade entrevistou 815 pessoas, dos quais mais da metade (52%) \u00e9 usu\u00e1ria do Sistema \u00danico de Sa\u00fade (SUS), pouco mais de um quarto (27%) utiliza o sistema suplementar (planos e seguros de sa\u00fade) e cerca de um quinto (21%) usa ambos os sistemas de sa\u00fade.<\/p>\n<p>A equipe de sondagem apurou, ainda, que a propor\u00e7\u00e3o de homens que dizem ir ao m\u00e9dico ao menos uma vez ao ano \u00e9 significativa, de 88%. Um ponto que se destaca \u00e9 o fato de que 84% dos entrevistados disseram que quem agenda as pr\u00f3prias consultas m\u00e9dicas s\u00e3o eles mesmos, restando 10% que ainda dependem das companheiras para realizar essa tarefa em seu lugar.<\/p>\n<p>Embora haja os que permanecem delegando a responsabilidade, a presidente do Instituto Lado a Lado pela Vida, Marlene Oliveira, avalia que o que se viu, ao longo dos anos, foi progresso em rela\u00e7\u00e3o a isso. &#8220;\u00c9 que a gente fala do Brasil, que tem dimens\u00e3o continental. Tem regi\u00f5es em que o homem ainda tem preconceito muito forte e ele n\u00e3o se cuida. Mas a campanha Novembro Azul tem cumprido seu papel, que \u00e9 de orienta\u00e7\u00e3o&#8221;, explicou.<\/p>\n<p>Muitas vezes, como ressalta Marlene, os homens acabam agravando quadros de sa\u00fade que poderiam ter sido diagnosticados precocemente, o que, inclusive, onera as redes de sa\u00fade, j\u00e1 que os tratamentos acabam custando mais em fases mais avan\u00e7adas.<\/p>\n<p>&#8220;N\u00f3s temos um dado do ano passado, de uma pesquisa que fizemos, que \u00e9 o de que 62% dos homens s\u00f3 procuram o sistema de sa\u00fade se est\u00e3o sentindo algo insuport\u00e1vel&#8221;, revelou.<\/p>\n<p>Dos homens que participaram da pesquisa e demonstraram preocupa\u00e7\u00e3o com o corpo, 42% deles assumiram estar acima do peso indicado. Desse total, 31% t\u00eam sobrepeso de 6 quilos a 10 quilos, enquanto um quarto dos entrevistados (25%) pesa, atualmente, 15 quilos a mais do que o ideal.<\/p>\n<p>A pesquisa identificou ainda alguns tipos de tratamento que os homens t\u00eam feito. No total, 16% dos respondentes informaram tratamento de doen\u00e7as do cora\u00e7\u00e3o realizado nos \u00faltimos 5 anos; 15% trataram a obesidade e 14% as doen\u00e7as respirat\u00f3rias. Uma porcentagem bastante inferior, de apenas 3%, tratou algum tipo de c\u00e2ncer.<\/p>\n<p>Marlene Oliveira defende que, por conta dos problemas relacionados ao modelo de virilidade que a sociedade alimenta, que refor\u00e7a a ideia de que homens n\u00e3o podem ter fragilidades, as fam\u00edlias fomentem discuss\u00f5es sobre a sa\u00fade do homem desde cedo com os meninos, da mesma forma como fazem a educa\u00e7\u00e3o das meninas nesse \u00e2mbito, al\u00e9m de campanhas promovidas pelo poder p\u00fablico.<\/p>\n<p>&#8220;As meninas, a partir de 12, 13 anos, a gente j\u00e1 educa que vai ter que acompanhar sua sa\u00fade ginecol\u00f3gica e outras coisas. E a gente, mulher, se toca e acende um alerta quando percebe alguma coisa diferente. O homem, n\u00e3o, vai convivendo com aquilo, porque acha que \u00e9 normal&#8221;.<\/p>\n","protected":false},"excerpt":{"rendered":"<p>De cada dez homens, oito (83%) reconhecem que precisam cuidar mais da pr\u00f3pria sa\u00fade, mas parcelas significativas ainda identificam, no dia a dia, empecilhos. De acordo com a pesquisa A Sa\u00fade do Brasileiro, do Instituto Lado a Lado pela Vida, em parceria com o QualiBest, 51% deles apontam a rotina estressante como o principal obst\u00e1culo [&hellip;]<\/p>\n","protected":false},"author":2,"featured_media":316177,"comment_status":"closed","ping_status":"closed","sticky":false,"template":"","format":"standard","meta":{"_acf_changed":false,"footnotes":""},"categories":[161],"tags":[],"class_list":["post-316176","post","type-post","status-publish","format-standard","has-post-thumbnail","hentry","category-quadradinho-em-foco"],"acf":[],"yoast_head":"<!-- This site is optimized with the Yoast SEO plugin v27.2 - https:\/\/yoast.com\/product\/yoast-seo-wordpress\/ -->\n<title>Homens reconhecem que precisam se tratar melhor - Notibras<\/title>\n<meta name=\"robots\" content=\"index, follow, max-snippet:-1, max-image-preview:large, max-video-preview:-1\" \/>\n<link rel=\"canonical\" href=\"https:\/\/www.notibras.com\/site\/homens-reconhecem-que-precisam-se-tratar-melhor\/\" \/>\n<meta property=\"og:locale\" content=\"pt_BR\" \/>\n<meta property=\"og:type\" content=\"article\" \/>\n<meta property=\"og:title\" content=\"Homens reconhecem que precisam se tratar melhor - Notibras\" \/>\n<meta property=\"og:description\" content=\"De cada dez homens, oito (83%) reconhecem que precisam cuidar mais da pr\u00f3pria sa\u00fade, mas parcelas significativas ainda identificam, no dia a dia, empecilhos. De acordo com a pesquisa A Sa\u00fade do Brasileiro, do Instituto Lado a Lado pela Vida, em parceria com o QualiBest, 51% deles apontam a rotina estressante como o principal obst\u00e1culo [&hellip;]\" \/>\n<meta property=\"og:url\" content=\"https:\/\/www.notibras.com\/site\/homens-reconhecem-que-precisam-se-tratar-melhor\/\" \/>\n<meta property=\"og:site_name\" content=\"Notibras\" \/>\n<meta property=\"article:publisher\" content=\"https:\/\/www.facebook.com\/notibras\/\" \/>\n<meta property=\"article:published_time\" content=\"2023-11-05T11:00:39+00:00\" \/>\n<meta property=\"article:modified_time\" content=\"2023-11-05T11:36:21+00:00\" \/>\n<meta property=\"og:image\" content=\"https:\/\/www.notibras.com\/site\/wp-content\/uploads\/2023\/11\/hosa.webp\" \/>\n\t<meta property=\"og:image:width\" content=\"1170\" \/>\n\t<meta property=\"og:image:height\" content=\"700\" \/>\n\t<meta property=\"og:image:type\" content=\"image\/webp\" \/>\n<meta name=\"author\" content=\"Reda\u00e7\u00e3o\" \/>\n<meta name=\"twitter:card\" content=\"summary_large_image\" \/>\n<meta name=\"twitter:creator\" content=\"@Notibras\" \/>\n<meta name=\"twitter:site\" content=\"@Notibras\" \/>\n<meta name=\"twitter:label1\" content=\"Escrito por\" \/>\n\t<meta name=\"twitter:data1\" content=\"Reda\u00e7\u00e3o\" \/>\n\t<meta name=\"twitter:label2\" content=\"Est. tempo de leitura\" \/>\n\t<meta name=\"twitter:data2\" content=\"3 minutos\" \/>\n<script type=\"application\/ld+json\" class=\"yoast-schema-graph\">{\"@context\":\"https:\/\/schema.org\",\"@graph\":[{\"@type\":\"Article\",\"@id\":\"https:\/\/www.notibras.com\/site\/homens-reconhecem-que-precisam-se-tratar-melhor\/#article\",\"isPartOf\":{\"@id\":\"https:\/\/www.notibras.com\/site\/homens-reconhecem-que-precisam-se-tratar-melhor\/\"},\"author\":{\"name\":\"Reda\u00e7\u00e3o\",\"@id\":\"https:\/\/www.notibras.com\/site\/#\/schema\/person\/36ab0979449956132d3e5b517ea76ac8\"},\"headline\":\"Homens reconhecem que precisam se tratar melhor\",\"datePublished\":\"2023-11-05T11:00:39+00:00\",\"dateModified\":\"2023-11-05T11:36:21+00:00\",\"mainEntityOfPage\":{\"@id\":\"https:\/\/www.notibras.com\/site\/homens-reconhecem-que-precisam-se-tratar-melhor\/\"},\"wordCount\":563,\"publisher\":{\"@id\":\"https:\/\/www.notibras.com\/site\/#organization\"},\"image\":{\"@id\":\"https:\/\/www.notibras.com\/site\/homens-reconhecem-que-precisam-se-tratar-melhor\/#primaryimage\"},\"thumbnailUrl\":\"https:\/\/www.notibras.com\/site\/wp-content\/uploads\/2023\/11\/hosa.webp\",\"articleSection\":[\"Quadradinho em Foco\"],\"inLanguage\":\"pt-BR\"},{\"@type\":\"WebPage\",\"@id\":\"https:\/\/www.notibras.com\/site\/homens-reconhecem-que-precisam-se-tratar-melhor\/\",\"url\":\"https:\/\/www.notibras.com\/site\/homens-reconhecem-que-precisam-se-tratar-melhor\/\",\"name\":\"Homens reconhecem que precisam se tratar melhor - Notibras\",\"isPartOf\":{\"@id\":\"https:\/\/www.notibras.com\/site\/#website\"},\"primaryImageOfPage\":{\"@id\":\"https:\/\/www.notibras.com\/site\/homens-reconhecem-que-precisam-se-tratar-melhor\/#primaryimage\"},\"image\":{\"@id\":\"https:\/\/www.notibras.com\/site\/homens-reconhecem-que-precisam-se-tratar-melhor\/#primaryimage\"},\"thumbnailUrl\":\"https:\/\/www.notibras.com\/site\/wp-content\/uploads\/2023\/11\/hosa.webp\",\"datePublished\":\"2023-11-05T11:00:39+00:00\",\"dateModified\":\"2023-11-05T11:36:21+00:00\",\"breadcrumb\":{\"@id\":\"https:\/\/www.notibras.com\/site\/homens-reconhecem-que-precisam-se-tratar-melhor\/#breadcrumb\"},\"inLanguage\":\"pt-BR\",\"potentialAction\":[{\"@type\":\"ReadAction\",\"target\":[\"https:\/\/www.notibras.com\/site\/homens-reconhecem-que-precisam-se-tratar-melhor\/\"]}]},{\"@type\":\"ImageObject\",\"inLanguage\":\"pt-BR\",\"@id\":\"https:\/\/www.notibras.com\/site\/homens-reconhecem-que-precisam-se-tratar-melhor\/#primaryimage\",\"url\":\"https:\/\/www.notibras.com\/site\/wp-content\/uploads\/2023\/11\/hosa.webp\",\"contentUrl\":\"https:\/\/www.notibras.com\/site\/wp-content\/uploads\/2023\/11\/hosa.webp\",\"width\":1170,\"height\":700},{\"@type\":\"BreadcrumbList\",\"@id\":\"https:\/\/www.notibras.com\/site\/homens-reconhecem-que-precisam-se-tratar-melhor\/#breadcrumb\",\"itemListElement\":[{\"@type\":\"ListItem\",\"position\":1,\"name\":\"In\u00edcio\",\"item\":\"https:\/\/www.notibras.com\/site\/\"},{\"@type\":\"ListItem\",\"position\":2,\"name\":\"Homens reconhecem que precisam se tratar melhor\"}]},{\"@type\":\"WebSite\",\"@id\":\"https:\/\/www.notibras.com\/site\/#website\",\"url\":\"https:\/\/www.notibras.com\/site\/\",\"name\":\"Notibras\",\"description\":\"Not\u00edcias de Bras\u00edlia, do Brasil e do Mundo\",\"publisher\":{\"@id\":\"https:\/\/www.notibras.com\/site\/#organization\"},\"potentialAction\":[{\"@type\":\"SearchAction\",\"target\":{\"@type\":\"EntryPoint\",\"urlTemplate\":\"https:\/\/www.notibras.com\/site\/?s={search_term_string}\"},\"query-input\":{\"@type\":\"PropertyValueSpecification\",\"valueRequired\":true,\"valueName\":\"search_term_string\"}}],\"inLanguage\":\"pt-BR\"},{\"@type\":\"Organization\",\"@id\":\"https:\/\/www.notibras.com\/site\/#organization\",\"name\":\"Grupo Notibras de Comunica\u00e7\u00e3o\",\"url\":\"https:\/\/www.notibras.com\/site\/\",\"logo\":{\"@type\":\"ImageObject\",\"inLanguage\":\"pt-BR\",\"@id\":\"https:\/\/www.notibras.com\/site\/#\/schema\/logo\/image\/\",\"url\":\"https:\/\/www.notibras.com\/site\/wp-content\/uploads\/2023\/01\/notibras23.png\",\"contentUrl\":\"https:\/\/www.notibras.com\/site\/wp-content\/uploads\/2023\/01\/notibras23.png\",\"width\":350,\"height\":87,\"caption\":\"Grupo Notibras de Comunica\u00e7\u00e3o\"},\"image\":{\"@id\":\"https:\/\/www.notibras.com\/site\/#\/schema\/logo\/image\/\"},\"sameAs\":[\"https:\/\/www.facebook.com\/notibras\/\",\"https:\/\/x.com\/Notibras\",\"https:\/\/www.instagram.com\/notibras\/\"]},{\"@type\":\"Person\",\"@id\":\"https:\/\/www.notibras.com\/site\/#\/schema\/person\/36ab0979449956132d3e5b517ea76ac8\",\"name\":\"Reda\u00e7\u00e3o\",\"image\":{\"@type\":\"ImageObject\",\"inLanguage\":\"pt-BR\",\"@id\":\"https:\/\/secure.gravatar.com\/avatar\/e0a867bdedb85fd243eadf09663511f96fc81e0720a4a42581f334ad4303aa6b?s=96&d=mm&r=g\",\"url\":\"https:\/\/secure.gravatar.com\/avatar\/e0a867bdedb85fd243eadf09663511f96fc81e0720a4a42581f334ad4303aa6b?s=96&d=mm&r=g\",\"contentUrl\":\"https:\/\/secure.gravatar.com\/avatar\/e0a867bdedb85fd243eadf09663511f96fc81e0720a4a42581f334ad4303aa6b?s=96&d=mm&r=g\",\"caption\":\"Reda\u00e7\u00e3o\"}}]}<\/script>\n<!-- \/ Yoast SEO plugin. -->","yoast_head_json":{"title":"Homens reconhecem que precisam se tratar melhor - Notibras","robots":{"index":"index","follow":"follow","max-snippet":"max-snippet:-1","max-image-preview":"max-image-preview:large","max-video-preview":"max-video-preview:-1"},"canonical":"https:\/\/www.notibras.com\/site\/homens-reconhecem-que-precisam-se-tratar-melhor\/","og_locale":"pt_BR","og_type":"article","og_title":"Homens reconhecem que precisam se tratar melhor - Notibras","og_description":"De cada dez homens, oito (83%) reconhecem que precisam cuidar mais da pr\u00f3pria sa\u00fade, mas parcelas significativas ainda identificam, no dia a dia, empecilhos. De acordo com a pesquisa A Sa\u00fade do Brasileiro, do Instituto Lado a Lado pela Vida, em parceria com o QualiBest, 51% deles apontam a rotina estressante como o principal obst\u00e1culo [&hellip;]","og_url":"https:\/\/www.notibras.com\/site\/homens-reconhecem-que-precisam-se-tratar-melhor\/","og_site_name":"Notibras","article_publisher":"https:\/\/www.facebook.com\/notibras\/","article_published_time":"2023-11-05T11:00:39+00:00","article_modified_time":"2023-11-05T11:36:21+00:00","og_image":[{"width":1170,"height":700,"url":"https:\/\/www.notibras.com\/site\/wp-content\/uploads\/2023\/11\/hosa.webp","type":"image\/webp"}],"author":"Reda\u00e7\u00e3o","twitter_card":"summary_large_image","twitter_creator":"@Notibras","twitter_site":"@Notibras","twitter_misc":{"Escrito por":"Reda\u00e7\u00e3o","Est. tempo de leitura":"3 minutos"},"schema":{"@context":"https:\/\/schema.org","@graph":[{"@type":"Article","@id":"https:\/\/www.notibras.com\/site\/homens-reconhecem-que-precisam-se-tratar-melhor\/#article","isPartOf":{"@id":"https:\/\/www.notibras.com\/site\/homens-reconhecem-que-precisam-se-tratar-melhor\/"},"author":{"name":"Reda\u00e7\u00e3o","@id":"https:\/\/www.notibras.com\/site\/#\/schema\/person\/36ab0979449956132d3e5b517ea76ac8"},"headline":"Homens reconhecem que precisam se tratar melhor","datePublished":"2023-11-05T11:00:39+00:00","dateModified":"2023-11-05T11:36:21+00:00","mainEntityOfPage":{"@id":"https:\/\/www.notibras.com\/site\/homens-reconhecem-que-precisam-se-tratar-melhor\/"},"wordCount":563,"publisher":{"@id":"https:\/\/www.notibras.com\/site\/#organization"},"image":{"@id":"https:\/\/www.notibras.com\/site\/homens-reconhecem-que-precisam-se-tratar-melhor\/#primaryimage"},"thumbnailUrl":"https:\/\/www.notibras.com\/site\/wp-content\/uploads\/2023\/11\/hosa.webp","articleSection":["Quadradinho em Foco"],"inLanguage":"pt-BR"},{"@type":"WebPage","@id":"https:\/\/www.notibras.com\/site\/homens-reconhecem-que-precisam-se-tratar-melhor\/","url":"https:\/\/www.notibras.com\/site\/homens-reconhecem-que-precisam-se-tratar-melhor\/","name":"Homens reconhecem que precisam se tratar melhor - Notibras","isPartOf":{"@id":"https:\/\/www.notibras.com\/site\/#website"},"primaryImageOfPage":{"@id":"https:\/\/www.notibras.com\/site\/homens-reconhecem-que-precisam-se-tratar-melhor\/#primaryimage"},"image":{"@id":"https:\/\/www.notibras.com\/site\/homens-reconhecem-que-precisam-se-tratar-melhor\/#primaryimage"},"thumbnailUrl":"https:\/\/www.notibras.com\/site\/wp-content\/uploads\/2023\/11\/hosa.webp","datePublished":"2023-11-05T11:00:39+00:00","dateModified":"2023-11-05T11:36:21+00:00","breadcrumb":{"@id":"https:\/\/www.notibras.com\/site\/homens-reconhecem-que-precisam-se-tratar-melhor\/#breadcrumb"},"inLanguage":"pt-BR","potentialAction":[{"@type":"ReadAction","target":["https:\/\/www.notibras.com\/site\/homens-reconhecem-que-precisam-se-tratar-melhor\/"]}]},{"@type":"ImageObject","inLanguage":"pt-BR","@id":"https:\/\/www.notibras.com\/site\/homens-reconhecem-que-precisam-se-tratar-melhor\/#primaryimage","url":"https:\/\/www.notibras.com\/site\/wp-content\/uploads\/2023\/11\/hosa.webp","contentUrl":"https:\/\/www.notibras.com\/site\/wp-content\/uploads\/2023\/11\/hosa.webp","width":1170,"height":700},{"@type":"BreadcrumbList","@id":"https:\/\/www.notibras.com\/site\/homens-reconhecem-que-precisam-se-tratar-melhor\/#breadcrumb","itemListElement":[{"@type":"ListItem","position":1,"name":"In\u00edcio","item":"https:\/\/www.notibras.com\/site\/"},{"@type":"ListItem","position":2,"name":"Homens reconhecem que precisam se tratar melhor"}]},{"@type":"WebSite","@id":"https:\/\/www.notibras.com\/site\/#website","url":"https:\/\/www.notibras.com\/site\/","name":"Notibras","description":"Not\u00edcias de Bras\u00edlia, do Brasil e do Mundo","publisher":{"@id":"https:\/\/www.notibras.com\/site\/#organization"},"potentialAction":[{"@type":"SearchAction","target":{"@type":"EntryPoint","urlTemplate":"https:\/\/www.notibras.com\/site\/?s={search_term_string}"},"query-input":{"@type":"PropertyValueSpecification","valueRequired":true,"valueName":"search_term_string"}}],"inLanguage":"pt-BR"},{"@type":"Organization","@id":"https:\/\/www.notibras.com\/site\/#organization","name":"Grupo Notibras de Comunica\u00e7\u00e3o","url":"https:\/\/www.notibras.com\/site\/","logo":{"@type":"ImageObject","inLanguage":"pt-BR","@id":"https:\/\/www.notibras.com\/site\/#\/schema\/logo\/image\/","url":"https:\/\/www.notibras.com\/site\/wp-content\/uploads\/2023\/01\/notibras23.png","contentUrl":"https:\/\/www.notibras.com\/site\/wp-content\/uploads\/2023\/01\/notibras23.png","width":350,"height":87,"caption":"Grupo Notibras de Comunica\u00e7\u00e3o"},"image":{"@id":"https:\/\/www.notibras.com\/site\/#\/schema\/logo\/image\/"},"sameAs":["https:\/\/www.facebook.com\/notibras\/","https:\/\/x.com\/Notibras","https:\/\/www.instagram.com\/notibras\/"]},{"@type":"Person","@id":"https:\/\/www.notibras.com\/site\/#\/schema\/person\/36ab0979449956132d3e5b517ea76ac8","name":"Reda\u00e7\u00e3o","image":{"@type":"ImageObject","inLanguage":"pt-BR","@id":"https:\/\/secure.gravatar.com\/avatar\/e0a867bdedb85fd243eadf09663511f96fc81e0720a4a42581f334ad4303aa6b?s=96&d=mm&r=g","url":"https:\/\/secure.gravatar.com\/avatar\/e0a867bdedb85fd243eadf09663511f96fc81e0720a4a42581f334ad4303aa6b?s=96&d=mm&r=g","contentUrl":"https:\/\/secure.gravatar.com\/avatar\/e0a867bdedb85fd243eadf09663511f96fc81e0720a4a42581f334ad4303aa6b?s=96&d=mm&r=g","caption":"Reda\u00e7\u00e3o"}}]}},"amp_enabled":true,"_links":{"self":[{"href":"https:\/\/www.notibras.com\/site\/wp-json\/wp\/v2\/posts\/316176","targetHints":{"allow":["GET"]}}],"collection":[{"href":"https:\/\/www.notibras.com\/site\/wp-json\/wp\/v2\/posts"}],"about":[{"href":"https:\/\/www.notibras.com\/site\/wp-json\/wp\/v2\/types\/post"}],"author":[{"embeddable":true,"href":"https:\/\/www.notibras.com\/site\/wp-json\/wp\/v2\/users\/2"}],"replies":[{"embeddable":true,"href":"https:\/\/www.notibras.com\/site\/wp-json\/wp\/v2\/comments?post=316176"}],"version-history":[{"count":1,"href":"https:\/\/www.notibras.com\/site\/wp-json\/wp\/v2\/posts\/316176\/revisions"}],"predecessor-version":[{"id":316178,"href":"https:\/\/www.notibras.com\/site\/wp-json\/wp\/v2\/posts\/316176\/revisions\/316178"}],"wp:featuredmedia":[{"embeddable":true,"href":"https:\/\/www.notibras.com\/site\/wp-json\/wp\/v2\/media\/316177"}],"wp:attachment":[{"href":"https:\/\/www.notibras.com\/site\/wp-json\/wp\/v2\/media?parent=316176"}],"wp:term":[{"taxonomy":"category","embeddable":true,"href":"https:\/\/www.notibras.com\/site\/wp-json\/wp\/v2\/categories?post=316176"},{"taxonomy":"post_tag","embeddable":true,"href":"https:\/\/www.notibras.com\/site\/wp-json\/wp\/v2\/tags?post=316176"}],"curies":[{"name":"wp","href":"https:\/\/api.w.org\/{rel}","templated":true}]}}