{"id":316179,"date":"2023-11-05T08:01:45","date_gmt":"2023-11-05T11:01:45","guid":{"rendered":"https:\/\/www.notibras.com\/site\/?p=316179"},"modified":"2023-11-05T09:08:40","modified_gmt":"2023-11-05T12:08:40","slug":"brb-segue-copom-e-reduz-taxa-de-juros-para-pessoa-fisica","status":"publish","type":"post","link":"https:\/\/www.notibras.com\/site\/brb-segue-copom-e-reduz-taxa-de-juros-para-pessoa-fisica\/","title":{"rendered":"BRB segue Copom e reduz taxa de juros para pessoa f\u00edsica"},"content":{"rendered":"<p>Menos de uma semana ap\u00f3s o an\u00fancio da diminui\u00e7\u00e3o de taxas para o cr\u00e9dito imobili\u00e1rio, o Banco de Bras\u00edlia (BRB) reduzir\u00e1 as taxas de juros para pessoa f\u00edsica, a partir de segunda-feira (6). \u201cO cr\u00e9dito facilitado ir\u00e1 contribuir para quita\u00e7\u00e3o de d\u00edvidas e realiza\u00e7\u00e3o de sonhos\u201d, afirma Paulo Henrique Costa, presidente da institui\u00e7\u00e3o.<\/p>\n<p>A redu\u00e7\u00e3o das taxas segue o movimento de redu\u00e7\u00e3o da taxa Selic. Paulo Henrique Costa destaca o impacto positivo que os percentuais ter\u00e3o no DF e demais regi\u00f5es de atua\u00e7\u00e3o da institui\u00e7\u00e3o financeira.<\/p>\n<p>Segundo ele, \u201co BRB trabalha para ser cada vez mais competitivo, moderno, \u00e1gil e completo. A decis\u00e3o de reduzir as taxas de juros refor\u00e7a o compromisso em garantir aos nossos clientes as melhores condi\u00e7\u00f5es em um cen\u00e1rio mais positivo da economia nacional nos pr\u00f3ximos meses&#8221;.<\/p>\n<p>Foram realizadas redu\u00e7\u00f5es nos dois principais produtos para pessoa f\u00edsica. Destaque no segmento no Distrito Federal, o cr\u00e9dito consignado passa a operar com taxas a partir de 1,55% a.m.. E a taxa do cr\u00e9dito pessoal passa a ser a partir de 3,89% a.m..<\/p>\n<p>A redu\u00e7\u00e3o de taxas abrange todos os clientes do banco, servidores p\u00fablicos ou n\u00e3o, para o DF e demais estados onde o BRB est\u00e1 presente. A contrata\u00e7\u00e3o poder\u00e1 ocorrer nas ag\u00eancias do banco ou pelos canais digitais BRB Banknet e App BRB Mobile.<\/p>\n<p>Nos \u00faltimos anos, o BRB atingiu resultados significativos na concess\u00e3o de cr\u00e9dito. A carteira superou a marca de R$ 34 bilh\u00f5es e, ao mesmo tempo, registrou melhora na qualidade. Ao fim do segundo trimestre do ano, o \u00edndice de inadimpl\u00eancia global chegou ao menor n\u00edvel desde 2021, o que evidencia destaque em rela\u00e7\u00e3o ao mercado.<\/p>\n<p>\u201cSeguiremos atuando para ser o principal agente financeiro na concess\u00e3o de cr\u00e9dito do DF, contando sempre com o empenho e a dedica\u00e7\u00e3o de todo o nosso time, sempre \u00e0 disposi\u00e7\u00e3o de todos os clientes\u201d, afirma o presidente do BRB.<\/p>\n","protected":false},"excerpt":{"rendered":"<p>Menos de uma semana ap\u00f3s o an\u00fancio da diminui\u00e7\u00e3o de taxas para o cr\u00e9dito imobili\u00e1rio, o Banco de Bras\u00edlia (BRB) reduzir\u00e1 as taxas de juros para pessoa f\u00edsica, a partir de segunda-feira (6). \u201cO cr\u00e9dito facilitado ir\u00e1 contribuir para quita\u00e7\u00e3o de d\u00edvidas e realiza\u00e7\u00e3o de sonhos\u201d, afirma Paulo Henrique Costa, presidente da institui\u00e7\u00e3o. A redu\u00e7\u00e3o [&hellip;]<\/p>\n","protected":false},"author":2,"featured_media":272986,"comment_status":"closed","ping_status":"closed","sticky":false,"template":"","format":"standard","meta":{"_acf_changed":false,"footnotes":""},"categories":[161],"tags":[],"class_list":["post-316179","post","type-post","status-publish","format-standard","has-post-thumbnail","hentry","category-quadradinho-em-foco"],"acf":[],"yoast_head":"<!-- This site is optimized with the Yoast SEO plugin v27.2 - https:\/\/yoast.com\/product\/yoast-seo-wordpress\/ -->\n<title>BRB segue Copom e reduz taxa de juros para pessoa f\u00edsica - Notibras<\/title>\n<meta name=\"robots\" content=\"index, follow, max-snippet:-1, max-image-preview:large, max-video-preview:-1\" \/>\n<link rel=\"canonical\" href=\"https:\/\/www.notibras.com\/site\/brb-segue-copom-e-reduz-taxa-de-juros-para-pessoa-fisica\/\" \/>\n<meta property=\"og:locale\" content=\"pt_BR\" \/>\n<meta property=\"og:type\" content=\"article\" \/>\n<meta property=\"og:title\" content=\"BRB segue Copom e reduz taxa de juros para pessoa f\u00edsica - Notibras\" \/>\n<meta property=\"og:description\" content=\"Menos de uma semana ap\u00f3s o an\u00fancio da diminui\u00e7\u00e3o de taxas para o cr\u00e9dito imobili\u00e1rio, o Banco de Bras\u00edlia (BRB) reduzir\u00e1 as taxas de juros para pessoa f\u00edsica, a partir de segunda-feira (6). \u201cO cr\u00e9dito facilitado ir\u00e1 contribuir para quita\u00e7\u00e3o de d\u00edvidas e realiza\u00e7\u00e3o de sonhos\u201d, afirma Paulo Henrique Costa, presidente da institui\u00e7\u00e3o. A redu\u00e7\u00e3o [&hellip;]\" \/>\n<meta property=\"og:url\" content=\"https:\/\/www.notibras.com\/site\/brb-segue-copom-e-reduz-taxa-de-juros-para-pessoa-fisica\/\" \/>\n<meta property=\"og:site_name\" content=\"Notibras\" \/>\n<meta property=\"article:publisher\" content=\"https:\/\/www.facebook.com\/notibras\/\" \/>\n<meta property=\"article:published_time\" content=\"2023-11-05T11:01:45+00:00\" \/>\n<meta property=\"article:modified_time\" content=\"2023-11-05T12:08:40+00:00\" \/>\n<meta property=\"og:image\" content=\"https:\/\/www.notibras.com\/site\/wp-content\/uploads\/2021\/10\/ph-brb-scaled.jpg\" \/>\n\t<meta property=\"og:image:width\" content=\"2560\" \/>\n\t<meta property=\"og:image:height\" content=\"1708\" \/>\n\t<meta property=\"og:image:type\" content=\"image\/jpeg\" \/>\n<meta name=\"author\" content=\"Reda\u00e7\u00e3o\" \/>\n<meta name=\"twitter:card\" content=\"summary_large_image\" \/>\n<meta name=\"twitter:creator\" content=\"@Notibras\" \/>\n<meta name=\"twitter:site\" content=\"@Notibras\" \/>\n<meta name=\"twitter:label1\" content=\"Escrito por\" \/>\n\t<meta name=\"twitter:data1\" content=\"Reda\u00e7\u00e3o\" \/>\n\t<meta name=\"twitter:label2\" content=\"Est. tempo de leitura\" \/>\n\t<meta name=\"twitter:data2\" content=\"2 minutos\" \/>\n<script type=\"application\/ld+json\" class=\"yoast-schema-graph\">{\"@context\":\"https:\/\/schema.org\",\"@graph\":[{\"@type\":\"Article\",\"@id\":\"https:\/\/www.notibras.com\/site\/brb-segue-copom-e-reduz-taxa-de-juros-para-pessoa-fisica\/#article\",\"isPartOf\":{\"@id\":\"https:\/\/www.notibras.com\/site\/brb-segue-copom-e-reduz-taxa-de-juros-para-pessoa-fisica\/\"},\"author\":{\"name\":\"Reda\u00e7\u00e3o\",\"@id\":\"https:\/\/www.notibras.com\/site\/#\/schema\/person\/36ab0979449956132d3e5b517ea76ac8\"},\"headline\":\"BRB segue Copom e reduz taxa de juros para pessoa f\u00edsica\",\"datePublished\":\"2023-11-05T11:01:45+00:00\",\"dateModified\":\"2023-11-05T12:08:40+00:00\",\"mainEntityOfPage\":{\"@id\":\"https:\/\/www.notibras.com\/site\/brb-segue-copom-e-reduz-taxa-de-juros-para-pessoa-fisica\/\"},\"wordCount\":361,\"publisher\":{\"@id\":\"https:\/\/www.notibras.com\/site\/#organization\"},\"image\":{\"@id\":\"https:\/\/www.notibras.com\/site\/brb-segue-copom-e-reduz-taxa-de-juros-para-pessoa-fisica\/#primaryimage\"},\"thumbnailUrl\":\"https:\/\/www.notibras.com\/site\/wp-content\/uploads\/2021\/10\/ph-brb-scaled.jpg\",\"articleSection\":[\"Quadradinho em Foco\"],\"inLanguage\":\"pt-BR\"},{\"@type\":\"WebPage\",\"@id\":\"https:\/\/www.notibras.com\/site\/brb-segue-copom-e-reduz-taxa-de-juros-para-pessoa-fisica\/\",\"url\":\"https:\/\/www.notibras.com\/site\/brb-segue-copom-e-reduz-taxa-de-juros-para-pessoa-fisica\/\",\"name\":\"BRB segue Copom e reduz taxa de juros para pessoa f\u00edsica - Notibras\",\"isPartOf\":{\"@id\":\"https:\/\/www.notibras.com\/site\/#website\"},\"primaryImageOfPage\":{\"@id\":\"https:\/\/www.notibras.com\/site\/brb-segue-copom-e-reduz-taxa-de-juros-para-pessoa-fisica\/#primaryimage\"},\"image\":{\"@id\":\"https:\/\/www.notibras.com\/site\/brb-segue-copom-e-reduz-taxa-de-juros-para-pessoa-fisica\/#primaryimage\"},\"thumbnailUrl\":\"https:\/\/www.notibras.com\/site\/wp-content\/uploads\/2021\/10\/ph-brb-scaled.jpg\",\"datePublished\":\"2023-11-05T11:01:45+00:00\",\"dateModified\":\"2023-11-05T12:08:40+00:00\",\"breadcrumb\":{\"@id\":\"https:\/\/www.notibras.com\/site\/brb-segue-copom-e-reduz-taxa-de-juros-para-pessoa-fisica\/#breadcrumb\"},\"inLanguage\":\"pt-BR\",\"potentialAction\":[{\"@type\":\"ReadAction\",\"target\":[\"https:\/\/www.notibras.com\/site\/brb-segue-copom-e-reduz-taxa-de-juros-para-pessoa-fisica\/\"]}]},{\"@type\":\"ImageObject\",\"inLanguage\":\"pt-BR\",\"@id\":\"https:\/\/www.notibras.com\/site\/brb-segue-copom-e-reduz-taxa-de-juros-para-pessoa-fisica\/#primaryimage\",\"url\":\"https:\/\/www.notibras.com\/site\/wp-content\/uploads\/2021\/10\/ph-brb-scaled.jpg\",\"contentUrl\":\"https:\/\/www.notibras.com\/site\/wp-content\/uploads\/2021\/10\/ph-brb-scaled.jpg\",\"width\":2560,\"height\":1708},{\"@type\":\"BreadcrumbList\",\"@id\":\"https:\/\/www.notibras.com\/site\/brb-segue-copom-e-reduz-taxa-de-juros-para-pessoa-fisica\/#breadcrumb\",\"itemListElement\":[{\"@type\":\"ListItem\",\"position\":1,\"name\":\"In\u00edcio\",\"item\":\"https:\/\/www.notibras.com\/site\/\"},{\"@type\":\"ListItem\",\"position\":2,\"name\":\"BRB segue Copom e reduz taxa de juros para pessoa f\u00edsica\"}]},{\"@type\":\"WebSite\",\"@id\":\"https:\/\/www.notibras.com\/site\/#website\",\"url\":\"https:\/\/www.notibras.com\/site\/\",\"name\":\"Notibras\",\"description\":\"Not\u00edcias de Bras\u00edlia, do Brasil e do Mundo\",\"publisher\":{\"@id\":\"https:\/\/www.notibras.com\/site\/#organization\"},\"potentialAction\":[{\"@type\":\"SearchAction\",\"target\":{\"@type\":\"EntryPoint\",\"urlTemplate\":\"https:\/\/www.notibras.com\/site\/?s={search_term_string}\"},\"query-input\":{\"@type\":\"PropertyValueSpecification\",\"valueRequired\":true,\"valueName\":\"search_term_string\"}}],\"inLanguage\":\"pt-BR\"},{\"@type\":\"Organization\",\"@id\":\"https:\/\/www.notibras.com\/site\/#organization\",\"name\":\"Grupo Notibras de Comunica\u00e7\u00e3o\",\"url\":\"https:\/\/www.notibras.com\/site\/\",\"logo\":{\"@type\":\"ImageObject\",\"inLanguage\":\"pt-BR\",\"@id\":\"https:\/\/www.notibras.com\/site\/#\/schema\/logo\/image\/\",\"url\":\"https:\/\/www.notibras.com\/site\/wp-content\/uploads\/2023\/01\/notibras23.png\",\"contentUrl\":\"https:\/\/www.notibras.com\/site\/wp-content\/uploads\/2023\/01\/notibras23.png\",\"width\":350,\"height\":87,\"caption\":\"Grupo Notibras de Comunica\u00e7\u00e3o\"},\"image\":{\"@id\":\"https:\/\/www.notibras.com\/site\/#\/schema\/logo\/image\/\"},\"sameAs\":[\"https:\/\/www.facebook.com\/notibras\/\",\"https:\/\/x.com\/Notibras\",\"https:\/\/www.instagram.com\/notibras\/\"]},{\"@type\":\"Person\",\"@id\":\"https:\/\/www.notibras.com\/site\/#\/schema\/person\/36ab0979449956132d3e5b517ea76ac8\",\"name\":\"Reda\u00e7\u00e3o\",\"image\":{\"@type\":\"ImageObject\",\"inLanguage\":\"pt-BR\",\"@id\":\"https:\/\/secure.gravatar.com\/avatar\/e0a867bdedb85fd243eadf09663511f96fc81e0720a4a42581f334ad4303aa6b?s=96&d=mm&r=g\",\"url\":\"https:\/\/secure.gravatar.com\/avatar\/e0a867bdedb85fd243eadf09663511f96fc81e0720a4a42581f334ad4303aa6b?s=96&d=mm&r=g\",\"contentUrl\":\"https:\/\/secure.gravatar.com\/avatar\/e0a867bdedb85fd243eadf09663511f96fc81e0720a4a42581f334ad4303aa6b?s=96&d=mm&r=g\",\"caption\":\"Reda\u00e7\u00e3o\"}}]}<\/script>\n<!-- \/ Yoast SEO plugin. -->","yoast_head_json":{"title":"BRB segue Copom e reduz taxa de juros para pessoa f\u00edsica - Notibras","robots":{"index":"index","follow":"follow","max-snippet":"max-snippet:-1","max-image-preview":"max-image-preview:large","max-video-preview":"max-video-preview:-1"},"canonical":"https:\/\/www.notibras.com\/site\/brb-segue-copom-e-reduz-taxa-de-juros-para-pessoa-fisica\/","og_locale":"pt_BR","og_type":"article","og_title":"BRB segue Copom e reduz taxa de juros para pessoa f\u00edsica - Notibras","og_description":"Menos de uma semana ap\u00f3s o an\u00fancio da diminui\u00e7\u00e3o de taxas para o cr\u00e9dito imobili\u00e1rio, o Banco de Bras\u00edlia (BRB) reduzir\u00e1 as taxas de juros para pessoa f\u00edsica, a partir de segunda-feira (6). \u201cO cr\u00e9dito facilitado ir\u00e1 contribuir para quita\u00e7\u00e3o de d\u00edvidas e realiza\u00e7\u00e3o de sonhos\u201d, afirma Paulo Henrique Costa, presidente da institui\u00e7\u00e3o. A redu\u00e7\u00e3o [&hellip;]","og_url":"https:\/\/www.notibras.com\/site\/brb-segue-copom-e-reduz-taxa-de-juros-para-pessoa-fisica\/","og_site_name":"Notibras","article_publisher":"https:\/\/www.facebook.com\/notibras\/","article_published_time":"2023-11-05T11:01:45+00:00","article_modified_time":"2023-11-05T12:08:40+00:00","og_image":[{"width":2560,"height":1708,"url":"https:\/\/www.notibras.com\/site\/wp-content\/uploads\/2021\/10\/ph-brb-scaled.jpg","type":"image\/jpeg"}],"author":"Reda\u00e7\u00e3o","twitter_card":"summary_large_image","twitter_creator":"@Notibras","twitter_site":"@Notibras","twitter_misc":{"Escrito por":"Reda\u00e7\u00e3o","Est. tempo de leitura":"2 minutos"},"schema":{"@context":"https:\/\/schema.org","@graph":[{"@type":"Article","@id":"https:\/\/www.notibras.com\/site\/brb-segue-copom-e-reduz-taxa-de-juros-para-pessoa-fisica\/#article","isPartOf":{"@id":"https:\/\/www.notibras.com\/site\/brb-segue-copom-e-reduz-taxa-de-juros-para-pessoa-fisica\/"},"author":{"name":"Reda\u00e7\u00e3o","@id":"https:\/\/www.notibras.com\/site\/#\/schema\/person\/36ab0979449956132d3e5b517ea76ac8"},"headline":"BRB segue Copom e reduz taxa de juros para pessoa f\u00edsica","datePublished":"2023-11-05T11:01:45+00:00","dateModified":"2023-11-05T12:08:40+00:00","mainEntityOfPage":{"@id":"https:\/\/www.notibras.com\/site\/brb-segue-copom-e-reduz-taxa-de-juros-para-pessoa-fisica\/"},"wordCount":361,"publisher":{"@id":"https:\/\/www.notibras.com\/site\/#organization"},"image":{"@id":"https:\/\/www.notibras.com\/site\/brb-segue-copom-e-reduz-taxa-de-juros-para-pessoa-fisica\/#primaryimage"},"thumbnailUrl":"https:\/\/www.notibras.com\/site\/wp-content\/uploads\/2021\/10\/ph-brb-scaled.jpg","articleSection":["Quadradinho em Foco"],"inLanguage":"pt-BR"},{"@type":"WebPage","@id":"https:\/\/www.notibras.com\/site\/brb-segue-copom-e-reduz-taxa-de-juros-para-pessoa-fisica\/","url":"https:\/\/www.notibras.com\/site\/brb-segue-copom-e-reduz-taxa-de-juros-para-pessoa-fisica\/","name":"BRB segue Copom e reduz taxa de juros para pessoa f\u00edsica - Notibras","isPartOf":{"@id":"https:\/\/www.notibras.com\/site\/#website"},"primaryImageOfPage":{"@id":"https:\/\/www.notibras.com\/site\/brb-segue-copom-e-reduz-taxa-de-juros-para-pessoa-fisica\/#primaryimage"},"image":{"@id":"https:\/\/www.notibras.com\/site\/brb-segue-copom-e-reduz-taxa-de-juros-para-pessoa-fisica\/#primaryimage"},"thumbnailUrl":"https:\/\/www.notibras.com\/site\/wp-content\/uploads\/2021\/10\/ph-brb-scaled.jpg","datePublished":"2023-11-05T11:01:45+00:00","dateModified":"2023-11-05T12:08:40+00:00","breadcrumb":{"@id":"https:\/\/www.notibras.com\/site\/brb-segue-copom-e-reduz-taxa-de-juros-para-pessoa-fisica\/#breadcrumb"},"inLanguage":"pt-BR","potentialAction":[{"@type":"ReadAction","target":["https:\/\/www.notibras.com\/site\/brb-segue-copom-e-reduz-taxa-de-juros-para-pessoa-fisica\/"]}]},{"@type":"ImageObject","inLanguage":"pt-BR","@id":"https:\/\/www.notibras.com\/site\/brb-segue-copom-e-reduz-taxa-de-juros-para-pessoa-fisica\/#primaryimage","url":"https:\/\/www.notibras.com\/site\/wp-content\/uploads\/2021\/10\/ph-brb-scaled.jpg","contentUrl":"https:\/\/www.notibras.com\/site\/wp-content\/uploads\/2021\/10\/ph-brb-scaled.jpg","width":2560,"height":1708},{"@type":"BreadcrumbList","@id":"https:\/\/www.notibras.com\/site\/brb-segue-copom-e-reduz-taxa-de-juros-para-pessoa-fisica\/#breadcrumb","itemListElement":[{"@type":"ListItem","position":1,"name":"In\u00edcio","item":"https:\/\/www.notibras.com\/site\/"},{"@type":"ListItem","position":2,"name":"BRB segue Copom e reduz taxa de juros para pessoa f\u00edsica"}]},{"@type":"WebSite","@id":"https:\/\/www.notibras.com\/site\/#website","url":"https:\/\/www.notibras.com\/site\/","name":"Notibras","description":"Not\u00edcias de Bras\u00edlia, do Brasil e do Mundo","publisher":{"@id":"https:\/\/www.notibras.com\/site\/#organization"},"potentialAction":[{"@type":"SearchAction","target":{"@type":"EntryPoint","urlTemplate":"https:\/\/www.notibras.com\/site\/?s={search_term_string}"},"query-input":{"@type":"PropertyValueSpecification","valueRequired":true,"valueName":"search_term_string"}}],"inLanguage":"pt-BR"},{"@type":"Organization","@id":"https:\/\/www.notibras.com\/site\/#organization","name":"Grupo Notibras de Comunica\u00e7\u00e3o","url":"https:\/\/www.notibras.com\/site\/","logo":{"@type":"ImageObject","inLanguage":"pt-BR","@id":"https:\/\/www.notibras.com\/site\/#\/schema\/logo\/image\/","url":"https:\/\/www.notibras.com\/site\/wp-content\/uploads\/2023\/01\/notibras23.png","contentUrl":"https:\/\/www.notibras.com\/site\/wp-content\/uploads\/2023\/01\/notibras23.png","width":350,"height":87,"caption":"Grupo Notibras de Comunica\u00e7\u00e3o"},"image":{"@id":"https:\/\/www.notibras.com\/site\/#\/schema\/logo\/image\/"},"sameAs":["https:\/\/www.facebook.com\/notibras\/","https:\/\/x.com\/Notibras","https:\/\/www.instagram.com\/notibras\/"]},{"@type":"Person","@id":"https:\/\/www.notibras.com\/site\/#\/schema\/person\/36ab0979449956132d3e5b517ea76ac8","name":"Reda\u00e7\u00e3o","image":{"@type":"ImageObject","inLanguage":"pt-BR","@id":"https:\/\/secure.gravatar.com\/avatar\/e0a867bdedb85fd243eadf09663511f96fc81e0720a4a42581f334ad4303aa6b?s=96&d=mm&r=g","url":"https:\/\/secure.gravatar.com\/avatar\/e0a867bdedb85fd243eadf09663511f96fc81e0720a4a42581f334ad4303aa6b?s=96&d=mm&r=g","contentUrl":"https:\/\/secure.gravatar.com\/avatar\/e0a867bdedb85fd243eadf09663511f96fc81e0720a4a42581f334ad4303aa6b?s=96&d=mm&r=g","caption":"Reda\u00e7\u00e3o"}}]}},"amp_enabled":true,"_links":{"self":[{"href":"https:\/\/www.notibras.com\/site\/wp-json\/wp\/v2\/posts\/316179","targetHints":{"allow":["GET"]}}],"collection":[{"href":"https:\/\/www.notibras.com\/site\/wp-json\/wp\/v2\/posts"}],"about":[{"href":"https:\/\/www.notibras.com\/site\/wp-json\/wp\/v2\/types\/post"}],"author":[{"embeddable":true,"href":"https:\/\/www.notibras.com\/site\/wp-json\/wp\/v2\/users\/2"}],"replies":[{"embeddable":true,"href":"https:\/\/www.notibras.com\/site\/wp-json\/wp\/v2\/comments?post=316179"}],"version-history":[{"count":1,"href":"https:\/\/www.notibras.com\/site\/wp-json\/wp\/v2\/posts\/316179\/revisions"}],"predecessor-version":[{"id":316180,"href":"https:\/\/www.notibras.com\/site\/wp-json\/wp\/v2\/posts\/316179\/revisions\/316180"}],"wp:featuredmedia":[{"embeddable":true,"href":"https:\/\/www.notibras.com\/site\/wp-json\/wp\/v2\/media\/272986"}],"wp:attachment":[{"href":"https:\/\/www.notibras.com\/site\/wp-json\/wp\/v2\/media?parent=316179"}],"wp:term":[{"taxonomy":"category","embeddable":true,"href":"https:\/\/www.notibras.com\/site\/wp-json\/wp\/v2\/categories?post=316179"},{"taxonomy":"post_tag","embeddable":true,"href":"https:\/\/www.notibras.com\/site\/wp-json\/wp\/v2\/tags?post=316179"}],"curies":[{"name":"wp","href":"https:\/\/api.w.org\/{rel}","templated":true}]}}