{"id":316181,"date":"2023-11-05T08:00:45","date_gmt":"2023-11-05T11:00:45","guid":{"rendered":"https:\/\/www.notibras.com\/site\/?p=316181"},"modified":"2023-11-05T09:19:42","modified_gmt":"2023-11-05T12:19:42","slug":"acoes-do-governo-tentam-amenizar-estragos-das-chuvas","status":"publish","type":"post","link":"https:\/\/www.notibras.com\/site\/acoes-do-governo-tentam-amenizar-estragos-das-chuvas\/","title":{"rendered":"A\u00e7\u00f5es do governo tentam amenizar estragos das chuvas"},"content":{"rendered":"<p>Cerca de 100 pessoas atuaram na conten\u00e7\u00e3o dos danos causados pela chuva em \u00e1reas do Vale do Amanhecer, em Planaltina, durante todo o dia nesta sexta-feira (3). Um forte temporal, que durou aproximadamente 20 minutos, atingiu a regi\u00e3o na tarde da quinta-feira (2), Dia de Finados, e resultou na queda de cinco postes de energia, de galhos e de troncos de \u00e1rvores, al\u00e9m do destelhamento de resid\u00eancias e quedas de muro.<\/p>\n<p>Assim que os danos foram notificados, a demanda passou a ser prioridade do Governo do Distrito Federal (GDF). Foram mobilizados servidores do programa GDF Presente, da Companhia Urbanizadora da Nova Capital (Novacap), da Defesa Civil, do Corpo de Bombeiros Militar (CBMDF), do Servi\u00e7o de Limpeza Urbana (SLU), da Administra\u00e7\u00e3o Regional de Planaltina e da concession\u00e1ria Neoenergia.<\/p>\n<p>\u201cQuando a Defesa Civil emitiu um alerta sobre o risco de tempestade, alertamos a nossa equipe e, assim que as chuvas come\u00e7aram, j\u00e1 t\u00ednhamos acionado o grupo de monitoramento\u201d, afirma o administrador regional de Planaltina, Wesley Fonseca Fraga. Segundo ele, n\u00e3o houve nenhuma ocorr\u00eancia de ferimentos e nem de incidentes envolvendo eletricidade entre os moradores. A Defesa Civil tamb\u00e9m n\u00e3o verificou nenhuma resid\u00eancia com risco de desabamento.<\/p>\n<p>Nas quadras CR 74, 73 e 72, a fia\u00e7\u00e3o el\u00e9trica caiu em cima das casas, causando o desligamento tempor\u00e1rio da rede, al\u00e9m da queda do muro de uma resid\u00eancia e destelhamento de outras. J\u00e1 no Setor Central do Vale do Amanhecer, onde est\u00e1 localizada a Escola Classe Mestre D\u2019Armas, a queda de uma \u00e1rvore prejudicou a estrutura de um muro.<\/p>\n<p>\u201cA \u00e1rvore caiu e derrubou o muro. Os bombeiros nos ajudaram com o corte dela, com motosserra, e n\u00f3s, do GDF Presente e da Novacap, fizemos a remo\u00e7\u00e3o dos galhos. Outras \u00e1rvores na mesma avenida tamb\u00e9m ca\u00edram e j\u00e1 fizemos a limpeza para desobstruir a via\u201d, revela o coordenador do Polo Nordeste, Guilherme Tabosa. \u201cA resposta foi imediata gra\u00e7as ao grupo de emerg\u00eancia em que est\u00e3o todos os respons\u00e1veis por cada \u00f3rg\u00e3o. Trabalhamos em conjunto para proteger a popula\u00e7\u00e3o\u201d, acrescenta.<\/p>\n<p>Na quinta (2), ap\u00f3s o temporal, bombeiros e funcion\u00e1rios da empresa de fornecimento de energia da capital atuaram na prote\u00e7\u00e3o dos moradores e no desligamento da rede de energia. Em seguida, a concession\u00e1ria come\u00e7ou a reconstru\u00e7\u00e3o da rede e a substitui\u00e7\u00e3o dos postes. \u201cEm pouco mais de 2 horas, a energia foi normalizada para 60% dos moradores. Em menos de 4 horas, 99,94% dos clientes afetados foram normalizados. Nossas equipes seguiram durante a madrugada e no dia de hoje atuando nos reparos e reconstru\u00e7\u00e3o das redes\u201d, informou a concession\u00e1ria, em nota.<\/p>\n<p>O estudante Jo\u00e3o Carlos da Silva, 18 anos, estava cuidando do bar da fam\u00edlia na CR 74 quando ocorreu o temporal. \u201cA ventania come\u00e7ou e eu fui guardar as cadeiras para n\u00e3o voarem e, no que voltei para a garagem, escutei o barulho do poste caindo. Coloquei o meu irm\u00e3o no carro, onde achei ser mais seguro, e fui tentar proteger a televis\u00e3o e a geladeira, porque umas telhas tinham voado\u201d, relata. A assist\u00eancia do governo chegou pouco depois. \u201cO pessoal chegou r\u00e1pido, tinham uns dez caminh\u00f5es aqui. Muita gente veio ajudar, gra\u00e7as a Deus\u201d, completa.<\/p>\n<p>Na sexta (3), novos postes de energia foram instalados e as \u00e1rvores afetadas pelo temporal come\u00e7aram a ser retiradas. Participaram servidores do Departamento de Parques e Jardins (DPJ), da Novacap, e dos polos Norte, Nordeste e Nordeste Rural do GDF Presente. Al\u00e9m disso, uma equipe extra do SLU foi enviada para Planaltina para fazer a varri\u00e7\u00e3o e cata\u00e7\u00e3o manual, al\u00e9m da varri\u00e7\u00e3o mecanizada, nas \u00e1reas atingidas pelas chuvas. No total, participaram 16 garis e um fiscal, com apoio de quatro ca\u00e7ambas. At\u00e9 esta sexta, foram recolhidas 240 toneladas de lixo.<\/p>\n<p>O chefe do DPJ, Raimundo Silva, afirma que foram recolhidas seis \u00e1rvores no Vale do Amanhecer, das quais duas ca\u00edram devido ao temporal e quatro ficaram prejudicadas, sendo necess\u00e1ria a remo\u00e7\u00e3o. Os troncos ser\u00e3o encaminhados para leil\u00e3o p\u00fablico. J\u00e1 as folhas e galhos ca\u00eddos foram triturados e v\u00e3o para compostagem.<\/p>\n<p>\u201cPlanaltina \u00e9 uma regi\u00e3o que est\u00e1 muito bem assistida. Neste ano, j\u00e1 fizemos 4.053 interven\u00e7\u00f5es, que s\u00e3o as podas e as erradica\u00e7\u00f5es preventivas. Isso \u00e9 o que faz com que o n\u00famero de queda de \u00e1rvores seja m\u00ednimo\u201d, afirma Raimundo. \u201cTamb\u00e9m \u00e9 importante frisar que qualquer plantio em \u00e1rea p\u00fablica deve passar pela Novacap para evitar o plantio de esp\u00e9cies erradas e em locais errados, j\u00e1 que 90% das \u00e1rvores que caem no DF n\u00e3o foram plantadas pela Novacap\u201d, completa.<\/p>\n<p>Para dar celeridade nas respostas em caso de fortes chuvas e outras ocorr\u00eancias, o GDF editou, em outubro, a Portaria n\u00ba 89, que dividiu o DF em 15 grupos multidisciplinares e designou respons\u00e1veis para a organiza\u00e7\u00e3o e envio de equipes para os locais afetados. O texto garante a mobiliza\u00e7\u00e3o de profissionais, ve\u00edculos, equipamentos, maquin\u00e1rios e insumos necess\u00e1rios para o atendimento das ocorr\u00eancias a qualquer hora do dia, sete dias por semana.<\/p>\n","protected":false},"excerpt":{"rendered":"<p>Cerca de 100 pessoas atuaram na conten\u00e7\u00e3o dos danos causados pela chuva em \u00e1reas do Vale do Amanhecer, em Planaltina, durante todo o dia nesta sexta-feira (3). Um forte temporal, que durou aproximadamente 20 minutos, atingiu a regi\u00e3o na tarde da quinta-feira (2), Dia de Finados, e resultou na queda de cinco postes de energia, [&hellip;]<\/p>\n","protected":false},"author":2,"featured_media":316182,"comment_status":"closed","ping_status":"closed","sticky":false,"template":"","format":"standard","meta":{"_acf_changed":false,"footnotes":""},"categories":[161],"tags":[],"class_list":["post-316181","post","type-post","status-publish","format-standard","has-post-thumbnail","hentry","category-quadradinho-em-foco"],"acf":[],"yoast_head":"<!-- This site is optimized with the Yoast SEO plugin v27.2 - https:\/\/yoast.com\/product\/yoast-seo-wordpress\/ -->\n<title>A\u00e7\u00f5es do governo tentam amenizar estragos das chuvas - Notibras<\/title>\n<meta name=\"robots\" content=\"index, follow, max-snippet:-1, max-image-preview:large, max-video-preview:-1\" \/>\n<link rel=\"canonical\" href=\"https:\/\/www.notibras.com\/site\/acoes-do-governo-tentam-amenizar-estragos-das-chuvas\/\" \/>\n<meta property=\"og:locale\" content=\"pt_BR\" \/>\n<meta property=\"og:type\" content=\"article\" \/>\n<meta property=\"og:title\" content=\"A\u00e7\u00f5es do governo tentam amenizar estragos das chuvas - Notibras\" \/>\n<meta property=\"og:description\" content=\"Cerca de 100 pessoas atuaram na conten\u00e7\u00e3o dos danos causados pela chuva em \u00e1reas do Vale do Amanhecer, em Planaltina, durante todo o dia nesta sexta-feira (3). Um forte temporal, que durou aproximadamente 20 minutos, atingiu a regi\u00e3o na tarde da quinta-feira (2), Dia de Finados, e resultou na queda de cinco postes de energia, [&hellip;]\" \/>\n<meta property=\"og:url\" content=\"https:\/\/www.notibras.com\/site\/acoes-do-governo-tentam-amenizar-estragos-das-chuvas\/\" \/>\n<meta property=\"og:site_name\" content=\"Notibras\" \/>\n<meta property=\"article:publisher\" content=\"https:\/\/www.facebook.com\/notibras\/\" \/>\n<meta property=\"article:published_time\" content=\"2023-11-05T11:00:45+00:00\" \/>\n<meta property=\"article:modified_time\" content=\"2023-11-05T12:19:42+00:00\" \/>\n<meta property=\"og:image\" content=\"https:\/\/www.notibras.com\/site\/wp-content\/uploads\/2023\/11\/DENTRO-JRO_9522.jpg\" \/>\n\t<meta property=\"og:image:width\" content=\"850\" \/>\n\t<meta property=\"og:image:height\" content=\"567\" \/>\n\t<meta property=\"og:image:type\" content=\"image\/jpeg\" \/>\n<meta name=\"author\" content=\"Reda\u00e7\u00e3o\" \/>\n<meta name=\"twitter:card\" content=\"summary_large_image\" \/>\n<meta name=\"twitter:creator\" content=\"@Notibras\" \/>\n<meta name=\"twitter:site\" content=\"@Notibras\" \/>\n<meta name=\"twitter:label1\" content=\"Escrito por\" \/>\n\t<meta name=\"twitter:data1\" content=\"Reda\u00e7\u00e3o\" \/>\n\t<meta name=\"twitter:label2\" content=\"Est. tempo de leitura\" \/>\n\t<meta name=\"twitter:data2\" content=\"5 minutos\" \/>\n<script type=\"application\/ld+json\" class=\"yoast-schema-graph\">{\"@context\":\"https:\/\/schema.org\",\"@graph\":[{\"@type\":\"Article\",\"@id\":\"https:\/\/www.notibras.com\/site\/acoes-do-governo-tentam-amenizar-estragos-das-chuvas\/#article\",\"isPartOf\":{\"@id\":\"https:\/\/www.notibras.com\/site\/acoes-do-governo-tentam-amenizar-estragos-das-chuvas\/\"},\"author\":{\"name\":\"Reda\u00e7\u00e3o\",\"@id\":\"https:\/\/www.notibras.com\/site\/#\/schema\/person\/36ab0979449956132d3e5b517ea76ac8\"},\"headline\":\"A\u00e7\u00f5es do governo tentam amenizar estragos das chuvas\",\"datePublished\":\"2023-11-05T11:00:45+00:00\",\"dateModified\":\"2023-11-05T12:19:42+00:00\",\"mainEntityOfPage\":{\"@id\":\"https:\/\/www.notibras.com\/site\/acoes-do-governo-tentam-amenizar-estragos-das-chuvas\/\"},\"wordCount\":879,\"publisher\":{\"@id\":\"https:\/\/www.notibras.com\/site\/#organization\"},\"image\":{\"@id\":\"https:\/\/www.notibras.com\/site\/acoes-do-governo-tentam-amenizar-estragos-das-chuvas\/#primaryimage\"},\"thumbnailUrl\":\"https:\/\/www.notibras.com\/site\/wp-content\/uploads\/2023\/11\/DENTRO-JRO_9522.jpg\",\"articleSection\":[\"Quadradinho em Foco\"],\"inLanguage\":\"pt-BR\"},{\"@type\":\"WebPage\",\"@id\":\"https:\/\/www.notibras.com\/site\/acoes-do-governo-tentam-amenizar-estragos-das-chuvas\/\",\"url\":\"https:\/\/www.notibras.com\/site\/acoes-do-governo-tentam-amenizar-estragos-das-chuvas\/\",\"name\":\"A\u00e7\u00f5es do governo tentam amenizar estragos das chuvas - Notibras\",\"isPartOf\":{\"@id\":\"https:\/\/www.notibras.com\/site\/#website\"},\"primaryImageOfPage\":{\"@id\":\"https:\/\/www.notibras.com\/site\/acoes-do-governo-tentam-amenizar-estragos-das-chuvas\/#primaryimage\"},\"image\":{\"@id\":\"https:\/\/www.notibras.com\/site\/acoes-do-governo-tentam-amenizar-estragos-das-chuvas\/#primaryimage\"},\"thumbnailUrl\":\"https:\/\/www.notibras.com\/site\/wp-content\/uploads\/2023\/11\/DENTRO-JRO_9522.jpg\",\"datePublished\":\"2023-11-05T11:00:45+00:00\",\"dateModified\":\"2023-11-05T12:19:42+00:00\",\"breadcrumb\":{\"@id\":\"https:\/\/www.notibras.com\/site\/acoes-do-governo-tentam-amenizar-estragos-das-chuvas\/#breadcrumb\"},\"inLanguage\":\"pt-BR\",\"potentialAction\":[{\"@type\":\"ReadAction\",\"target\":[\"https:\/\/www.notibras.com\/site\/acoes-do-governo-tentam-amenizar-estragos-das-chuvas\/\"]}]},{\"@type\":\"ImageObject\",\"inLanguage\":\"pt-BR\",\"@id\":\"https:\/\/www.notibras.com\/site\/acoes-do-governo-tentam-amenizar-estragos-das-chuvas\/#primaryimage\",\"url\":\"https:\/\/www.notibras.com\/site\/wp-content\/uploads\/2023\/11\/DENTRO-JRO_9522.jpg\",\"contentUrl\":\"https:\/\/www.notibras.com\/site\/wp-content\/uploads\/2023\/11\/DENTRO-JRO_9522.jpg\",\"width\":850,\"height\":567},{\"@type\":\"BreadcrumbList\",\"@id\":\"https:\/\/www.notibras.com\/site\/acoes-do-governo-tentam-amenizar-estragos-das-chuvas\/#breadcrumb\",\"itemListElement\":[{\"@type\":\"ListItem\",\"position\":1,\"name\":\"In\u00edcio\",\"item\":\"https:\/\/www.notibras.com\/site\/\"},{\"@type\":\"ListItem\",\"position\":2,\"name\":\"A\u00e7\u00f5es do governo tentam amenizar estragos das chuvas\"}]},{\"@type\":\"WebSite\",\"@id\":\"https:\/\/www.notibras.com\/site\/#website\",\"url\":\"https:\/\/www.notibras.com\/site\/\",\"name\":\"Notibras\",\"description\":\"Not\u00edcias de Bras\u00edlia, do Brasil e do Mundo\",\"publisher\":{\"@id\":\"https:\/\/www.notibras.com\/site\/#organization\"},\"potentialAction\":[{\"@type\":\"SearchAction\",\"target\":{\"@type\":\"EntryPoint\",\"urlTemplate\":\"https:\/\/www.notibras.com\/site\/?s={search_term_string}\"},\"query-input\":{\"@type\":\"PropertyValueSpecification\",\"valueRequired\":true,\"valueName\":\"search_term_string\"}}],\"inLanguage\":\"pt-BR\"},{\"@type\":\"Organization\",\"@id\":\"https:\/\/www.notibras.com\/site\/#organization\",\"name\":\"Grupo Notibras de Comunica\u00e7\u00e3o\",\"url\":\"https:\/\/www.notibras.com\/site\/\",\"logo\":{\"@type\":\"ImageObject\",\"inLanguage\":\"pt-BR\",\"@id\":\"https:\/\/www.notibras.com\/site\/#\/schema\/logo\/image\/\",\"url\":\"https:\/\/www.notibras.com\/site\/wp-content\/uploads\/2023\/01\/notibras23.png\",\"contentUrl\":\"https:\/\/www.notibras.com\/site\/wp-content\/uploads\/2023\/01\/notibras23.png\",\"width\":350,\"height\":87,\"caption\":\"Grupo Notibras de Comunica\u00e7\u00e3o\"},\"image\":{\"@id\":\"https:\/\/www.notibras.com\/site\/#\/schema\/logo\/image\/\"},\"sameAs\":[\"https:\/\/www.facebook.com\/notibras\/\",\"https:\/\/x.com\/Notibras\",\"https:\/\/www.instagram.com\/notibras\/\"]},{\"@type\":\"Person\",\"@id\":\"https:\/\/www.notibras.com\/site\/#\/schema\/person\/36ab0979449956132d3e5b517ea76ac8\",\"name\":\"Reda\u00e7\u00e3o\",\"image\":{\"@type\":\"ImageObject\",\"inLanguage\":\"pt-BR\",\"@id\":\"https:\/\/secure.gravatar.com\/avatar\/e0a867bdedb85fd243eadf09663511f96fc81e0720a4a42581f334ad4303aa6b?s=96&d=mm&r=g\",\"url\":\"https:\/\/secure.gravatar.com\/avatar\/e0a867bdedb85fd243eadf09663511f96fc81e0720a4a42581f334ad4303aa6b?s=96&d=mm&r=g\",\"contentUrl\":\"https:\/\/secure.gravatar.com\/avatar\/e0a867bdedb85fd243eadf09663511f96fc81e0720a4a42581f334ad4303aa6b?s=96&d=mm&r=g\",\"caption\":\"Reda\u00e7\u00e3o\"}}]}<\/script>\n<!-- \/ Yoast SEO plugin. -->","yoast_head_json":{"title":"A\u00e7\u00f5es do governo tentam amenizar estragos das chuvas - Notibras","robots":{"index":"index","follow":"follow","max-snippet":"max-snippet:-1","max-image-preview":"max-image-preview:large","max-video-preview":"max-video-preview:-1"},"canonical":"https:\/\/www.notibras.com\/site\/acoes-do-governo-tentam-amenizar-estragos-das-chuvas\/","og_locale":"pt_BR","og_type":"article","og_title":"A\u00e7\u00f5es do governo tentam amenizar estragos das chuvas - Notibras","og_description":"Cerca de 100 pessoas atuaram na conten\u00e7\u00e3o dos danos causados pela chuva em \u00e1reas do Vale do Amanhecer, em Planaltina, durante todo o dia nesta sexta-feira (3). Um forte temporal, que durou aproximadamente 20 minutos, atingiu a regi\u00e3o na tarde da quinta-feira (2), Dia de Finados, e resultou na queda de cinco postes de energia, [&hellip;]","og_url":"https:\/\/www.notibras.com\/site\/acoes-do-governo-tentam-amenizar-estragos-das-chuvas\/","og_site_name":"Notibras","article_publisher":"https:\/\/www.facebook.com\/notibras\/","article_published_time":"2023-11-05T11:00:45+00:00","article_modified_time":"2023-11-05T12:19:42+00:00","og_image":[{"width":850,"height":567,"url":"https:\/\/www.notibras.com\/site\/wp-content\/uploads\/2023\/11\/DENTRO-JRO_9522.jpg","type":"image\/jpeg"}],"author":"Reda\u00e7\u00e3o","twitter_card":"summary_large_image","twitter_creator":"@Notibras","twitter_site":"@Notibras","twitter_misc":{"Escrito por":"Reda\u00e7\u00e3o","Est. tempo de leitura":"5 minutos"},"schema":{"@context":"https:\/\/schema.org","@graph":[{"@type":"Article","@id":"https:\/\/www.notibras.com\/site\/acoes-do-governo-tentam-amenizar-estragos-das-chuvas\/#article","isPartOf":{"@id":"https:\/\/www.notibras.com\/site\/acoes-do-governo-tentam-amenizar-estragos-das-chuvas\/"},"author":{"name":"Reda\u00e7\u00e3o","@id":"https:\/\/www.notibras.com\/site\/#\/schema\/person\/36ab0979449956132d3e5b517ea76ac8"},"headline":"A\u00e7\u00f5es do governo tentam amenizar estragos das chuvas","datePublished":"2023-11-05T11:00:45+00:00","dateModified":"2023-11-05T12:19:42+00:00","mainEntityOfPage":{"@id":"https:\/\/www.notibras.com\/site\/acoes-do-governo-tentam-amenizar-estragos-das-chuvas\/"},"wordCount":879,"publisher":{"@id":"https:\/\/www.notibras.com\/site\/#organization"},"image":{"@id":"https:\/\/www.notibras.com\/site\/acoes-do-governo-tentam-amenizar-estragos-das-chuvas\/#primaryimage"},"thumbnailUrl":"https:\/\/www.notibras.com\/site\/wp-content\/uploads\/2023\/11\/DENTRO-JRO_9522.jpg","articleSection":["Quadradinho em Foco"],"inLanguage":"pt-BR"},{"@type":"WebPage","@id":"https:\/\/www.notibras.com\/site\/acoes-do-governo-tentam-amenizar-estragos-das-chuvas\/","url":"https:\/\/www.notibras.com\/site\/acoes-do-governo-tentam-amenizar-estragos-das-chuvas\/","name":"A\u00e7\u00f5es do governo tentam amenizar estragos das chuvas - Notibras","isPartOf":{"@id":"https:\/\/www.notibras.com\/site\/#website"},"primaryImageOfPage":{"@id":"https:\/\/www.notibras.com\/site\/acoes-do-governo-tentam-amenizar-estragos-das-chuvas\/#primaryimage"},"image":{"@id":"https:\/\/www.notibras.com\/site\/acoes-do-governo-tentam-amenizar-estragos-das-chuvas\/#primaryimage"},"thumbnailUrl":"https:\/\/www.notibras.com\/site\/wp-content\/uploads\/2023\/11\/DENTRO-JRO_9522.jpg","datePublished":"2023-11-05T11:00:45+00:00","dateModified":"2023-11-05T12:19:42+00:00","breadcrumb":{"@id":"https:\/\/www.notibras.com\/site\/acoes-do-governo-tentam-amenizar-estragos-das-chuvas\/#breadcrumb"},"inLanguage":"pt-BR","potentialAction":[{"@type":"ReadAction","target":["https:\/\/www.notibras.com\/site\/acoes-do-governo-tentam-amenizar-estragos-das-chuvas\/"]}]},{"@type":"ImageObject","inLanguage":"pt-BR","@id":"https:\/\/www.notibras.com\/site\/acoes-do-governo-tentam-amenizar-estragos-das-chuvas\/#primaryimage","url":"https:\/\/www.notibras.com\/site\/wp-content\/uploads\/2023\/11\/DENTRO-JRO_9522.jpg","contentUrl":"https:\/\/www.notibras.com\/site\/wp-content\/uploads\/2023\/11\/DENTRO-JRO_9522.jpg","width":850,"height":567},{"@type":"BreadcrumbList","@id":"https:\/\/www.notibras.com\/site\/acoes-do-governo-tentam-amenizar-estragos-das-chuvas\/#breadcrumb","itemListElement":[{"@type":"ListItem","position":1,"name":"In\u00edcio","item":"https:\/\/www.notibras.com\/site\/"},{"@type":"ListItem","position":2,"name":"A\u00e7\u00f5es do governo tentam amenizar estragos das chuvas"}]},{"@type":"WebSite","@id":"https:\/\/www.notibras.com\/site\/#website","url":"https:\/\/www.notibras.com\/site\/","name":"Notibras","description":"Not\u00edcias de Bras\u00edlia, do Brasil e do Mundo","publisher":{"@id":"https:\/\/www.notibras.com\/site\/#organization"},"potentialAction":[{"@type":"SearchAction","target":{"@type":"EntryPoint","urlTemplate":"https:\/\/www.notibras.com\/site\/?s={search_term_string}"},"query-input":{"@type":"PropertyValueSpecification","valueRequired":true,"valueName":"search_term_string"}}],"inLanguage":"pt-BR"},{"@type":"Organization","@id":"https:\/\/www.notibras.com\/site\/#organization","name":"Grupo Notibras de Comunica\u00e7\u00e3o","url":"https:\/\/www.notibras.com\/site\/","logo":{"@type":"ImageObject","inLanguage":"pt-BR","@id":"https:\/\/www.notibras.com\/site\/#\/schema\/logo\/image\/","url":"https:\/\/www.notibras.com\/site\/wp-content\/uploads\/2023\/01\/notibras23.png","contentUrl":"https:\/\/www.notibras.com\/site\/wp-content\/uploads\/2023\/01\/notibras23.png","width":350,"height":87,"caption":"Grupo Notibras de Comunica\u00e7\u00e3o"},"image":{"@id":"https:\/\/www.notibras.com\/site\/#\/schema\/logo\/image\/"},"sameAs":["https:\/\/www.facebook.com\/notibras\/","https:\/\/x.com\/Notibras","https:\/\/www.instagram.com\/notibras\/"]},{"@type":"Person","@id":"https:\/\/www.notibras.com\/site\/#\/schema\/person\/36ab0979449956132d3e5b517ea76ac8","name":"Reda\u00e7\u00e3o","image":{"@type":"ImageObject","inLanguage":"pt-BR","@id":"https:\/\/secure.gravatar.com\/avatar\/e0a867bdedb85fd243eadf09663511f96fc81e0720a4a42581f334ad4303aa6b?s=96&d=mm&r=g","url":"https:\/\/secure.gravatar.com\/avatar\/e0a867bdedb85fd243eadf09663511f96fc81e0720a4a42581f334ad4303aa6b?s=96&d=mm&r=g","contentUrl":"https:\/\/secure.gravatar.com\/avatar\/e0a867bdedb85fd243eadf09663511f96fc81e0720a4a42581f334ad4303aa6b?s=96&d=mm&r=g","caption":"Reda\u00e7\u00e3o"}}]}},"amp_enabled":true,"_links":{"self":[{"href":"https:\/\/www.notibras.com\/site\/wp-json\/wp\/v2\/posts\/316181","targetHints":{"allow":["GET"]}}],"collection":[{"href":"https:\/\/www.notibras.com\/site\/wp-json\/wp\/v2\/posts"}],"about":[{"href":"https:\/\/www.notibras.com\/site\/wp-json\/wp\/v2\/types\/post"}],"author":[{"embeddable":true,"href":"https:\/\/www.notibras.com\/site\/wp-json\/wp\/v2\/users\/2"}],"replies":[{"embeddable":true,"href":"https:\/\/www.notibras.com\/site\/wp-json\/wp\/v2\/comments?post=316181"}],"version-history":[{"count":1,"href":"https:\/\/www.notibras.com\/site\/wp-json\/wp\/v2\/posts\/316181\/revisions"}],"predecessor-version":[{"id":316183,"href":"https:\/\/www.notibras.com\/site\/wp-json\/wp\/v2\/posts\/316181\/revisions\/316183"}],"wp:featuredmedia":[{"embeddable":true,"href":"https:\/\/www.notibras.com\/site\/wp-json\/wp\/v2\/media\/316182"}],"wp:attachment":[{"href":"https:\/\/www.notibras.com\/site\/wp-json\/wp\/v2\/media?parent=316181"}],"wp:term":[{"taxonomy":"category","embeddable":true,"href":"https:\/\/www.notibras.com\/site\/wp-json\/wp\/v2\/categories?post=316181"},{"taxonomy":"post_tag","embeddable":true,"href":"https:\/\/www.notibras.com\/site\/wp-json\/wp\/v2\/tags?post=316181"}],"curies":[{"name":"wp","href":"https:\/\/api.w.org\/{rel}","templated":true}]}}