{"id":316210,"date":"2023-11-05T16:43:29","date_gmt":"2023-11-05T19:43:29","guid":{"rendered":"https:\/\/www.notibras.com\/site\/?p=316210"},"modified":"2023-11-05T20:09:39","modified_gmt":"2023-11-05T23:09:39","slug":"tema-da-redacao-traz-a-luz-questao-estrutural-da-sociedade","status":"publish","type":"post","link":"https:\/\/www.notibras.com\/site\/tema-da-redacao-traz-a-luz-questao-estrutural-da-sociedade\/","title":{"rendered":"Tema da reda\u00e7\u00e3o traz \u00e0 luz quest\u00e3o estrutural da sociedade"},"content":{"rendered":"<p>O tema da reda\u00e7\u00e3o do Exame Nacional do Ensino M\u00e9dio (Enem) 2023 traz \u00e0 luz uma quest\u00e3o estrutural da sociedade brasileira: mulheres que cuidam de familiares, de filhos, de companheiros e da casa e que muitas vezes t\u00eam duplas ou triplas jornadas di\u00e1rias sem op\u00e7\u00e3o de escolha e sem remunera\u00e7\u00e3o ou reconhecimento. Para professores de reda\u00e7\u00e3o entrevistados pela Ag\u00eancia Brasil, o tema segue a linha de temas anteriores, chamando aten\u00e7\u00e3o para uma problem\u00e1tica social. Apesar disso, pode ser bastante desafiador para os candidatos do exame.<\/p>\n<p>O tema da reda\u00e7\u00e3o deste ano \u00e9 &#8220;Desafios para o enfrentamento da invisibilidade do trabalho de cuidado realizado pela mulher no Brasil&#8221;.<\/p>\n<p>Ao ler o tema, a professora de l\u00edngua portuguesa e produ\u00e7\u00e3o textual do col\u00e9gio Mopi Tatiana Nunes Camara comemorou: \u201cEu adorei. Eu acho que \u00e9 bem interessante porque n\u00f3s, mulheres, temos realmente tantos trabalhos e n\u00e3o temos reconhecimento nenhum. S\u00e3o tantas mulheres com tantas jornadas de trabalho dentro e fora de casa\u201d, diz.<\/p>\n<p>Segundo a professora, o tema \u00e9 atual e est\u00e1 em linha tamb\u00e9m com acontecimentos recentes deste ano. Um deles \u00e9 o lan\u00e7amento e o sucesso de bilheteria do filme Barbie. O filme discute a organiza\u00e7\u00e3o patriarcal da sociedade em contraposi\u00e7\u00e3o ao mundo da Barbie, onde as mulheres ocupam a centralidade e os cargos de lideran\u00e7a. O filme, de acordo com a professora, pode servir de repert\u00f3rio para a elabora\u00e7\u00e3o do texto.<\/p>\n<p>Al\u00e9m disso, o governo brasileiro anunciou este ano a cria\u00e7\u00e3o de um grupo de trabalho para a elabora\u00e7\u00e3o da Pol\u00edtica Nacional de Cuidados. A pol\u00edtica \u00e9 voltada para aqueles que cuidam de crian\u00e7as, de adolescentes, de pessoas com defici\u00eancia ou com alguma limita\u00e7\u00e3o, trabalho majoritariamente realizado por mulheres. Segundo o grupo, as mulheres dedicam ao trabalho de cuidados n\u00e3o remunerado no interior dos seus pr\u00f3prios domic\u00edlios em m\u00e9dia 22 horas por semana (o dobro do tempo dos homens).<\/p>\n<p>\u201cEu acho que o aluno que estudou, que acompanhou as not\u00edcias e toda essa trajet\u00f3ria de assuntos est\u00e1 bem preparado e vai conseguir fazer\u201d, diz Camara. Um dos erros que os estudantes podem cometer \u00e9, segundo a professora, questionar se esse trabalho \u00e9 invis\u00edvel ou mesmo se \u00e9 um trabalho. \u201c[O candidato] vai ter que ter cuidado para entender que o tema foca na invisibilidade do trabalho de cuidado. Ou seja, n\u00e3o \u00e9 para questionar se \u00e9 ou n\u00e3o invis\u00edvel. Ele \u00e9 invis\u00edvel. Tem que partir de que o Inep j\u00e1 est\u00e1 dizendo que \u00e9 invis\u00edvel\u201d.<\/p>\n<p>Os estudantes precisam tamb\u00e9m elaborar uma proposta de interven\u00e7\u00e3o, ou seja, o que \u00e9 preciso fazer para buscar uma solu\u00e7\u00e3o para a quest\u00e3o. \u201cA gente pode pensar em subs\u00eddios fiscais para empresas contratarem mulheres, em investimento p\u00fablico em creches p\u00fablicas, porque muitas m\u00e3es n\u00e3o conseguem trabalhar porque n\u00e3o t\u00eam com quem deixar os filhos e na cria\u00e7\u00e3o de leis que garantam subs\u00eddios a essas mulheres cujo trabalho muitas vezes, quase nunca \u00e9 reconhecido\u201d, diz.<\/p>\n<p>Para o professor de l\u00edngua portuguesa Noslen Borges, da plataforma Clube do Noslen, o tema segue a linha de edi\u00e7\u00f5es anteriores da prova. \u201cEu acho que vem dentro do hist\u00f3rico do Enem, que trabalha com problem\u00e1ticas brasileiras, focando em grupos deixados de lado. Isso faz parte da estrutura do Enem\u201d, diz.<\/p>\n<p>Segundo ele, mais do que uma discuss\u00e3o pertinente, \u00e9 uma realidade h\u00e1 muitos anos n\u00e3o s\u00f3 no Brasil, mas em todo o mundo. \u201cCom certeza esse trabalho invis\u00edvel \u00e9 um tema pertinente e profundo, mas n\u00e3o sei o quanto os adolescentes conseguem discutir sobre isso. E que esse tema n\u00e3o fique s\u00f3 no Enem, mas que essa discuss\u00e3o venha para a sociedade\u201d, acrescenta.<\/p>\n<p>Segundo o professor, os estudantes devem buscar qualificar a discuss\u00e3o. Citar filmes e livros e situa\u00e7\u00f5es em que isso acontece pode ser formas de qualificar o texto. Em rela\u00e7\u00e3o \u00e0 proposta de interven\u00e7\u00e3o, ele diz que um caminho \u00e9 propor a cria\u00e7\u00e3o de leis para que esse trabalho saia da invisibilidade e que as pessoas recebam suporte e mesmo bolsas para essas atividades.<\/p>\n<p>A professora de reda\u00e7\u00e3o da plataforma de estudos Descomplica Roberta Panza diz que \u00e9 importante os candidatos se aterem ao que est\u00e1 sendo pedido na prova. Um caminho \u00e9 discutir no texto por que \u00e9 t\u00e3o dif\u00edcil combater a invisibilidade desse trabalho. \u201c\u00c9 muito importante que o aluno entenda a for\u00e7a da palavra enfrentamento. Estamos falando de combate a uma perspectiva. Tem que refletir por que \u00e9 t\u00e3o dif\u00edcil combater a invisibilidade desse tipo de trabalho\u201d, explica<\/p>\n<p>De acordo com Panza, o tema chama aten\u00e7\u00e3o n\u00e3o apenas para um recorte de g\u00eanero, por ser um trabalho mais realizado por mulheres, mas tamb\u00e9m para o recorte racial, j\u00e1 que muitas vezes s\u00e3o as mulheres negras que desempenham essas atividades. Outro ponto a ser levado em considera\u00e7\u00e3o \u00e9 que historicamente esse tipo de trabalho \u00e9 relegado \u00e0s mulheres, mas as tarefas dom\u00e9sticas podem ser feitas por todas as pessoas que moram na casa. \u201c\u00c9 um risco associar s\u00f3 \u00e0 mulher\u201d, diz a professora.<\/p>\n<p>Ela aponta ainda como uma das problem\u00e1ticas que podem ser inclu\u00eddas no texto o fato de que mudan\u00e7as poderiam ser feitas por meio de leis, mas as leis s\u00e3o feitas majoritariamente por homens, que s\u00e3o maioria nas casas legislativas. Segundo dados da C\u00e2mara dos Deputados, as mulheres ocupam 17,7% das cadeiras da Casa.<\/p>\n","protected":false},"excerpt":{"rendered":"<p>O tema da reda\u00e7\u00e3o do Exame Nacional do Ensino M\u00e9dio (Enem) 2023 traz \u00e0 luz uma quest\u00e3o estrutural da sociedade brasileira: mulheres que cuidam de familiares, de filhos, de companheiros e da casa e que muitas vezes t\u00eam duplas ou triplas jornadas di\u00e1rias sem op\u00e7\u00e3o de escolha e sem remunera\u00e7\u00e3o ou reconhecimento. Para professores de [&hellip;]<\/p>\n","protected":false},"author":2,"featured_media":316211,"comment_status":"closed","ping_status":"closed","sticky":false,"template":"","format":"standard","meta":{"_acf_changed":false,"footnotes":""},"categories":[161],"tags":[95],"class_list":["post-316210","post","type-post","status-publish","format-standard","has-post-thumbnail","hentry","category-quadradinho-em-foco","tag-capa"],"acf":[],"yoast_head":"<!-- This site is optimized with the Yoast SEO plugin v27.2 - https:\/\/yoast.com\/product\/yoast-seo-wordpress\/ -->\n<title>Tema da reda\u00e7\u00e3o traz \u00e0 luz quest\u00e3o estrutural da sociedade - Notibras<\/title>\n<meta name=\"robots\" content=\"index, follow, max-snippet:-1, max-image-preview:large, max-video-preview:-1\" \/>\n<link rel=\"canonical\" href=\"https:\/\/www.notibras.com\/site\/tema-da-redacao-traz-a-luz-questao-estrutural-da-sociedade\/\" \/>\n<meta property=\"og:locale\" content=\"pt_BR\" \/>\n<meta property=\"og:type\" content=\"article\" \/>\n<meta property=\"og:title\" content=\"Tema da reda\u00e7\u00e3o traz \u00e0 luz quest\u00e3o estrutural da sociedade - Notibras\" \/>\n<meta property=\"og:description\" content=\"O tema da reda\u00e7\u00e3o do Exame Nacional do Ensino M\u00e9dio (Enem) 2023 traz \u00e0 luz uma quest\u00e3o estrutural da sociedade brasileira: mulheres que cuidam de familiares, de filhos, de companheiros e da casa e que muitas vezes t\u00eam duplas ou triplas jornadas di\u00e1rias sem op\u00e7\u00e3o de escolha e sem remunera\u00e7\u00e3o ou reconhecimento. Para professores de [&hellip;]\" \/>\n<meta property=\"og:url\" content=\"https:\/\/www.notibras.com\/site\/tema-da-redacao-traz-a-luz-questao-estrutural-da-sociedade\/\" \/>\n<meta property=\"og:site_name\" content=\"Notibras\" \/>\n<meta property=\"article:publisher\" content=\"https:\/\/www.facebook.com\/notibras\/\" \/>\n<meta property=\"article:published_time\" content=\"2023-11-05T19:43:29+00:00\" \/>\n<meta property=\"article:modified_time\" content=\"2023-11-05T23:09:39+00:00\" \/>\n<meta property=\"og:image\" content=\"https:\/\/www.notibras.com\/site\/wp-content\/uploads\/2023\/11\/2021-05-09t030639z_1620529460_dpaf210509x99x524785_rtrfipp_4_education-family-society-science-customs-holidays-mothersday-children.jpg\" \/>\n\t<meta property=\"og:image:width\" content=\"1170\" \/>\n\t<meta property=\"og:image:height\" content=\"700\" \/>\n\t<meta property=\"og:image:type\" content=\"image\/jpeg\" \/>\n<meta name=\"author\" content=\"Reda\u00e7\u00e3o\" \/>\n<meta name=\"twitter:card\" content=\"summary_large_image\" \/>\n<meta name=\"twitter:creator\" content=\"@Notibras\" \/>\n<meta name=\"twitter:site\" content=\"@Notibras\" \/>\n<meta name=\"twitter:label1\" content=\"Escrito por\" \/>\n\t<meta name=\"twitter:data1\" content=\"Reda\u00e7\u00e3o\" \/>\n\t<meta name=\"twitter:label2\" content=\"Est. tempo de leitura\" \/>\n\t<meta name=\"twitter:data2\" content=\"5 minutos\" \/>\n<script type=\"application\/ld+json\" class=\"yoast-schema-graph\">{\"@context\":\"https:\/\/schema.org\",\"@graph\":[{\"@type\":\"Article\",\"@id\":\"https:\/\/www.notibras.com\/site\/tema-da-redacao-traz-a-luz-questao-estrutural-da-sociedade\/#article\",\"isPartOf\":{\"@id\":\"https:\/\/www.notibras.com\/site\/tema-da-redacao-traz-a-luz-questao-estrutural-da-sociedade\/\"},\"author\":{\"name\":\"Reda\u00e7\u00e3o\",\"@id\":\"https:\/\/www.notibras.com\/site\/#\/schema\/person\/36ab0979449956132d3e5b517ea76ac8\"},\"headline\":\"Tema da reda\u00e7\u00e3o traz \u00e0 luz quest\u00e3o estrutural da sociedade\",\"datePublished\":\"2023-11-05T19:43:29+00:00\",\"dateModified\":\"2023-11-05T23:09:39+00:00\",\"mainEntityOfPage\":{\"@id\":\"https:\/\/www.notibras.com\/site\/tema-da-redacao-traz-a-luz-questao-estrutural-da-sociedade\/\"},\"wordCount\":942,\"publisher\":{\"@id\":\"https:\/\/www.notibras.com\/site\/#organization\"},\"image\":{\"@id\":\"https:\/\/www.notibras.com\/site\/tema-da-redacao-traz-a-luz-questao-estrutural-da-sociedade\/#primaryimage\"},\"thumbnailUrl\":\"https:\/\/www.notibras.com\/site\/wp-content\/uploads\/2023\/11\/2021-05-09t030639z_1620529460_dpaf210509x99x524785_rtrfipp_4_education-family-society-science-customs-holidays-mothersday-children.jpg\",\"keywords\":[\"capa\"],\"articleSection\":[\"Quadradinho em Foco\"],\"inLanguage\":\"pt-BR\"},{\"@type\":\"WebPage\",\"@id\":\"https:\/\/www.notibras.com\/site\/tema-da-redacao-traz-a-luz-questao-estrutural-da-sociedade\/\",\"url\":\"https:\/\/www.notibras.com\/site\/tema-da-redacao-traz-a-luz-questao-estrutural-da-sociedade\/\",\"name\":\"Tema da reda\u00e7\u00e3o traz \u00e0 luz quest\u00e3o estrutural da sociedade - Notibras\",\"isPartOf\":{\"@id\":\"https:\/\/www.notibras.com\/site\/#website\"},\"primaryImageOfPage\":{\"@id\":\"https:\/\/www.notibras.com\/site\/tema-da-redacao-traz-a-luz-questao-estrutural-da-sociedade\/#primaryimage\"},\"image\":{\"@id\":\"https:\/\/www.notibras.com\/site\/tema-da-redacao-traz-a-luz-questao-estrutural-da-sociedade\/#primaryimage\"},\"thumbnailUrl\":\"https:\/\/www.notibras.com\/site\/wp-content\/uploads\/2023\/11\/2021-05-09t030639z_1620529460_dpaf210509x99x524785_rtrfipp_4_education-family-society-science-customs-holidays-mothersday-children.jpg\",\"datePublished\":\"2023-11-05T19:43:29+00:00\",\"dateModified\":\"2023-11-05T23:09:39+00:00\",\"breadcrumb\":{\"@id\":\"https:\/\/www.notibras.com\/site\/tema-da-redacao-traz-a-luz-questao-estrutural-da-sociedade\/#breadcrumb\"},\"inLanguage\":\"pt-BR\",\"potentialAction\":[{\"@type\":\"ReadAction\",\"target\":[\"https:\/\/www.notibras.com\/site\/tema-da-redacao-traz-a-luz-questao-estrutural-da-sociedade\/\"]}]},{\"@type\":\"ImageObject\",\"inLanguage\":\"pt-BR\",\"@id\":\"https:\/\/www.notibras.com\/site\/tema-da-redacao-traz-a-luz-questao-estrutural-da-sociedade\/#primaryimage\",\"url\":\"https:\/\/www.notibras.com\/site\/wp-content\/uploads\/2023\/11\/2021-05-09t030639z_1620529460_dpaf210509x99x524785_rtrfipp_4_education-family-society-science-customs-holidays-mothersday-children.jpg\",\"contentUrl\":\"https:\/\/www.notibras.com\/site\/wp-content\/uploads\/2023\/11\/2021-05-09t030639z_1620529460_dpaf210509x99x524785_rtrfipp_4_education-family-society-science-customs-holidays-mothersday-children.jpg\",\"width\":1170,\"height\":700},{\"@type\":\"BreadcrumbList\",\"@id\":\"https:\/\/www.notibras.com\/site\/tema-da-redacao-traz-a-luz-questao-estrutural-da-sociedade\/#breadcrumb\",\"itemListElement\":[{\"@type\":\"ListItem\",\"position\":1,\"name\":\"In\u00edcio\",\"item\":\"https:\/\/www.notibras.com\/site\/\"},{\"@type\":\"ListItem\",\"position\":2,\"name\":\"Tema da reda\u00e7\u00e3o traz \u00e0 luz quest\u00e3o estrutural da sociedade\"}]},{\"@type\":\"WebSite\",\"@id\":\"https:\/\/www.notibras.com\/site\/#website\",\"url\":\"https:\/\/www.notibras.com\/site\/\",\"name\":\"Notibras\",\"description\":\"Not\u00edcias de Bras\u00edlia, do Brasil e do Mundo\",\"publisher\":{\"@id\":\"https:\/\/www.notibras.com\/site\/#organization\"},\"potentialAction\":[{\"@type\":\"SearchAction\",\"target\":{\"@type\":\"EntryPoint\",\"urlTemplate\":\"https:\/\/www.notibras.com\/site\/?s={search_term_string}\"},\"query-input\":{\"@type\":\"PropertyValueSpecification\",\"valueRequired\":true,\"valueName\":\"search_term_string\"}}],\"inLanguage\":\"pt-BR\"},{\"@type\":\"Organization\",\"@id\":\"https:\/\/www.notibras.com\/site\/#organization\",\"name\":\"Grupo Notibras de Comunica\u00e7\u00e3o\",\"url\":\"https:\/\/www.notibras.com\/site\/\",\"logo\":{\"@type\":\"ImageObject\",\"inLanguage\":\"pt-BR\",\"@id\":\"https:\/\/www.notibras.com\/site\/#\/schema\/logo\/image\/\",\"url\":\"https:\/\/www.notibras.com\/site\/wp-content\/uploads\/2023\/01\/notibras23.png\",\"contentUrl\":\"https:\/\/www.notibras.com\/site\/wp-content\/uploads\/2023\/01\/notibras23.png\",\"width\":350,\"height\":87,\"caption\":\"Grupo Notibras de Comunica\u00e7\u00e3o\"},\"image\":{\"@id\":\"https:\/\/www.notibras.com\/site\/#\/schema\/logo\/image\/\"},\"sameAs\":[\"https:\/\/www.facebook.com\/notibras\/\",\"https:\/\/x.com\/Notibras\",\"https:\/\/www.instagram.com\/notibras\/\"]},{\"@type\":\"Person\",\"@id\":\"https:\/\/www.notibras.com\/site\/#\/schema\/person\/36ab0979449956132d3e5b517ea76ac8\",\"name\":\"Reda\u00e7\u00e3o\",\"image\":{\"@type\":\"ImageObject\",\"inLanguage\":\"pt-BR\",\"@id\":\"https:\/\/secure.gravatar.com\/avatar\/e0a867bdedb85fd243eadf09663511f96fc81e0720a4a42581f334ad4303aa6b?s=96&d=mm&r=g\",\"url\":\"https:\/\/secure.gravatar.com\/avatar\/e0a867bdedb85fd243eadf09663511f96fc81e0720a4a42581f334ad4303aa6b?s=96&d=mm&r=g\",\"contentUrl\":\"https:\/\/secure.gravatar.com\/avatar\/e0a867bdedb85fd243eadf09663511f96fc81e0720a4a42581f334ad4303aa6b?s=96&d=mm&r=g\",\"caption\":\"Reda\u00e7\u00e3o\"}}]}<\/script>\n<!-- \/ Yoast SEO plugin. -->","yoast_head_json":{"title":"Tema da reda\u00e7\u00e3o traz \u00e0 luz quest\u00e3o estrutural da sociedade - Notibras","robots":{"index":"index","follow":"follow","max-snippet":"max-snippet:-1","max-image-preview":"max-image-preview:large","max-video-preview":"max-video-preview:-1"},"canonical":"https:\/\/www.notibras.com\/site\/tema-da-redacao-traz-a-luz-questao-estrutural-da-sociedade\/","og_locale":"pt_BR","og_type":"article","og_title":"Tema da reda\u00e7\u00e3o traz \u00e0 luz quest\u00e3o estrutural da sociedade - Notibras","og_description":"O tema da reda\u00e7\u00e3o do Exame Nacional do Ensino M\u00e9dio (Enem) 2023 traz \u00e0 luz uma quest\u00e3o estrutural da sociedade brasileira: mulheres que cuidam de familiares, de filhos, de companheiros e da casa e que muitas vezes t\u00eam duplas ou triplas jornadas di\u00e1rias sem op\u00e7\u00e3o de escolha e sem remunera\u00e7\u00e3o ou reconhecimento. Para professores de [&hellip;]","og_url":"https:\/\/www.notibras.com\/site\/tema-da-redacao-traz-a-luz-questao-estrutural-da-sociedade\/","og_site_name":"Notibras","article_publisher":"https:\/\/www.facebook.com\/notibras\/","article_published_time":"2023-11-05T19:43:29+00:00","article_modified_time":"2023-11-05T23:09:39+00:00","og_image":[{"width":1170,"height":700,"url":"https:\/\/www.notibras.com\/site\/wp-content\/uploads\/2023\/11\/2021-05-09t030639z_1620529460_dpaf210509x99x524785_rtrfipp_4_education-family-society-science-customs-holidays-mothersday-children.jpg","type":"image\/jpeg"}],"author":"Reda\u00e7\u00e3o","twitter_card":"summary_large_image","twitter_creator":"@Notibras","twitter_site":"@Notibras","twitter_misc":{"Escrito por":"Reda\u00e7\u00e3o","Est. tempo de leitura":"5 minutos"},"schema":{"@context":"https:\/\/schema.org","@graph":[{"@type":"Article","@id":"https:\/\/www.notibras.com\/site\/tema-da-redacao-traz-a-luz-questao-estrutural-da-sociedade\/#article","isPartOf":{"@id":"https:\/\/www.notibras.com\/site\/tema-da-redacao-traz-a-luz-questao-estrutural-da-sociedade\/"},"author":{"name":"Reda\u00e7\u00e3o","@id":"https:\/\/www.notibras.com\/site\/#\/schema\/person\/36ab0979449956132d3e5b517ea76ac8"},"headline":"Tema da reda\u00e7\u00e3o traz \u00e0 luz quest\u00e3o estrutural da sociedade","datePublished":"2023-11-05T19:43:29+00:00","dateModified":"2023-11-05T23:09:39+00:00","mainEntityOfPage":{"@id":"https:\/\/www.notibras.com\/site\/tema-da-redacao-traz-a-luz-questao-estrutural-da-sociedade\/"},"wordCount":942,"publisher":{"@id":"https:\/\/www.notibras.com\/site\/#organization"},"image":{"@id":"https:\/\/www.notibras.com\/site\/tema-da-redacao-traz-a-luz-questao-estrutural-da-sociedade\/#primaryimage"},"thumbnailUrl":"https:\/\/www.notibras.com\/site\/wp-content\/uploads\/2023\/11\/2021-05-09t030639z_1620529460_dpaf210509x99x524785_rtrfipp_4_education-family-society-science-customs-holidays-mothersday-children.jpg","keywords":["capa"],"articleSection":["Quadradinho em Foco"],"inLanguage":"pt-BR"},{"@type":"WebPage","@id":"https:\/\/www.notibras.com\/site\/tema-da-redacao-traz-a-luz-questao-estrutural-da-sociedade\/","url":"https:\/\/www.notibras.com\/site\/tema-da-redacao-traz-a-luz-questao-estrutural-da-sociedade\/","name":"Tema da reda\u00e7\u00e3o traz \u00e0 luz quest\u00e3o estrutural da sociedade - Notibras","isPartOf":{"@id":"https:\/\/www.notibras.com\/site\/#website"},"primaryImageOfPage":{"@id":"https:\/\/www.notibras.com\/site\/tema-da-redacao-traz-a-luz-questao-estrutural-da-sociedade\/#primaryimage"},"image":{"@id":"https:\/\/www.notibras.com\/site\/tema-da-redacao-traz-a-luz-questao-estrutural-da-sociedade\/#primaryimage"},"thumbnailUrl":"https:\/\/www.notibras.com\/site\/wp-content\/uploads\/2023\/11\/2021-05-09t030639z_1620529460_dpaf210509x99x524785_rtrfipp_4_education-family-society-science-customs-holidays-mothersday-children.jpg","datePublished":"2023-11-05T19:43:29+00:00","dateModified":"2023-11-05T23:09:39+00:00","breadcrumb":{"@id":"https:\/\/www.notibras.com\/site\/tema-da-redacao-traz-a-luz-questao-estrutural-da-sociedade\/#breadcrumb"},"inLanguage":"pt-BR","potentialAction":[{"@type":"ReadAction","target":["https:\/\/www.notibras.com\/site\/tema-da-redacao-traz-a-luz-questao-estrutural-da-sociedade\/"]}]},{"@type":"ImageObject","inLanguage":"pt-BR","@id":"https:\/\/www.notibras.com\/site\/tema-da-redacao-traz-a-luz-questao-estrutural-da-sociedade\/#primaryimage","url":"https:\/\/www.notibras.com\/site\/wp-content\/uploads\/2023\/11\/2021-05-09t030639z_1620529460_dpaf210509x99x524785_rtrfipp_4_education-family-society-science-customs-holidays-mothersday-children.jpg","contentUrl":"https:\/\/www.notibras.com\/site\/wp-content\/uploads\/2023\/11\/2021-05-09t030639z_1620529460_dpaf210509x99x524785_rtrfipp_4_education-family-society-science-customs-holidays-mothersday-children.jpg","width":1170,"height":700},{"@type":"BreadcrumbList","@id":"https:\/\/www.notibras.com\/site\/tema-da-redacao-traz-a-luz-questao-estrutural-da-sociedade\/#breadcrumb","itemListElement":[{"@type":"ListItem","position":1,"name":"In\u00edcio","item":"https:\/\/www.notibras.com\/site\/"},{"@type":"ListItem","position":2,"name":"Tema da reda\u00e7\u00e3o traz \u00e0 luz quest\u00e3o estrutural da sociedade"}]},{"@type":"WebSite","@id":"https:\/\/www.notibras.com\/site\/#website","url":"https:\/\/www.notibras.com\/site\/","name":"Notibras","description":"Not\u00edcias de Bras\u00edlia, do Brasil e do Mundo","publisher":{"@id":"https:\/\/www.notibras.com\/site\/#organization"},"potentialAction":[{"@type":"SearchAction","target":{"@type":"EntryPoint","urlTemplate":"https:\/\/www.notibras.com\/site\/?s={search_term_string}"},"query-input":{"@type":"PropertyValueSpecification","valueRequired":true,"valueName":"search_term_string"}}],"inLanguage":"pt-BR"},{"@type":"Organization","@id":"https:\/\/www.notibras.com\/site\/#organization","name":"Grupo Notibras de Comunica\u00e7\u00e3o","url":"https:\/\/www.notibras.com\/site\/","logo":{"@type":"ImageObject","inLanguage":"pt-BR","@id":"https:\/\/www.notibras.com\/site\/#\/schema\/logo\/image\/","url":"https:\/\/www.notibras.com\/site\/wp-content\/uploads\/2023\/01\/notibras23.png","contentUrl":"https:\/\/www.notibras.com\/site\/wp-content\/uploads\/2023\/01\/notibras23.png","width":350,"height":87,"caption":"Grupo Notibras de Comunica\u00e7\u00e3o"},"image":{"@id":"https:\/\/www.notibras.com\/site\/#\/schema\/logo\/image\/"},"sameAs":["https:\/\/www.facebook.com\/notibras\/","https:\/\/x.com\/Notibras","https:\/\/www.instagram.com\/notibras\/"]},{"@type":"Person","@id":"https:\/\/www.notibras.com\/site\/#\/schema\/person\/36ab0979449956132d3e5b517ea76ac8","name":"Reda\u00e7\u00e3o","image":{"@type":"ImageObject","inLanguage":"pt-BR","@id":"https:\/\/secure.gravatar.com\/avatar\/e0a867bdedb85fd243eadf09663511f96fc81e0720a4a42581f334ad4303aa6b?s=96&d=mm&r=g","url":"https:\/\/secure.gravatar.com\/avatar\/e0a867bdedb85fd243eadf09663511f96fc81e0720a4a42581f334ad4303aa6b?s=96&d=mm&r=g","contentUrl":"https:\/\/secure.gravatar.com\/avatar\/e0a867bdedb85fd243eadf09663511f96fc81e0720a4a42581f334ad4303aa6b?s=96&d=mm&r=g","caption":"Reda\u00e7\u00e3o"}}]}},"amp_enabled":true,"_links":{"self":[{"href":"https:\/\/www.notibras.com\/site\/wp-json\/wp\/v2\/posts\/316210","targetHints":{"allow":["GET"]}}],"collection":[{"href":"https:\/\/www.notibras.com\/site\/wp-json\/wp\/v2\/posts"}],"about":[{"href":"https:\/\/www.notibras.com\/site\/wp-json\/wp\/v2\/types\/post"}],"author":[{"embeddable":true,"href":"https:\/\/www.notibras.com\/site\/wp-json\/wp\/v2\/users\/2"}],"replies":[{"embeddable":true,"href":"https:\/\/www.notibras.com\/site\/wp-json\/wp\/v2\/comments?post=316210"}],"version-history":[{"count":2,"href":"https:\/\/www.notibras.com\/site\/wp-json\/wp\/v2\/posts\/316210\/revisions"}],"predecessor-version":[{"id":316222,"href":"https:\/\/www.notibras.com\/site\/wp-json\/wp\/v2\/posts\/316210\/revisions\/316222"}],"wp:featuredmedia":[{"embeddable":true,"href":"https:\/\/www.notibras.com\/site\/wp-json\/wp\/v2\/media\/316211"}],"wp:attachment":[{"href":"https:\/\/www.notibras.com\/site\/wp-json\/wp\/v2\/media?parent=316210"}],"wp:term":[{"taxonomy":"category","embeddable":true,"href":"https:\/\/www.notibras.com\/site\/wp-json\/wp\/v2\/categories?post=316210"},{"taxonomy":"post_tag","embeddable":true,"href":"https:\/\/www.notibras.com\/site\/wp-json\/wp\/v2\/tags?post=316210"}],"curies":[{"name":"wp","href":"https:\/\/api.w.org\/{rel}","templated":true}]}}