{"id":316266,"date":"2023-11-06T10:51:21","date_gmt":"2023-11-06T13:51:21","guid":{"rendered":"https:\/\/www.notibras.com\/site\/?p=316266"},"modified":"2023-11-06T10:51:21","modified_gmt":"2023-11-06T13:51:21","slug":"canecas-de-brinde-voltam-para-alegria-do-consumidor","status":"publish","type":"post","link":"https:\/\/www.notibras.com\/site\/canecas-de-brinde-voltam-para-alegria-do-consumidor\/","title":{"rendered":"Canecas de brinde voltam para alegria do consumidor"},"content":{"rendered":"<p>Atendendo pedidos dos consumidores, o Outback Steakhouse retornou com sua promo\u00e7\u00e3o \u201cCanecas Outback\u201d. Os clientes poder\u00e3o ser presenteados pela marca com um dos seis diferentes modelos customizados da ic\u00f4nica caneca congelada, em modelos exclusivos e com e frases divertidas que remetem aos momentos de celebra\u00e7\u00e3o compartilhados entre amigos e fam\u00edlias no restaurante.<\/p>\n<p>Para ganhar, \u00e9 s\u00f3 pedir uma Jr. Ribs, a meia costela de porco ao molho barbecue e uma bebida \u2013 entre as op\u00e7\u00f5es, est\u00e3o chopp e refrigerante. Para quem n\u00e3o consome prote\u00edna animal, h\u00e1 tamb\u00e9m a op\u00e7\u00e3o de substituir a tradicional Ribs pela Royal Plant Barbecue, sua vers\u00e3o 100% vegetal.<\/p>\n<p>&#8220;Nossas canecas se tornaram mais do que apenas um objeto para consumo nos nossos restaurantes, elas s\u00e3o um verdadeiro item de desejo. E para estarmos cada vez mais perto de nossos clientes, decidimos trazer de volta essa promo\u00e7\u00e3o que permite aos nossos clientes levar um pouco do #MomentoOutback para casa\u201d, comenta Renata Lamarco, diretora s\u00eanior de Marketing e Vendas da Bloomin\u2019 Brands Brasil.<\/p>\n<p>\u201c\u00c9 na ic\u00f4nica caneca congelada do Outback que o nosso brinde acontece. Ent\u00e3o, depois do sucesso de nossas parcerias, estamos novamente unindo \u00e0 marca de tem\u00e1tica australiana osparceiros para trazerem mais motivos para os brasileiros brindarem com essa nova campanha\u201d, diz Maria Rachel Carvalho, da AmBev.<\/p>\n<p>A a\u00e7\u00e3o \u201cCanecas Outback\u201d tem in\u00edcio nesta segunda, 6, e estar\u00e1 dispon\u00edvel por tempo limitado e enquanto durarem os estoques nas unidades, n\u00e3o sendo v\u00e1lida para delivery ou pedidos para viagem. .<\/p>\n","protected":false},"excerpt":{"rendered":"<p>Atendendo pedidos dos consumidores, o Outback Steakhouse retornou com sua promo\u00e7\u00e3o \u201cCanecas Outback\u201d. Os clientes poder\u00e3o ser presenteados pela marca com um dos seis diferentes modelos customizados da ic\u00f4nica caneca congelada, em modelos exclusivos e com e frases divertidas que remetem aos momentos de celebra\u00e7\u00e3o compartilhados entre amigos e fam\u00edlias no restaurante. Para ganhar, \u00e9 [&hellip;]<\/p>\n","protected":false},"author":2,"featured_media":316267,"comment_status":"closed","ping_status":"closed","sticky":false,"template":"","format":"standard","meta":{"_acf_changed":false,"footnotes":""},"categories":[161],"tags":[],"class_list":["post-316266","post","type-post","status-publish","format-standard","has-post-thumbnail","hentry","category-quadradinho-em-foco"],"acf":[],"yoast_head":"<!-- This site is optimized with the Yoast SEO plugin v27.2 - https:\/\/yoast.com\/product\/yoast-seo-wordpress\/ -->\n<title>Canecas de brinde voltam para alegria do consumidor - Notibras<\/title>\n<meta name=\"robots\" content=\"index, follow, max-snippet:-1, max-image-preview:large, max-video-preview:-1\" \/>\n<link rel=\"canonical\" href=\"https:\/\/www.notibras.com\/site\/canecas-de-brinde-voltam-para-alegria-do-consumidor\/\" \/>\n<meta property=\"og:locale\" content=\"pt_BR\" \/>\n<meta property=\"og:type\" content=\"article\" \/>\n<meta property=\"og:title\" content=\"Canecas de brinde voltam para alegria do consumidor - Notibras\" \/>\n<meta property=\"og:description\" content=\"Atendendo pedidos dos consumidores, o Outback Steakhouse retornou com sua promo\u00e7\u00e3o \u201cCanecas Outback\u201d. Os clientes poder\u00e3o ser presenteados pela marca com um dos seis diferentes modelos customizados da ic\u00f4nica caneca congelada, em modelos exclusivos e com e frases divertidas que remetem aos momentos de celebra\u00e7\u00e3o compartilhados entre amigos e fam\u00edlias no restaurante. Para ganhar, \u00e9 [&hellip;]\" \/>\n<meta property=\"og:url\" content=\"https:\/\/www.notibras.com\/site\/canecas-de-brinde-voltam-para-alegria-do-consumidor\/\" \/>\n<meta property=\"og:site_name\" content=\"Notibras\" \/>\n<meta property=\"article:publisher\" content=\"https:\/\/www.facebook.com\/notibras\/\" \/>\n<meta property=\"article:published_time\" content=\"2023-11-06T13:51:21+00:00\" \/>\n<meta property=\"og:image\" content=\"https:\/\/www.notibras.com\/site\/wp-content\/uploads\/2023\/11\/canecaout.webp\" \/>\n\t<meta property=\"og:image:width\" content=\"420\" \/>\n\t<meta property=\"og:image:height\" content=\"450\" \/>\n\t<meta property=\"og:image:type\" content=\"image\/webp\" \/>\n<meta name=\"author\" content=\"Reda\u00e7\u00e3o\" \/>\n<meta name=\"twitter:card\" content=\"summary_large_image\" \/>\n<meta name=\"twitter:creator\" content=\"@Notibras\" \/>\n<meta name=\"twitter:site\" content=\"@Notibras\" \/>\n<meta name=\"twitter:label1\" content=\"Escrito por\" \/>\n\t<meta name=\"twitter:data1\" content=\"Reda\u00e7\u00e3o\" \/>\n\t<meta name=\"twitter:label2\" content=\"Est. tempo de leitura\" \/>\n\t<meta name=\"twitter:data2\" content=\"2 minutos\" \/>\n<script type=\"application\/ld+json\" class=\"yoast-schema-graph\">{\"@context\":\"https:\/\/schema.org\",\"@graph\":[{\"@type\":\"Article\",\"@id\":\"https:\/\/www.notibras.com\/site\/canecas-de-brinde-voltam-para-alegria-do-consumidor\/#article\",\"isPartOf\":{\"@id\":\"https:\/\/www.notibras.com\/site\/canecas-de-brinde-voltam-para-alegria-do-consumidor\/\"},\"author\":{\"name\":\"Reda\u00e7\u00e3o\",\"@id\":\"https:\/\/www.notibras.com\/site\/#\/schema\/person\/36ab0979449956132d3e5b517ea76ac8\"},\"headline\":\"Canecas de brinde voltam para alegria do consumidor\",\"datePublished\":\"2023-11-06T13:51:21+00:00\",\"mainEntityOfPage\":{\"@id\":\"https:\/\/www.notibras.com\/site\/canecas-de-brinde-voltam-para-alegria-do-consumidor\/\"},\"wordCount\":267,\"publisher\":{\"@id\":\"https:\/\/www.notibras.com\/site\/#organization\"},\"image\":{\"@id\":\"https:\/\/www.notibras.com\/site\/canecas-de-brinde-voltam-para-alegria-do-consumidor\/#primaryimage\"},\"thumbnailUrl\":\"https:\/\/www.notibras.com\/site\/wp-content\/uploads\/2023\/11\/canecaout.webp\",\"articleSection\":[\"Quadradinho em Foco\"],\"inLanguage\":\"pt-BR\"},{\"@type\":\"WebPage\",\"@id\":\"https:\/\/www.notibras.com\/site\/canecas-de-brinde-voltam-para-alegria-do-consumidor\/\",\"url\":\"https:\/\/www.notibras.com\/site\/canecas-de-brinde-voltam-para-alegria-do-consumidor\/\",\"name\":\"Canecas de brinde voltam para alegria do consumidor - Notibras\",\"isPartOf\":{\"@id\":\"https:\/\/www.notibras.com\/site\/#website\"},\"primaryImageOfPage\":{\"@id\":\"https:\/\/www.notibras.com\/site\/canecas-de-brinde-voltam-para-alegria-do-consumidor\/#primaryimage\"},\"image\":{\"@id\":\"https:\/\/www.notibras.com\/site\/canecas-de-brinde-voltam-para-alegria-do-consumidor\/#primaryimage\"},\"thumbnailUrl\":\"https:\/\/www.notibras.com\/site\/wp-content\/uploads\/2023\/11\/canecaout.webp\",\"datePublished\":\"2023-11-06T13:51:21+00:00\",\"breadcrumb\":{\"@id\":\"https:\/\/www.notibras.com\/site\/canecas-de-brinde-voltam-para-alegria-do-consumidor\/#breadcrumb\"},\"inLanguage\":\"pt-BR\",\"potentialAction\":[{\"@type\":\"ReadAction\",\"target\":[\"https:\/\/www.notibras.com\/site\/canecas-de-brinde-voltam-para-alegria-do-consumidor\/\"]}]},{\"@type\":\"ImageObject\",\"inLanguage\":\"pt-BR\",\"@id\":\"https:\/\/www.notibras.com\/site\/canecas-de-brinde-voltam-para-alegria-do-consumidor\/#primaryimage\",\"url\":\"https:\/\/www.notibras.com\/site\/wp-content\/uploads\/2023\/11\/canecaout.webp\",\"contentUrl\":\"https:\/\/www.notibras.com\/site\/wp-content\/uploads\/2023\/11\/canecaout.webp\",\"width\":420,\"height\":450},{\"@type\":\"BreadcrumbList\",\"@id\":\"https:\/\/www.notibras.com\/site\/canecas-de-brinde-voltam-para-alegria-do-consumidor\/#breadcrumb\",\"itemListElement\":[{\"@type\":\"ListItem\",\"position\":1,\"name\":\"In\u00edcio\",\"item\":\"https:\/\/www.notibras.com\/site\/\"},{\"@type\":\"ListItem\",\"position\":2,\"name\":\"Canecas de brinde voltam para alegria do consumidor\"}]},{\"@type\":\"WebSite\",\"@id\":\"https:\/\/www.notibras.com\/site\/#website\",\"url\":\"https:\/\/www.notibras.com\/site\/\",\"name\":\"Notibras\",\"description\":\"Not\u00edcias de Bras\u00edlia, do Brasil e do Mundo\",\"publisher\":{\"@id\":\"https:\/\/www.notibras.com\/site\/#organization\"},\"potentialAction\":[{\"@type\":\"SearchAction\",\"target\":{\"@type\":\"EntryPoint\",\"urlTemplate\":\"https:\/\/www.notibras.com\/site\/?s={search_term_string}\"},\"query-input\":{\"@type\":\"PropertyValueSpecification\",\"valueRequired\":true,\"valueName\":\"search_term_string\"}}],\"inLanguage\":\"pt-BR\"},{\"@type\":\"Organization\",\"@id\":\"https:\/\/www.notibras.com\/site\/#organization\",\"name\":\"Grupo Notibras de Comunica\u00e7\u00e3o\",\"url\":\"https:\/\/www.notibras.com\/site\/\",\"logo\":{\"@type\":\"ImageObject\",\"inLanguage\":\"pt-BR\",\"@id\":\"https:\/\/www.notibras.com\/site\/#\/schema\/logo\/image\/\",\"url\":\"https:\/\/www.notibras.com\/site\/wp-content\/uploads\/2023\/01\/notibras23.png\",\"contentUrl\":\"https:\/\/www.notibras.com\/site\/wp-content\/uploads\/2023\/01\/notibras23.png\",\"width\":350,\"height\":87,\"caption\":\"Grupo Notibras de Comunica\u00e7\u00e3o\"},\"image\":{\"@id\":\"https:\/\/www.notibras.com\/site\/#\/schema\/logo\/image\/\"},\"sameAs\":[\"https:\/\/www.facebook.com\/notibras\/\",\"https:\/\/x.com\/Notibras\",\"https:\/\/www.instagram.com\/notibras\/\"]},{\"@type\":\"Person\",\"@id\":\"https:\/\/www.notibras.com\/site\/#\/schema\/person\/36ab0979449956132d3e5b517ea76ac8\",\"name\":\"Reda\u00e7\u00e3o\",\"image\":{\"@type\":\"ImageObject\",\"inLanguage\":\"pt-BR\",\"@id\":\"https:\/\/secure.gravatar.com\/avatar\/e0a867bdedb85fd243eadf09663511f96fc81e0720a4a42581f334ad4303aa6b?s=96&d=mm&r=g\",\"url\":\"https:\/\/secure.gravatar.com\/avatar\/e0a867bdedb85fd243eadf09663511f96fc81e0720a4a42581f334ad4303aa6b?s=96&d=mm&r=g\",\"contentUrl\":\"https:\/\/secure.gravatar.com\/avatar\/e0a867bdedb85fd243eadf09663511f96fc81e0720a4a42581f334ad4303aa6b?s=96&d=mm&r=g\",\"caption\":\"Reda\u00e7\u00e3o\"}}]}<\/script>\n<!-- \/ Yoast SEO plugin. -->","yoast_head_json":{"title":"Canecas de brinde voltam para alegria do consumidor - Notibras","robots":{"index":"index","follow":"follow","max-snippet":"max-snippet:-1","max-image-preview":"max-image-preview:large","max-video-preview":"max-video-preview:-1"},"canonical":"https:\/\/www.notibras.com\/site\/canecas-de-brinde-voltam-para-alegria-do-consumidor\/","og_locale":"pt_BR","og_type":"article","og_title":"Canecas de brinde voltam para alegria do consumidor - Notibras","og_description":"Atendendo pedidos dos consumidores, o Outback Steakhouse retornou com sua promo\u00e7\u00e3o \u201cCanecas Outback\u201d. Os clientes poder\u00e3o ser presenteados pela marca com um dos seis diferentes modelos customizados da ic\u00f4nica caneca congelada, em modelos exclusivos e com e frases divertidas que remetem aos momentos de celebra\u00e7\u00e3o compartilhados entre amigos e fam\u00edlias no restaurante. Para ganhar, \u00e9 [&hellip;]","og_url":"https:\/\/www.notibras.com\/site\/canecas-de-brinde-voltam-para-alegria-do-consumidor\/","og_site_name":"Notibras","article_publisher":"https:\/\/www.facebook.com\/notibras\/","article_published_time":"2023-11-06T13:51:21+00:00","og_image":[{"width":420,"height":450,"url":"https:\/\/www.notibras.com\/site\/wp-content\/uploads\/2023\/11\/canecaout.webp","type":"image\/webp"}],"author":"Reda\u00e7\u00e3o","twitter_card":"summary_large_image","twitter_creator":"@Notibras","twitter_site":"@Notibras","twitter_misc":{"Escrito por":"Reda\u00e7\u00e3o","Est. tempo de leitura":"2 minutos"},"schema":{"@context":"https:\/\/schema.org","@graph":[{"@type":"Article","@id":"https:\/\/www.notibras.com\/site\/canecas-de-brinde-voltam-para-alegria-do-consumidor\/#article","isPartOf":{"@id":"https:\/\/www.notibras.com\/site\/canecas-de-brinde-voltam-para-alegria-do-consumidor\/"},"author":{"name":"Reda\u00e7\u00e3o","@id":"https:\/\/www.notibras.com\/site\/#\/schema\/person\/36ab0979449956132d3e5b517ea76ac8"},"headline":"Canecas de brinde voltam para alegria do consumidor","datePublished":"2023-11-06T13:51:21+00:00","mainEntityOfPage":{"@id":"https:\/\/www.notibras.com\/site\/canecas-de-brinde-voltam-para-alegria-do-consumidor\/"},"wordCount":267,"publisher":{"@id":"https:\/\/www.notibras.com\/site\/#organization"},"image":{"@id":"https:\/\/www.notibras.com\/site\/canecas-de-brinde-voltam-para-alegria-do-consumidor\/#primaryimage"},"thumbnailUrl":"https:\/\/www.notibras.com\/site\/wp-content\/uploads\/2023\/11\/canecaout.webp","articleSection":["Quadradinho em Foco"],"inLanguage":"pt-BR"},{"@type":"WebPage","@id":"https:\/\/www.notibras.com\/site\/canecas-de-brinde-voltam-para-alegria-do-consumidor\/","url":"https:\/\/www.notibras.com\/site\/canecas-de-brinde-voltam-para-alegria-do-consumidor\/","name":"Canecas de brinde voltam para alegria do consumidor - Notibras","isPartOf":{"@id":"https:\/\/www.notibras.com\/site\/#website"},"primaryImageOfPage":{"@id":"https:\/\/www.notibras.com\/site\/canecas-de-brinde-voltam-para-alegria-do-consumidor\/#primaryimage"},"image":{"@id":"https:\/\/www.notibras.com\/site\/canecas-de-brinde-voltam-para-alegria-do-consumidor\/#primaryimage"},"thumbnailUrl":"https:\/\/www.notibras.com\/site\/wp-content\/uploads\/2023\/11\/canecaout.webp","datePublished":"2023-11-06T13:51:21+00:00","breadcrumb":{"@id":"https:\/\/www.notibras.com\/site\/canecas-de-brinde-voltam-para-alegria-do-consumidor\/#breadcrumb"},"inLanguage":"pt-BR","potentialAction":[{"@type":"ReadAction","target":["https:\/\/www.notibras.com\/site\/canecas-de-brinde-voltam-para-alegria-do-consumidor\/"]}]},{"@type":"ImageObject","inLanguage":"pt-BR","@id":"https:\/\/www.notibras.com\/site\/canecas-de-brinde-voltam-para-alegria-do-consumidor\/#primaryimage","url":"https:\/\/www.notibras.com\/site\/wp-content\/uploads\/2023\/11\/canecaout.webp","contentUrl":"https:\/\/www.notibras.com\/site\/wp-content\/uploads\/2023\/11\/canecaout.webp","width":420,"height":450},{"@type":"BreadcrumbList","@id":"https:\/\/www.notibras.com\/site\/canecas-de-brinde-voltam-para-alegria-do-consumidor\/#breadcrumb","itemListElement":[{"@type":"ListItem","position":1,"name":"In\u00edcio","item":"https:\/\/www.notibras.com\/site\/"},{"@type":"ListItem","position":2,"name":"Canecas de brinde voltam para alegria do consumidor"}]},{"@type":"WebSite","@id":"https:\/\/www.notibras.com\/site\/#website","url":"https:\/\/www.notibras.com\/site\/","name":"Notibras","description":"Not\u00edcias de Bras\u00edlia, do Brasil e do Mundo","publisher":{"@id":"https:\/\/www.notibras.com\/site\/#organization"},"potentialAction":[{"@type":"SearchAction","target":{"@type":"EntryPoint","urlTemplate":"https:\/\/www.notibras.com\/site\/?s={search_term_string}"},"query-input":{"@type":"PropertyValueSpecification","valueRequired":true,"valueName":"search_term_string"}}],"inLanguage":"pt-BR"},{"@type":"Organization","@id":"https:\/\/www.notibras.com\/site\/#organization","name":"Grupo Notibras de Comunica\u00e7\u00e3o","url":"https:\/\/www.notibras.com\/site\/","logo":{"@type":"ImageObject","inLanguage":"pt-BR","@id":"https:\/\/www.notibras.com\/site\/#\/schema\/logo\/image\/","url":"https:\/\/www.notibras.com\/site\/wp-content\/uploads\/2023\/01\/notibras23.png","contentUrl":"https:\/\/www.notibras.com\/site\/wp-content\/uploads\/2023\/01\/notibras23.png","width":350,"height":87,"caption":"Grupo Notibras de Comunica\u00e7\u00e3o"},"image":{"@id":"https:\/\/www.notibras.com\/site\/#\/schema\/logo\/image\/"},"sameAs":["https:\/\/www.facebook.com\/notibras\/","https:\/\/x.com\/Notibras","https:\/\/www.instagram.com\/notibras\/"]},{"@type":"Person","@id":"https:\/\/www.notibras.com\/site\/#\/schema\/person\/36ab0979449956132d3e5b517ea76ac8","name":"Reda\u00e7\u00e3o","image":{"@type":"ImageObject","inLanguage":"pt-BR","@id":"https:\/\/secure.gravatar.com\/avatar\/e0a867bdedb85fd243eadf09663511f96fc81e0720a4a42581f334ad4303aa6b?s=96&d=mm&r=g","url":"https:\/\/secure.gravatar.com\/avatar\/e0a867bdedb85fd243eadf09663511f96fc81e0720a4a42581f334ad4303aa6b?s=96&d=mm&r=g","contentUrl":"https:\/\/secure.gravatar.com\/avatar\/e0a867bdedb85fd243eadf09663511f96fc81e0720a4a42581f334ad4303aa6b?s=96&d=mm&r=g","caption":"Reda\u00e7\u00e3o"}}]}},"amp_enabled":true,"_links":{"self":[{"href":"https:\/\/www.notibras.com\/site\/wp-json\/wp\/v2\/posts\/316266","targetHints":{"allow":["GET"]}}],"collection":[{"href":"https:\/\/www.notibras.com\/site\/wp-json\/wp\/v2\/posts"}],"about":[{"href":"https:\/\/www.notibras.com\/site\/wp-json\/wp\/v2\/types\/post"}],"author":[{"embeddable":true,"href":"https:\/\/www.notibras.com\/site\/wp-json\/wp\/v2\/users\/2"}],"replies":[{"embeddable":true,"href":"https:\/\/www.notibras.com\/site\/wp-json\/wp\/v2\/comments?post=316266"}],"version-history":[{"count":1,"href":"https:\/\/www.notibras.com\/site\/wp-json\/wp\/v2\/posts\/316266\/revisions"}],"predecessor-version":[{"id":316268,"href":"https:\/\/www.notibras.com\/site\/wp-json\/wp\/v2\/posts\/316266\/revisions\/316268"}],"wp:featuredmedia":[{"embeddable":true,"href":"https:\/\/www.notibras.com\/site\/wp-json\/wp\/v2\/media\/316267"}],"wp:attachment":[{"href":"https:\/\/www.notibras.com\/site\/wp-json\/wp\/v2\/media?parent=316266"}],"wp:term":[{"taxonomy":"category","embeddable":true,"href":"https:\/\/www.notibras.com\/site\/wp-json\/wp\/v2\/categories?post=316266"},{"taxonomy":"post_tag","embeddable":true,"href":"https:\/\/www.notibras.com\/site\/wp-json\/wp\/v2\/tags?post=316266"}],"curies":[{"name":"wp","href":"https:\/\/api.w.org\/{rel}","templated":true}]}}