{"id":316275,"date":"2023-11-06T08:21:51","date_gmt":"2023-11-06T11:21:51","guid":{"rendered":"https:\/\/www.notibras.com\/site\/?p=316275"},"modified":"2023-11-06T11:25:48","modified_gmt":"2023-11-06T14:25:48","slug":"rodoviarios-ignoram-ordem-judicial-e-entram-em-greve","status":"publish","type":"post","link":"https:\/\/www.notibras.com\/site\/rodoviarios-ignoram-ordem-judicial-e-entram-em-greve\/","title":{"rendered":"Rodovi\u00e1rios ignoram ordem judicial e entram em greve"},"content":{"rendered":"<p>A semana come\u00e7a sem \u00f4nibus circulando pelas ruas do Distrito Federal nesta segunda-feira (6). Os rodovi\u00e1rios aprovaram a greve durante assembleia realizada no domingo (6). Pouco tempo depois, o Tribunal Regional do Trabalho da 10\u00aa Regi\u00e3o (TRT-10) suspendeu a paralisa\u00e7\u00e3o. Ainda assim, as paradas de \u00f4nibus amanheceram cheias, o metr\u00f4 ficou sobrecarregado e o tr\u00e2nsito mais pesado em raz\u00e3o do maior n\u00famero de carros circulando.<\/p>\n<p>De acordo com o Sindicato dos Rodovi\u00e1rios do Distrito Federal, as empresas propuseram reajustes de 5,33% nos sal\u00e1rios, no plano de sa\u00fade e no plano odontol\u00f3gico; de 8% no t\u00edquete alimenta\u00e7\u00e3o; e de 10% na cesta b\u00e1sica. A categoria, no entanto, considerou que os \u00edndices apresentados n\u00e3o foram satisfat\u00f3rios. A greve tem o apoio da Central \u00danica dos Trabalhadores (CUT).<\/p>\n<p>A Justi\u00e7a classifica a paralisa\u00e7\u00e3o como abusiva por ter sido deflagrada sem aviso regular e sem a fixa\u00e7\u00e3o de percentuais m\u00ednimos de funcionamento do sistema rodovi\u00e1rio de transporte coletivo. O presidente do TRT-10 frisou que, embora as informa\u00e7\u00f5es constantes dos autos demonstrem que a categoria informou \u00e0s empresas a realiza\u00e7\u00e3o da greve com a anteced\u00eancia de 72 horas exigidas em lei, n\u00e3o consta que a popula\u00e7\u00e3o tenha sido informada.<\/p>\n<p>Nas redes sociais, o governador Ibaneis Rocha disse esperar que os rodovi\u00e1rios retornem \u00e0 mesa de negocia\u00e7\u00e3o com as empresas \u201cpelo bem de todos\u201d. \u201cMilhares de trabalhadores dependem deles para tocar suas vidas\u201d, postou. Ainda segundo Ibaneis, a Secretaria de Mobilidade tem feito todos os esfor\u00e7os para colaborar com o fim do movimento grevista. \u201cA sociedade apela para que as partes cheguem a bom termo\u201d.<\/p>\n<p><strong>Metr\u00f4 \u00e9 alternativa<\/strong><br \/>\nEm nota, a Companhia do Metropolitano do Distrito Federal (Metr\u00f4-DF) informou que, em fun\u00e7\u00e3o da paralisa\u00e7\u00e3o dos rodovi\u00e1rios, vai atuar com o m\u00e1ximo de sua capacidade, refor\u00e7ando o quadro de pessoal nas esta\u00e7\u00f5es de maior fluxo e, caso necess\u00e1rio, estendendo o hor\u00e1rio de pico para transportar os usu\u00e1rios.<\/p>\n<p><strong>Faixas exclusivas<\/strong><br \/>\nTamb\u00e9m em raz\u00e3o da greve dos rodovi\u00e1rios, o Departamento de Estradas de Rodagem do Distrito Federal (DER\/DF) liberou o tr\u00e1fego para todos os ve\u00edculos nas faixas exclusivas das rodovias distritais. Elas seguir\u00e3o liberadas at\u00e9 o fim do movimento grevista, destacou o \u00f3rg\u00e3o.<\/p>\n<p>A decis\u00e3o vale para a Estrada Parque Contorno (DF-001), no subtrecho compreendido entre o entroncamento da BR-060 com o acesso \u00e0 Samambaia e o entroncamento com a Estrada Parque N\u00facleo Bandeirante (DF-075); a DF-075 (EPNB), no subtrecho compreendido do entroncamento com a Estrada Parque Ind\u00fastria e Abastecimento (DF-003) ao entroncamento com a DF-001; a Estrada Parque Taguatinga (DF-085), no subtrecho compreendido entre o entroncamento com a DF-003 e o entroncamento com a DF-001; e a Estrada Parque Industria e Abastecimento (DF-003) BRT- Sul.<\/p>\n<p>O Departamento de Tr\u00e2nsito do Distrito Federal (Detran-DF) tamb\u00e9m liberou a utiliza\u00e7\u00e3o de faixas exclusivas sob sua responsabilidade \u201cat\u00e9 nova orienta\u00e7\u00e3o\u201d. A decis\u00e3o vale para a W3 Sul, o Setor Policial Sul e as vias N1 e S1.<\/p>\n","protected":false},"excerpt":{"rendered":"<p>A semana come\u00e7a sem \u00f4nibus circulando pelas ruas do Distrito Federal nesta segunda-feira (6). Os rodovi\u00e1rios aprovaram a greve durante assembleia realizada no domingo (6). Pouco tempo depois, o Tribunal Regional do Trabalho da 10\u00aa Regi\u00e3o (TRT-10) suspendeu a paralisa\u00e7\u00e3o. Ainda assim, as paradas de \u00f4nibus amanheceram cheias, o metr\u00f4 ficou sobrecarregado e o tr\u00e2nsito [&hellip;]<\/p>\n","protected":false},"author":2,"featured_media":316276,"comment_status":"closed","ping_status":"closed","sticky":false,"template":"","format":"standard","meta":{"_acf_changed":false,"footnotes":""},"categories":[161],"tags":[95],"class_list":["post-316275","post","type-post","status-publish","format-standard","has-post-thumbnail","hentry","category-quadradinho-em-foco","tag-capa"],"acf":[],"yoast_head":"<!-- This site is optimized with the Yoast SEO plugin v27.2 - https:\/\/yoast.com\/product\/yoast-seo-wordpress\/ -->\n<title>Rodovi\u00e1rios ignoram ordem judicial e entram em greve - Notibras<\/title>\n<meta name=\"robots\" content=\"index, follow, max-snippet:-1, max-image-preview:large, max-video-preview:-1\" \/>\n<link rel=\"canonical\" href=\"https:\/\/www.notibras.com\/site\/rodoviarios-ignoram-ordem-judicial-e-entram-em-greve\/\" \/>\n<meta property=\"og:locale\" content=\"pt_BR\" \/>\n<meta property=\"og:type\" content=\"article\" \/>\n<meta property=\"og:title\" content=\"Rodovi\u00e1rios ignoram ordem judicial e entram em greve - Notibras\" \/>\n<meta property=\"og:description\" content=\"A semana come\u00e7a sem \u00f4nibus circulando pelas ruas do Distrito Federal nesta segunda-feira (6). Os rodovi\u00e1rios aprovaram a greve durante assembleia realizada no domingo (6). Pouco tempo depois, o Tribunal Regional do Trabalho da 10\u00aa Regi\u00e3o (TRT-10) suspendeu a paralisa\u00e7\u00e3o. Ainda assim, as paradas de \u00f4nibus amanheceram cheias, o metr\u00f4 ficou sobrecarregado e o tr\u00e2nsito [&hellip;]\" \/>\n<meta property=\"og:url\" content=\"https:\/\/www.notibras.com\/site\/rodoviarios-ignoram-ordem-judicial-e-entram-em-greve\/\" \/>\n<meta property=\"og:site_name\" content=\"Notibras\" \/>\n<meta property=\"article:publisher\" content=\"https:\/\/www.facebook.com\/notibras\/\" \/>\n<meta property=\"article:published_time\" content=\"2023-11-06T11:21:51+00:00\" \/>\n<meta property=\"article:modified_time\" content=\"2023-11-06T14:25:48+00:00\" \/>\n<meta property=\"og:image\" content=\"https:\/\/www.notibras.com\/site\/wp-content\/uploads\/2023\/11\/mca_abr2405182773.jpg\" \/>\n\t<meta property=\"og:image:width\" content=\"1170\" \/>\n\t<meta property=\"og:image:height\" content=\"700\" \/>\n\t<meta property=\"og:image:type\" content=\"image\/jpeg\" \/>\n<meta name=\"author\" content=\"Reda\u00e7\u00e3o\" \/>\n<meta name=\"twitter:card\" content=\"summary_large_image\" \/>\n<meta name=\"twitter:creator\" content=\"@Notibras\" \/>\n<meta name=\"twitter:site\" content=\"@Notibras\" \/>\n<meta name=\"twitter:label1\" content=\"Escrito por\" \/>\n\t<meta name=\"twitter:data1\" content=\"Reda\u00e7\u00e3o\" \/>\n\t<meta name=\"twitter:label2\" content=\"Est. tempo de leitura\" \/>\n\t<meta name=\"twitter:data2\" content=\"3 minutos\" \/>\n<script type=\"application\/ld+json\" class=\"yoast-schema-graph\">{\"@context\":\"https:\/\/schema.org\",\"@graph\":[{\"@type\":\"Article\",\"@id\":\"https:\/\/www.notibras.com\/site\/rodoviarios-ignoram-ordem-judicial-e-entram-em-greve\/#article\",\"isPartOf\":{\"@id\":\"https:\/\/www.notibras.com\/site\/rodoviarios-ignoram-ordem-judicial-e-entram-em-greve\/\"},\"author\":{\"name\":\"Reda\u00e7\u00e3o\",\"@id\":\"https:\/\/www.notibras.com\/site\/#\/schema\/person\/36ab0979449956132d3e5b517ea76ac8\"},\"headline\":\"Rodovi\u00e1rios ignoram ordem judicial e entram em greve\",\"datePublished\":\"2023-11-06T11:21:51+00:00\",\"dateModified\":\"2023-11-06T14:25:48+00:00\",\"mainEntityOfPage\":{\"@id\":\"https:\/\/www.notibras.com\/site\/rodoviarios-ignoram-ordem-judicial-e-entram-em-greve\/\"},\"wordCount\":529,\"publisher\":{\"@id\":\"https:\/\/www.notibras.com\/site\/#organization\"},\"image\":{\"@id\":\"https:\/\/www.notibras.com\/site\/rodoviarios-ignoram-ordem-judicial-e-entram-em-greve\/#primaryimage\"},\"thumbnailUrl\":\"https:\/\/www.notibras.com\/site\/wp-content\/uploads\/2023\/11\/mca_abr2405182773.jpg\",\"keywords\":[\"capa\"],\"articleSection\":[\"Quadradinho em Foco\"],\"inLanguage\":\"pt-BR\"},{\"@type\":\"WebPage\",\"@id\":\"https:\/\/www.notibras.com\/site\/rodoviarios-ignoram-ordem-judicial-e-entram-em-greve\/\",\"url\":\"https:\/\/www.notibras.com\/site\/rodoviarios-ignoram-ordem-judicial-e-entram-em-greve\/\",\"name\":\"Rodovi\u00e1rios ignoram ordem judicial e entram em greve - Notibras\",\"isPartOf\":{\"@id\":\"https:\/\/www.notibras.com\/site\/#website\"},\"primaryImageOfPage\":{\"@id\":\"https:\/\/www.notibras.com\/site\/rodoviarios-ignoram-ordem-judicial-e-entram-em-greve\/#primaryimage\"},\"image\":{\"@id\":\"https:\/\/www.notibras.com\/site\/rodoviarios-ignoram-ordem-judicial-e-entram-em-greve\/#primaryimage\"},\"thumbnailUrl\":\"https:\/\/www.notibras.com\/site\/wp-content\/uploads\/2023\/11\/mca_abr2405182773.jpg\",\"datePublished\":\"2023-11-06T11:21:51+00:00\",\"dateModified\":\"2023-11-06T14:25:48+00:00\",\"breadcrumb\":{\"@id\":\"https:\/\/www.notibras.com\/site\/rodoviarios-ignoram-ordem-judicial-e-entram-em-greve\/#breadcrumb\"},\"inLanguage\":\"pt-BR\",\"potentialAction\":[{\"@type\":\"ReadAction\",\"target\":[\"https:\/\/www.notibras.com\/site\/rodoviarios-ignoram-ordem-judicial-e-entram-em-greve\/\"]}]},{\"@type\":\"ImageObject\",\"inLanguage\":\"pt-BR\",\"@id\":\"https:\/\/www.notibras.com\/site\/rodoviarios-ignoram-ordem-judicial-e-entram-em-greve\/#primaryimage\",\"url\":\"https:\/\/www.notibras.com\/site\/wp-content\/uploads\/2023\/11\/mca_abr2405182773.jpg\",\"contentUrl\":\"https:\/\/www.notibras.com\/site\/wp-content\/uploads\/2023\/11\/mca_abr2405182773.jpg\",\"width\":1170,\"height\":700,\"caption\":\"O impacto da greve dos caminhoneiros agora chega ao transporte coletivo do DF, as empresas de \u00f4nibus t\u00eam estoque de combust\u00edvel suficiente para, no m\u00e1ximo, domingo\"},{\"@type\":\"BreadcrumbList\",\"@id\":\"https:\/\/www.notibras.com\/site\/rodoviarios-ignoram-ordem-judicial-e-entram-em-greve\/#breadcrumb\",\"itemListElement\":[{\"@type\":\"ListItem\",\"position\":1,\"name\":\"In\u00edcio\",\"item\":\"https:\/\/www.notibras.com\/site\/\"},{\"@type\":\"ListItem\",\"position\":2,\"name\":\"Rodovi\u00e1rios ignoram ordem judicial e entram em greve\"}]},{\"@type\":\"WebSite\",\"@id\":\"https:\/\/www.notibras.com\/site\/#website\",\"url\":\"https:\/\/www.notibras.com\/site\/\",\"name\":\"Notibras\",\"description\":\"Not\u00edcias de Bras\u00edlia, do Brasil e do Mundo\",\"publisher\":{\"@id\":\"https:\/\/www.notibras.com\/site\/#organization\"},\"potentialAction\":[{\"@type\":\"SearchAction\",\"target\":{\"@type\":\"EntryPoint\",\"urlTemplate\":\"https:\/\/www.notibras.com\/site\/?s={search_term_string}\"},\"query-input\":{\"@type\":\"PropertyValueSpecification\",\"valueRequired\":true,\"valueName\":\"search_term_string\"}}],\"inLanguage\":\"pt-BR\"},{\"@type\":\"Organization\",\"@id\":\"https:\/\/www.notibras.com\/site\/#organization\",\"name\":\"Grupo Notibras de Comunica\u00e7\u00e3o\",\"url\":\"https:\/\/www.notibras.com\/site\/\",\"logo\":{\"@type\":\"ImageObject\",\"inLanguage\":\"pt-BR\",\"@id\":\"https:\/\/www.notibras.com\/site\/#\/schema\/logo\/image\/\",\"url\":\"https:\/\/www.notibras.com\/site\/wp-content\/uploads\/2023\/01\/notibras23.png\",\"contentUrl\":\"https:\/\/www.notibras.com\/site\/wp-content\/uploads\/2023\/01\/notibras23.png\",\"width\":350,\"height\":87,\"caption\":\"Grupo Notibras de Comunica\u00e7\u00e3o\"},\"image\":{\"@id\":\"https:\/\/www.notibras.com\/site\/#\/schema\/logo\/image\/\"},\"sameAs\":[\"https:\/\/www.facebook.com\/notibras\/\",\"https:\/\/x.com\/Notibras\",\"https:\/\/www.instagram.com\/notibras\/\"]},{\"@type\":\"Person\",\"@id\":\"https:\/\/www.notibras.com\/site\/#\/schema\/person\/36ab0979449956132d3e5b517ea76ac8\",\"name\":\"Reda\u00e7\u00e3o\",\"image\":{\"@type\":\"ImageObject\",\"inLanguage\":\"pt-BR\",\"@id\":\"https:\/\/secure.gravatar.com\/avatar\/e0a867bdedb85fd243eadf09663511f96fc81e0720a4a42581f334ad4303aa6b?s=96&d=mm&r=g\",\"url\":\"https:\/\/secure.gravatar.com\/avatar\/e0a867bdedb85fd243eadf09663511f96fc81e0720a4a42581f334ad4303aa6b?s=96&d=mm&r=g\",\"contentUrl\":\"https:\/\/secure.gravatar.com\/avatar\/e0a867bdedb85fd243eadf09663511f96fc81e0720a4a42581f334ad4303aa6b?s=96&d=mm&r=g\",\"caption\":\"Reda\u00e7\u00e3o\"}}]}<\/script>\n<!-- \/ Yoast SEO plugin. -->","yoast_head_json":{"title":"Rodovi\u00e1rios ignoram ordem judicial e entram em greve - Notibras","robots":{"index":"index","follow":"follow","max-snippet":"max-snippet:-1","max-image-preview":"max-image-preview:large","max-video-preview":"max-video-preview:-1"},"canonical":"https:\/\/www.notibras.com\/site\/rodoviarios-ignoram-ordem-judicial-e-entram-em-greve\/","og_locale":"pt_BR","og_type":"article","og_title":"Rodovi\u00e1rios ignoram ordem judicial e entram em greve - Notibras","og_description":"A semana come\u00e7a sem \u00f4nibus circulando pelas ruas do Distrito Federal nesta segunda-feira (6). Os rodovi\u00e1rios aprovaram a greve durante assembleia realizada no domingo (6). Pouco tempo depois, o Tribunal Regional do Trabalho da 10\u00aa Regi\u00e3o (TRT-10) suspendeu a paralisa\u00e7\u00e3o. Ainda assim, as paradas de \u00f4nibus amanheceram cheias, o metr\u00f4 ficou sobrecarregado e o tr\u00e2nsito [&hellip;]","og_url":"https:\/\/www.notibras.com\/site\/rodoviarios-ignoram-ordem-judicial-e-entram-em-greve\/","og_site_name":"Notibras","article_publisher":"https:\/\/www.facebook.com\/notibras\/","article_published_time":"2023-11-06T11:21:51+00:00","article_modified_time":"2023-11-06T14:25:48+00:00","og_image":[{"width":1170,"height":700,"url":"https:\/\/www.notibras.com\/site\/wp-content\/uploads\/2023\/11\/mca_abr2405182773.jpg","type":"image\/jpeg"}],"author":"Reda\u00e7\u00e3o","twitter_card":"summary_large_image","twitter_creator":"@Notibras","twitter_site":"@Notibras","twitter_misc":{"Escrito por":"Reda\u00e7\u00e3o","Est. tempo de leitura":"3 minutos"},"schema":{"@context":"https:\/\/schema.org","@graph":[{"@type":"Article","@id":"https:\/\/www.notibras.com\/site\/rodoviarios-ignoram-ordem-judicial-e-entram-em-greve\/#article","isPartOf":{"@id":"https:\/\/www.notibras.com\/site\/rodoviarios-ignoram-ordem-judicial-e-entram-em-greve\/"},"author":{"name":"Reda\u00e7\u00e3o","@id":"https:\/\/www.notibras.com\/site\/#\/schema\/person\/36ab0979449956132d3e5b517ea76ac8"},"headline":"Rodovi\u00e1rios ignoram ordem judicial e entram em greve","datePublished":"2023-11-06T11:21:51+00:00","dateModified":"2023-11-06T14:25:48+00:00","mainEntityOfPage":{"@id":"https:\/\/www.notibras.com\/site\/rodoviarios-ignoram-ordem-judicial-e-entram-em-greve\/"},"wordCount":529,"publisher":{"@id":"https:\/\/www.notibras.com\/site\/#organization"},"image":{"@id":"https:\/\/www.notibras.com\/site\/rodoviarios-ignoram-ordem-judicial-e-entram-em-greve\/#primaryimage"},"thumbnailUrl":"https:\/\/www.notibras.com\/site\/wp-content\/uploads\/2023\/11\/mca_abr2405182773.jpg","keywords":["capa"],"articleSection":["Quadradinho em Foco"],"inLanguage":"pt-BR"},{"@type":"WebPage","@id":"https:\/\/www.notibras.com\/site\/rodoviarios-ignoram-ordem-judicial-e-entram-em-greve\/","url":"https:\/\/www.notibras.com\/site\/rodoviarios-ignoram-ordem-judicial-e-entram-em-greve\/","name":"Rodovi\u00e1rios ignoram ordem judicial e entram em greve - Notibras","isPartOf":{"@id":"https:\/\/www.notibras.com\/site\/#website"},"primaryImageOfPage":{"@id":"https:\/\/www.notibras.com\/site\/rodoviarios-ignoram-ordem-judicial-e-entram-em-greve\/#primaryimage"},"image":{"@id":"https:\/\/www.notibras.com\/site\/rodoviarios-ignoram-ordem-judicial-e-entram-em-greve\/#primaryimage"},"thumbnailUrl":"https:\/\/www.notibras.com\/site\/wp-content\/uploads\/2023\/11\/mca_abr2405182773.jpg","datePublished":"2023-11-06T11:21:51+00:00","dateModified":"2023-11-06T14:25:48+00:00","breadcrumb":{"@id":"https:\/\/www.notibras.com\/site\/rodoviarios-ignoram-ordem-judicial-e-entram-em-greve\/#breadcrumb"},"inLanguage":"pt-BR","potentialAction":[{"@type":"ReadAction","target":["https:\/\/www.notibras.com\/site\/rodoviarios-ignoram-ordem-judicial-e-entram-em-greve\/"]}]},{"@type":"ImageObject","inLanguage":"pt-BR","@id":"https:\/\/www.notibras.com\/site\/rodoviarios-ignoram-ordem-judicial-e-entram-em-greve\/#primaryimage","url":"https:\/\/www.notibras.com\/site\/wp-content\/uploads\/2023\/11\/mca_abr2405182773.jpg","contentUrl":"https:\/\/www.notibras.com\/site\/wp-content\/uploads\/2023\/11\/mca_abr2405182773.jpg","width":1170,"height":700,"caption":"O impacto da greve dos caminhoneiros agora chega ao transporte coletivo do DF, as empresas de \u00f4nibus t\u00eam estoque de combust\u00edvel suficiente para, no m\u00e1ximo, domingo"},{"@type":"BreadcrumbList","@id":"https:\/\/www.notibras.com\/site\/rodoviarios-ignoram-ordem-judicial-e-entram-em-greve\/#breadcrumb","itemListElement":[{"@type":"ListItem","position":1,"name":"In\u00edcio","item":"https:\/\/www.notibras.com\/site\/"},{"@type":"ListItem","position":2,"name":"Rodovi\u00e1rios ignoram ordem judicial e entram em greve"}]},{"@type":"WebSite","@id":"https:\/\/www.notibras.com\/site\/#website","url":"https:\/\/www.notibras.com\/site\/","name":"Notibras","description":"Not\u00edcias de Bras\u00edlia, do Brasil e do Mundo","publisher":{"@id":"https:\/\/www.notibras.com\/site\/#organization"},"potentialAction":[{"@type":"SearchAction","target":{"@type":"EntryPoint","urlTemplate":"https:\/\/www.notibras.com\/site\/?s={search_term_string}"},"query-input":{"@type":"PropertyValueSpecification","valueRequired":true,"valueName":"search_term_string"}}],"inLanguage":"pt-BR"},{"@type":"Organization","@id":"https:\/\/www.notibras.com\/site\/#organization","name":"Grupo Notibras de Comunica\u00e7\u00e3o","url":"https:\/\/www.notibras.com\/site\/","logo":{"@type":"ImageObject","inLanguage":"pt-BR","@id":"https:\/\/www.notibras.com\/site\/#\/schema\/logo\/image\/","url":"https:\/\/www.notibras.com\/site\/wp-content\/uploads\/2023\/01\/notibras23.png","contentUrl":"https:\/\/www.notibras.com\/site\/wp-content\/uploads\/2023\/01\/notibras23.png","width":350,"height":87,"caption":"Grupo Notibras de Comunica\u00e7\u00e3o"},"image":{"@id":"https:\/\/www.notibras.com\/site\/#\/schema\/logo\/image\/"},"sameAs":["https:\/\/www.facebook.com\/notibras\/","https:\/\/x.com\/Notibras","https:\/\/www.instagram.com\/notibras\/"]},{"@type":"Person","@id":"https:\/\/www.notibras.com\/site\/#\/schema\/person\/36ab0979449956132d3e5b517ea76ac8","name":"Reda\u00e7\u00e3o","image":{"@type":"ImageObject","inLanguage":"pt-BR","@id":"https:\/\/secure.gravatar.com\/avatar\/e0a867bdedb85fd243eadf09663511f96fc81e0720a4a42581f334ad4303aa6b?s=96&d=mm&r=g","url":"https:\/\/secure.gravatar.com\/avatar\/e0a867bdedb85fd243eadf09663511f96fc81e0720a4a42581f334ad4303aa6b?s=96&d=mm&r=g","contentUrl":"https:\/\/secure.gravatar.com\/avatar\/e0a867bdedb85fd243eadf09663511f96fc81e0720a4a42581f334ad4303aa6b?s=96&d=mm&r=g","caption":"Reda\u00e7\u00e3o"}}]}},"amp_enabled":true,"_links":{"self":[{"href":"https:\/\/www.notibras.com\/site\/wp-json\/wp\/v2\/posts\/316275","targetHints":{"allow":["GET"]}}],"collection":[{"href":"https:\/\/www.notibras.com\/site\/wp-json\/wp\/v2\/posts"}],"about":[{"href":"https:\/\/www.notibras.com\/site\/wp-json\/wp\/v2\/types\/post"}],"author":[{"embeddable":true,"href":"https:\/\/www.notibras.com\/site\/wp-json\/wp\/v2\/users\/2"}],"replies":[{"embeddable":true,"href":"https:\/\/www.notibras.com\/site\/wp-json\/wp\/v2\/comments?post=316275"}],"version-history":[{"count":1,"href":"https:\/\/www.notibras.com\/site\/wp-json\/wp\/v2\/posts\/316275\/revisions"}],"predecessor-version":[{"id":316277,"href":"https:\/\/www.notibras.com\/site\/wp-json\/wp\/v2\/posts\/316275\/revisions\/316277"}],"wp:featuredmedia":[{"embeddable":true,"href":"https:\/\/www.notibras.com\/site\/wp-json\/wp\/v2\/media\/316276"}],"wp:attachment":[{"href":"https:\/\/www.notibras.com\/site\/wp-json\/wp\/v2\/media?parent=316275"}],"wp:term":[{"taxonomy":"category","embeddable":true,"href":"https:\/\/www.notibras.com\/site\/wp-json\/wp\/v2\/categories?post=316275"},{"taxonomy":"post_tag","embeddable":true,"href":"https:\/\/www.notibras.com\/site\/wp-json\/wp\/v2\/tags?post=316275"}],"curies":[{"name":"wp","href":"https:\/\/api.w.org\/{rel}","templated":true}]}}