{"id":316284,"date":"2023-11-07T04:53:53","date_gmt":"2023-11-07T07:53:53","guid":{"rendered":"https:\/\/www.notibras.com\/site\/?p=316284"},"modified":"2023-11-07T04:53:53","modified_gmt":"2023-11-07T07:53:53","slug":"diva-de-poa-para-brasilia-com-chengulo-e-as-netas","status":"publish","type":"post","link":"https:\/\/www.notibras.com\/site\/diva-de-poa-para-brasilia-com-chengulo-e-as-netas\/","title":{"rendered":"Div\u00e3 de Poa para Bras\u00edlia, com Chengulo e as netas"},"content":{"rendered":"<p>Desde muito cedo, ganhei gosto por estradas. \u00c9 que meu pai, cheio de \u00edmpetos, n\u00e3o raro, me cutucava de madrugada e me falava: &#8220;Acorda, Edu! Que tal irmos para Cabo Frio?&#8221; Ainda sonolento e, provavelmente, com os olhos cheios de remela, apenas concordava com movimentos de cabe\u00e7a.<\/p>\n<p>E l\u00e1 \u00edamos para a apraz\u00edvel cidade litor\u00e2nea ou, ent\u00e3o, para outro destino que meu pai decidisse de \u00faltima hora. Quase sempre finalzinho da noite ou madrugada adentro. Meu pai me incutiu tal h\u00e1bito, como a me mostrar que a solid\u00e3o nas estradas nos faz pensar na vida e sentir que h\u00e1 muito mais coisas al\u00e9m de trabalho e contas para pagar.<\/p>\n<p>Pois bem, eis que, nesses dias, resolvi fazer uma viagem entre Porto Alegre e Bras\u00edlia. Meus companheiros nessa saga foram o meu velho parceiro Chengulo e suas netinhas, a Bebel e a Clarinha. Isso mesmo, entulhei o carro da minha esposa, a Dona Irene, de fraldas e seguimos viagem justamente numa madrugada. Pra que tanta fralda? S\u00e3o da Malulinha, minha pequenina filha, que, ainda muito nova para pegar a estrada, embarcou num avi\u00e3o com a minha mulher.<\/p>\n<p>Liguei o ar-condicionado no m\u00e1ximo, pois meus amigos, ao contr\u00e1rio de mim, s\u00e3o muito calorentos, o que os manteve dormindo por grande parte do percurso. E, a cada parada que faz\u00edamos para esticar as pernas, eu percebia olhares curiosos das pessoas. Na certa, alguns deveriam pensar: &#8220;Que maluco viaja com tr\u00eas cachorros?&#8221;<\/p>\n<p>Depois de rodarmos mais de 1.300 quil\u00f4metros, meus buldogues e eu paramos num motel de beira de estrada em Porto Ferreira, S\u00e3o Paulo. Est\u00e1vamos cansados, especialmente o Chengulo e eu, que somos os mais vividos da trupe. O meu amigo foi se deitar e, n\u00e3o demorou, j\u00e1 era poss\u00edvel ouvir aquele ronco t\u00e3o costumeiro aos meus ouvidos.<\/p>\n<p>Tomei um banho bem quente e ca\u00ed praticamente desfalecido na ampla cama, enquanto a Bebel e a Clarinha ainda exploravam aquele ambiente estranho. N\u00e3o sei a que horas elas foram dormir, mas, j\u00e1 na manh\u00e3 seguinte, as encontrei roncando sobre as minhas pernas.<\/p>\n<p>Liguei na recep\u00e7\u00e3o e pedi caf\u00e9 e nada mais. Ali\u00e1s, caf\u00e9 sem a\u00e7\u00facar, pois de doce j\u00e1 basta a vida! Em seguida, tomei aquela ducha quente, paguei pela hospedagem e voltamos para a estrada, que j\u00e1 nos esperava com saudade.<\/p>\n<p>Chegamos a Bras\u00edlia por volta das 16h, onde encontramos a Dona Irene e a Malulinha, que nos receberam com aquele sorriso t\u00e3o acolhedor. A minha esposa, com quem j\u00e1 viajei por in\u00fameras estradas por este Brasil e at\u00e9 para o Uruguai, olhou para mim e disse: &#8220;Edu, queria ter vindo com voc\u00eas!&#8221;<\/p>\n<p>Finalmente, olhei para o Chengulo, que, apesar de cansado, tamb\u00e9m me sorriu. N\u00e3o sei se essa foi a nossa \u00faltima viagem juntos. Se estamos velhos para tais estripulias? Talvez. Seja como for, enquanto escrevo esta cr\u00f4nica, ou\u00e7o o ronco inconfund\u00edvel do Chengulo. E, pela cara do meu companheiro para o que der e vier, estou certo de que logo, logo estaremos de volta \u00e0 estrada.<\/p>\n","protected":false},"excerpt":{"rendered":"<p>Desde muito cedo, ganhei gosto por estradas. \u00c9 que meu pai, cheio de \u00edmpetos, n\u00e3o raro, me cutucava de madrugada e me falava: &#8220;Acorda, Edu! Que tal irmos para Cabo Frio?&#8221; Ainda sonolento e, provavelmente, com os olhos cheios de remela, apenas concordava com movimentos de cabe\u00e7a. E l\u00e1 \u00edamos para a apraz\u00edvel cidade litor\u00e2nea [&hellip;]<\/p>\n","protected":false},"author":2,"featured_media":316285,"comment_status":"closed","ping_status":"closed","sticky":false,"template":"","format":"standard","meta":{"_acf_changed":false,"footnotes":""},"categories":[161],"tags":[],"class_list":["post-316284","post","type-post","status-publish","format-standard","has-post-thumbnail","hentry","category-quadradinho-em-foco"],"acf":[],"yoast_head":"<!-- This site is optimized with the Yoast SEO plugin v27.2 - https:\/\/yoast.com\/product\/yoast-seo-wordpress\/ -->\n<title>Div\u00e3 de Poa para Bras\u00edlia, com Chengulo e as netas - Notibras<\/title>\n<meta name=\"robots\" content=\"index, follow, max-snippet:-1, max-image-preview:large, max-video-preview:-1\" \/>\n<link rel=\"canonical\" href=\"https:\/\/www.notibras.com\/site\/diva-de-poa-para-brasilia-com-chengulo-e-as-netas\/\" \/>\n<meta property=\"og:locale\" content=\"pt_BR\" \/>\n<meta property=\"og:type\" content=\"article\" \/>\n<meta property=\"og:title\" content=\"Div\u00e3 de Poa para Bras\u00edlia, com Chengulo e as netas - Notibras\" \/>\n<meta property=\"og:description\" content=\"Desde muito cedo, ganhei gosto por estradas. \u00c9 que meu pai, cheio de \u00edmpetos, n\u00e3o raro, me cutucava de madrugada e me falava: &#8220;Acorda, Edu! Que tal irmos para Cabo Frio?&#8221; Ainda sonolento e, provavelmente, com os olhos cheios de remela, apenas concordava com movimentos de cabe\u00e7a. E l\u00e1 \u00edamos para a apraz\u00edvel cidade litor\u00e2nea [&hellip;]\" \/>\n<meta property=\"og:url\" content=\"https:\/\/www.notibras.com\/site\/diva-de-poa-para-brasilia-com-chengulo-e-as-netas\/\" \/>\n<meta property=\"og:site_name\" content=\"Notibras\" \/>\n<meta property=\"article:publisher\" content=\"https:\/\/www.facebook.com\/notibras\/\" \/>\n<meta property=\"article:published_time\" content=\"2023-11-07T07:53:53+00:00\" \/>\n<meta property=\"og:image\" content=\"https:\/\/www.notibras.com\/site\/wp-content\/uploads\/2023\/11\/duviagem.jpg\" \/>\n\t<meta property=\"og:image:width\" content=\"1024\" \/>\n\t<meta property=\"og:image:height\" content=\"769\" \/>\n\t<meta property=\"og:image:type\" content=\"image\/jpeg\" \/>\n<meta name=\"author\" content=\"Reda\u00e7\u00e3o\" \/>\n<meta name=\"twitter:card\" content=\"summary_large_image\" \/>\n<meta name=\"twitter:creator\" content=\"@Notibras\" \/>\n<meta name=\"twitter:site\" content=\"@Notibras\" \/>\n<meta name=\"twitter:label1\" content=\"Escrito por\" \/>\n\t<meta name=\"twitter:data1\" content=\"Reda\u00e7\u00e3o\" \/>\n\t<meta name=\"twitter:label2\" content=\"Est. tempo de leitura\" \/>\n\t<meta name=\"twitter:data2\" content=\"3 minutos\" \/>\n<script type=\"application\/ld+json\" class=\"yoast-schema-graph\">{\"@context\":\"https:\/\/schema.org\",\"@graph\":[{\"@type\":\"Article\",\"@id\":\"https:\/\/www.notibras.com\/site\/diva-de-poa-para-brasilia-com-chengulo-e-as-netas\/#article\",\"isPartOf\":{\"@id\":\"https:\/\/www.notibras.com\/site\/diva-de-poa-para-brasilia-com-chengulo-e-as-netas\/\"},\"author\":{\"name\":\"Reda\u00e7\u00e3o\",\"@id\":\"https:\/\/www.notibras.com\/site\/#\/schema\/person\/36ab0979449956132d3e5b517ea76ac8\"},\"headline\":\"Div\u00e3 de Poa para Bras\u00edlia, com Chengulo e as netas\",\"datePublished\":\"2023-11-07T07:53:53+00:00\",\"mainEntityOfPage\":{\"@id\":\"https:\/\/www.notibras.com\/site\/diva-de-poa-para-brasilia-com-chengulo-e-as-netas\/\"},\"wordCount\":538,\"publisher\":{\"@id\":\"https:\/\/www.notibras.com\/site\/#organization\"},\"image\":{\"@id\":\"https:\/\/www.notibras.com\/site\/diva-de-poa-para-brasilia-com-chengulo-e-as-netas\/#primaryimage\"},\"thumbnailUrl\":\"https:\/\/www.notibras.com\/site\/wp-content\/uploads\/2023\/11\/duviagem.jpg\",\"articleSection\":[\"Quadradinho em Foco\"],\"inLanguage\":\"pt-BR\"},{\"@type\":\"WebPage\",\"@id\":\"https:\/\/www.notibras.com\/site\/diva-de-poa-para-brasilia-com-chengulo-e-as-netas\/\",\"url\":\"https:\/\/www.notibras.com\/site\/diva-de-poa-para-brasilia-com-chengulo-e-as-netas\/\",\"name\":\"Div\u00e3 de Poa para Bras\u00edlia, com Chengulo e as netas - Notibras\",\"isPartOf\":{\"@id\":\"https:\/\/www.notibras.com\/site\/#website\"},\"primaryImageOfPage\":{\"@id\":\"https:\/\/www.notibras.com\/site\/diva-de-poa-para-brasilia-com-chengulo-e-as-netas\/#primaryimage\"},\"image\":{\"@id\":\"https:\/\/www.notibras.com\/site\/diva-de-poa-para-brasilia-com-chengulo-e-as-netas\/#primaryimage\"},\"thumbnailUrl\":\"https:\/\/www.notibras.com\/site\/wp-content\/uploads\/2023\/11\/duviagem.jpg\",\"datePublished\":\"2023-11-07T07:53:53+00:00\",\"breadcrumb\":{\"@id\":\"https:\/\/www.notibras.com\/site\/diva-de-poa-para-brasilia-com-chengulo-e-as-netas\/#breadcrumb\"},\"inLanguage\":\"pt-BR\",\"potentialAction\":[{\"@type\":\"ReadAction\",\"target\":[\"https:\/\/www.notibras.com\/site\/diva-de-poa-para-brasilia-com-chengulo-e-as-netas\/\"]}]},{\"@type\":\"ImageObject\",\"inLanguage\":\"pt-BR\",\"@id\":\"https:\/\/www.notibras.com\/site\/diva-de-poa-para-brasilia-com-chengulo-e-as-netas\/#primaryimage\",\"url\":\"https:\/\/www.notibras.com\/site\/wp-content\/uploads\/2023\/11\/duviagem.jpg\",\"contentUrl\":\"https:\/\/www.notibras.com\/site\/wp-content\/uploads\/2023\/11\/duviagem.jpg\",\"width\":1024,\"height\":769},{\"@type\":\"BreadcrumbList\",\"@id\":\"https:\/\/www.notibras.com\/site\/diva-de-poa-para-brasilia-com-chengulo-e-as-netas\/#breadcrumb\",\"itemListElement\":[{\"@type\":\"ListItem\",\"position\":1,\"name\":\"In\u00edcio\",\"item\":\"https:\/\/www.notibras.com\/site\/\"},{\"@type\":\"ListItem\",\"position\":2,\"name\":\"Div\u00e3 de Poa para Bras\u00edlia, com Chengulo e as netas\"}]},{\"@type\":\"WebSite\",\"@id\":\"https:\/\/www.notibras.com\/site\/#website\",\"url\":\"https:\/\/www.notibras.com\/site\/\",\"name\":\"Notibras\",\"description\":\"Not\u00edcias de Bras\u00edlia, do Brasil e do Mundo\",\"publisher\":{\"@id\":\"https:\/\/www.notibras.com\/site\/#organization\"},\"potentialAction\":[{\"@type\":\"SearchAction\",\"target\":{\"@type\":\"EntryPoint\",\"urlTemplate\":\"https:\/\/www.notibras.com\/site\/?s={search_term_string}\"},\"query-input\":{\"@type\":\"PropertyValueSpecification\",\"valueRequired\":true,\"valueName\":\"search_term_string\"}}],\"inLanguage\":\"pt-BR\"},{\"@type\":\"Organization\",\"@id\":\"https:\/\/www.notibras.com\/site\/#organization\",\"name\":\"Grupo Notibras de Comunica\u00e7\u00e3o\",\"url\":\"https:\/\/www.notibras.com\/site\/\",\"logo\":{\"@type\":\"ImageObject\",\"inLanguage\":\"pt-BR\",\"@id\":\"https:\/\/www.notibras.com\/site\/#\/schema\/logo\/image\/\",\"url\":\"https:\/\/www.notibras.com\/site\/wp-content\/uploads\/2023\/01\/notibras23.png\",\"contentUrl\":\"https:\/\/www.notibras.com\/site\/wp-content\/uploads\/2023\/01\/notibras23.png\",\"width\":350,\"height\":87,\"caption\":\"Grupo Notibras de Comunica\u00e7\u00e3o\"},\"image\":{\"@id\":\"https:\/\/www.notibras.com\/site\/#\/schema\/logo\/image\/\"},\"sameAs\":[\"https:\/\/www.facebook.com\/notibras\/\",\"https:\/\/x.com\/Notibras\",\"https:\/\/www.instagram.com\/notibras\/\"]},{\"@type\":\"Person\",\"@id\":\"https:\/\/www.notibras.com\/site\/#\/schema\/person\/36ab0979449956132d3e5b517ea76ac8\",\"name\":\"Reda\u00e7\u00e3o\",\"image\":{\"@type\":\"ImageObject\",\"inLanguage\":\"pt-BR\",\"@id\":\"https:\/\/secure.gravatar.com\/avatar\/e0a867bdedb85fd243eadf09663511f96fc81e0720a4a42581f334ad4303aa6b?s=96&d=mm&r=g\",\"url\":\"https:\/\/secure.gravatar.com\/avatar\/e0a867bdedb85fd243eadf09663511f96fc81e0720a4a42581f334ad4303aa6b?s=96&d=mm&r=g\",\"contentUrl\":\"https:\/\/secure.gravatar.com\/avatar\/e0a867bdedb85fd243eadf09663511f96fc81e0720a4a42581f334ad4303aa6b?s=96&d=mm&r=g\",\"caption\":\"Reda\u00e7\u00e3o\"}}]}<\/script>\n<!-- \/ Yoast SEO plugin. -->","yoast_head_json":{"title":"Div\u00e3 de Poa para Bras\u00edlia, com Chengulo e as netas - Notibras","robots":{"index":"index","follow":"follow","max-snippet":"max-snippet:-1","max-image-preview":"max-image-preview:large","max-video-preview":"max-video-preview:-1"},"canonical":"https:\/\/www.notibras.com\/site\/diva-de-poa-para-brasilia-com-chengulo-e-as-netas\/","og_locale":"pt_BR","og_type":"article","og_title":"Div\u00e3 de Poa para Bras\u00edlia, com Chengulo e as netas - Notibras","og_description":"Desde muito cedo, ganhei gosto por estradas. \u00c9 que meu pai, cheio de \u00edmpetos, n\u00e3o raro, me cutucava de madrugada e me falava: &#8220;Acorda, Edu! Que tal irmos para Cabo Frio?&#8221; Ainda sonolento e, provavelmente, com os olhos cheios de remela, apenas concordava com movimentos de cabe\u00e7a. E l\u00e1 \u00edamos para a apraz\u00edvel cidade litor\u00e2nea [&hellip;]","og_url":"https:\/\/www.notibras.com\/site\/diva-de-poa-para-brasilia-com-chengulo-e-as-netas\/","og_site_name":"Notibras","article_publisher":"https:\/\/www.facebook.com\/notibras\/","article_published_time":"2023-11-07T07:53:53+00:00","og_image":[{"width":1024,"height":769,"url":"https:\/\/www.notibras.com\/site\/wp-content\/uploads\/2023\/11\/duviagem.jpg","type":"image\/jpeg"}],"author":"Reda\u00e7\u00e3o","twitter_card":"summary_large_image","twitter_creator":"@Notibras","twitter_site":"@Notibras","twitter_misc":{"Escrito por":"Reda\u00e7\u00e3o","Est. tempo de leitura":"3 minutos"},"schema":{"@context":"https:\/\/schema.org","@graph":[{"@type":"Article","@id":"https:\/\/www.notibras.com\/site\/diva-de-poa-para-brasilia-com-chengulo-e-as-netas\/#article","isPartOf":{"@id":"https:\/\/www.notibras.com\/site\/diva-de-poa-para-brasilia-com-chengulo-e-as-netas\/"},"author":{"name":"Reda\u00e7\u00e3o","@id":"https:\/\/www.notibras.com\/site\/#\/schema\/person\/36ab0979449956132d3e5b517ea76ac8"},"headline":"Div\u00e3 de Poa para Bras\u00edlia, com Chengulo e as netas","datePublished":"2023-11-07T07:53:53+00:00","mainEntityOfPage":{"@id":"https:\/\/www.notibras.com\/site\/diva-de-poa-para-brasilia-com-chengulo-e-as-netas\/"},"wordCount":538,"publisher":{"@id":"https:\/\/www.notibras.com\/site\/#organization"},"image":{"@id":"https:\/\/www.notibras.com\/site\/diva-de-poa-para-brasilia-com-chengulo-e-as-netas\/#primaryimage"},"thumbnailUrl":"https:\/\/www.notibras.com\/site\/wp-content\/uploads\/2023\/11\/duviagem.jpg","articleSection":["Quadradinho em Foco"],"inLanguage":"pt-BR"},{"@type":"WebPage","@id":"https:\/\/www.notibras.com\/site\/diva-de-poa-para-brasilia-com-chengulo-e-as-netas\/","url":"https:\/\/www.notibras.com\/site\/diva-de-poa-para-brasilia-com-chengulo-e-as-netas\/","name":"Div\u00e3 de Poa para Bras\u00edlia, com Chengulo e as netas - Notibras","isPartOf":{"@id":"https:\/\/www.notibras.com\/site\/#website"},"primaryImageOfPage":{"@id":"https:\/\/www.notibras.com\/site\/diva-de-poa-para-brasilia-com-chengulo-e-as-netas\/#primaryimage"},"image":{"@id":"https:\/\/www.notibras.com\/site\/diva-de-poa-para-brasilia-com-chengulo-e-as-netas\/#primaryimage"},"thumbnailUrl":"https:\/\/www.notibras.com\/site\/wp-content\/uploads\/2023\/11\/duviagem.jpg","datePublished":"2023-11-07T07:53:53+00:00","breadcrumb":{"@id":"https:\/\/www.notibras.com\/site\/diva-de-poa-para-brasilia-com-chengulo-e-as-netas\/#breadcrumb"},"inLanguage":"pt-BR","potentialAction":[{"@type":"ReadAction","target":["https:\/\/www.notibras.com\/site\/diva-de-poa-para-brasilia-com-chengulo-e-as-netas\/"]}]},{"@type":"ImageObject","inLanguage":"pt-BR","@id":"https:\/\/www.notibras.com\/site\/diva-de-poa-para-brasilia-com-chengulo-e-as-netas\/#primaryimage","url":"https:\/\/www.notibras.com\/site\/wp-content\/uploads\/2023\/11\/duviagem.jpg","contentUrl":"https:\/\/www.notibras.com\/site\/wp-content\/uploads\/2023\/11\/duviagem.jpg","width":1024,"height":769},{"@type":"BreadcrumbList","@id":"https:\/\/www.notibras.com\/site\/diva-de-poa-para-brasilia-com-chengulo-e-as-netas\/#breadcrumb","itemListElement":[{"@type":"ListItem","position":1,"name":"In\u00edcio","item":"https:\/\/www.notibras.com\/site\/"},{"@type":"ListItem","position":2,"name":"Div\u00e3 de Poa para Bras\u00edlia, com Chengulo e as netas"}]},{"@type":"WebSite","@id":"https:\/\/www.notibras.com\/site\/#website","url":"https:\/\/www.notibras.com\/site\/","name":"Notibras","description":"Not\u00edcias de Bras\u00edlia, do Brasil e do Mundo","publisher":{"@id":"https:\/\/www.notibras.com\/site\/#organization"},"potentialAction":[{"@type":"SearchAction","target":{"@type":"EntryPoint","urlTemplate":"https:\/\/www.notibras.com\/site\/?s={search_term_string}"},"query-input":{"@type":"PropertyValueSpecification","valueRequired":true,"valueName":"search_term_string"}}],"inLanguage":"pt-BR"},{"@type":"Organization","@id":"https:\/\/www.notibras.com\/site\/#organization","name":"Grupo Notibras de Comunica\u00e7\u00e3o","url":"https:\/\/www.notibras.com\/site\/","logo":{"@type":"ImageObject","inLanguage":"pt-BR","@id":"https:\/\/www.notibras.com\/site\/#\/schema\/logo\/image\/","url":"https:\/\/www.notibras.com\/site\/wp-content\/uploads\/2023\/01\/notibras23.png","contentUrl":"https:\/\/www.notibras.com\/site\/wp-content\/uploads\/2023\/01\/notibras23.png","width":350,"height":87,"caption":"Grupo Notibras de Comunica\u00e7\u00e3o"},"image":{"@id":"https:\/\/www.notibras.com\/site\/#\/schema\/logo\/image\/"},"sameAs":["https:\/\/www.facebook.com\/notibras\/","https:\/\/x.com\/Notibras","https:\/\/www.instagram.com\/notibras\/"]},{"@type":"Person","@id":"https:\/\/www.notibras.com\/site\/#\/schema\/person\/36ab0979449956132d3e5b517ea76ac8","name":"Reda\u00e7\u00e3o","image":{"@type":"ImageObject","inLanguage":"pt-BR","@id":"https:\/\/secure.gravatar.com\/avatar\/e0a867bdedb85fd243eadf09663511f96fc81e0720a4a42581f334ad4303aa6b?s=96&d=mm&r=g","url":"https:\/\/secure.gravatar.com\/avatar\/e0a867bdedb85fd243eadf09663511f96fc81e0720a4a42581f334ad4303aa6b?s=96&d=mm&r=g","contentUrl":"https:\/\/secure.gravatar.com\/avatar\/e0a867bdedb85fd243eadf09663511f96fc81e0720a4a42581f334ad4303aa6b?s=96&d=mm&r=g","caption":"Reda\u00e7\u00e3o"}}]}},"amp_enabled":true,"_links":{"self":[{"href":"https:\/\/www.notibras.com\/site\/wp-json\/wp\/v2\/posts\/316284","targetHints":{"allow":["GET"]}}],"collection":[{"href":"https:\/\/www.notibras.com\/site\/wp-json\/wp\/v2\/posts"}],"about":[{"href":"https:\/\/www.notibras.com\/site\/wp-json\/wp\/v2\/types\/post"}],"author":[{"embeddable":true,"href":"https:\/\/www.notibras.com\/site\/wp-json\/wp\/v2\/users\/2"}],"replies":[{"embeddable":true,"href":"https:\/\/www.notibras.com\/site\/wp-json\/wp\/v2\/comments?post=316284"}],"version-history":[{"count":2,"href":"https:\/\/www.notibras.com\/site\/wp-json\/wp\/v2\/posts\/316284\/revisions"}],"predecessor-version":[{"id":316325,"href":"https:\/\/www.notibras.com\/site\/wp-json\/wp\/v2\/posts\/316284\/revisions\/316325"}],"wp:featuredmedia":[{"embeddable":true,"href":"https:\/\/www.notibras.com\/site\/wp-json\/wp\/v2\/media\/316285"}],"wp:attachment":[{"href":"https:\/\/www.notibras.com\/site\/wp-json\/wp\/v2\/media?parent=316284"}],"wp:term":[{"taxonomy":"category","embeddable":true,"href":"https:\/\/www.notibras.com\/site\/wp-json\/wp\/v2\/categories?post=316284"},{"taxonomy":"post_tag","embeddable":true,"href":"https:\/\/www.notibras.com\/site\/wp-json\/wp\/v2\/tags?post=316284"}],"curies":[{"name":"wp","href":"https:\/\/api.w.org\/{rel}","templated":true}]}}