{"id":316289,"date":"2023-11-07T00:02:22","date_gmt":"2023-11-07T03:02:22","guid":{"rendered":"https:\/\/www.notibras.com\/site\/?p=316289"},"modified":"2023-11-07T03:32:07","modified_gmt":"2023-11-07T06:32:07","slug":"rodoviarios-negociam-salario-melhor-e-suspendem-greve","status":"publish","type":"post","link":"https:\/\/www.notibras.com\/site\/rodoviarios-negociam-salario-melhor-e-suspendem-greve\/","title":{"rendered":"Rodovi\u00e1rios negociam sal\u00e1rio melhor e suspendem greve"},"content":{"rendered":"<p>Os rodovi\u00e1rios decidiram voltar ao trabalho, suspendendo a greve que duropu um dia, ap\u00f3s acordo entre representantes da categoria e o Tribunal Regional do Trabalho (TRT). Os rodovi\u00e1rios haviam decidido, no domingo (5), entrar em greve e a segunda-feira come\u00e7ou com paradas de \u00f4nibus cheias, metr\u00f4 sobrecarregado e o tr\u00e2nsito mais pesado em raz\u00e3o do maior n\u00famero de carros circulando.<\/p>\n<p>Com a suspens\u00e3o da greve, alguns \u00f4nibus voltaram a rodar ainda nesta segunda, com o sistema voltando \u00e0 normalidade total na ter\u00e7a-feira (7).<\/p>\n<p>Enquanto os trabalhadores aguardavam o in\u00edcio da assembleia, representantes sindicais se reuniam com o TRT. A suspens\u00e3o da greve ocorreu ap\u00f3s entendimento com o Judici\u00e1rio. Quando a greve foi deflagrada, o governo do Distrito Federal entrou com a\u00e7\u00e3o junto ao Minist\u00e9rio P\u00fablico do Trabalho (MPT), alegando abusividade da greve.<\/p>\n<p>Com base nessa a\u00e7\u00e3o, a Justi\u00e7a determinou a aplica\u00e7\u00e3o de multa de R$ 10 mil por hora paralisada. De acordo com a Central \u00danica dos Trabalhadores (CUT), a volta ao trabalho suspendeu a aplica\u00e7\u00e3o da multa.<\/p>\n<p>As negocia\u00e7\u00f5es de reajuste salarial continuam, com os rodovi\u00e1rios reivindicando 8%. Segundo o Sindicato dos Rodovi\u00e1rios do Distrito Federal, as empresas propuseram reajustes de 5,33% nos sal\u00e1rios, no plano de sa\u00fade e no plano odontol\u00f3gico; de 8% no t\u00edquete alimenta\u00e7\u00e3o; e de 10% na cesta b\u00e1sica.<\/p>\n<p><strong>Abusividade<\/strong><br \/>\nA Justi\u00e7a classificou a paralisa\u00e7\u00e3o como abusiva por ter sido deflagrada sem aviso regular e sem a fixa\u00e7\u00e3o de percentuais m\u00ednimos de funcionamento do sistema rodovi\u00e1rio de transporte coletivo. O presidente do TRT-10 frisou que, embora as informa\u00e7\u00f5es constantes dos autos demonstrem que a categoria informou \u00e0s empresas a realiza\u00e7\u00e3o da greve com a anteced\u00eancia de 72 horas exigidas em lei, n\u00e3o consta que a popula\u00e7\u00e3o tenha sido informada.<\/p>\n<p>\u201cAvisamos em jornal de grande circula\u00e7\u00e3o que haveria a greve e comunicamos as empresas com tempo ainda maior do que o exigido por Lei\u201d, afirmou o dirigente do Sindicato dos Rodovi\u00e1rios do DF, Jo\u00e3o Os\u00f3rio.<\/p>\n","protected":false},"excerpt":{"rendered":"<p>Os rodovi\u00e1rios decidiram voltar ao trabalho, suspendendo a greve que duropu um dia, ap\u00f3s acordo entre representantes da categoria e o Tribunal Regional do Trabalho (TRT). Os rodovi\u00e1rios haviam decidido, no domingo (5), entrar em greve e a segunda-feira come\u00e7ou com paradas de \u00f4nibus cheias, metr\u00f4 sobrecarregado e o tr\u00e2nsito mais pesado em raz\u00e3o do [&hellip;]<\/p>\n","protected":false},"author":2,"featured_media":316290,"comment_status":"closed","ping_status":"closed","sticky":false,"template":"","format":"standard","meta":{"_acf_changed":false,"footnotes":""},"categories":[161],"tags":[],"class_list":["post-316289","post","type-post","status-publish","format-standard","has-post-thumbnail","hentry","category-quadradinho-em-foco"],"acf":[],"yoast_head":"<!-- This site is optimized with the Yoast SEO plugin v27.2 - https:\/\/yoast.com\/product\/yoast-seo-wordpress\/ -->\n<title>Rodovi\u00e1rios negociam sal\u00e1rio melhor e suspendem greve - Notibras<\/title>\n<meta name=\"robots\" content=\"index, follow, max-snippet:-1, max-image-preview:large, max-video-preview:-1\" \/>\n<link rel=\"canonical\" href=\"https:\/\/www.notibras.com\/site\/rodoviarios-negociam-salario-melhor-e-suspendem-greve\/\" \/>\n<meta property=\"og:locale\" content=\"pt_BR\" \/>\n<meta property=\"og:type\" content=\"article\" \/>\n<meta property=\"og:title\" content=\"Rodovi\u00e1rios negociam sal\u00e1rio melhor e suspendem greve - Notibras\" \/>\n<meta property=\"og:description\" content=\"Os rodovi\u00e1rios decidiram voltar ao trabalho, suspendendo a greve que duropu um dia, ap\u00f3s acordo entre representantes da categoria e o Tribunal Regional do Trabalho (TRT). Os rodovi\u00e1rios haviam decidido, no domingo (5), entrar em greve e a segunda-feira come\u00e7ou com paradas de \u00f4nibus cheias, metr\u00f4 sobrecarregado e o tr\u00e2nsito mais pesado em raz\u00e3o do [&hellip;]\" \/>\n<meta property=\"og:url\" content=\"https:\/\/www.notibras.com\/site\/rodoviarios-negociam-salario-melhor-e-suspendem-greve\/\" \/>\n<meta property=\"og:site_name\" content=\"Notibras\" \/>\n<meta property=\"article:publisher\" content=\"https:\/\/www.facebook.com\/notibras\/\" \/>\n<meta property=\"article:published_time\" content=\"2023-11-07T03:02:22+00:00\" \/>\n<meta property=\"article:modified_time\" content=\"2023-11-07T06:32:07+00:00\" \/>\n<meta property=\"og:image\" content=\"https:\/\/www.notibras.com\/site\/wp-content\/uploads\/2023\/11\/greverosdo.webp\" \/>\n\t<meta property=\"og:image:width\" content=\"1170\" \/>\n\t<meta property=\"og:image:height\" content=\"700\" \/>\n\t<meta property=\"og:image:type\" content=\"image\/webp\" \/>\n<meta name=\"author\" content=\"Reda\u00e7\u00e3o\" \/>\n<meta name=\"twitter:card\" content=\"summary_large_image\" \/>\n<meta name=\"twitter:creator\" content=\"@Notibras\" \/>\n<meta name=\"twitter:site\" content=\"@Notibras\" \/>\n<meta name=\"twitter:label1\" content=\"Escrito por\" \/>\n\t<meta name=\"twitter:data1\" content=\"Reda\u00e7\u00e3o\" \/>\n\t<meta name=\"twitter:label2\" content=\"Est. tempo de leitura\" \/>\n\t<meta name=\"twitter:data2\" content=\"2 minutos\" \/>\n<script type=\"application\/ld+json\" class=\"yoast-schema-graph\">{\"@context\":\"https:\/\/schema.org\",\"@graph\":[{\"@type\":\"Article\",\"@id\":\"https:\/\/www.notibras.com\/site\/rodoviarios-negociam-salario-melhor-e-suspendem-greve\/#article\",\"isPartOf\":{\"@id\":\"https:\/\/www.notibras.com\/site\/rodoviarios-negociam-salario-melhor-e-suspendem-greve\/\"},\"author\":{\"name\":\"Reda\u00e7\u00e3o\",\"@id\":\"https:\/\/www.notibras.com\/site\/#\/schema\/person\/36ab0979449956132d3e5b517ea76ac8\"},\"headline\":\"Rodovi\u00e1rios negociam sal\u00e1rio melhor e suspendem greve\",\"datePublished\":\"2023-11-07T03:02:22+00:00\",\"dateModified\":\"2023-11-07T06:32:07+00:00\",\"mainEntityOfPage\":{\"@id\":\"https:\/\/www.notibras.com\/site\/rodoviarios-negociam-salario-melhor-e-suspendem-greve\/\"},\"wordCount\":362,\"publisher\":{\"@id\":\"https:\/\/www.notibras.com\/site\/#organization\"},\"image\":{\"@id\":\"https:\/\/www.notibras.com\/site\/rodoviarios-negociam-salario-melhor-e-suspendem-greve\/#primaryimage\"},\"thumbnailUrl\":\"https:\/\/www.notibras.com\/site\/wp-content\/uploads\/2023\/11\/greverosdo.webp\",\"articleSection\":[\"Quadradinho em Foco\"],\"inLanguage\":\"pt-BR\"},{\"@type\":\"WebPage\",\"@id\":\"https:\/\/www.notibras.com\/site\/rodoviarios-negociam-salario-melhor-e-suspendem-greve\/\",\"url\":\"https:\/\/www.notibras.com\/site\/rodoviarios-negociam-salario-melhor-e-suspendem-greve\/\",\"name\":\"Rodovi\u00e1rios negociam sal\u00e1rio melhor e suspendem greve - Notibras\",\"isPartOf\":{\"@id\":\"https:\/\/www.notibras.com\/site\/#website\"},\"primaryImageOfPage\":{\"@id\":\"https:\/\/www.notibras.com\/site\/rodoviarios-negociam-salario-melhor-e-suspendem-greve\/#primaryimage\"},\"image\":{\"@id\":\"https:\/\/www.notibras.com\/site\/rodoviarios-negociam-salario-melhor-e-suspendem-greve\/#primaryimage\"},\"thumbnailUrl\":\"https:\/\/www.notibras.com\/site\/wp-content\/uploads\/2023\/11\/greverosdo.webp\",\"datePublished\":\"2023-11-07T03:02:22+00:00\",\"dateModified\":\"2023-11-07T06:32:07+00:00\",\"breadcrumb\":{\"@id\":\"https:\/\/www.notibras.com\/site\/rodoviarios-negociam-salario-melhor-e-suspendem-greve\/#breadcrumb\"},\"inLanguage\":\"pt-BR\",\"potentialAction\":[{\"@type\":\"ReadAction\",\"target\":[\"https:\/\/www.notibras.com\/site\/rodoviarios-negociam-salario-melhor-e-suspendem-greve\/\"]}]},{\"@type\":\"ImageObject\",\"inLanguage\":\"pt-BR\",\"@id\":\"https:\/\/www.notibras.com\/site\/rodoviarios-negociam-salario-melhor-e-suspendem-greve\/#primaryimage\",\"url\":\"https:\/\/www.notibras.com\/site\/wp-content\/uploads\/2023\/11\/greverosdo.webp\",\"contentUrl\":\"https:\/\/www.notibras.com\/site\/wp-content\/uploads\/2023\/11\/greverosdo.webp\",\"width\":1170,\"height\":700},{\"@type\":\"BreadcrumbList\",\"@id\":\"https:\/\/www.notibras.com\/site\/rodoviarios-negociam-salario-melhor-e-suspendem-greve\/#breadcrumb\",\"itemListElement\":[{\"@type\":\"ListItem\",\"position\":1,\"name\":\"In\u00edcio\",\"item\":\"https:\/\/www.notibras.com\/site\/\"},{\"@type\":\"ListItem\",\"position\":2,\"name\":\"Rodovi\u00e1rios negociam sal\u00e1rio melhor e suspendem greve\"}]},{\"@type\":\"WebSite\",\"@id\":\"https:\/\/www.notibras.com\/site\/#website\",\"url\":\"https:\/\/www.notibras.com\/site\/\",\"name\":\"Notibras\",\"description\":\"Not\u00edcias de Bras\u00edlia, do Brasil e do Mundo\",\"publisher\":{\"@id\":\"https:\/\/www.notibras.com\/site\/#organization\"},\"potentialAction\":[{\"@type\":\"SearchAction\",\"target\":{\"@type\":\"EntryPoint\",\"urlTemplate\":\"https:\/\/www.notibras.com\/site\/?s={search_term_string}\"},\"query-input\":{\"@type\":\"PropertyValueSpecification\",\"valueRequired\":true,\"valueName\":\"search_term_string\"}}],\"inLanguage\":\"pt-BR\"},{\"@type\":\"Organization\",\"@id\":\"https:\/\/www.notibras.com\/site\/#organization\",\"name\":\"Grupo Notibras de Comunica\u00e7\u00e3o\",\"url\":\"https:\/\/www.notibras.com\/site\/\",\"logo\":{\"@type\":\"ImageObject\",\"inLanguage\":\"pt-BR\",\"@id\":\"https:\/\/www.notibras.com\/site\/#\/schema\/logo\/image\/\",\"url\":\"https:\/\/www.notibras.com\/site\/wp-content\/uploads\/2023\/01\/notibras23.png\",\"contentUrl\":\"https:\/\/www.notibras.com\/site\/wp-content\/uploads\/2023\/01\/notibras23.png\",\"width\":350,\"height\":87,\"caption\":\"Grupo Notibras de Comunica\u00e7\u00e3o\"},\"image\":{\"@id\":\"https:\/\/www.notibras.com\/site\/#\/schema\/logo\/image\/\"},\"sameAs\":[\"https:\/\/www.facebook.com\/notibras\/\",\"https:\/\/x.com\/Notibras\",\"https:\/\/www.instagram.com\/notibras\/\"]},{\"@type\":\"Person\",\"@id\":\"https:\/\/www.notibras.com\/site\/#\/schema\/person\/36ab0979449956132d3e5b517ea76ac8\",\"name\":\"Reda\u00e7\u00e3o\",\"image\":{\"@type\":\"ImageObject\",\"inLanguage\":\"pt-BR\",\"@id\":\"https:\/\/secure.gravatar.com\/avatar\/e0a867bdedb85fd243eadf09663511f96fc81e0720a4a42581f334ad4303aa6b?s=96&d=mm&r=g\",\"url\":\"https:\/\/secure.gravatar.com\/avatar\/e0a867bdedb85fd243eadf09663511f96fc81e0720a4a42581f334ad4303aa6b?s=96&d=mm&r=g\",\"contentUrl\":\"https:\/\/secure.gravatar.com\/avatar\/e0a867bdedb85fd243eadf09663511f96fc81e0720a4a42581f334ad4303aa6b?s=96&d=mm&r=g\",\"caption\":\"Reda\u00e7\u00e3o\"}}]}<\/script>\n<!-- \/ Yoast SEO plugin. -->","yoast_head_json":{"title":"Rodovi\u00e1rios negociam sal\u00e1rio melhor e suspendem greve - Notibras","robots":{"index":"index","follow":"follow","max-snippet":"max-snippet:-1","max-image-preview":"max-image-preview:large","max-video-preview":"max-video-preview:-1"},"canonical":"https:\/\/www.notibras.com\/site\/rodoviarios-negociam-salario-melhor-e-suspendem-greve\/","og_locale":"pt_BR","og_type":"article","og_title":"Rodovi\u00e1rios negociam sal\u00e1rio melhor e suspendem greve - Notibras","og_description":"Os rodovi\u00e1rios decidiram voltar ao trabalho, suspendendo a greve que duropu um dia, ap\u00f3s acordo entre representantes da categoria e o Tribunal Regional do Trabalho (TRT). Os rodovi\u00e1rios haviam decidido, no domingo (5), entrar em greve e a segunda-feira come\u00e7ou com paradas de \u00f4nibus cheias, metr\u00f4 sobrecarregado e o tr\u00e2nsito mais pesado em raz\u00e3o do [&hellip;]","og_url":"https:\/\/www.notibras.com\/site\/rodoviarios-negociam-salario-melhor-e-suspendem-greve\/","og_site_name":"Notibras","article_publisher":"https:\/\/www.facebook.com\/notibras\/","article_published_time":"2023-11-07T03:02:22+00:00","article_modified_time":"2023-11-07T06:32:07+00:00","og_image":[{"width":1170,"height":700,"url":"https:\/\/www.notibras.com\/site\/wp-content\/uploads\/2023\/11\/greverosdo.webp","type":"image\/webp"}],"author":"Reda\u00e7\u00e3o","twitter_card":"summary_large_image","twitter_creator":"@Notibras","twitter_site":"@Notibras","twitter_misc":{"Escrito por":"Reda\u00e7\u00e3o","Est. tempo de leitura":"2 minutos"},"schema":{"@context":"https:\/\/schema.org","@graph":[{"@type":"Article","@id":"https:\/\/www.notibras.com\/site\/rodoviarios-negociam-salario-melhor-e-suspendem-greve\/#article","isPartOf":{"@id":"https:\/\/www.notibras.com\/site\/rodoviarios-negociam-salario-melhor-e-suspendem-greve\/"},"author":{"name":"Reda\u00e7\u00e3o","@id":"https:\/\/www.notibras.com\/site\/#\/schema\/person\/36ab0979449956132d3e5b517ea76ac8"},"headline":"Rodovi\u00e1rios negociam sal\u00e1rio melhor e suspendem greve","datePublished":"2023-11-07T03:02:22+00:00","dateModified":"2023-11-07T06:32:07+00:00","mainEntityOfPage":{"@id":"https:\/\/www.notibras.com\/site\/rodoviarios-negociam-salario-melhor-e-suspendem-greve\/"},"wordCount":362,"publisher":{"@id":"https:\/\/www.notibras.com\/site\/#organization"},"image":{"@id":"https:\/\/www.notibras.com\/site\/rodoviarios-negociam-salario-melhor-e-suspendem-greve\/#primaryimage"},"thumbnailUrl":"https:\/\/www.notibras.com\/site\/wp-content\/uploads\/2023\/11\/greverosdo.webp","articleSection":["Quadradinho em Foco"],"inLanguage":"pt-BR"},{"@type":"WebPage","@id":"https:\/\/www.notibras.com\/site\/rodoviarios-negociam-salario-melhor-e-suspendem-greve\/","url":"https:\/\/www.notibras.com\/site\/rodoviarios-negociam-salario-melhor-e-suspendem-greve\/","name":"Rodovi\u00e1rios negociam sal\u00e1rio melhor e suspendem greve - Notibras","isPartOf":{"@id":"https:\/\/www.notibras.com\/site\/#website"},"primaryImageOfPage":{"@id":"https:\/\/www.notibras.com\/site\/rodoviarios-negociam-salario-melhor-e-suspendem-greve\/#primaryimage"},"image":{"@id":"https:\/\/www.notibras.com\/site\/rodoviarios-negociam-salario-melhor-e-suspendem-greve\/#primaryimage"},"thumbnailUrl":"https:\/\/www.notibras.com\/site\/wp-content\/uploads\/2023\/11\/greverosdo.webp","datePublished":"2023-11-07T03:02:22+00:00","dateModified":"2023-11-07T06:32:07+00:00","breadcrumb":{"@id":"https:\/\/www.notibras.com\/site\/rodoviarios-negociam-salario-melhor-e-suspendem-greve\/#breadcrumb"},"inLanguage":"pt-BR","potentialAction":[{"@type":"ReadAction","target":["https:\/\/www.notibras.com\/site\/rodoviarios-negociam-salario-melhor-e-suspendem-greve\/"]}]},{"@type":"ImageObject","inLanguage":"pt-BR","@id":"https:\/\/www.notibras.com\/site\/rodoviarios-negociam-salario-melhor-e-suspendem-greve\/#primaryimage","url":"https:\/\/www.notibras.com\/site\/wp-content\/uploads\/2023\/11\/greverosdo.webp","contentUrl":"https:\/\/www.notibras.com\/site\/wp-content\/uploads\/2023\/11\/greverosdo.webp","width":1170,"height":700},{"@type":"BreadcrumbList","@id":"https:\/\/www.notibras.com\/site\/rodoviarios-negociam-salario-melhor-e-suspendem-greve\/#breadcrumb","itemListElement":[{"@type":"ListItem","position":1,"name":"In\u00edcio","item":"https:\/\/www.notibras.com\/site\/"},{"@type":"ListItem","position":2,"name":"Rodovi\u00e1rios negociam sal\u00e1rio melhor e suspendem greve"}]},{"@type":"WebSite","@id":"https:\/\/www.notibras.com\/site\/#website","url":"https:\/\/www.notibras.com\/site\/","name":"Notibras","description":"Not\u00edcias de Bras\u00edlia, do Brasil e do Mundo","publisher":{"@id":"https:\/\/www.notibras.com\/site\/#organization"},"potentialAction":[{"@type":"SearchAction","target":{"@type":"EntryPoint","urlTemplate":"https:\/\/www.notibras.com\/site\/?s={search_term_string}"},"query-input":{"@type":"PropertyValueSpecification","valueRequired":true,"valueName":"search_term_string"}}],"inLanguage":"pt-BR"},{"@type":"Organization","@id":"https:\/\/www.notibras.com\/site\/#organization","name":"Grupo Notibras de Comunica\u00e7\u00e3o","url":"https:\/\/www.notibras.com\/site\/","logo":{"@type":"ImageObject","inLanguage":"pt-BR","@id":"https:\/\/www.notibras.com\/site\/#\/schema\/logo\/image\/","url":"https:\/\/www.notibras.com\/site\/wp-content\/uploads\/2023\/01\/notibras23.png","contentUrl":"https:\/\/www.notibras.com\/site\/wp-content\/uploads\/2023\/01\/notibras23.png","width":350,"height":87,"caption":"Grupo Notibras de Comunica\u00e7\u00e3o"},"image":{"@id":"https:\/\/www.notibras.com\/site\/#\/schema\/logo\/image\/"},"sameAs":["https:\/\/www.facebook.com\/notibras\/","https:\/\/x.com\/Notibras","https:\/\/www.instagram.com\/notibras\/"]},{"@type":"Person","@id":"https:\/\/www.notibras.com\/site\/#\/schema\/person\/36ab0979449956132d3e5b517ea76ac8","name":"Reda\u00e7\u00e3o","image":{"@type":"ImageObject","inLanguage":"pt-BR","@id":"https:\/\/secure.gravatar.com\/avatar\/e0a867bdedb85fd243eadf09663511f96fc81e0720a4a42581f334ad4303aa6b?s=96&d=mm&r=g","url":"https:\/\/secure.gravatar.com\/avatar\/e0a867bdedb85fd243eadf09663511f96fc81e0720a4a42581f334ad4303aa6b?s=96&d=mm&r=g","contentUrl":"https:\/\/secure.gravatar.com\/avatar\/e0a867bdedb85fd243eadf09663511f96fc81e0720a4a42581f334ad4303aa6b?s=96&d=mm&r=g","caption":"Reda\u00e7\u00e3o"}}]}},"amp_enabled":true,"_links":{"self":[{"href":"https:\/\/www.notibras.com\/site\/wp-json\/wp\/v2\/posts\/316289","targetHints":{"allow":["GET"]}}],"collection":[{"href":"https:\/\/www.notibras.com\/site\/wp-json\/wp\/v2\/posts"}],"about":[{"href":"https:\/\/www.notibras.com\/site\/wp-json\/wp\/v2\/types\/post"}],"author":[{"embeddable":true,"href":"https:\/\/www.notibras.com\/site\/wp-json\/wp\/v2\/users\/2"}],"replies":[{"embeddable":true,"href":"https:\/\/www.notibras.com\/site\/wp-json\/wp\/v2\/comments?post=316289"}],"version-history":[{"count":1,"href":"https:\/\/www.notibras.com\/site\/wp-json\/wp\/v2\/posts\/316289\/revisions"}],"predecessor-version":[{"id":316291,"href":"https:\/\/www.notibras.com\/site\/wp-json\/wp\/v2\/posts\/316289\/revisions\/316291"}],"wp:featuredmedia":[{"embeddable":true,"href":"https:\/\/www.notibras.com\/site\/wp-json\/wp\/v2\/media\/316290"}],"wp:attachment":[{"href":"https:\/\/www.notibras.com\/site\/wp-json\/wp\/v2\/media?parent=316289"}],"wp:term":[{"taxonomy":"category","embeddable":true,"href":"https:\/\/www.notibras.com\/site\/wp-json\/wp\/v2\/categories?post=316289"},{"taxonomy":"post_tag","embeddable":true,"href":"https:\/\/www.notibras.com\/site\/wp-json\/wp\/v2\/tags?post=316289"}],"curies":[{"name":"wp","href":"https:\/\/api.w.org\/{rel}","templated":true}]}}