{"id":316314,"date":"2023-11-07T00:00:54","date_gmt":"2023-11-07T03:00:54","guid":{"rendered":"https:\/\/www.notibras.com\/site\/?p=316314"},"modified":"2023-11-07T04:31:27","modified_gmt":"2023-11-07T07:31:27","slug":"saiba-em-que-situacoes-candidato-pode-pedir-reaplicacao-do-enem","status":"publish","type":"post","link":"https:\/\/www.notibras.com\/site\/saiba-em-que-situacoes-candidato-pode-pedir-reaplicacao-do-enem\/","title":{"rendered":"Saiba em que situa\u00e7\u00f5es candidato pode pedir reaplica\u00e7\u00e3o do Enem"},"content":{"rendered":"<p>Milh\u00f5es de estudantes participaram no domingo (5) do primeiro dia de aplica\u00e7\u00e3o das provas da edi\u00e7\u00e3o de 2023 do Exame Nacional do Ensino M\u00e9dio (Enem). Mas e se o candidato n\u00e3o compareceu por doen\u00e7a contagiosa ou problemas de log\u00edstica tem direito a fazer a prova em outra data?<\/p>\n<p>Sim. O edital do Enem 2023 prev\u00ea a reaplica\u00e7\u00e3o da prova em algumas situa\u00e7\u00f5es. A nova aplica\u00e7\u00e3o ser\u00e1 nos dias 12 e 13 de dezembro, conforme o Instituto Nacional de Estudos e Pesquisas Educacionais An\u00edsio Teixeira (Inep), respons\u00e1vel pela organiza\u00e7\u00e3o do exame. Para solicitar a reaplica\u00e7\u00e3o, o candidato deve fazer o pedido entre 13 e 17 de novembro pela P\u00e1gina do Participante.<\/p>\n<p><strong>Doen\u00e7as infectocontagiosas<\/strong><br \/>\nO participante ausente por causa de doen\u00e7a infectocontagiosa poder\u00e1 solicitar a reaplica\u00e7\u00e3o das provas. As doen\u00e7as s\u00e3o as seguintes:<\/p>\n<p>&#8211; tuberculose<\/p>\n<p>&#8211; coqueluche<\/p>\n<p>&#8211; difteria<\/p>\n<p>&#8211; doen\u00e7a invasiva por Haemophilus influenzae<\/p>\n<p>&#8211; doen\u00e7a meningoc\u00f3cica e outras meningites<\/p>\n<p>&#8211; var\u00edola<\/p>\n<p>&#8211; var\u00edola dos macacos (monkeypox)<\/p>\n<p>&#8211; influenza humana A e B<\/p>\n<p>&#8211; poliomielite por poliov\u00edrus selvagem<\/p>\n<p>&#8211; sarampo<\/p>\n<p>&#8211; rub\u00e9ola<\/p>\n<p>&#8211; varicela<\/p>\n<p>&#8211; covid-19<\/p>\n<p>O candidato que teve indisposi\u00e7\u00e3o ou problema de sa\u00fade durante a aplica\u00e7\u00e3o do exame, precisando deixar o local, sem retornar ou n\u00e3o concluindo as provas, n\u00e3o pode solicitar a reaplica\u00e7\u00e3o.<\/p>\n<p><strong>Problemas log\u00edsticos<\/strong><br \/>\nOs seguintes problemas log\u00edsticos tamb\u00e9m podem ser motivo de reaplica\u00e7\u00e3o da prova:<\/p>\n<p>&#8211; desastres naturais que comprometem a infraestrutura do local de provas<\/p>\n<p>&#8211; falta de energia el\u00e9trica (que comprometa a visibilidade da prova pela aus\u00eancia de luz natural)<\/p>\n<p>&#8211; falha no dispositivo eletr\u00f4nico fornecido ao participante<\/p>\n<p>&#8211; erro de execu\u00e7\u00e3o de procedimento de aplica\u00e7\u00e3o que incorra em comprovado preju\u00edzo ao participante<\/p>\n<p>O participante afetado por problemas log\u00edsticos no primeiro dia de aplica\u00e7\u00e3o das provas deve comparecer no segundo dia de aplica\u00e7\u00e3o, dia 12 de novembro e solicitar a reaplica\u00e7\u00e3o somente para o primeiro dia.<\/p>\n<p><strong>Local de prova distante<\/strong><br \/>\nPessoas que foram alocadas para locais de prova com dist\u00e2ncia superior a 30 quil\u00f4metros da resid\u00eancia indicada na inscri\u00e7\u00e3o t\u00eam direito \u00e0 reaplica\u00e7\u00e3o da prova.<\/p>\n<p><strong>Como solicitar a reaplica\u00e7\u00e3o?<\/strong><br \/>\nO candidato deve apresentar a solicita\u00e7\u00e3o na P\u00e1gina do Participante. \u00c9 necess\u00e1rio apresentar documento comprovante da necessidade da reaplica\u00e7\u00e3o do exame, conforme previsto no item 4.2.3 do edital, como diagn\u00f3stico da doen\u00e7a.<\/p>\n<p>Os dados inseridos no pedido n\u00e3o podem ser alterados ap\u00f3s envio.<\/p>\n<p>O prazo para solicita\u00e7\u00e3o vai de 13 a 17 de novembro. N\u00e3o ser\u00e3o aceitos pedidos depois do prazo.<\/p>\n<p><strong>O Enem ser\u00e1 reaplicado mais de uma vez?<\/strong><br \/>\nDe acordo com o edital, haver\u00e1 somente uma reaplica\u00e7\u00e3o. O Inep informou que as datas s\u00e3o 12 e 13 de dezembro.<\/p>\n","protected":false},"excerpt":{"rendered":"<p>Milh\u00f5es de estudantes participaram no domingo (5) do primeiro dia de aplica\u00e7\u00e3o das provas da edi\u00e7\u00e3o de 2023 do Exame Nacional do Ensino M\u00e9dio (Enem). Mas e se o candidato n\u00e3o compareceu por doen\u00e7a contagiosa ou problemas de log\u00edstica tem direito a fazer a prova em outra data? Sim. O edital do Enem 2023 prev\u00ea [&hellip;]<\/p>\n","protected":false},"author":2,"featured_media":316315,"comment_status":"closed","ping_status":"closed","sticky":false,"template":"","format":"standard","meta":{"_acf_changed":false,"footnotes":""},"categories":[161],"tags":[],"class_list":["post-316314","post","type-post","status-publish","format-standard","has-post-thumbnail","hentry","category-quadradinho-em-foco"],"acf":[],"yoast_head":"<!-- This site is optimized with the Yoast SEO plugin v27.2 - https:\/\/yoast.com\/product\/yoast-seo-wordpress\/ -->\n<title>Saiba em que situa\u00e7\u00f5es candidato pode pedir reaplica\u00e7\u00e3o do Enem - Notibras<\/title>\n<meta name=\"robots\" content=\"index, follow, max-snippet:-1, max-image-preview:large, max-video-preview:-1\" \/>\n<link rel=\"canonical\" href=\"https:\/\/www.notibras.com\/site\/saiba-em-que-situacoes-candidato-pode-pedir-reaplicacao-do-enem\/\" \/>\n<meta property=\"og:locale\" content=\"pt_BR\" \/>\n<meta property=\"og:type\" content=\"article\" \/>\n<meta property=\"og:title\" content=\"Saiba em que situa\u00e7\u00f5es candidato pode pedir reaplica\u00e7\u00e3o do Enem - Notibras\" \/>\n<meta property=\"og:description\" content=\"Milh\u00f5es de estudantes participaram no domingo (5) do primeiro dia de aplica\u00e7\u00e3o das provas da edi\u00e7\u00e3o de 2023 do Exame Nacional do Ensino M\u00e9dio (Enem). Mas e se o candidato n\u00e3o compareceu por doen\u00e7a contagiosa ou problemas de log\u00edstica tem direito a fazer a prova em outra data? Sim. O edital do Enem 2023 prev\u00ea [&hellip;]\" \/>\n<meta property=\"og:url\" content=\"https:\/\/www.notibras.com\/site\/saiba-em-que-situacoes-candidato-pode-pedir-reaplicacao-do-enem\/\" \/>\n<meta property=\"og:site_name\" content=\"Notibras\" \/>\n<meta property=\"article:publisher\" content=\"https:\/\/www.facebook.com\/notibras\/\" \/>\n<meta property=\"article:published_time\" content=\"2023-11-07T03:00:54+00:00\" \/>\n<meta property=\"article:modified_time\" content=\"2023-11-07T07:31:27+00:00\" \/>\n<meta property=\"og:image\" content=\"https:\/\/www.notibras.com\/site\/wp-content\/uploads\/2023\/11\/provaperfdeu.webp\" \/>\n\t<meta property=\"og:image:width\" content=\"770\" \/>\n\t<meta property=\"og:image:height\" content=\"556\" \/>\n\t<meta property=\"og:image:type\" content=\"image\/webp\" \/>\n<meta name=\"author\" content=\"Reda\u00e7\u00e3o\" \/>\n<meta name=\"twitter:card\" content=\"summary_large_image\" \/>\n<meta name=\"twitter:creator\" content=\"@Notibras\" \/>\n<meta name=\"twitter:site\" content=\"@Notibras\" \/>\n<meta name=\"twitter:label1\" content=\"Escrito por\" \/>\n\t<meta name=\"twitter:data1\" content=\"Reda\u00e7\u00e3o\" \/>\n\t<meta name=\"twitter:label2\" content=\"Est. tempo de leitura\" \/>\n\t<meta name=\"twitter:data2\" content=\"3 minutos\" \/>\n<script type=\"application\/ld+json\" class=\"yoast-schema-graph\">{\"@context\":\"https:\/\/schema.org\",\"@graph\":[{\"@type\":\"Article\",\"@id\":\"https:\/\/www.notibras.com\/site\/saiba-em-que-situacoes-candidato-pode-pedir-reaplicacao-do-enem\/#article\",\"isPartOf\":{\"@id\":\"https:\/\/www.notibras.com\/site\/saiba-em-que-situacoes-candidato-pode-pedir-reaplicacao-do-enem\/\"},\"author\":{\"name\":\"Reda\u00e7\u00e3o\",\"@id\":\"https:\/\/www.notibras.com\/site\/#\/schema\/person\/36ab0979449956132d3e5b517ea76ac8\"},\"headline\":\"Saiba em que situa\u00e7\u00f5es candidato pode pedir reaplica\u00e7\u00e3o do Enem\",\"datePublished\":\"2023-11-07T03:00:54+00:00\",\"dateModified\":\"2023-11-07T07:31:27+00:00\",\"mainEntityOfPage\":{\"@id\":\"https:\/\/www.notibras.com\/site\/saiba-em-que-situacoes-candidato-pode-pedir-reaplicacao-do-enem\/\"},\"wordCount\":488,\"publisher\":{\"@id\":\"https:\/\/www.notibras.com\/site\/#organization\"},\"image\":{\"@id\":\"https:\/\/www.notibras.com\/site\/saiba-em-que-situacoes-candidato-pode-pedir-reaplicacao-do-enem\/#primaryimage\"},\"thumbnailUrl\":\"https:\/\/www.notibras.com\/site\/wp-content\/uploads\/2023\/11\/provaperfdeu.webp\",\"articleSection\":[\"Quadradinho em Foco\"],\"inLanguage\":\"pt-BR\"},{\"@type\":\"WebPage\",\"@id\":\"https:\/\/www.notibras.com\/site\/saiba-em-que-situacoes-candidato-pode-pedir-reaplicacao-do-enem\/\",\"url\":\"https:\/\/www.notibras.com\/site\/saiba-em-que-situacoes-candidato-pode-pedir-reaplicacao-do-enem\/\",\"name\":\"Saiba em que situa\u00e7\u00f5es candidato pode pedir reaplica\u00e7\u00e3o do Enem - Notibras\",\"isPartOf\":{\"@id\":\"https:\/\/www.notibras.com\/site\/#website\"},\"primaryImageOfPage\":{\"@id\":\"https:\/\/www.notibras.com\/site\/saiba-em-que-situacoes-candidato-pode-pedir-reaplicacao-do-enem\/#primaryimage\"},\"image\":{\"@id\":\"https:\/\/www.notibras.com\/site\/saiba-em-que-situacoes-candidato-pode-pedir-reaplicacao-do-enem\/#primaryimage\"},\"thumbnailUrl\":\"https:\/\/www.notibras.com\/site\/wp-content\/uploads\/2023\/11\/provaperfdeu.webp\",\"datePublished\":\"2023-11-07T03:00:54+00:00\",\"dateModified\":\"2023-11-07T07:31:27+00:00\",\"breadcrumb\":{\"@id\":\"https:\/\/www.notibras.com\/site\/saiba-em-que-situacoes-candidato-pode-pedir-reaplicacao-do-enem\/#breadcrumb\"},\"inLanguage\":\"pt-BR\",\"potentialAction\":[{\"@type\":\"ReadAction\",\"target\":[\"https:\/\/www.notibras.com\/site\/saiba-em-que-situacoes-candidato-pode-pedir-reaplicacao-do-enem\/\"]}]},{\"@type\":\"ImageObject\",\"inLanguage\":\"pt-BR\",\"@id\":\"https:\/\/www.notibras.com\/site\/saiba-em-que-situacoes-candidato-pode-pedir-reaplicacao-do-enem\/#primaryimage\",\"url\":\"https:\/\/www.notibras.com\/site\/wp-content\/uploads\/2023\/11\/provaperfdeu.webp\",\"contentUrl\":\"https:\/\/www.notibras.com\/site\/wp-content\/uploads\/2023\/11\/provaperfdeu.webp\",\"width\":770,\"height\":556},{\"@type\":\"BreadcrumbList\",\"@id\":\"https:\/\/www.notibras.com\/site\/saiba-em-que-situacoes-candidato-pode-pedir-reaplicacao-do-enem\/#breadcrumb\",\"itemListElement\":[{\"@type\":\"ListItem\",\"position\":1,\"name\":\"In\u00edcio\",\"item\":\"https:\/\/www.notibras.com\/site\/\"},{\"@type\":\"ListItem\",\"position\":2,\"name\":\"Saiba em que situa\u00e7\u00f5es candidato pode pedir reaplica\u00e7\u00e3o do Enem\"}]},{\"@type\":\"WebSite\",\"@id\":\"https:\/\/www.notibras.com\/site\/#website\",\"url\":\"https:\/\/www.notibras.com\/site\/\",\"name\":\"Notibras\",\"description\":\"Not\u00edcias de Bras\u00edlia, do Brasil e do Mundo\",\"publisher\":{\"@id\":\"https:\/\/www.notibras.com\/site\/#organization\"},\"potentialAction\":[{\"@type\":\"SearchAction\",\"target\":{\"@type\":\"EntryPoint\",\"urlTemplate\":\"https:\/\/www.notibras.com\/site\/?s={search_term_string}\"},\"query-input\":{\"@type\":\"PropertyValueSpecification\",\"valueRequired\":true,\"valueName\":\"search_term_string\"}}],\"inLanguage\":\"pt-BR\"},{\"@type\":\"Organization\",\"@id\":\"https:\/\/www.notibras.com\/site\/#organization\",\"name\":\"Grupo Notibras de Comunica\u00e7\u00e3o\",\"url\":\"https:\/\/www.notibras.com\/site\/\",\"logo\":{\"@type\":\"ImageObject\",\"inLanguage\":\"pt-BR\",\"@id\":\"https:\/\/www.notibras.com\/site\/#\/schema\/logo\/image\/\",\"url\":\"https:\/\/www.notibras.com\/site\/wp-content\/uploads\/2023\/01\/notibras23.png\",\"contentUrl\":\"https:\/\/www.notibras.com\/site\/wp-content\/uploads\/2023\/01\/notibras23.png\",\"width\":350,\"height\":87,\"caption\":\"Grupo Notibras de Comunica\u00e7\u00e3o\"},\"image\":{\"@id\":\"https:\/\/www.notibras.com\/site\/#\/schema\/logo\/image\/\"},\"sameAs\":[\"https:\/\/www.facebook.com\/notibras\/\",\"https:\/\/x.com\/Notibras\",\"https:\/\/www.instagram.com\/notibras\/\"]},{\"@type\":\"Person\",\"@id\":\"https:\/\/www.notibras.com\/site\/#\/schema\/person\/36ab0979449956132d3e5b517ea76ac8\",\"name\":\"Reda\u00e7\u00e3o\",\"image\":{\"@type\":\"ImageObject\",\"inLanguage\":\"pt-BR\",\"@id\":\"https:\/\/secure.gravatar.com\/avatar\/e0a867bdedb85fd243eadf09663511f96fc81e0720a4a42581f334ad4303aa6b?s=96&d=mm&r=g\",\"url\":\"https:\/\/secure.gravatar.com\/avatar\/e0a867bdedb85fd243eadf09663511f96fc81e0720a4a42581f334ad4303aa6b?s=96&d=mm&r=g\",\"contentUrl\":\"https:\/\/secure.gravatar.com\/avatar\/e0a867bdedb85fd243eadf09663511f96fc81e0720a4a42581f334ad4303aa6b?s=96&d=mm&r=g\",\"caption\":\"Reda\u00e7\u00e3o\"}}]}<\/script>\n<!-- \/ Yoast SEO plugin. -->","yoast_head_json":{"title":"Saiba em que situa\u00e7\u00f5es candidato pode pedir reaplica\u00e7\u00e3o do Enem - Notibras","robots":{"index":"index","follow":"follow","max-snippet":"max-snippet:-1","max-image-preview":"max-image-preview:large","max-video-preview":"max-video-preview:-1"},"canonical":"https:\/\/www.notibras.com\/site\/saiba-em-que-situacoes-candidato-pode-pedir-reaplicacao-do-enem\/","og_locale":"pt_BR","og_type":"article","og_title":"Saiba em que situa\u00e7\u00f5es candidato pode pedir reaplica\u00e7\u00e3o do Enem - Notibras","og_description":"Milh\u00f5es de estudantes participaram no domingo (5) do primeiro dia de aplica\u00e7\u00e3o das provas da edi\u00e7\u00e3o de 2023 do Exame Nacional do Ensino M\u00e9dio (Enem). Mas e se o candidato n\u00e3o compareceu por doen\u00e7a contagiosa ou problemas de log\u00edstica tem direito a fazer a prova em outra data? Sim. O edital do Enem 2023 prev\u00ea [&hellip;]","og_url":"https:\/\/www.notibras.com\/site\/saiba-em-que-situacoes-candidato-pode-pedir-reaplicacao-do-enem\/","og_site_name":"Notibras","article_publisher":"https:\/\/www.facebook.com\/notibras\/","article_published_time":"2023-11-07T03:00:54+00:00","article_modified_time":"2023-11-07T07:31:27+00:00","og_image":[{"width":770,"height":556,"url":"https:\/\/www.notibras.com\/site\/wp-content\/uploads\/2023\/11\/provaperfdeu.webp","type":"image\/webp"}],"author":"Reda\u00e7\u00e3o","twitter_card":"summary_large_image","twitter_creator":"@Notibras","twitter_site":"@Notibras","twitter_misc":{"Escrito por":"Reda\u00e7\u00e3o","Est. tempo de leitura":"3 minutos"},"schema":{"@context":"https:\/\/schema.org","@graph":[{"@type":"Article","@id":"https:\/\/www.notibras.com\/site\/saiba-em-que-situacoes-candidato-pode-pedir-reaplicacao-do-enem\/#article","isPartOf":{"@id":"https:\/\/www.notibras.com\/site\/saiba-em-que-situacoes-candidato-pode-pedir-reaplicacao-do-enem\/"},"author":{"name":"Reda\u00e7\u00e3o","@id":"https:\/\/www.notibras.com\/site\/#\/schema\/person\/36ab0979449956132d3e5b517ea76ac8"},"headline":"Saiba em que situa\u00e7\u00f5es candidato pode pedir reaplica\u00e7\u00e3o do Enem","datePublished":"2023-11-07T03:00:54+00:00","dateModified":"2023-11-07T07:31:27+00:00","mainEntityOfPage":{"@id":"https:\/\/www.notibras.com\/site\/saiba-em-que-situacoes-candidato-pode-pedir-reaplicacao-do-enem\/"},"wordCount":488,"publisher":{"@id":"https:\/\/www.notibras.com\/site\/#organization"},"image":{"@id":"https:\/\/www.notibras.com\/site\/saiba-em-que-situacoes-candidato-pode-pedir-reaplicacao-do-enem\/#primaryimage"},"thumbnailUrl":"https:\/\/www.notibras.com\/site\/wp-content\/uploads\/2023\/11\/provaperfdeu.webp","articleSection":["Quadradinho em Foco"],"inLanguage":"pt-BR"},{"@type":"WebPage","@id":"https:\/\/www.notibras.com\/site\/saiba-em-que-situacoes-candidato-pode-pedir-reaplicacao-do-enem\/","url":"https:\/\/www.notibras.com\/site\/saiba-em-que-situacoes-candidato-pode-pedir-reaplicacao-do-enem\/","name":"Saiba em que situa\u00e7\u00f5es candidato pode pedir reaplica\u00e7\u00e3o do Enem - Notibras","isPartOf":{"@id":"https:\/\/www.notibras.com\/site\/#website"},"primaryImageOfPage":{"@id":"https:\/\/www.notibras.com\/site\/saiba-em-que-situacoes-candidato-pode-pedir-reaplicacao-do-enem\/#primaryimage"},"image":{"@id":"https:\/\/www.notibras.com\/site\/saiba-em-que-situacoes-candidato-pode-pedir-reaplicacao-do-enem\/#primaryimage"},"thumbnailUrl":"https:\/\/www.notibras.com\/site\/wp-content\/uploads\/2023\/11\/provaperfdeu.webp","datePublished":"2023-11-07T03:00:54+00:00","dateModified":"2023-11-07T07:31:27+00:00","breadcrumb":{"@id":"https:\/\/www.notibras.com\/site\/saiba-em-que-situacoes-candidato-pode-pedir-reaplicacao-do-enem\/#breadcrumb"},"inLanguage":"pt-BR","potentialAction":[{"@type":"ReadAction","target":["https:\/\/www.notibras.com\/site\/saiba-em-que-situacoes-candidato-pode-pedir-reaplicacao-do-enem\/"]}]},{"@type":"ImageObject","inLanguage":"pt-BR","@id":"https:\/\/www.notibras.com\/site\/saiba-em-que-situacoes-candidato-pode-pedir-reaplicacao-do-enem\/#primaryimage","url":"https:\/\/www.notibras.com\/site\/wp-content\/uploads\/2023\/11\/provaperfdeu.webp","contentUrl":"https:\/\/www.notibras.com\/site\/wp-content\/uploads\/2023\/11\/provaperfdeu.webp","width":770,"height":556},{"@type":"BreadcrumbList","@id":"https:\/\/www.notibras.com\/site\/saiba-em-que-situacoes-candidato-pode-pedir-reaplicacao-do-enem\/#breadcrumb","itemListElement":[{"@type":"ListItem","position":1,"name":"In\u00edcio","item":"https:\/\/www.notibras.com\/site\/"},{"@type":"ListItem","position":2,"name":"Saiba em que situa\u00e7\u00f5es candidato pode pedir reaplica\u00e7\u00e3o do Enem"}]},{"@type":"WebSite","@id":"https:\/\/www.notibras.com\/site\/#website","url":"https:\/\/www.notibras.com\/site\/","name":"Notibras","description":"Not\u00edcias de Bras\u00edlia, do Brasil e do Mundo","publisher":{"@id":"https:\/\/www.notibras.com\/site\/#organization"},"potentialAction":[{"@type":"SearchAction","target":{"@type":"EntryPoint","urlTemplate":"https:\/\/www.notibras.com\/site\/?s={search_term_string}"},"query-input":{"@type":"PropertyValueSpecification","valueRequired":true,"valueName":"search_term_string"}}],"inLanguage":"pt-BR"},{"@type":"Organization","@id":"https:\/\/www.notibras.com\/site\/#organization","name":"Grupo Notibras de Comunica\u00e7\u00e3o","url":"https:\/\/www.notibras.com\/site\/","logo":{"@type":"ImageObject","inLanguage":"pt-BR","@id":"https:\/\/www.notibras.com\/site\/#\/schema\/logo\/image\/","url":"https:\/\/www.notibras.com\/site\/wp-content\/uploads\/2023\/01\/notibras23.png","contentUrl":"https:\/\/www.notibras.com\/site\/wp-content\/uploads\/2023\/01\/notibras23.png","width":350,"height":87,"caption":"Grupo Notibras de Comunica\u00e7\u00e3o"},"image":{"@id":"https:\/\/www.notibras.com\/site\/#\/schema\/logo\/image\/"},"sameAs":["https:\/\/www.facebook.com\/notibras\/","https:\/\/x.com\/Notibras","https:\/\/www.instagram.com\/notibras\/"]},{"@type":"Person","@id":"https:\/\/www.notibras.com\/site\/#\/schema\/person\/36ab0979449956132d3e5b517ea76ac8","name":"Reda\u00e7\u00e3o","image":{"@type":"ImageObject","inLanguage":"pt-BR","@id":"https:\/\/secure.gravatar.com\/avatar\/e0a867bdedb85fd243eadf09663511f96fc81e0720a4a42581f334ad4303aa6b?s=96&d=mm&r=g","url":"https:\/\/secure.gravatar.com\/avatar\/e0a867bdedb85fd243eadf09663511f96fc81e0720a4a42581f334ad4303aa6b?s=96&d=mm&r=g","contentUrl":"https:\/\/secure.gravatar.com\/avatar\/e0a867bdedb85fd243eadf09663511f96fc81e0720a4a42581f334ad4303aa6b?s=96&d=mm&r=g","caption":"Reda\u00e7\u00e3o"}}]}},"amp_enabled":true,"_links":{"self":[{"href":"https:\/\/www.notibras.com\/site\/wp-json\/wp\/v2\/posts\/316314","targetHints":{"allow":["GET"]}}],"collection":[{"href":"https:\/\/www.notibras.com\/site\/wp-json\/wp\/v2\/posts"}],"about":[{"href":"https:\/\/www.notibras.com\/site\/wp-json\/wp\/v2\/types\/post"}],"author":[{"embeddable":true,"href":"https:\/\/www.notibras.com\/site\/wp-json\/wp\/v2\/users\/2"}],"replies":[{"embeddable":true,"href":"https:\/\/www.notibras.com\/site\/wp-json\/wp\/v2\/comments?post=316314"}],"version-history":[{"count":3,"href":"https:\/\/www.notibras.com\/site\/wp-json\/wp\/v2\/posts\/316314\/revisions"}],"predecessor-version":[{"id":316318,"href":"https:\/\/www.notibras.com\/site\/wp-json\/wp\/v2\/posts\/316314\/revisions\/316318"}],"wp:featuredmedia":[{"embeddable":true,"href":"https:\/\/www.notibras.com\/site\/wp-json\/wp\/v2\/media\/316315"}],"wp:attachment":[{"href":"https:\/\/www.notibras.com\/site\/wp-json\/wp\/v2\/media?parent=316314"}],"wp:term":[{"taxonomy":"category","embeddable":true,"href":"https:\/\/www.notibras.com\/site\/wp-json\/wp\/v2\/categories?post=316314"},{"taxonomy":"post_tag","embeddable":true,"href":"https:\/\/www.notibras.com\/site\/wp-json\/wp\/v2\/tags?post=316314"}],"curies":[{"name":"wp","href":"https:\/\/api.w.org\/{rel}","templated":true}]}}