{"id":316319,"date":"2023-11-07T00:00:09","date_gmt":"2023-11-07T03:00:09","guid":{"rendered":"https:\/\/www.notibras.com\/site\/?p=316319"},"modified":"2023-11-07T04:38:55","modified_gmt":"2023-11-07T07:38:55","slug":"mec-descarta-cancelar-enem-apos-suposto-vazamento-de-imagens","status":"publish","type":"post","link":"https:\/\/www.notibras.com\/site\/mec-descarta-cancelar-enem-apos-suposto-vazamento-de-imagens\/","title":{"rendered":"MEC descarta cancelar Enem ap\u00f3s suposto vazamento de imagens"},"content":{"rendered":"<p>O ministro da Educa\u00e7\u00e3o, Camilo Santana, descartou, nesta segunda-feira (6), o cancelamento do Exame Nacional do Ensino M\u00e9dio (Enem) de 2023, ap\u00f3s suposto vazamento de imagens da prova no domingo (5), primeiro dia de aplica\u00e7\u00e3o das provas. \u201cDe forma alguma\u201d, disse, quando questionado sobre a possibilidade de cancelamento.<\/p>\n<p>Camilo falou com a imprensa no Pal\u00e1cio do Planalto, ap\u00f3s reuni\u00e3o com o presidente Luiz In\u00e1cio Lula da Silva. Segundo ele, a Pol\u00edcia Federal (PF) investiga o caso. A imagem de uma prova de reda\u00e7\u00e3o do Enem 2023 circulou nas redes sociais e em grupos do WhatsApp.<\/p>\n<p>\u201cOntem, tivemos duas dilig\u00eancias da Pol\u00edcia Federal em rela\u00e7\u00e3o \u00e0s imagens circuladas, uma em Pernambuco e outra aqui no Distrito Federal. Portanto, a Pol\u00edcia Federal continua apurando e fazendo as investiga\u00e7\u00f5es necess\u00e1rias para identificar qualquer tipo de il\u00edcito\u201d, disse.<\/p>\n<p>O ministro afirmou que o balan\u00e7o da primeira etapa de provas foi positivo, com \u201cocorr\u00eancias pontuais\u201d. O primeiro dia de provas do Enem 2023 teve 4.293 candidatos eliminados por viola\u00e7\u00f5es, como portar equipamento eletr\u00f4nico, ausentar-se da sala antes do hor\u00e1rio permitido (15h30), utilizar impressos e n\u00e3o atender orienta\u00e7\u00f5es dos fiscais. Todas essas regras est\u00e3o previstas no edital.<\/p>\n<p>Ontem, os estudantes fizeram as provas de linguagens; c\u00f3digos e suas tecnologias; e ci\u00eancias humanas e suas tecnologias, al\u00e9m da reda\u00e7\u00e3o. No pr\u00f3ximo domingo (12), ser\u00e3o aplicadas as quest\u00f5es de ci\u00eancias da natureza e de matem\u00e1tica.<\/p>\n<p>O resultado do Enem \u00e9 usado para ingresso nas universidades p\u00fablicas, por meio do Sistema de Sele\u00e7\u00e3o Unificada (Sisu) ou para bolsas em universidades privadas pelo Programa Universidade Para Todos (Prouni). O exame tamb\u00e9m \u00e9 usado para acesso ao Fundo de Financiamento Estudantil (Fies), do Minist\u00e9rio da Educa\u00e7\u00e3o (MEC), programa que financia mensalidades em institui\u00e7\u00f5es privadas.<\/p>\n","protected":false},"excerpt":{"rendered":"<p>O ministro da Educa\u00e7\u00e3o, Camilo Santana, descartou, nesta segunda-feira (6), o cancelamento do Exame Nacional do Ensino M\u00e9dio (Enem) de 2023, ap\u00f3s suposto vazamento de imagens da prova no domingo (5), primeiro dia de aplica\u00e7\u00e3o das provas. \u201cDe forma alguma\u201d, disse, quando questionado sobre a possibilidade de cancelamento. Camilo falou com a imprensa no Pal\u00e1cio [&hellip;]<\/p>\n","protected":false},"author":2,"featured_media":316320,"comment_status":"closed","ping_status":"closed","sticky":false,"template":"","format":"standard","meta":{"_acf_changed":false,"footnotes":""},"categories":[161],"tags":[],"class_list":["post-316319","post","type-post","status-publish","format-standard","has-post-thumbnail","hentry","category-quadradinho-em-foco"],"acf":[],"yoast_head":"<!-- This site is optimized with the Yoast SEO plugin v27.2 - https:\/\/yoast.com\/product\/yoast-seo-wordpress\/ -->\n<title>MEC descarta cancelar Enem ap\u00f3s suposto vazamento de imagens - Notibras<\/title>\n<meta name=\"robots\" content=\"index, follow, max-snippet:-1, max-image-preview:large, max-video-preview:-1\" \/>\n<link rel=\"canonical\" href=\"https:\/\/www.notibras.com\/site\/mec-descarta-cancelar-enem-apos-suposto-vazamento-de-imagens\/\" \/>\n<meta property=\"og:locale\" content=\"pt_BR\" \/>\n<meta property=\"og:type\" content=\"article\" \/>\n<meta property=\"og:title\" content=\"MEC descarta cancelar Enem ap\u00f3s suposto vazamento de imagens - Notibras\" \/>\n<meta property=\"og:description\" content=\"O ministro da Educa\u00e7\u00e3o, Camilo Santana, descartou, nesta segunda-feira (6), o cancelamento do Exame Nacional do Ensino M\u00e9dio (Enem) de 2023, ap\u00f3s suposto vazamento de imagens da prova no domingo (5), primeiro dia de aplica\u00e7\u00e3o das provas. \u201cDe forma alguma\u201d, disse, quando questionado sobre a possibilidade de cancelamento. Camilo falou com a imprensa no Pal\u00e1cio [&hellip;]\" \/>\n<meta property=\"og:url\" content=\"https:\/\/www.notibras.com\/site\/mec-descarta-cancelar-enem-apos-suposto-vazamento-de-imagens\/\" \/>\n<meta property=\"og:site_name\" content=\"Notibras\" \/>\n<meta property=\"article:publisher\" content=\"https:\/\/www.facebook.com\/notibras\/\" \/>\n<meta property=\"article:published_time\" content=\"2023-11-07T03:00:09+00:00\" \/>\n<meta property=\"article:modified_time\" content=\"2023-11-07T07:38:55+00:00\" \/>\n<meta property=\"og:image\" content=\"https:\/\/www.notibras.com\/site\/wp-content\/uploads\/2023\/11\/provafalsa.webp\" \/>\n\t<meta property=\"og:image:width\" content=\"1170\" \/>\n\t<meta property=\"og:image:height\" content=\"700\" \/>\n\t<meta property=\"og:image:type\" content=\"image\/webp\" \/>\n<meta name=\"author\" content=\"Reda\u00e7\u00e3o\" \/>\n<meta name=\"twitter:card\" content=\"summary_large_image\" \/>\n<meta name=\"twitter:creator\" content=\"@Notibras\" \/>\n<meta name=\"twitter:site\" content=\"@Notibras\" \/>\n<meta name=\"twitter:label1\" content=\"Escrito por\" \/>\n\t<meta name=\"twitter:data1\" content=\"Reda\u00e7\u00e3o\" \/>\n\t<meta name=\"twitter:label2\" content=\"Est. tempo de leitura\" \/>\n\t<meta name=\"twitter:data2\" content=\"2 minutos\" \/>\n<script type=\"application\/ld+json\" class=\"yoast-schema-graph\">{\"@context\":\"https:\/\/schema.org\",\"@graph\":[{\"@type\":\"Article\",\"@id\":\"https:\/\/www.notibras.com\/site\/mec-descarta-cancelar-enem-apos-suposto-vazamento-de-imagens\/#article\",\"isPartOf\":{\"@id\":\"https:\/\/www.notibras.com\/site\/mec-descarta-cancelar-enem-apos-suposto-vazamento-de-imagens\/\"},\"author\":{\"name\":\"Reda\u00e7\u00e3o\",\"@id\":\"https:\/\/www.notibras.com\/site\/#\/schema\/person\/36ab0979449956132d3e5b517ea76ac8\"},\"headline\":\"MEC descarta cancelar Enem ap\u00f3s suposto vazamento de imagens\",\"datePublished\":\"2023-11-07T03:00:09+00:00\",\"dateModified\":\"2023-11-07T07:38:55+00:00\",\"mainEntityOfPage\":{\"@id\":\"https:\/\/www.notibras.com\/site\/mec-descarta-cancelar-enem-apos-suposto-vazamento-de-imagens\/\"},\"wordCount\":324,\"publisher\":{\"@id\":\"https:\/\/www.notibras.com\/site\/#organization\"},\"image\":{\"@id\":\"https:\/\/www.notibras.com\/site\/mec-descarta-cancelar-enem-apos-suposto-vazamento-de-imagens\/#primaryimage\"},\"thumbnailUrl\":\"https:\/\/www.notibras.com\/site\/wp-content\/uploads\/2023\/11\/provafalsa.webp\",\"articleSection\":[\"Quadradinho em Foco\"],\"inLanguage\":\"pt-BR\"},{\"@type\":\"WebPage\",\"@id\":\"https:\/\/www.notibras.com\/site\/mec-descarta-cancelar-enem-apos-suposto-vazamento-de-imagens\/\",\"url\":\"https:\/\/www.notibras.com\/site\/mec-descarta-cancelar-enem-apos-suposto-vazamento-de-imagens\/\",\"name\":\"MEC descarta cancelar Enem ap\u00f3s suposto vazamento de imagens - Notibras\",\"isPartOf\":{\"@id\":\"https:\/\/www.notibras.com\/site\/#website\"},\"primaryImageOfPage\":{\"@id\":\"https:\/\/www.notibras.com\/site\/mec-descarta-cancelar-enem-apos-suposto-vazamento-de-imagens\/#primaryimage\"},\"image\":{\"@id\":\"https:\/\/www.notibras.com\/site\/mec-descarta-cancelar-enem-apos-suposto-vazamento-de-imagens\/#primaryimage\"},\"thumbnailUrl\":\"https:\/\/www.notibras.com\/site\/wp-content\/uploads\/2023\/11\/provafalsa.webp\",\"datePublished\":\"2023-11-07T03:00:09+00:00\",\"dateModified\":\"2023-11-07T07:38:55+00:00\",\"breadcrumb\":{\"@id\":\"https:\/\/www.notibras.com\/site\/mec-descarta-cancelar-enem-apos-suposto-vazamento-de-imagens\/#breadcrumb\"},\"inLanguage\":\"pt-BR\",\"potentialAction\":[{\"@type\":\"ReadAction\",\"target\":[\"https:\/\/www.notibras.com\/site\/mec-descarta-cancelar-enem-apos-suposto-vazamento-de-imagens\/\"]}]},{\"@type\":\"ImageObject\",\"inLanguage\":\"pt-BR\",\"@id\":\"https:\/\/www.notibras.com\/site\/mec-descarta-cancelar-enem-apos-suposto-vazamento-de-imagens\/#primaryimage\",\"url\":\"https:\/\/www.notibras.com\/site\/wp-content\/uploads\/2023\/11\/provafalsa.webp\",\"contentUrl\":\"https:\/\/www.notibras.com\/site\/wp-content\/uploads\/2023\/11\/provafalsa.webp\",\"width\":1170,\"height\":700},{\"@type\":\"BreadcrumbList\",\"@id\":\"https:\/\/www.notibras.com\/site\/mec-descarta-cancelar-enem-apos-suposto-vazamento-de-imagens\/#breadcrumb\",\"itemListElement\":[{\"@type\":\"ListItem\",\"position\":1,\"name\":\"In\u00edcio\",\"item\":\"https:\/\/www.notibras.com\/site\/\"},{\"@type\":\"ListItem\",\"position\":2,\"name\":\"MEC descarta cancelar Enem ap\u00f3s suposto vazamento de imagens\"}]},{\"@type\":\"WebSite\",\"@id\":\"https:\/\/www.notibras.com\/site\/#website\",\"url\":\"https:\/\/www.notibras.com\/site\/\",\"name\":\"Notibras\",\"description\":\"Not\u00edcias de Bras\u00edlia, do Brasil e do Mundo\",\"publisher\":{\"@id\":\"https:\/\/www.notibras.com\/site\/#organization\"},\"potentialAction\":[{\"@type\":\"SearchAction\",\"target\":{\"@type\":\"EntryPoint\",\"urlTemplate\":\"https:\/\/www.notibras.com\/site\/?s={search_term_string}\"},\"query-input\":{\"@type\":\"PropertyValueSpecification\",\"valueRequired\":true,\"valueName\":\"search_term_string\"}}],\"inLanguage\":\"pt-BR\"},{\"@type\":\"Organization\",\"@id\":\"https:\/\/www.notibras.com\/site\/#organization\",\"name\":\"Grupo Notibras de Comunica\u00e7\u00e3o\",\"url\":\"https:\/\/www.notibras.com\/site\/\",\"logo\":{\"@type\":\"ImageObject\",\"inLanguage\":\"pt-BR\",\"@id\":\"https:\/\/www.notibras.com\/site\/#\/schema\/logo\/image\/\",\"url\":\"https:\/\/www.notibras.com\/site\/wp-content\/uploads\/2023\/01\/notibras23.png\",\"contentUrl\":\"https:\/\/www.notibras.com\/site\/wp-content\/uploads\/2023\/01\/notibras23.png\",\"width\":350,\"height\":87,\"caption\":\"Grupo Notibras de Comunica\u00e7\u00e3o\"},\"image\":{\"@id\":\"https:\/\/www.notibras.com\/site\/#\/schema\/logo\/image\/\"},\"sameAs\":[\"https:\/\/www.facebook.com\/notibras\/\",\"https:\/\/x.com\/Notibras\",\"https:\/\/www.instagram.com\/notibras\/\"]},{\"@type\":\"Person\",\"@id\":\"https:\/\/www.notibras.com\/site\/#\/schema\/person\/36ab0979449956132d3e5b517ea76ac8\",\"name\":\"Reda\u00e7\u00e3o\",\"image\":{\"@type\":\"ImageObject\",\"inLanguage\":\"pt-BR\",\"@id\":\"https:\/\/secure.gravatar.com\/avatar\/e0a867bdedb85fd243eadf09663511f96fc81e0720a4a42581f334ad4303aa6b?s=96&d=mm&r=g\",\"url\":\"https:\/\/secure.gravatar.com\/avatar\/e0a867bdedb85fd243eadf09663511f96fc81e0720a4a42581f334ad4303aa6b?s=96&d=mm&r=g\",\"contentUrl\":\"https:\/\/secure.gravatar.com\/avatar\/e0a867bdedb85fd243eadf09663511f96fc81e0720a4a42581f334ad4303aa6b?s=96&d=mm&r=g\",\"caption\":\"Reda\u00e7\u00e3o\"}}]}<\/script>\n<!-- \/ Yoast SEO plugin. -->","yoast_head_json":{"title":"MEC descarta cancelar Enem ap\u00f3s suposto vazamento de imagens - Notibras","robots":{"index":"index","follow":"follow","max-snippet":"max-snippet:-1","max-image-preview":"max-image-preview:large","max-video-preview":"max-video-preview:-1"},"canonical":"https:\/\/www.notibras.com\/site\/mec-descarta-cancelar-enem-apos-suposto-vazamento-de-imagens\/","og_locale":"pt_BR","og_type":"article","og_title":"MEC descarta cancelar Enem ap\u00f3s suposto vazamento de imagens - Notibras","og_description":"O ministro da Educa\u00e7\u00e3o, Camilo Santana, descartou, nesta segunda-feira (6), o cancelamento do Exame Nacional do Ensino M\u00e9dio (Enem) de 2023, ap\u00f3s suposto vazamento de imagens da prova no domingo (5), primeiro dia de aplica\u00e7\u00e3o das provas. \u201cDe forma alguma\u201d, disse, quando questionado sobre a possibilidade de cancelamento. Camilo falou com a imprensa no Pal\u00e1cio [&hellip;]","og_url":"https:\/\/www.notibras.com\/site\/mec-descarta-cancelar-enem-apos-suposto-vazamento-de-imagens\/","og_site_name":"Notibras","article_publisher":"https:\/\/www.facebook.com\/notibras\/","article_published_time":"2023-11-07T03:00:09+00:00","article_modified_time":"2023-11-07T07:38:55+00:00","og_image":[{"width":1170,"height":700,"url":"https:\/\/www.notibras.com\/site\/wp-content\/uploads\/2023\/11\/provafalsa.webp","type":"image\/webp"}],"author":"Reda\u00e7\u00e3o","twitter_card":"summary_large_image","twitter_creator":"@Notibras","twitter_site":"@Notibras","twitter_misc":{"Escrito por":"Reda\u00e7\u00e3o","Est. tempo de leitura":"2 minutos"},"schema":{"@context":"https:\/\/schema.org","@graph":[{"@type":"Article","@id":"https:\/\/www.notibras.com\/site\/mec-descarta-cancelar-enem-apos-suposto-vazamento-de-imagens\/#article","isPartOf":{"@id":"https:\/\/www.notibras.com\/site\/mec-descarta-cancelar-enem-apos-suposto-vazamento-de-imagens\/"},"author":{"name":"Reda\u00e7\u00e3o","@id":"https:\/\/www.notibras.com\/site\/#\/schema\/person\/36ab0979449956132d3e5b517ea76ac8"},"headline":"MEC descarta cancelar Enem ap\u00f3s suposto vazamento de imagens","datePublished":"2023-11-07T03:00:09+00:00","dateModified":"2023-11-07T07:38:55+00:00","mainEntityOfPage":{"@id":"https:\/\/www.notibras.com\/site\/mec-descarta-cancelar-enem-apos-suposto-vazamento-de-imagens\/"},"wordCount":324,"publisher":{"@id":"https:\/\/www.notibras.com\/site\/#organization"},"image":{"@id":"https:\/\/www.notibras.com\/site\/mec-descarta-cancelar-enem-apos-suposto-vazamento-de-imagens\/#primaryimage"},"thumbnailUrl":"https:\/\/www.notibras.com\/site\/wp-content\/uploads\/2023\/11\/provafalsa.webp","articleSection":["Quadradinho em Foco"],"inLanguage":"pt-BR"},{"@type":"WebPage","@id":"https:\/\/www.notibras.com\/site\/mec-descarta-cancelar-enem-apos-suposto-vazamento-de-imagens\/","url":"https:\/\/www.notibras.com\/site\/mec-descarta-cancelar-enem-apos-suposto-vazamento-de-imagens\/","name":"MEC descarta cancelar Enem ap\u00f3s suposto vazamento de imagens - Notibras","isPartOf":{"@id":"https:\/\/www.notibras.com\/site\/#website"},"primaryImageOfPage":{"@id":"https:\/\/www.notibras.com\/site\/mec-descarta-cancelar-enem-apos-suposto-vazamento-de-imagens\/#primaryimage"},"image":{"@id":"https:\/\/www.notibras.com\/site\/mec-descarta-cancelar-enem-apos-suposto-vazamento-de-imagens\/#primaryimage"},"thumbnailUrl":"https:\/\/www.notibras.com\/site\/wp-content\/uploads\/2023\/11\/provafalsa.webp","datePublished":"2023-11-07T03:00:09+00:00","dateModified":"2023-11-07T07:38:55+00:00","breadcrumb":{"@id":"https:\/\/www.notibras.com\/site\/mec-descarta-cancelar-enem-apos-suposto-vazamento-de-imagens\/#breadcrumb"},"inLanguage":"pt-BR","potentialAction":[{"@type":"ReadAction","target":["https:\/\/www.notibras.com\/site\/mec-descarta-cancelar-enem-apos-suposto-vazamento-de-imagens\/"]}]},{"@type":"ImageObject","inLanguage":"pt-BR","@id":"https:\/\/www.notibras.com\/site\/mec-descarta-cancelar-enem-apos-suposto-vazamento-de-imagens\/#primaryimage","url":"https:\/\/www.notibras.com\/site\/wp-content\/uploads\/2023\/11\/provafalsa.webp","contentUrl":"https:\/\/www.notibras.com\/site\/wp-content\/uploads\/2023\/11\/provafalsa.webp","width":1170,"height":700},{"@type":"BreadcrumbList","@id":"https:\/\/www.notibras.com\/site\/mec-descarta-cancelar-enem-apos-suposto-vazamento-de-imagens\/#breadcrumb","itemListElement":[{"@type":"ListItem","position":1,"name":"In\u00edcio","item":"https:\/\/www.notibras.com\/site\/"},{"@type":"ListItem","position":2,"name":"MEC descarta cancelar Enem ap\u00f3s suposto vazamento de imagens"}]},{"@type":"WebSite","@id":"https:\/\/www.notibras.com\/site\/#website","url":"https:\/\/www.notibras.com\/site\/","name":"Notibras","description":"Not\u00edcias de Bras\u00edlia, do Brasil e do Mundo","publisher":{"@id":"https:\/\/www.notibras.com\/site\/#organization"},"potentialAction":[{"@type":"SearchAction","target":{"@type":"EntryPoint","urlTemplate":"https:\/\/www.notibras.com\/site\/?s={search_term_string}"},"query-input":{"@type":"PropertyValueSpecification","valueRequired":true,"valueName":"search_term_string"}}],"inLanguage":"pt-BR"},{"@type":"Organization","@id":"https:\/\/www.notibras.com\/site\/#organization","name":"Grupo Notibras de Comunica\u00e7\u00e3o","url":"https:\/\/www.notibras.com\/site\/","logo":{"@type":"ImageObject","inLanguage":"pt-BR","@id":"https:\/\/www.notibras.com\/site\/#\/schema\/logo\/image\/","url":"https:\/\/www.notibras.com\/site\/wp-content\/uploads\/2023\/01\/notibras23.png","contentUrl":"https:\/\/www.notibras.com\/site\/wp-content\/uploads\/2023\/01\/notibras23.png","width":350,"height":87,"caption":"Grupo Notibras de Comunica\u00e7\u00e3o"},"image":{"@id":"https:\/\/www.notibras.com\/site\/#\/schema\/logo\/image\/"},"sameAs":["https:\/\/www.facebook.com\/notibras\/","https:\/\/x.com\/Notibras","https:\/\/www.instagram.com\/notibras\/"]},{"@type":"Person","@id":"https:\/\/www.notibras.com\/site\/#\/schema\/person\/36ab0979449956132d3e5b517ea76ac8","name":"Reda\u00e7\u00e3o","image":{"@type":"ImageObject","inLanguage":"pt-BR","@id":"https:\/\/secure.gravatar.com\/avatar\/e0a867bdedb85fd243eadf09663511f96fc81e0720a4a42581f334ad4303aa6b?s=96&d=mm&r=g","url":"https:\/\/secure.gravatar.com\/avatar\/e0a867bdedb85fd243eadf09663511f96fc81e0720a4a42581f334ad4303aa6b?s=96&d=mm&r=g","contentUrl":"https:\/\/secure.gravatar.com\/avatar\/e0a867bdedb85fd243eadf09663511f96fc81e0720a4a42581f334ad4303aa6b?s=96&d=mm&r=g","caption":"Reda\u00e7\u00e3o"}}]}},"amp_enabled":true,"_links":{"self":[{"href":"https:\/\/www.notibras.com\/site\/wp-json\/wp\/v2\/posts\/316319","targetHints":{"allow":["GET"]}}],"collection":[{"href":"https:\/\/www.notibras.com\/site\/wp-json\/wp\/v2\/posts"}],"about":[{"href":"https:\/\/www.notibras.com\/site\/wp-json\/wp\/v2\/types\/post"}],"author":[{"embeddable":true,"href":"https:\/\/www.notibras.com\/site\/wp-json\/wp\/v2\/users\/2"}],"replies":[{"embeddable":true,"href":"https:\/\/www.notibras.com\/site\/wp-json\/wp\/v2\/comments?post=316319"}],"version-history":[{"count":1,"href":"https:\/\/www.notibras.com\/site\/wp-json\/wp\/v2\/posts\/316319\/revisions"}],"predecessor-version":[{"id":316321,"href":"https:\/\/www.notibras.com\/site\/wp-json\/wp\/v2\/posts\/316319\/revisions\/316321"}],"wp:featuredmedia":[{"embeddable":true,"href":"https:\/\/www.notibras.com\/site\/wp-json\/wp\/v2\/media\/316320"}],"wp:attachment":[{"href":"https:\/\/www.notibras.com\/site\/wp-json\/wp\/v2\/media?parent=316319"}],"wp:term":[{"taxonomy":"category","embeddable":true,"href":"https:\/\/www.notibras.com\/site\/wp-json\/wp\/v2\/categories?post=316319"},{"taxonomy":"post_tag","embeddable":true,"href":"https:\/\/www.notibras.com\/site\/wp-json\/wp\/v2\/tags?post=316319"}],"curies":[{"name":"wp","href":"https:\/\/api.w.org\/{rel}","templated":true}]}}