{"id":316406,"date":"2023-11-08T00:31:01","date_gmt":"2023-11-08T03:31:01","guid":{"rendered":"https:\/\/www.notibras.com\/site\/?p=316406"},"modified":"2023-11-08T08:33:20","modified_gmt":"2023-11-08T11:33:20","slug":"correios-abrem-campanha-das-cartinhas-de-natal","status":"publish","type":"post","link":"https:\/\/www.notibras.com\/site\/correios-abrem-campanha-das-cartinhas-de-natal\/","title":{"rendered":"Correios abrem campanha das cartinhas de Natal"},"content":{"rendered":"<p>Os Correios acabam de lan\u00e7ar a campanha de ado\u00e7\u00e3o de cartinhas de natal deste ano. Chamada de Papai Noel dos Correios 2023, a campanha disponibiliza cartas escritas por crian\u00e7as de at\u00e9 10 anos e as matriculadas at\u00e9 o 5\u00ba ano do fundamental em escolas p\u00fablicas.<\/p>\n<p>A ideia \u00e9 que as cartas sejam adotadas pela sociedade \u2013 empresas, pessoas f\u00edsicas ou \u00f3rg\u00e3os p\u00fablicos \u2013 para presentear as crian\u00e7as. Os interessados podem retirar as cartas nas ag\u00eancias participantes dos Correios ou adotar virtualmente pelo blog da campanha.<\/p>\n<p>No site, h\u00e1 tamb\u00e9m a data, os locais e os hor\u00e1rios de atendimento dos pontos de ado\u00e7\u00e3o e informa\u00e7\u00f5es sobre a entrega dos presentes em cada estado. A empresa alerta para esses dados, pois variam conforme a localidade.<\/p>\n<p>Na internet, as crian\u00e7as podem tamb\u00e9m cadastrar a cartinha para o bom velhinho. Realizada h\u00e1 34 anos, a campanha Papai Noel dos Correios ir\u00e1 at\u00e9 15 de dezembro deste ano.<\/p>\n","protected":false},"excerpt":{"rendered":"<p>Os Correios acabam de lan\u00e7ar a campanha de ado\u00e7\u00e3o de cartinhas de natal deste ano. Chamada de Papai Noel dos Correios 2023, a campanha disponibiliza cartas escritas por crian\u00e7as de at\u00e9 10 anos e as matriculadas at\u00e9 o 5\u00ba ano do fundamental em escolas p\u00fablicas. A ideia \u00e9 que as cartas sejam adotadas pela sociedade [&hellip;]<\/p>\n","protected":false},"author":2,"featured_media":163468,"comment_status":"closed","ping_status":"closed","sticky":false,"template":"","format":"standard","meta":{"_acf_changed":false,"footnotes":""},"categories":[161],"tags":[],"class_list":["post-316406","post","type-post","status-publish","format-standard","has-post-thumbnail","hentry","category-quadradinho-em-foco"],"acf":[],"yoast_head":"<!-- This site is optimized with the Yoast SEO plugin v27.2 - https:\/\/yoast.com\/product\/yoast-seo-wordpress\/ -->\n<title>Correios abrem campanha das cartinhas de Natal - Notibras<\/title>\n<meta name=\"robots\" content=\"index, follow, max-snippet:-1, max-image-preview:large, max-video-preview:-1\" \/>\n<link rel=\"canonical\" href=\"https:\/\/www.notibras.com\/site\/correios-abrem-campanha-das-cartinhas-de-natal\/\" \/>\n<meta property=\"og:locale\" content=\"pt_BR\" \/>\n<meta property=\"og:type\" content=\"article\" \/>\n<meta property=\"og:title\" content=\"Correios abrem campanha das cartinhas de Natal - Notibras\" \/>\n<meta property=\"og:description\" content=\"Os Correios acabam de lan\u00e7ar a campanha de ado\u00e7\u00e3o de cartinhas de natal deste ano. Chamada de Papai Noel dos Correios 2023, a campanha disponibiliza cartas escritas por crian\u00e7as de at\u00e9 10 anos e as matriculadas at\u00e9 o 5\u00ba ano do fundamental em escolas p\u00fablicas. A ideia \u00e9 que as cartas sejam adotadas pela sociedade [&hellip;]\" \/>\n<meta property=\"og:url\" content=\"https:\/\/www.notibras.com\/site\/correios-abrem-campanha-das-cartinhas-de-natal\/\" \/>\n<meta property=\"og:site_name\" content=\"Notibras\" \/>\n<meta property=\"article:publisher\" content=\"https:\/\/www.facebook.com\/notibras\/\" \/>\n<meta property=\"article:published_time\" content=\"2023-11-08T03:31:01+00:00\" \/>\n<meta property=\"article:modified_time\" content=\"2023-11-08T11:33:20+00:00\" \/>\n<meta property=\"og:image\" content=\"https:\/\/www.notibras.com\/site\/wp-content\/uploads\/2017\/12\/entrega_brinqueds_camapanha_governo_foto_Tony_Winston-640x427.jpg\" \/>\n\t<meta property=\"og:image:width\" content=\"640\" \/>\n\t<meta property=\"og:image:height\" content=\"427\" \/>\n\t<meta property=\"og:image:type\" content=\"image\/jpeg\" \/>\n<meta name=\"author\" content=\"Reda\u00e7\u00e3o\" \/>\n<meta name=\"twitter:card\" content=\"summary_large_image\" \/>\n<meta name=\"twitter:creator\" content=\"@Notibras\" \/>\n<meta name=\"twitter:site\" content=\"@Notibras\" \/>\n<meta name=\"twitter:label1\" content=\"Escrito por\" \/>\n\t<meta name=\"twitter:data1\" content=\"Reda\u00e7\u00e3o\" \/>\n\t<meta name=\"twitter:label2\" content=\"Est. tempo de leitura\" \/>\n\t<meta name=\"twitter:data2\" content=\"1 minuto\" \/>\n<script type=\"application\/ld+json\" class=\"yoast-schema-graph\">{\"@context\":\"https:\/\/schema.org\",\"@graph\":[{\"@type\":\"Article\",\"@id\":\"https:\/\/www.notibras.com\/site\/correios-abrem-campanha-das-cartinhas-de-natal\/#article\",\"isPartOf\":{\"@id\":\"https:\/\/www.notibras.com\/site\/correios-abrem-campanha-das-cartinhas-de-natal\/\"},\"author\":{\"name\":\"Reda\u00e7\u00e3o\",\"@id\":\"https:\/\/www.notibras.com\/site\/#\/schema\/person\/36ab0979449956132d3e5b517ea76ac8\"},\"headline\":\"Correios abrem campanha das cartinhas de Natal\",\"datePublished\":\"2023-11-08T03:31:01+00:00\",\"dateModified\":\"2023-11-08T11:33:20+00:00\",\"mainEntityOfPage\":{\"@id\":\"https:\/\/www.notibras.com\/site\/correios-abrem-campanha-das-cartinhas-de-natal\/\"},\"wordCount\":167,\"publisher\":{\"@id\":\"https:\/\/www.notibras.com\/site\/#organization\"},\"image\":{\"@id\":\"https:\/\/www.notibras.com\/site\/correios-abrem-campanha-das-cartinhas-de-natal\/#primaryimage\"},\"thumbnailUrl\":\"https:\/\/www.notibras.com\/site\/wp-content\/uploads\/2017\/12\/entrega_brinqueds_camapanha_governo_foto_Tony_Winston-640x427.jpg\",\"articleSection\":[\"Quadradinho em Foco\"],\"inLanguage\":\"pt-BR\"},{\"@type\":\"WebPage\",\"@id\":\"https:\/\/www.notibras.com\/site\/correios-abrem-campanha-das-cartinhas-de-natal\/\",\"url\":\"https:\/\/www.notibras.com\/site\/correios-abrem-campanha-das-cartinhas-de-natal\/\",\"name\":\"Correios abrem campanha das cartinhas de Natal - Notibras\",\"isPartOf\":{\"@id\":\"https:\/\/www.notibras.com\/site\/#website\"},\"primaryImageOfPage\":{\"@id\":\"https:\/\/www.notibras.com\/site\/correios-abrem-campanha-das-cartinhas-de-natal\/#primaryimage\"},\"image\":{\"@id\":\"https:\/\/www.notibras.com\/site\/correios-abrem-campanha-das-cartinhas-de-natal\/#primaryimage\"},\"thumbnailUrl\":\"https:\/\/www.notibras.com\/site\/wp-content\/uploads\/2017\/12\/entrega_brinqueds_camapanha_governo_foto_Tony_Winston-640x427.jpg\",\"datePublished\":\"2023-11-08T03:31:01+00:00\",\"dateModified\":\"2023-11-08T11:33:20+00:00\",\"breadcrumb\":{\"@id\":\"https:\/\/www.notibras.com\/site\/correios-abrem-campanha-das-cartinhas-de-natal\/#breadcrumb\"},\"inLanguage\":\"pt-BR\",\"potentialAction\":[{\"@type\":\"ReadAction\",\"target\":[\"https:\/\/www.notibras.com\/site\/correios-abrem-campanha-das-cartinhas-de-natal\/\"]}]},{\"@type\":\"ImageObject\",\"inLanguage\":\"pt-BR\",\"@id\":\"https:\/\/www.notibras.com\/site\/correios-abrem-campanha-das-cartinhas-de-natal\/#primaryimage\",\"url\":\"https:\/\/www.notibras.com\/site\/wp-content\/uploads\/2017\/12\/entrega_brinqueds_camapanha_governo_foto_Tony_Winston-640x427.jpg\",\"contentUrl\":\"https:\/\/www.notibras.com\/site\/wp-content\/uploads\/2017\/12\/entrega_brinqueds_camapanha_governo_foto_Tony_Winston-640x427.jpg\",\"width\":640,\"height\":427,\"caption\":\"Foto: Tony Winston\/Ag\u00eancia Bras\u00edlia\"},{\"@type\":\"BreadcrumbList\",\"@id\":\"https:\/\/www.notibras.com\/site\/correios-abrem-campanha-das-cartinhas-de-natal\/#breadcrumb\",\"itemListElement\":[{\"@type\":\"ListItem\",\"position\":1,\"name\":\"In\u00edcio\",\"item\":\"https:\/\/www.notibras.com\/site\/\"},{\"@type\":\"ListItem\",\"position\":2,\"name\":\"Correios abrem campanha das cartinhas de Natal\"}]},{\"@type\":\"WebSite\",\"@id\":\"https:\/\/www.notibras.com\/site\/#website\",\"url\":\"https:\/\/www.notibras.com\/site\/\",\"name\":\"Notibras\",\"description\":\"Not\u00edcias de Bras\u00edlia, do Brasil e do Mundo\",\"publisher\":{\"@id\":\"https:\/\/www.notibras.com\/site\/#organization\"},\"potentialAction\":[{\"@type\":\"SearchAction\",\"target\":{\"@type\":\"EntryPoint\",\"urlTemplate\":\"https:\/\/www.notibras.com\/site\/?s={search_term_string}\"},\"query-input\":{\"@type\":\"PropertyValueSpecification\",\"valueRequired\":true,\"valueName\":\"search_term_string\"}}],\"inLanguage\":\"pt-BR\"},{\"@type\":\"Organization\",\"@id\":\"https:\/\/www.notibras.com\/site\/#organization\",\"name\":\"Grupo Notibras de Comunica\u00e7\u00e3o\",\"url\":\"https:\/\/www.notibras.com\/site\/\",\"logo\":{\"@type\":\"ImageObject\",\"inLanguage\":\"pt-BR\",\"@id\":\"https:\/\/www.notibras.com\/site\/#\/schema\/logo\/image\/\",\"url\":\"https:\/\/www.notibras.com\/site\/wp-content\/uploads\/2023\/01\/notibras23.png\",\"contentUrl\":\"https:\/\/www.notibras.com\/site\/wp-content\/uploads\/2023\/01\/notibras23.png\",\"width\":350,\"height\":87,\"caption\":\"Grupo Notibras de Comunica\u00e7\u00e3o\"},\"image\":{\"@id\":\"https:\/\/www.notibras.com\/site\/#\/schema\/logo\/image\/\"},\"sameAs\":[\"https:\/\/www.facebook.com\/notibras\/\",\"https:\/\/x.com\/Notibras\",\"https:\/\/www.instagram.com\/notibras\/\"]},{\"@type\":\"Person\",\"@id\":\"https:\/\/www.notibras.com\/site\/#\/schema\/person\/36ab0979449956132d3e5b517ea76ac8\",\"name\":\"Reda\u00e7\u00e3o\",\"image\":{\"@type\":\"ImageObject\",\"inLanguage\":\"pt-BR\",\"@id\":\"https:\/\/secure.gravatar.com\/avatar\/e0a867bdedb85fd243eadf09663511f96fc81e0720a4a42581f334ad4303aa6b?s=96&d=mm&r=g\",\"url\":\"https:\/\/secure.gravatar.com\/avatar\/e0a867bdedb85fd243eadf09663511f96fc81e0720a4a42581f334ad4303aa6b?s=96&d=mm&r=g\",\"contentUrl\":\"https:\/\/secure.gravatar.com\/avatar\/e0a867bdedb85fd243eadf09663511f96fc81e0720a4a42581f334ad4303aa6b?s=96&d=mm&r=g\",\"caption\":\"Reda\u00e7\u00e3o\"}}]}<\/script>\n<!-- \/ Yoast SEO plugin. -->","yoast_head_json":{"title":"Correios abrem campanha das cartinhas de Natal - Notibras","robots":{"index":"index","follow":"follow","max-snippet":"max-snippet:-1","max-image-preview":"max-image-preview:large","max-video-preview":"max-video-preview:-1"},"canonical":"https:\/\/www.notibras.com\/site\/correios-abrem-campanha-das-cartinhas-de-natal\/","og_locale":"pt_BR","og_type":"article","og_title":"Correios abrem campanha das cartinhas de Natal - Notibras","og_description":"Os Correios acabam de lan\u00e7ar a campanha de ado\u00e7\u00e3o de cartinhas de natal deste ano. Chamada de Papai Noel dos Correios 2023, a campanha disponibiliza cartas escritas por crian\u00e7as de at\u00e9 10 anos e as matriculadas at\u00e9 o 5\u00ba ano do fundamental em escolas p\u00fablicas. A ideia \u00e9 que as cartas sejam adotadas pela sociedade [&hellip;]","og_url":"https:\/\/www.notibras.com\/site\/correios-abrem-campanha-das-cartinhas-de-natal\/","og_site_name":"Notibras","article_publisher":"https:\/\/www.facebook.com\/notibras\/","article_published_time":"2023-11-08T03:31:01+00:00","article_modified_time":"2023-11-08T11:33:20+00:00","og_image":[{"width":640,"height":427,"url":"https:\/\/www.notibras.com\/site\/wp-content\/uploads\/2017\/12\/entrega_brinqueds_camapanha_governo_foto_Tony_Winston-640x427.jpg","type":"image\/jpeg"}],"author":"Reda\u00e7\u00e3o","twitter_card":"summary_large_image","twitter_creator":"@Notibras","twitter_site":"@Notibras","twitter_misc":{"Escrito por":"Reda\u00e7\u00e3o","Est. tempo de leitura":"1 minuto"},"schema":{"@context":"https:\/\/schema.org","@graph":[{"@type":"Article","@id":"https:\/\/www.notibras.com\/site\/correios-abrem-campanha-das-cartinhas-de-natal\/#article","isPartOf":{"@id":"https:\/\/www.notibras.com\/site\/correios-abrem-campanha-das-cartinhas-de-natal\/"},"author":{"name":"Reda\u00e7\u00e3o","@id":"https:\/\/www.notibras.com\/site\/#\/schema\/person\/36ab0979449956132d3e5b517ea76ac8"},"headline":"Correios abrem campanha das cartinhas de Natal","datePublished":"2023-11-08T03:31:01+00:00","dateModified":"2023-11-08T11:33:20+00:00","mainEntityOfPage":{"@id":"https:\/\/www.notibras.com\/site\/correios-abrem-campanha-das-cartinhas-de-natal\/"},"wordCount":167,"publisher":{"@id":"https:\/\/www.notibras.com\/site\/#organization"},"image":{"@id":"https:\/\/www.notibras.com\/site\/correios-abrem-campanha-das-cartinhas-de-natal\/#primaryimage"},"thumbnailUrl":"https:\/\/www.notibras.com\/site\/wp-content\/uploads\/2017\/12\/entrega_brinqueds_camapanha_governo_foto_Tony_Winston-640x427.jpg","articleSection":["Quadradinho em Foco"],"inLanguage":"pt-BR"},{"@type":"WebPage","@id":"https:\/\/www.notibras.com\/site\/correios-abrem-campanha-das-cartinhas-de-natal\/","url":"https:\/\/www.notibras.com\/site\/correios-abrem-campanha-das-cartinhas-de-natal\/","name":"Correios abrem campanha das cartinhas de Natal - Notibras","isPartOf":{"@id":"https:\/\/www.notibras.com\/site\/#website"},"primaryImageOfPage":{"@id":"https:\/\/www.notibras.com\/site\/correios-abrem-campanha-das-cartinhas-de-natal\/#primaryimage"},"image":{"@id":"https:\/\/www.notibras.com\/site\/correios-abrem-campanha-das-cartinhas-de-natal\/#primaryimage"},"thumbnailUrl":"https:\/\/www.notibras.com\/site\/wp-content\/uploads\/2017\/12\/entrega_brinqueds_camapanha_governo_foto_Tony_Winston-640x427.jpg","datePublished":"2023-11-08T03:31:01+00:00","dateModified":"2023-11-08T11:33:20+00:00","breadcrumb":{"@id":"https:\/\/www.notibras.com\/site\/correios-abrem-campanha-das-cartinhas-de-natal\/#breadcrumb"},"inLanguage":"pt-BR","potentialAction":[{"@type":"ReadAction","target":["https:\/\/www.notibras.com\/site\/correios-abrem-campanha-das-cartinhas-de-natal\/"]}]},{"@type":"ImageObject","inLanguage":"pt-BR","@id":"https:\/\/www.notibras.com\/site\/correios-abrem-campanha-das-cartinhas-de-natal\/#primaryimage","url":"https:\/\/www.notibras.com\/site\/wp-content\/uploads\/2017\/12\/entrega_brinqueds_camapanha_governo_foto_Tony_Winston-640x427.jpg","contentUrl":"https:\/\/www.notibras.com\/site\/wp-content\/uploads\/2017\/12\/entrega_brinqueds_camapanha_governo_foto_Tony_Winston-640x427.jpg","width":640,"height":427,"caption":"Foto: Tony Winston\/Ag\u00eancia Bras\u00edlia"},{"@type":"BreadcrumbList","@id":"https:\/\/www.notibras.com\/site\/correios-abrem-campanha-das-cartinhas-de-natal\/#breadcrumb","itemListElement":[{"@type":"ListItem","position":1,"name":"In\u00edcio","item":"https:\/\/www.notibras.com\/site\/"},{"@type":"ListItem","position":2,"name":"Correios abrem campanha das cartinhas de Natal"}]},{"@type":"WebSite","@id":"https:\/\/www.notibras.com\/site\/#website","url":"https:\/\/www.notibras.com\/site\/","name":"Notibras","description":"Not\u00edcias de Bras\u00edlia, do Brasil e do Mundo","publisher":{"@id":"https:\/\/www.notibras.com\/site\/#organization"},"potentialAction":[{"@type":"SearchAction","target":{"@type":"EntryPoint","urlTemplate":"https:\/\/www.notibras.com\/site\/?s={search_term_string}"},"query-input":{"@type":"PropertyValueSpecification","valueRequired":true,"valueName":"search_term_string"}}],"inLanguage":"pt-BR"},{"@type":"Organization","@id":"https:\/\/www.notibras.com\/site\/#organization","name":"Grupo Notibras de Comunica\u00e7\u00e3o","url":"https:\/\/www.notibras.com\/site\/","logo":{"@type":"ImageObject","inLanguage":"pt-BR","@id":"https:\/\/www.notibras.com\/site\/#\/schema\/logo\/image\/","url":"https:\/\/www.notibras.com\/site\/wp-content\/uploads\/2023\/01\/notibras23.png","contentUrl":"https:\/\/www.notibras.com\/site\/wp-content\/uploads\/2023\/01\/notibras23.png","width":350,"height":87,"caption":"Grupo Notibras de Comunica\u00e7\u00e3o"},"image":{"@id":"https:\/\/www.notibras.com\/site\/#\/schema\/logo\/image\/"},"sameAs":["https:\/\/www.facebook.com\/notibras\/","https:\/\/x.com\/Notibras","https:\/\/www.instagram.com\/notibras\/"]},{"@type":"Person","@id":"https:\/\/www.notibras.com\/site\/#\/schema\/person\/36ab0979449956132d3e5b517ea76ac8","name":"Reda\u00e7\u00e3o","image":{"@type":"ImageObject","inLanguage":"pt-BR","@id":"https:\/\/secure.gravatar.com\/avatar\/e0a867bdedb85fd243eadf09663511f96fc81e0720a4a42581f334ad4303aa6b?s=96&d=mm&r=g","url":"https:\/\/secure.gravatar.com\/avatar\/e0a867bdedb85fd243eadf09663511f96fc81e0720a4a42581f334ad4303aa6b?s=96&d=mm&r=g","contentUrl":"https:\/\/secure.gravatar.com\/avatar\/e0a867bdedb85fd243eadf09663511f96fc81e0720a4a42581f334ad4303aa6b?s=96&d=mm&r=g","caption":"Reda\u00e7\u00e3o"}}]}},"amp_enabled":true,"_links":{"self":[{"href":"https:\/\/www.notibras.com\/site\/wp-json\/wp\/v2\/posts\/316406","targetHints":{"allow":["GET"]}}],"collection":[{"href":"https:\/\/www.notibras.com\/site\/wp-json\/wp\/v2\/posts"}],"about":[{"href":"https:\/\/www.notibras.com\/site\/wp-json\/wp\/v2\/types\/post"}],"author":[{"embeddable":true,"href":"https:\/\/www.notibras.com\/site\/wp-json\/wp\/v2\/users\/2"}],"replies":[{"embeddable":true,"href":"https:\/\/www.notibras.com\/site\/wp-json\/wp\/v2\/comments?post=316406"}],"version-history":[{"count":1,"href":"https:\/\/www.notibras.com\/site\/wp-json\/wp\/v2\/posts\/316406\/revisions"}],"predecessor-version":[{"id":316407,"href":"https:\/\/www.notibras.com\/site\/wp-json\/wp\/v2\/posts\/316406\/revisions\/316407"}],"wp:featuredmedia":[{"embeddable":true,"href":"https:\/\/www.notibras.com\/site\/wp-json\/wp\/v2\/media\/163468"}],"wp:attachment":[{"href":"https:\/\/www.notibras.com\/site\/wp-json\/wp\/v2\/media?parent=316406"}],"wp:term":[{"taxonomy":"category","embeddable":true,"href":"https:\/\/www.notibras.com\/site\/wp-json\/wp\/v2\/categories?post=316406"},{"taxonomy":"post_tag","embeddable":true,"href":"https:\/\/www.notibras.com\/site\/wp-json\/wp\/v2\/tags?post=316406"}],"curies":[{"name":"wp","href":"https:\/\/api.w.org\/{rel}","templated":true}]}}