{"id":316411,"date":"2023-11-08T08:53:32","date_gmt":"2023-11-08T11:53:32","guid":{"rendered":"https:\/\/www.notibras.com\/site\/?p=316411"},"modified":"2026-02-19T02:41:54","modified_gmt":"2026-02-19T05:41:54","slug":"danilo-foge-de-clientes-e-da-drible-em-eleitor","status":"publish","type":"post","link":"https:\/\/www.notibras.com\/site\/danilo-foge-de-clientes-e-da-drible-em-eleitor\/","title":{"rendered":"Danilo foge de clientes e d\u00e1 drible em eleitor"},"content":{"rendered":"<p>Danilo herdara a profiss\u00e3o do av\u00f4, afamado caixeiro-viajante, a despeito das s\u00faplicas da av\u00f3, que sofrera com a aus\u00eancia do marido por longos per\u00edodos. A m\u00e3e nem tentou dissuadir o rapaz, pois sabia que ele era cabe\u00e7a-dura. O pai, que ganhara a vida na pequena venda da fam\u00edlia, tamb\u00e9m n\u00e3o entrou nessa pendenga, ainda mais porque sempre desejou dar fim \u00e0quilo tudo e se mandar para o interior. Acabou morrendo antes do previsto, deixando apenas d\u00edvidas para o \u00fanico herdeiro.<\/p>\n<p>Sem muitas op\u00e7\u00f5es, Danilo se fez empregado da firma Joaquim &amp; Manuel Almeida Ltda, que vendia seus produtos para todas as cidades do interior, al\u00e9m de algumas tantas outras fora do estado. O rapaz negociou a for\u00e7a e o entusiasmo pr\u00f3prios da juventude com aquela empresa e, n\u00e3o tardou, angariou uma clientela de fazer inveja aos seus colegas de profiss\u00e3o, mesmo aos mais tarimbados, como bem se via no Aristides, com seus quase 60, sendo mais da metade no of\u00edcio.<\/p>\n<p>O jovem logo percebeu que sua apar\u00eancia poderia lhe ser \u00fatil. N\u00e3o que fosse t\u00e3o belo, mas ganhava de bra\u00e7adas dos demais, j\u00e1 carcomidos por elevadas quilometragens. Tanto \u00e9 que, quando atendia uma comerciante, as vendas eram bem acima do previsto. At\u00e9 mesmo se o cliente era do sexo masculino, o gajo n\u00e3o fazia feio, ainda mais se o comerciante fosse casado, pois as esposas se encantavam por aquele sorriso de dentes alvos e alinhados. Dessa forma, elas acabavam convencendo o marido a comprar al\u00e9m do necess\u00e1rio, tamanha que era a compet\u00eancia do rapazola.<\/p>\n<p>Cheio de hist\u00f3rias por causa de tantas viagens, aqui vale abrir um par\u00eantese e contar uma das mais conhecidas, que ainda pulula nas melhores casas de fofoca da regi\u00e3o. \u00c9 prov\u00e1vel que um ponto aqui, outro ali e, qui\u00e7\u00e1, at\u00e9 mesmo algum acol\u00e1, tenha sido aumentado ou, pode ser, suprimido. Afinal, h\u00e1 reputa\u00e7\u00f5es e reputa\u00e7\u00f5es, que precisam ser preservadas ou, dependendo do caso, expostas com certa dose de maldade.<\/p>\n<p>Antes que me esque\u00e7a, \u00e9 bom lembrar que essa hist\u00f3ria se passou em agosto de 1958, quando o pa\u00eds ainda comemorava a conquista da Copa na Su\u00e9cia. Nessa \u00e9poca, talvez por causa daquele ritmo fren\u00e9tico h\u00e1 pouco chegado dos Estados Unidos, ousados rapazes e mo\u00e7as se dividiam em imitar e se apaixonar por Elvis Presley. Danilo, apesar de alheio a tais eventos, n\u00e3o deixou de perceber que poderia conseguir alguns trocados vendendo bugigangas das mais variadas.<\/p>\n<p>Pois bem, esperto como ele s\u00f3, Danilo comprou v\u00e1rias camisas do vitorioso escrete brasileiro. Vendeu centenas e mais centenas para cr\u00e9dulos torcedores, crentes que estavam adquirindo o uniforme vestido pelos craques do selecionado. S\u00f3 do Pel\u00e9, o rapaz vendeu quase 200 camisas.<\/p>\n<p>E l\u00e1 estava o nosso vendedor com uma camisa 7 nas m\u00e3os. Gritava a plenos pulm\u00f5es que aquele era o famoso manto usado por Garrincha na final. De tanta gente querente comprar aquela rel\u00edquia, Danilo decidiu promover um leil\u00e3o ali mesmo na pra\u00e7a: &#8220;Quem d\u00e1 mais? Quem d\u00e1 mais?&#8221;<\/p>\n<p>Tudo corria muito bem. Danilo estava certo de que logo encheria ainda mais o alforje com notas gra\u00fadas, at\u00e9 que, por uma dessas distra\u00e7\u00f5es, ele acabou sendo descoberto por um cliente mais atento.<\/p>\n<p>&#8211; Meu rapaz, essa camisa \u00e9 mesmo a que o Garrincha usou na Copa?<\/p>\n<p>&#8211; Exatamente, meu senhor! O pr\u00f3prio Garrincha me entregou essa belezura. E ela ainda guarda o suor do nosso Anjo das Pernas Tortas!<\/p>\n<p>&#8211; Estranho, pois, at\u00e9 onde me consta, o Garrincha n\u00e3o usou a 7, mas a 11.<\/p>\n<p>N\u00e3o se sabe ao certo o que aconteceu em seguida. H\u00e1 os que afirmam que Danilo levou uma baita surra da multid\u00e3o. Outros, no entanto, dizem que ele conseguiu fugir daquela cidade gra\u00e7as \u00e0s pernas ligeiras.<\/p>\n<p>Tamb\u00e9m j\u00e1 ouvi outras vers\u00f5es sobre o desfecho desse causo. A que mais gosto \u00e9 a que afirma que Danilo, cansado de correr de poss\u00edveis clientes insatisfeitos, acabou se enveredando para a pol\u00edtica. Dizem at\u00e9 que chegou a prefeito de uma famosa cidade mineira localizada na Zona da Mata. Ser\u00e1?<\/p>\n","protected":false},"excerpt":{"rendered":"<p>Danilo herdara a profiss\u00e3o do av\u00f4, afamado caixeiro-viajante, a despeito das s\u00faplicas da av\u00f3, que sofrera com a aus\u00eancia do marido por longos per\u00edodos. A m\u00e3e nem tentou dissuadir o rapaz, pois sabia que ele era cabe\u00e7a-dura. O pai, que ganhara a vida na pequena venda da fam\u00edlia, tamb\u00e9m n\u00e3o entrou nessa pendenga, ainda mais [&hellip;]<\/p>\n","protected":false},"author":2,"featured_media":41973,"comment_status":"closed","ping_status":"closed","sticky":false,"template":"","format":"standard","meta":{"_acf_changed":false,"footnotes":""},"categories":[161],"tags":[],"class_list":["post-316411","post","type-post","status-publish","format-standard","has-post-thumbnail","hentry","category-quadradinho-em-foco"],"acf":[],"yoast_head":"<!-- This site is optimized with the Yoast SEO plugin v27.2 - https:\/\/yoast.com\/product\/yoast-seo-wordpress\/ -->\n<title>Danilo foge de clientes e d\u00e1 drible em eleitor - Notibras<\/title>\n<meta name=\"robots\" content=\"index, follow, max-snippet:-1, max-image-preview:large, max-video-preview:-1\" \/>\n<link rel=\"canonical\" href=\"https:\/\/www.notibras.com\/site\/danilo-foge-de-clientes-e-da-drible-em-eleitor\/\" \/>\n<meta property=\"og:locale\" content=\"pt_BR\" \/>\n<meta property=\"og:type\" content=\"article\" \/>\n<meta property=\"og:title\" content=\"Danilo foge de clientes e d\u00e1 drible em eleitor - Notibras\" \/>\n<meta property=\"og:description\" content=\"Danilo herdara a profiss\u00e3o do av\u00f4, afamado caixeiro-viajante, a despeito das s\u00faplicas da av\u00f3, que sofrera com a aus\u00eancia do marido por longos per\u00edodos. A m\u00e3e nem tentou dissuadir o rapaz, pois sabia que ele era cabe\u00e7a-dura. O pai, que ganhara a vida na pequena venda da fam\u00edlia, tamb\u00e9m n\u00e3o entrou nessa pendenga, ainda mais [&hellip;]\" \/>\n<meta property=\"og:url\" content=\"https:\/\/www.notibras.com\/site\/danilo-foge-de-clientes-e-da-drible-em-eleitor\/\" \/>\n<meta property=\"og:site_name\" content=\"Notibras\" \/>\n<meta property=\"article:publisher\" content=\"https:\/\/www.facebook.com\/notibras\/\" \/>\n<meta property=\"article:published_time\" content=\"2023-11-08T11:53:32+00:00\" \/>\n<meta property=\"article:modified_time\" content=\"2026-02-19T05:41:54+00:00\" \/>\n<meta property=\"og:image\" content=\"https:\/\/www.notibras.com\/site\/wp-content\/uploads\/2015\/03\/eleicoes-democracia-movimentos-sociais.jpg\" \/>\n\t<meta property=\"og:image:width\" content=\"630\" \/>\n\t<meta property=\"og:image:height\" content=\"429\" \/>\n\t<meta property=\"og:image:type\" content=\"image\/jpeg\" \/>\n<meta name=\"author\" content=\"Reda\u00e7\u00e3o\" \/>\n<meta name=\"twitter:card\" content=\"summary_large_image\" \/>\n<meta name=\"twitter:creator\" content=\"@Notibras\" \/>\n<meta name=\"twitter:site\" content=\"@Notibras\" \/>\n<meta name=\"twitter:label1\" content=\"Escrito por\" \/>\n\t<meta name=\"twitter:data1\" content=\"Reda\u00e7\u00e3o\" \/>\n\t<meta name=\"twitter:label2\" content=\"Est. tempo de leitura\" \/>\n\t<meta name=\"twitter:data2\" content=\"4 minutos\" \/>\n<script type=\"application\/ld+json\" class=\"yoast-schema-graph\">{\"@context\":\"https:\/\/schema.org\",\"@graph\":[{\"@type\":\"Article\",\"@id\":\"https:\/\/www.notibras.com\/site\/danilo-foge-de-clientes-e-da-drible-em-eleitor\/#article\",\"isPartOf\":{\"@id\":\"https:\/\/www.notibras.com\/site\/danilo-foge-de-clientes-e-da-drible-em-eleitor\/\"},\"author\":{\"name\":\"Reda\u00e7\u00e3o\",\"@id\":\"https:\/\/www.notibras.com\/site\/#\/schema\/person\/36ab0979449956132d3e5b517ea76ac8\"},\"headline\":\"Danilo foge de clientes e d\u00e1 drible em eleitor\",\"datePublished\":\"2023-11-08T11:53:32+00:00\",\"dateModified\":\"2026-02-19T05:41:54+00:00\",\"mainEntityOfPage\":{\"@id\":\"https:\/\/www.notibras.com\/site\/danilo-foge-de-clientes-e-da-drible-em-eleitor\/\"},\"wordCount\":716,\"publisher\":{\"@id\":\"https:\/\/www.notibras.com\/site\/#organization\"},\"image\":{\"@id\":\"https:\/\/www.notibras.com\/site\/danilo-foge-de-clientes-e-da-drible-em-eleitor\/#primaryimage\"},\"thumbnailUrl\":\"https:\/\/www.notibras.com\/site\/wp-content\/uploads\/2015\/03\/eleicoes-democracia-movimentos-sociais.jpg\",\"articleSection\":[\"Quadradinho em Foco\"],\"inLanguage\":\"pt-BR\"},{\"@type\":\"WebPage\",\"@id\":\"https:\/\/www.notibras.com\/site\/danilo-foge-de-clientes-e-da-drible-em-eleitor\/\",\"url\":\"https:\/\/www.notibras.com\/site\/danilo-foge-de-clientes-e-da-drible-em-eleitor\/\",\"name\":\"Danilo foge de clientes e d\u00e1 drible em eleitor - Notibras\",\"isPartOf\":{\"@id\":\"https:\/\/www.notibras.com\/site\/#website\"},\"primaryImageOfPage\":{\"@id\":\"https:\/\/www.notibras.com\/site\/danilo-foge-de-clientes-e-da-drible-em-eleitor\/#primaryimage\"},\"image\":{\"@id\":\"https:\/\/www.notibras.com\/site\/danilo-foge-de-clientes-e-da-drible-em-eleitor\/#primaryimage\"},\"thumbnailUrl\":\"https:\/\/www.notibras.com\/site\/wp-content\/uploads\/2015\/03\/eleicoes-democracia-movimentos-sociais.jpg\",\"datePublished\":\"2023-11-08T11:53:32+00:00\",\"dateModified\":\"2026-02-19T05:41:54+00:00\",\"breadcrumb\":{\"@id\":\"https:\/\/www.notibras.com\/site\/danilo-foge-de-clientes-e-da-drible-em-eleitor\/#breadcrumb\"},\"inLanguage\":\"pt-BR\",\"potentialAction\":[{\"@type\":\"ReadAction\",\"target\":[\"https:\/\/www.notibras.com\/site\/danilo-foge-de-clientes-e-da-drible-em-eleitor\/\"]}]},{\"@type\":\"ImageObject\",\"inLanguage\":\"pt-BR\",\"@id\":\"https:\/\/www.notibras.com\/site\/danilo-foge-de-clientes-e-da-drible-em-eleitor\/#primaryimage\",\"url\":\"https:\/\/www.notibras.com\/site\/wp-content\/uploads\/2015\/03\/eleicoes-democracia-movimentos-sociais.jpg\",\"contentUrl\":\"https:\/\/www.notibras.com\/site\/wp-content\/uploads\/2015\/03\/eleicoes-democracia-movimentos-sociais.jpg\",\"width\":630,\"height\":429,\"caption\":\"Reprodu\u00e7\u00e3o\/Arquivo Notibras\"},{\"@type\":\"BreadcrumbList\",\"@id\":\"https:\/\/www.notibras.com\/site\/danilo-foge-de-clientes-e-da-drible-em-eleitor\/#breadcrumb\",\"itemListElement\":[{\"@type\":\"ListItem\",\"position\":1,\"name\":\"In\u00edcio\",\"item\":\"https:\/\/www.notibras.com\/site\/\"},{\"@type\":\"ListItem\",\"position\":2,\"name\":\"Danilo foge de clientes e d\u00e1 drible em eleitor\"}]},{\"@type\":\"WebSite\",\"@id\":\"https:\/\/www.notibras.com\/site\/#website\",\"url\":\"https:\/\/www.notibras.com\/site\/\",\"name\":\"Notibras\",\"description\":\"Not\u00edcias de Bras\u00edlia, do Brasil e do Mundo\",\"publisher\":{\"@id\":\"https:\/\/www.notibras.com\/site\/#organization\"},\"potentialAction\":[{\"@type\":\"SearchAction\",\"target\":{\"@type\":\"EntryPoint\",\"urlTemplate\":\"https:\/\/www.notibras.com\/site\/?s={search_term_string}\"},\"query-input\":{\"@type\":\"PropertyValueSpecification\",\"valueRequired\":true,\"valueName\":\"search_term_string\"}}],\"inLanguage\":\"pt-BR\"},{\"@type\":\"Organization\",\"@id\":\"https:\/\/www.notibras.com\/site\/#organization\",\"name\":\"Grupo Notibras de Comunica\u00e7\u00e3o\",\"url\":\"https:\/\/www.notibras.com\/site\/\",\"logo\":{\"@type\":\"ImageObject\",\"inLanguage\":\"pt-BR\",\"@id\":\"https:\/\/www.notibras.com\/site\/#\/schema\/logo\/image\/\",\"url\":\"https:\/\/www.notibras.com\/site\/wp-content\/uploads\/2023\/01\/notibras23.png\",\"contentUrl\":\"https:\/\/www.notibras.com\/site\/wp-content\/uploads\/2023\/01\/notibras23.png\",\"width\":350,\"height\":87,\"caption\":\"Grupo Notibras de Comunica\u00e7\u00e3o\"},\"image\":{\"@id\":\"https:\/\/www.notibras.com\/site\/#\/schema\/logo\/image\/\"},\"sameAs\":[\"https:\/\/www.facebook.com\/notibras\/\",\"https:\/\/x.com\/Notibras\",\"https:\/\/www.instagram.com\/notibras\/\"]},{\"@type\":\"Person\",\"@id\":\"https:\/\/www.notibras.com\/site\/#\/schema\/person\/36ab0979449956132d3e5b517ea76ac8\",\"name\":\"Reda\u00e7\u00e3o\",\"image\":{\"@type\":\"ImageObject\",\"inLanguage\":\"pt-BR\",\"@id\":\"https:\/\/secure.gravatar.com\/avatar\/e0a867bdedb85fd243eadf09663511f96fc81e0720a4a42581f334ad4303aa6b?s=96&d=mm&r=g\",\"url\":\"https:\/\/secure.gravatar.com\/avatar\/e0a867bdedb85fd243eadf09663511f96fc81e0720a4a42581f334ad4303aa6b?s=96&d=mm&r=g\",\"contentUrl\":\"https:\/\/secure.gravatar.com\/avatar\/e0a867bdedb85fd243eadf09663511f96fc81e0720a4a42581f334ad4303aa6b?s=96&d=mm&r=g\",\"caption\":\"Reda\u00e7\u00e3o\"}}]}<\/script>\n<!-- \/ Yoast SEO plugin. -->","yoast_head_json":{"title":"Danilo foge de clientes e d\u00e1 drible em eleitor - Notibras","robots":{"index":"index","follow":"follow","max-snippet":"max-snippet:-1","max-image-preview":"max-image-preview:large","max-video-preview":"max-video-preview:-1"},"canonical":"https:\/\/www.notibras.com\/site\/danilo-foge-de-clientes-e-da-drible-em-eleitor\/","og_locale":"pt_BR","og_type":"article","og_title":"Danilo foge de clientes e d\u00e1 drible em eleitor - Notibras","og_description":"Danilo herdara a profiss\u00e3o do av\u00f4, afamado caixeiro-viajante, a despeito das s\u00faplicas da av\u00f3, que sofrera com a aus\u00eancia do marido por longos per\u00edodos. A m\u00e3e nem tentou dissuadir o rapaz, pois sabia que ele era cabe\u00e7a-dura. O pai, que ganhara a vida na pequena venda da fam\u00edlia, tamb\u00e9m n\u00e3o entrou nessa pendenga, ainda mais [&hellip;]","og_url":"https:\/\/www.notibras.com\/site\/danilo-foge-de-clientes-e-da-drible-em-eleitor\/","og_site_name":"Notibras","article_publisher":"https:\/\/www.facebook.com\/notibras\/","article_published_time":"2023-11-08T11:53:32+00:00","article_modified_time":"2026-02-19T05:41:54+00:00","og_image":[{"width":630,"height":429,"url":"https:\/\/www.notibras.com\/site\/wp-content\/uploads\/2015\/03\/eleicoes-democracia-movimentos-sociais.jpg","type":"image\/jpeg"}],"author":"Reda\u00e7\u00e3o","twitter_card":"summary_large_image","twitter_creator":"@Notibras","twitter_site":"@Notibras","twitter_misc":{"Escrito por":"Reda\u00e7\u00e3o","Est. tempo de leitura":"4 minutos"},"schema":{"@context":"https:\/\/schema.org","@graph":[{"@type":"Article","@id":"https:\/\/www.notibras.com\/site\/danilo-foge-de-clientes-e-da-drible-em-eleitor\/#article","isPartOf":{"@id":"https:\/\/www.notibras.com\/site\/danilo-foge-de-clientes-e-da-drible-em-eleitor\/"},"author":{"name":"Reda\u00e7\u00e3o","@id":"https:\/\/www.notibras.com\/site\/#\/schema\/person\/36ab0979449956132d3e5b517ea76ac8"},"headline":"Danilo foge de clientes e d\u00e1 drible em eleitor","datePublished":"2023-11-08T11:53:32+00:00","dateModified":"2026-02-19T05:41:54+00:00","mainEntityOfPage":{"@id":"https:\/\/www.notibras.com\/site\/danilo-foge-de-clientes-e-da-drible-em-eleitor\/"},"wordCount":716,"publisher":{"@id":"https:\/\/www.notibras.com\/site\/#organization"},"image":{"@id":"https:\/\/www.notibras.com\/site\/danilo-foge-de-clientes-e-da-drible-em-eleitor\/#primaryimage"},"thumbnailUrl":"https:\/\/www.notibras.com\/site\/wp-content\/uploads\/2015\/03\/eleicoes-democracia-movimentos-sociais.jpg","articleSection":["Quadradinho em Foco"],"inLanguage":"pt-BR"},{"@type":"WebPage","@id":"https:\/\/www.notibras.com\/site\/danilo-foge-de-clientes-e-da-drible-em-eleitor\/","url":"https:\/\/www.notibras.com\/site\/danilo-foge-de-clientes-e-da-drible-em-eleitor\/","name":"Danilo foge de clientes e d\u00e1 drible em eleitor - Notibras","isPartOf":{"@id":"https:\/\/www.notibras.com\/site\/#website"},"primaryImageOfPage":{"@id":"https:\/\/www.notibras.com\/site\/danilo-foge-de-clientes-e-da-drible-em-eleitor\/#primaryimage"},"image":{"@id":"https:\/\/www.notibras.com\/site\/danilo-foge-de-clientes-e-da-drible-em-eleitor\/#primaryimage"},"thumbnailUrl":"https:\/\/www.notibras.com\/site\/wp-content\/uploads\/2015\/03\/eleicoes-democracia-movimentos-sociais.jpg","datePublished":"2023-11-08T11:53:32+00:00","dateModified":"2026-02-19T05:41:54+00:00","breadcrumb":{"@id":"https:\/\/www.notibras.com\/site\/danilo-foge-de-clientes-e-da-drible-em-eleitor\/#breadcrumb"},"inLanguage":"pt-BR","potentialAction":[{"@type":"ReadAction","target":["https:\/\/www.notibras.com\/site\/danilo-foge-de-clientes-e-da-drible-em-eleitor\/"]}]},{"@type":"ImageObject","inLanguage":"pt-BR","@id":"https:\/\/www.notibras.com\/site\/danilo-foge-de-clientes-e-da-drible-em-eleitor\/#primaryimage","url":"https:\/\/www.notibras.com\/site\/wp-content\/uploads\/2015\/03\/eleicoes-democracia-movimentos-sociais.jpg","contentUrl":"https:\/\/www.notibras.com\/site\/wp-content\/uploads\/2015\/03\/eleicoes-democracia-movimentos-sociais.jpg","width":630,"height":429,"caption":"Reprodu\u00e7\u00e3o\/Arquivo Notibras"},{"@type":"BreadcrumbList","@id":"https:\/\/www.notibras.com\/site\/danilo-foge-de-clientes-e-da-drible-em-eleitor\/#breadcrumb","itemListElement":[{"@type":"ListItem","position":1,"name":"In\u00edcio","item":"https:\/\/www.notibras.com\/site\/"},{"@type":"ListItem","position":2,"name":"Danilo foge de clientes e d\u00e1 drible em eleitor"}]},{"@type":"WebSite","@id":"https:\/\/www.notibras.com\/site\/#website","url":"https:\/\/www.notibras.com\/site\/","name":"Notibras","description":"Not\u00edcias de Bras\u00edlia, do Brasil e do Mundo","publisher":{"@id":"https:\/\/www.notibras.com\/site\/#organization"},"potentialAction":[{"@type":"SearchAction","target":{"@type":"EntryPoint","urlTemplate":"https:\/\/www.notibras.com\/site\/?s={search_term_string}"},"query-input":{"@type":"PropertyValueSpecification","valueRequired":true,"valueName":"search_term_string"}}],"inLanguage":"pt-BR"},{"@type":"Organization","@id":"https:\/\/www.notibras.com\/site\/#organization","name":"Grupo Notibras de Comunica\u00e7\u00e3o","url":"https:\/\/www.notibras.com\/site\/","logo":{"@type":"ImageObject","inLanguage":"pt-BR","@id":"https:\/\/www.notibras.com\/site\/#\/schema\/logo\/image\/","url":"https:\/\/www.notibras.com\/site\/wp-content\/uploads\/2023\/01\/notibras23.png","contentUrl":"https:\/\/www.notibras.com\/site\/wp-content\/uploads\/2023\/01\/notibras23.png","width":350,"height":87,"caption":"Grupo Notibras de Comunica\u00e7\u00e3o"},"image":{"@id":"https:\/\/www.notibras.com\/site\/#\/schema\/logo\/image\/"},"sameAs":["https:\/\/www.facebook.com\/notibras\/","https:\/\/x.com\/Notibras","https:\/\/www.instagram.com\/notibras\/"]},{"@type":"Person","@id":"https:\/\/www.notibras.com\/site\/#\/schema\/person\/36ab0979449956132d3e5b517ea76ac8","name":"Reda\u00e7\u00e3o","image":{"@type":"ImageObject","inLanguage":"pt-BR","@id":"https:\/\/secure.gravatar.com\/avatar\/e0a867bdedb85fd243eadf09663511f96fc81e0720a4a42581f334ad4303aa6b?s=96&d=mm&r=g","url":"https:\/\/secure.gravatar.com\/avatar\/e0a867bdedb85fd243eadf09663511f96fc81e0720a4a42581f334ad4303aa6b?s=96&d=mm&r=g","contentUrl":"https:\/\/secure.gravatar.com\/avatar\/e0a867bdedb85fd243eadf09663511f96fc81e0720a4a42581f334ad4303aa6b?s=96&d=mm&r=g","caption":"Reda\u00e7\u00e3o"}}]}},"amp_enabled":true,"_links":{"self":[{"href":"https:\/\/www.notibras.com\/site\/wp-json\/wp\/v2\/posts\/316411","targetHints":{"allow":["GET"]}}],"collection":[{"href":"https:\/\/www.notibras.com\/site\/wp-json\/wp\/v2\/posts"}],"about":[{"href":"https:\/\/www.notibras.com\/site\/wp-json\/wp\/v2\/types\/post"}],"author":[{"embeddable":true,"href":"https:\/\/www.notibras.com\/site\/wp-json\/wp\/v2\/users\/2"}],"replies":[{"embeddable":true,"href":"https:\/\/www.notibras.com\/site\/wp-json\/wp\/v2\/comments?post=316411"}],"version-history":[{"count":5,"href":"https:\/\/www.notibras.com\/site\/wp-json\/wp\/v2\/posts\/316411\/revisions"}],"predecessor-version":[{"id":383791,"href":"https:\/\/www.notibras.com\/site\/wp-json\/wp\/v2\/posts\/316411\/revisions\/383791"}],"wp:featuredmedia":[{"embeddable":true,"href":"https:\/\/www.notibras.com\/site\/wp-json\/wp\/v2\/media\/41973"}],"wp:attachment":[{"href":"https:\/\/www.notibras.com\/site\/wp-json\/wp\/v2\/media?parent=316411"}],"wp:term":[{"taxonomy":"category","embeddable":true,"href":"https:\/\/www.notibras.com\/site\/wp-json\/wp\/v2\/categories?post=316411"},{"taxonomy":"post_tag","embeddable":true,"href":"https:\/\/www.notibras.com\/site\/wp-json\/wp\/v2\/tags?post=316411"}],"curies":[{"name":"wp","href":"https:\/\/api.w.org\/{rel}","templated":true}]}}