{"id":316422,"date":"2023-11-08T08:06:42","date_gmt":"2023-11-08T11:06:42","guid":{"rendered":"https:\/\/www.notibras.com\/site\/?p=316422"},"modified":"2023-11-08T10:10:45","modified_gmt":"2023-11-08T13:10:45","slug":"policia-se-inspira-em-harry-potter-e-pega-bandidos-da-educacao","status":"publish","type":"post","link":"https:\/\/www.notibras.com\/site\/policia-se-inspira-em-harry-potter-e-pega-bandidos-da-educacao\/","title":{"rendered":"Pol\u00edcia se inspira em Harry Potter e pega bandidos da Educa\u00e7\u00e3o"},"content":{"rendered":"<p>A Pol\u00edcia Civil do Distrito Federal, por meio do trabalho investigativo da Delegacia de Repress\u00e3o \u00e0 Corrup\u00e7\u00e3o\u2014DRCor, vinculada ao Departamento de Combate a Corrup\u00e7\u00e3o e ao Crime Organizado\u2014 Decor, e apoio da Promotoria de Justi\u00e7a de Defesa do Patrim\u00f4nio P\u00fablico e Social\u2014Prodep, do Minist\u00e9rio P\u00fablico do Distrito Federal e Territ\u00f3rios, deflagrou, no in\u00edcio desta manh\u00e3 (8), a Opera\u00e7\u00e3o Sonserina.<\/p>\n<p>A a\u00e7\u00e3o visou cumprir 17 mandados de busca e apreens\u00e3o contra envolvidos em um suposto esquema de direcionamento de contrata\u00e7\u00f5es de empresas pela Coordena\u00e7\u00e3o Regional de Ensino (CRE) de Sobradinho e algumas escolas da regi\u00e3o, al\u00e9m do poss\u00edvel pagamento de vantagens indevidas aos gestores das respectivas unidades escolares.<\/p>\n<p>As medidas, que contam com a participa\u00e7\u00e3o de 80 policiais, est\u00e3o sendo cumpridas no Distrito Federal, nas regi\u00f5es de Sobradinho, Planaltina, Gama, \u00c1guas Claras, Guar\u00e1, S\u00e3o Sebasti\u00e3o e na Bahia; nas resid\u00eancias dos s\u00f3cios das empresas, s\u00f3cios ocultos e servidores p\u00fablicos investigados. Ainda foram realizadas buscas na sede da CRE de Sobradinho e nas depend\u00eancias das empresas supostamente beneficiadas ilegalmente e determinadas, como medida cautelar diversa da pris\u00e3o, a suspens\u00e3o de exerc\u00edcio da fun\u00e7\u00e3o p\u00fablica de um dos servidores p\u00fablicos envolvidos.<\/p>\n<p>As buscas t\u00eam como objetivo a consolida\u00e7\u00e3o e robustecimento dos elementos probat\u00f3rios j\u00e1 coligidos para conclus\u00e3o do inqu\u00e9rito em andamento, visando sedimentar a efetiva participa\u00e7\u00e3o de cada integrante do grupo criminoso, a eventual identifica\u00e7\u00e3o de outros envolvidos, al\u00e9m da apreens\u00e3o de bens e valores para ressarcimento dos cofres p\u00fablicos.<\/p>\n<p>A opera\u00e7\u00e3o ocorreu em raz\u00e3o da Opera\u00e7\u00e3o *Hogwarts, ocorrida no final de 2022, a partir de novas den\u00fancias an\u00f4nimas que indicavam que ilicitudes semelhantes estariam ocorrendo na CRE de Sobradinho, onde as verbas oriundas de emendas parlamentares destinadas ao Programa de Descentraliza\u00e7\u00e3o Administrativa e Financeira \u2013 PDAF teriam sido, desde o in\u00edcio, direcionadas \u00e0 realiza\u00e7\u00e3o de servi\u00e7os e compra de materiais por empresas previamente selecionadas e vinculadas aos gestores daquela unidade de ensino p\u00fablica.<\/p>\n<p>As dilig\u00eancias realizadas apontaram ainda que algumas das empresas beneficiadas com as contrata\u00e7\u00f5es estavam vinculadas aos dirigentes das unidades escolares. Restou verificado, inclusive, que um ex-ocupante de cargo de gest\u00e3o recebeu repasses de valores de uma das empresas investigadas, bem como o servidor que o sucedeu era o real respons\u00e1vel por outra empresa, diversas vezes contratada pela CRE, embora formalmente estivesse em nome de uma terceira pessoa.<\/p>\n<p>No curso da investiga\u00e7\u00e3o, constatou-se que a fraude ocorria da seguinte maneira: as empresas investigadas apresentavam, al\u00e9m de seus pr\u00f3prios or\u00e7amentos, or\u00e7amentos de outras empresas, supostamente concorrentes, para dar apar\u00eancia de legalidade ao procedimento de contrata\u00e7\u00e3o, simulando uma competi\u00e7\u00e3o entre os diferentes estabelecimentos comerciais.<\/p>\n<p>\u201cAs investiga\u00e7\u00f5es da PCDF confirmaram que algumas das empresas que participavam da falsa concorr\u00eancia eram vinculadas entre si e, al\u00e9m disso, algumas estavam em nome de interpostas pessoas, tendo sido verificado tamb\u00e9m que um grupo, formado por sete diferentes empresas, na realidade era gerido pelas mesmas pessoas, sendo que este grupo recebeu da Regional de Ensino, somente em 2022, o montante aproximado de R$ 8,5 milh\u00f5es\u201d, destaca o diretor do Decor, delegado Leonardo de Castro.<\/p>\n<p>\u201c\u00c9 importante ressaltar que o PDAF \u00e9 um dos temas priorit\u00e1rios tratados pela Rede de Controle da Gest\u00e3o P\u00fablica do Distrito Federal, for\u00e7a-tarefa de combate \u00e0 corrup\u00e7\u00e3o no \u00e2mbito distrital, da qual a Pol\u00edcia Civil e o Minist\u00e9rio P\u00fablico s\u00e3o integrantes\u201d, explica Castro.<\/p>\n<p>Os suspeitos est\u00e3o sendo investigados pela poss\u00edvel pr\u00e1tica dos crimes de associa\u00e7\u00e3o criminosa, estelionato, falsifica\u00e7\u00e3o de documento, corrup\u00e7\u00e3o e lavagem de dinheiro. Somadas, as penas podem chegar a 36 anos de pris\u00e3o.<\/p>\n<p>Os nomes das opera\u00e7\u00f5es deflagradas pelo Decor\u2014 Hogwarts (2022) e Sonserina (2023)\u2014 foram inspiradas na saga do personagem Harry Potter, pois Sonserina era o nome de uma das quatro casas da escola de magia e bruxaria denominada Hogwarts, associada aos alunos astutos e ambiciosos, sendo tamb\u00e9m conhecida como a Casa do Mal.<\/p>\n<p>A Opera\u00e7\u00e3o *Hogwarts foi deflagrada em dezembro de 2022 para apurar o suposto direcionamento de contrata\u00e7\u00f5es de empresas pela a Coordena\u00e7\u00e3o Regional de Ensino (CRE) de Planaltina e algumas escolas da regi\u00e3o.<\/p>\n","protected":false},"excerpt":{"rendered":"<p>A Pol\u00edcia Civil do Distrito Federal, por meio do trabalho investigativo da Delegacia de Repress\u00e3o \u00e0 Corrup\u00e7\u00e3o\u2014DRCor, vinculada ao Departamento de Combate a Corrup\u00e7\u00e3o e ao Crime Organizado\u2014 Decor, e apoio da Promotoria de Justi\u00e7a de Defesa do Patrim\u00f4nio P\u00fablico e Social\u2014Prodep, do Minist\u00e9rio P\u00fablico do Distrito Federal e Territ\u00f3rios, deflagrou, no in\u00edcio desta manh\u00e3 [&hellip;]<\/p>\n","protected":false},"author":2,"featured_media":242802,"comment_status":"closed","ping_status":"closed","sticky":false,"template":"","format":"standard","meta":{"_acf_changed":false,"footnotes":""},"categories":[161],"tags":[],"class_list":["post-316422","post","type-post","status-publish","format-standard","has-post-thumbnail","hentry","category-quadradinho-em-foco"],"acf":[],"yoast_head":"<!-- This site is optimized with the Yoast SEO plugin v27.2 - https:\/\/yoast.com\/product\/yoast-seo-wordpress\/ -->\n<title>Pol\u00edcia se inspira em Harry Potter e pega bandidos da Educa\u00e7\u00e3o - Notibras<\/title>\n<meta name=\"robots\" content=\"index, follow, max-snippet:-1, max-image-preview:large, max-video-preview:-1\" \/>\n<link rel=\"canonical\" href=\"https:\/\/www.notibras.com\/site\/policia-se-inspira-em-harry-potter-e-pega-bandidos-da-educacao\/\" \/>\n<meta property=\"og:locale\" content=\"pt_BR\" \/>\n<meta property=\"og:type\" content=\"article\" \/>\n<meta property=\"og:title\" content=\"Pol\u00edcia se inspira em Harry Potter e pega bandidos da Educa\u00e7\u00e3o - Notibras\" \/>\n<meta property=\"og:description\" content=\"A Pol\u00edcia Civil do Distrito Federal, por meio do trabalho investigativo da Delegacia de Repress\u00e3o \u00e0 Corrup\u00e7\u00e3o\u2014DRCor, vinculada ao Departamento de Combate a Corrup\u00e7\u00e3o e ao Crime Organizado\u2014 Decor, e apoio da Promotoria de Justi\u00e7a de Defesa do Patrim\u00f4nio P\u00fablico e Social\u2014Prodep, do Minist\u00e9rio P\u00fablico do Distrito Federal e Territ\u00f3rios, deflagrou, no in\u00edcio desta manh\u00e3 [&hellip;]\" \/>\n<meta property=\"og:url\" content=\"https:\/\/www.notibras.com\/site\/policia-se-inspira-em-harry-potter-e-pega-bandidos-da-educacao\/\" \/>\n<meta property=\"og:site_name\" content=\"Notibras\" \/>\n<meta property=\"article:publisher\" content=\"https:\/\/www.facebook.com\/notibras\/\" \/>\n<meta property=\"article:published_time\" content=\"2023-11-08T11:06:42+00:00\" \/>\n<meta property=\"article:modified_time\" content=\"2023-11-08T13:10:45+00:00\" \/>\n<meta property=\"og:image\" content=\"https:\/\/www.notibras.com\/site\/wp-content\/uploads\/2020\/10\/policia_civil_rj-1.jpg\" \/>\n\t<meta property=\"og:image:width\" content=\"1170\" \/>\n\t<meta property=\"og:image:height\" content=\"700\" \/>\n\t<meta property=\"og:image:type\" content=\"image\/jpeg\" \/>\n<meta name=\"author\" content=\"Reda\u00e7\u00e3o\" \/>\n<meta name=\"twitter:card\" content=\"summary_large_image\" \/>\n<meta name=\"twitter:creator\" content=\"@Notibras\" \/>\n<meta name=\"twitter:site\" content=\"@Notibras\" \/>\n<meta name=\"twitter:label1\" content=\"Escrito por\" \/>\n\t<meta name=\"twitter:data1\" content=\"Reda\u00e7\u00e3o\" \/>\n\t<meta name=\"twitter:label2\" content=\"Est. tempo de leitura\" \/>\n\t<meta name=\"twitter:data2\" content=\"4 minutos\" \/>\n<script type=\"application\/ld+json\" class=\"yoast-schema-graph\">{\"@context\":\"https:\/\/schema.org\",\"@graph\":[{\"@type\":\"Article\",\"@id\":\"https:\/\/www.notibras.com\/site\/policia-se-inspira-em-harry-potter-e-pega-bandidos-da-educacao\/#article\",\"isPartOf\":{\"@id\":\"https:\/\/www.notibras.com\/site\/policia-se-inspira-em-harry-potter-e-pega-bandidos-da-educacao\/\"},\"author\":{\"name\":\"Reda\u00e7\u00e3o\",\"@id\":\"https:\/\/www.notibras.com\/site\/#\/schema\/person\/36ab0979449956132d3e5b517ea76ac8\"},\"headline\":\"Pol\u00edcia se inspira em Harry Potter e pega bandidos da Educa\u00e7\u00e3o\",\"datePublished\":\"2023-11-08T11:06:42+00:00\",\"dateModified\":\"2023-11-08T13:10:45+00:00\",\"mainEntityOfPage\":{\"@id\":\"https:\/\/www.notibras.com\/site\/policia-se-inspira-em-harry-potter-e-pega-bandidos-da-educacao\/\"},\"wordCount\":749,\"publisher\":{\"@id\":\"https:\/\/www.notibras.com\/site\/#organization\"},\"image\":{\"@id\":\"https:\/\/www.notibras.com\/site\/policia-se-inspira-em-harry-potter-e-pega-bandidos-da-educacao\/#primaryimage\"},\"thumbnailUrl\":\"https:\/\/www.notibras.com\/site\/wp-content\/uploads\/2020\/10\/policia_civil_rj-1.jpg\",\"articleSection\":[\"Quadradinho em Foco\"],\"inLanguage\":\"pt-BR\"},{\"@type\":\"WebPage\",\"@id\":\"https:\/\/www.notibras.com\/site\/policia-se-inspira-em-harry-potter-e-pega-bandidos-da-educacao\/\",\"url\":\"https:\/\/www.notibras.com\/site\/policia-se-inspira-em-harry-potter-e-pega-bandidos-da-educacao\/\",\"name\":\"Pol\u00edcia se inspira em Harry Potter e pega bandidos da Educa\u00e7\u00e3o - Notibras\",\"isPartOf\":{\"@id\":\"https:\/\/www.notibras.com\/site\/#website\"},\"primaryImageOfPage\":{\"@id\":\"https:\/\/www.notibras.com\/site\/policia-se-inspira-em-harry-potter-e-pega-bandidos-da-educacao\/#primaryimage\"},\"image\":{\"@id\":\"https:\/\/www.notibras.com\/site\/policia-se-inspira-em-harry-potter-e-pega-bandidos-da-educacao\/#primaryimage\"},\"thumbnailUrl\":\"https:\/\/www.notibras.com\/site\/wp-content\/uploads\/2020\/10\/policia_civil_rj-1.jpg\",\"datePublished\":\"2023-11-08T11:06:42+00:00\",\"dateModified\":\"2023-11-08T13:10:45+00:00\",\"breadcrumb\":{\"@id\":\"https:\/\/www.notibras.com\/site\/policia-se-inspira-em-harry-potter-e-pega-bandidos-da-educacao\/#breadcrumb\"},\"inLanguage\":\"pt-BR\",\"potentialAction\":[{\"@type\":\"ReadAction\",\"target\":[\"https:\/\/www.notibras.com\/site\/policia-se-inspira-em-harry-potter-e-pega-bandidos-da-educacao\/\"]}]},{\"@type\":\"ImageObject\",\"inLanguage\":\"pt-BR\",\"@id\":\"https:\/\/www.notibras.com\/site\/policia-se-inspira-em-harry-potter-e-pega-bandidos-da-educacao\/#primaryimage\",\"url\":\"https:\/\/www.notibras.com\/site\/wp-content\/uploads\/2020\/10\/policia_civil_rj-1.jpg\",\"contentUrl\":\"https:\/\/www.notibras.com\/site\/wp-content\/uploads\/2020\/10\/policia_civil_rj-1.jpg\",\"width\":1170,\"height\":700},{\"@type\":\"BreadcrumbList\",\"@id\":\"https:\/\/www.notibras.com\/site\/policia-se-inspira-em-harry-potter-e-pega-bandidos-da-educacao\/#breadcrumb\",\"itemListElement\":[{\"@type\":\"ListItem\",\"position\":1,\"name\":\"In\u00edcio\",\"item\":\"https:\/\/www.notibras.com\/site\/\"},{\"@type\":\"ListItem\",\"position\":2,\"name\":\"Pol\u00edcia se inspira em Harry Potter e pega bandidos da Educa\u00e7\u00e3o\"}]},{\"@type\":\"WebSite\",\"@id\":\"https:\/\/www.notibras.com\/site\/#website\",\"url\":\"https:\/\/www.notibras.com\/site\/\",\"name\":\"Notibras\",\"description\":\"Not\u00edcias de Bras\u00edlia, do Brasil e do Mundo\",\"publisher\":{\"@id\":\"https:\/\/www.notibras.com\/site\/#organization\"},\"potentialAction\":[{\"@type\":\"SearchAction\",\"target\":{\"@type\":\"EntryPoint\",\"urlTemplate\":\"https:\/\/www.notibras.com\/site\/?s={search_term_string}\"},\"query-input\":{\"@type\":\"PropertyValueSpecification\",\"valueRequired\":true,\"valueName\":\"search_term_string\"}}],\"inLanguage\":\"pt-BR\"},{\"@type\":\"Organization\",\"@id\":\"https:\/\/www.notibras.com\/site\/#organization\",\"name\":\"Grupo Notibras de Comunica\u00e7\u00e3o\",\"url\":\"https:\/\/www.notibras.com\/site\/\",\"logo\":{\"@type\":\"ImageObject\",\"inLanguage\":\"pt-BR\",\"@id\":\"https:\/\/www.notibras.com\/site\/#\/schema\/logo\/image\/\",\"url\":\"https:\/\/www.notibras.com\/site\/wp-content\/uploads\/2023\/01\/notibras23.png\",\"contentUrl\":\"https:\/\/www.notibras.com\/site\/wp-content\/uploads\/2023\/01\/notibras23.png\",\"width\":350,\"height\":87,\"caption\":\"Grupo Notibras de Comunica\u00e7\u00e3o\"},\"image\":{\"@id\":\"https:\/\/www.notibras.com\/site\/#\/schema\/logo\/image\/\"},\"sameAs\":[\"https:\/\/www.facebook.com\/notibras\/\",\"https:\/\/x.com\/Notibras\",\"https:\/\/www.instagram.com\/notibras\/\"]},{\"@type\":\"Person\",\"@id\":\"https:\/\/www.notibras.com\/site\/#\/schema\/person\/36ab0979449956132d3e5b517ea76ac8\",\"name\":\"Reda\u00e7\u00e3o\",\"image\":{\"@type\":\"ImageObject\",\"inLanguage\":\"pt-BR\",\"@id\":\"https:\/\/secure.gravatar.com\/avatar\/e0a867bdedb85fd243eadf09663511f96fc81e0720a4a42581f334ad4303aa6b?s=96&d=mm&r=g\",\"url\":\"https:\/\/secure.gravatar.com\/avatar\/e0a867bdedb85fd243eadf09663511f96fc81e0720a4a42581f334ad4303aa6b?s=96&d=mm&r=g\",\"contentUrl\":\"https:\/\/secure.gravatar.com\/avatar\/e0a867bdedb85fd243eadf09663511f96fc81e0720a4a42581f334ad4303aa6b?s=96&d=mm&r=g\",\"caption\":\"Reda\u00e7\u00e3o\"}}]}<\/script>\n<!-- \/ Yoast SEO plugin. -->","yoast_head_json":{"title":"Pol\u00edcia se inspira em Harry Potter e pega bandidos da Educa\u00e7\u00e3o - Notibras","robots":{"index":"index","follow":"follow","max-snippet":"max-snippet:-1","max-image-preview":"max-image-preview:large","max-video-preview":"max-video-preview:-1"},"canonical":"https:\/\/www.notibras.com\/site\/policia-se-inspira-em-harry-potter-e-pega-bandidos-da-educacao\/","og_locale":"pt_BR","og_type":"article","og_title":"Pol\u00edcia se inspira em Harry Potter e pega bandidos da Educa\u00e7\u00e3o - Notibras","og_description":"A Pol\u00edcia Civil do Distrito Federal, por meio do trabalho investigativo da Delegacia de Repress\u00e3o \u00e0 Corrup\u00e7\u00e3o\u2014DRCor, vinculada ao Departamento de Combate a Corrup\u00e7\u00e3o e ao Crime Organizado\u2014 Decor, e apoio da Promotoria de Justi\u00e7a de Defesa do Patrim\u00f4nio P\u00fablico e Social\u2014Prodep, do Minist\u00e9rio P\u00fablico do Distrito Federal e Territ\u00f3rios, deflagrou, no in\u00edcio desta manh\u00e3 [&hellip;]","og_url":"https:\/\/www.notibras.com\/site\/policia-se-inspira-em-harry-potter-e-pega-bandidos-da-educacao\/","og_site_name":"Notibras","article_publisher":"https:\/\/www.facebook.com\/notibras\/","article_published_time":"2023-11-08T11:06:42+00:00","article_modified_time":"2023-11-08T13:10:45+00:00","og_image":[{"width":1170,"height":700,"url":"https:\/\/www.notibras.com\/site\/wp-content\/uploads\/2020\/10\/policia_civil_rj-1.jpg","type":"image\/jpeg"}],"author":"Reda\u00e7\u00e3o","twitter_card":"summary_large_image","twitter_creator":"@Notibras","twitter_site":"@Notibras","twitter_misc":{"Escrito por":"Reda\u00e7\u00e3o","Est. tempo de leitura":"4 minutos"},"schema":{"@context":"https:\/\/schema.org","@graph":[{"@type":"Article","@id":"https:\/\/www.notibras.com\/site\/policia-se-inspira-em-harry-potter-e-pega-bandidos-da-educacao\/#article","isPartOf":{"@id":"https:\/\/www.notibras.com\/site\/policia-se-inspira-em-harry-potter-e-pega-bandidos-da-educacao\/"},"author":{"name":"Reda\u00e7\u00e3o","@id":"https:\/\/www.notibras.com\/site\/#\/schema\/person\/36ab0979449956132d3e5b517ea76ac8"},"headline":"Pol\u00edcia se inspira em Harry Potter e pega bandidos da Educa\u00e7\u00e3o","datePublished":"2023-11-08T11:06:42+00:00","dateModified":"2023-11-08T13:10:45+00:00","mainEntityOfPage":{"@id":"https:\/\/www.notibras.com\/site\/policia-se-inspira-em-harry-potter-e-pega-bandidos-da-educacao\/"},"wordCount":749,"publisher":{"@id":"https:\/\/www.notibras.com\/site\/#organization"},"image":{"@id":"https:\/\/www.notibras.com\/site\/policia-se-inspira-em-harry-potter-e-pega-bandidos-da-educacao\/#primaryimage"},"thumbnailUrl":"https:\/\/www.notibras.com\/site\/wp-content\/uploads\/2020\/10\/policia_civil_rj-1.jpg","articleSection":["Quadradinho em Foco"],"inLanguage":"pt-BR"},{"@type":"WebPage","@id":"https:\/\/www.notibras.com\/site\/policia-se-inspira-em-harry-potter-e-pega-bandidos-da-educacao\/","url":"https:\/\/www.notibras.com\/site\/policia-se-inspira-em-harry-potter-e-pega-bandidos-da-educacao\/","name":"Pol\u00edcia se inspira em Harry Potter e pega bandidos da Educa\u00e7\u00e3o - Notibras","isPartOf":{"@id":"https:\/\/www.notibras.com\/site\/#website"},"primaryImageOfPage":{"@id":"https:\/\/www.notibras.com\/site\/policia-se-inspira-em-harry-potter-e-pega-bandidos-da-educacao\/#primaryimage"},"image":{"@id":"https:\/\/www.notibras.com\/site\/policia-se-inspira-em-harry-potter-e-pega-bandidos-da-educacao\/#primaryimage"},"thumbnailUrl":"https:\/\/www.notibras.com\/site\/wp-content\/uploads\/2020\/10\/policia_civil_rj-1.jpg","datePublished":"2023-11-08T11:06:42+00:00","dateModified":"2023-11-08T13:10:45+00:00","breadcrumb":{"@id":"https:\/\/www.notibras.com\/site\/policia-se-inspira-em-harry-potter-e-pega-bandidos-da-educacao\/#breadcrumb"},"inLanguage":"pt-BR","potentialAction":[{"@type":"ReadAction","target":["https:\/\/www.notibras.com\/site\/policia-se-inspira-em-harry-potter-e-pega-bandidos-da-educacao\/"]}]},{"@type":"ImageObject","inLanguage":"pt-BR","@id":"https:\/\/www.notibras.com\/site\/policia-se-inspira-em-harry-potter-e-pega-bandidos-da-educacao\/#primaryimage","url":"https:\/\/www.notibras.com\/site\/wp-content\/uploads\/2020\/10\/policia_civil_rj-1.jpg","contentUrl":"https:\/\/www.notibras.com\/site\/wp-content\/uploads\/2020\/10\/policia_civil_rj-1.jpg","width":1170,"height":700},{"@type":"BreadcrumbList","@id":"https:\/\/www.notibras.com\/site\/policia-se-inspira-em-harry-potter-e-pega-bandidos-da-educacao\/#breadcrumb","itemListElement":[{"@type":"ListItem","position":1,"name":"In\u00edcio","item":"https:\/\/www.notibras.com\/site\/"},{"@type":"ListItem","position":2,"name":"Pol\u00edcia se inspira em Harry Potter e pega bandidos da Educa\u00e7\u00e3o"}]},{"@type":"WebSite","@id":"https:\/\/www.notibras.com\/site\/#website","url":"https:\/\/www.notibras.com\/site\/","name":"Notibras","description":"Not\u00edcias de Bras\u00edlia, do Brasil e do Mundo","publisher":{"@id":"https:\/\/www.notibras.com\/site\/#organization"},"potentialAction":[{"@type":"SearchAction","target":{"@type":"EntryPoint","urlTemplate":"https:\/\/www.notibras.com\/site\/?s={search_term_string}"},"query-input":{"@type":"PropertyValueSpecification","valueRequired":true,"valueName":"search_term_string"}}],"inLanguage":"pt-BR"},{"@type":"Organization","@id":"https:\/\/www.notibras.com\/site\/#organization","name":"Grupo Notibras de Comunica\u00e7\u00e3o","url":"https:\/\/www.notibras.com\/site\/","logo":{"@type":"ImageObject","inLanguage":"pt-BR","@id":"https:\/\/www.notibras.com\/site\/#\/schema\/logo\/image\/","url":"https:\/\/www.notibras.com\/site\/wp-content\/uploads\/2023\/01\/notibras23.png","contentUrl":"https:\/\/www.notibras.com\/site\/wp-content\/uploads\/2023\/01\/notibras23.png","width":350,"height":87,"caption":"Grupo Notibras de Comunica\u00e7\u00e3o"},"image":{"@id":"https:\/\/www.notibras.com\/site\/#\/schema\/logo\/image\/"},"sameAs":["https:\/\/www.facebook.com\/notibras\/","https:\/\/x.com\/Notibras","https:\/\/www.instagram.com\/notibras\/"]},{"@type":"Person","@id":"https:\/\/www.notibras.com\/site\/#\/schema\/person\/36ab0979449956132d3e5b517ea76ac8","name":"Reda\u00e7\u00e3o","image":{"@type":"ImageObject","inLanguage":"pt-BR","@id":"https:\/\/secure.gravatar.com\/avatar\/e0a867bdedb85fd243eadf09663511f96fc81e0720a4a42581f334ad4303aa6b?s=96&d=mm&r=g","url":"https:\/\/secure.gravatar.com\/avatar\/e0a867bdedb85fd243eadf09663511f96fc81e0720a4a42581f334ad4303aa6b?s=96&d=mm&r=g","contentUrl":"https:\/\/secure.gravatar.com\/avatar\/e0a867bdedb85fd243eadf09663511f96fc81e0720a4a42581f334ad4303aa6b?s=96&d=mm&r=g","caption":"Reda\u00e7\u00e3o"}}]}},"amp_enabled":true,"_links":{"self":[{"href":"https:\/\/www.notibras.com\/site\/wp-json\/wp\/v2\/posts\/316422","targetHints":{"allow":["GET"]}}],"collection":[{"href":"https:\/\/www.notibras.com\/site\/wp-json\/wp\/v2\/posts"}],"about":[{"href":"https:\/\/www.notibras.com\/site\/wp-json\/wp\/v2\/types\/post"}],"author":[{"embeddable":true,"href":"https:\/\/www.notibras.com\/site\/wp-json\/wp\/v2\/users\/2"}],"replies":[{"embeddable":true,"href":"https:\/\/www.notibras.com\/site\/wp-json\/wp\/v2\/comments?post=316422"}],"version-history":[{"count":1,"href":"https:\/\/www.notibras.com\/site\/wp-json\/wp\/v2\/posts\/316422\/revisions"}],"predecessor-version":[{"id":316423,"href":"https:\/\/www.notibras.com\/site\/wp-json\/wp\/v2\/posts\/316422\/revisions\/316423"}],"wp:featuredmedia":[{"embeddable":true,"href":"https:\/\/www.notibras.com\/site\/wp-json\/wp\/v2\/media\/242802"}],"wp:attachment":[{"href":"https:\/\/www.notibras.com\/site\/wp-json\/wp\/v2\/media?parent=316422"}],"wp:term":[{"taxonomy":"category","embeddable":true,"href":"https:\/\/www.notibras.com\/site\/wp-json\/wp\/v2\/categories?post=316422"},{"taxonomy":"post_tag","embeddable":true,"href":"https:\/\/www.notibras.com\/site\/wp-json\/wp\/v2\/tags?post=316422"}],"curies":[{"name":"wp","href":"https:\/\/api.w.org\/{rel}","templated":true}]}}