{"id":316451,"date":"2023-11-09T08:15:14","date_gmt":"2023-11-09T11:15:14","guid":{"rendered":"https:\/\/www.notibras.com\/site\/?p=316451"},"modified":"2023-11-09T08:27:49","modified_gmt":"2023-11-09T11:27:49","slug":"menino-deus-uma-das-minhas-itabiras-friorentas","status":"publish","type":"post","link":"https:\/\/www.notibras.com\/site\/menino-deus-uma-das-minhas-itabiras-friorentas\/","title":{"rendered":"Menino Deus, uma das minhas Itabiras friorentas"},"content":{"rendered":"<p>N\u00e3o \u00e9 raro meus companheiros de <strong>Notibras,<\/strong> especialmente o Jos\u00e9 Seabra, o Wenceslau Ara\u00fajo, o Andr\u00e9 Montanha e o Mathuzal\u00e9m J\u00fanior, me questionarem como \u00e9 que consigo morar em Porto Alegre, j\u00e1 que sou extremamente friorento. Eles t\u00eam raz\u00e3o, pois guardo uma frase na ponta da l\u00edngua sobre isso: Quem gosta de frio \u00e9 pinguim e picol\u00e9!<\/p>\n<p>Faz frio por aqui? Muito!!! Entretanto, quando faz calor, lembra muito os ver\u00f5es cariocas, pelos quais meu corpo clama a todo instante, apesar das reclama\u00e7\u00f5es da minha mulher. Pois \u00e9, parece que a antes friorenta Dona Irene est\u00e1 cada dia mais ga\u00facha. Mas, caso ela leia o que estou escrevendo, \u00e9 certo que logo vai dar uma caprichada naquele delicioso sotaque piauiense com pitadas de Maranh\u00e3o.<\/p>\n<p>Ah, Porto Alegre \u00e9 a cidade para todos os gostos. Calma, explico! Se voc\u00ea prefere ver\u00e3o a inverno ou deseja que logo chegue a primavera ou, v\u00e1 l\u00e1, \u00e9 do tipo que s\u00f3 \u00e9 feliz nos outonos, n\u00e3o se preocupe. Por aqui, todas essas esta\u00e7\u00f5es acontecem com intervalos de 15 minutos entre uma e outra. Ent\u00e3o, basta esperar.<\/p>\n<p>Para falar a verdade, a capital do Rio Grande do Sul \u00e9 uma das melhores cidades que conhe\u00e7o. H\u00e1 locais maravilhosos por aqui, mas nenhum, aos meus olhos, \u00e9 mais encantador do que o Menino Deus, o bairro onde moro. Adoro passear pelas suas cal\u00e7adas largas e, do nada, surge um indiv\u00edduo e puxa papo. Esse \u00e9 o modo ga\u00facho de ser.<\/p>\n<p>Tamb\u00e9m \u00e9 comum algu\u00e9m me peguntar se eu me sinto completamente feliz aqui. Completamente \u00e9 uma palavra muito extensa. Mas deixemos os pudores de lado. Falta uma praia no Menino Deus. Pois bem, se \u00e9 para falar a verdade, que baixem um decreto e tragam Copacabana inteirinha para c\u00e1. Somente assim, terei as minhas duas Itabiras juntinhas e misturadas.<\/p>\n<p>Algo que tem me interessado ultimamente \u00e9 o chimarr\u00e3o. Ali\u00e1s, mate. O povo daqui parece que n\u00e3o fala muito chimarr\u00e3o. Quando muito, um chima e olhe l\u00e1. At\u00e9 evito falar chimarr\u00e3o para n\u00e3o ser descoberto como forasteiro, se bem que basta eu pedir um pastel para ser identificado como tal.<\/p>\n<p>Um amigo que fiz por aqui, o Marcio Petracco, tem sido meu conselheiro no assunto. Ele me d\u00e1 umas dicas legais, mas que nem sempre conseguem evitar que a minha bomba entupa. Bomba? O Marcio me disse para usar camisinha da pr\u00f3xima vez. Camisinha? Talvez esses nomes sejam incomuns para voc\u00ea que est\u00e1 me lendo, mas n\u00e3o se preocupe, j\u00e1 que s\u00e3o apetrechos utilizados na degusta\u00e7\u00e3o da erva. Erva?<\/p>\n<p>Deixemos de lado o porongo e vamos nos ater ao churrasco. Ali\u00e1s, churrasco \u00e9 uma palavra dita pelos estados mais acima. Por aqui, \u00e9 assado. Vazio ou a tradicional costela, n\u00e3o tem como dar ruim. At\u00e9 eu, acostumado com as massas por quest\u00f5es familiares, j\u00e1 aumentei meu consumo de carne em 300%. E, logo constatei, o ga\u00facho entende mesmo do assunto.<\/p>\n<p>Bem que eu poderia escrever o dia inteiro sobre Porto Alegre, mas preciso sair. \u00c9 que o Chengulo, o meu cusco, est\u00e1 cutucando meu calcanhar. Ent\u00e3o, vou l\u00e1 dar uma volta pelo Menino Deus, o mais tradicional bairro de Porto Alegre. At\u00e9 a pr\u00f3xima!<\/p>\n","protected":false},"excerpt":{"rendered":"<p>N\u00e3o \u00e9 raro meus companheiros de Notibras, especialmente o Jos\u00e9 Seabra, o Wenceslau Ara\u00fajo, o Andr\u00e9 Montanha e o Mathuzal\u00e9m J\u00fanior, me questionarem como \u00e9 que consigo morar em Porto Alegre, j\u00e1 que sou extremamente friorento. Eles t\u00eam raz\u00e3o, pois guardo uma frase na ponta da l\u00edngua sobre isso: Quem gosta de frio \u00e9 pinguim [&hellip;]<\/p>\n","protected":false},"author":2,"featured_media":316452,"comment_status":"closed","ping_status":"closed","sticky":false,"template":"","format":"standard","meta":{"_acf_changed":false,"footnotes":""},"categories":[161],"tags":[],"class_list":["post-316451","post","type-post","status-publish","format-standard","has-post-thumbnail","hentry","category-quadradinho-em-foco"],"acf":[],"yoast_head":"<!-- This site is optimized with the Yoast SEO plugin v27.2 - https:\/\/yoast.com\/product\/yoast-seo-wordpress\/ -->\n<title>Menino Deus, uma das minhas Itabiras friorentas - Notibras<\/title>\n<meta name=\"robots\" content=\"index, follow, max-snippet:-1, max-image-preview:large, max-video-preview:-1\" \/>\n<link rel=\"canonical\" href=\"https:\/\/www.notibras.com\/site\/menino-deus-uma-das-minhas-itabiras-friorentas\/\" \/>\n<meta property=\"og:locale\" content=\"pt_BR\" \/>\n<meta property=\"og:type\" content=\"article\" \/>\n<meta property=\"og:title\" content=\"Menino Deus, uma das minhas Itabiras friorentas - Notibras\" \/>\n<meta property=\"og:description\" content=\"N\u00e3o \u00e9 raro meus companheiros de Notibras, especialmente o Jos\u00e9 Seabra, o Wenceslau Ara\u00fajo, o Andr\u00e9 Montanha e o Mathuzal\u00e9m J\u00fanior, me questionarem como \u00e9 que consigo morar em Porto Alegre, j\u00e1 que sou extremamente friorento. Eles t\u00eam raz\u00e3o, pois guardo uma frase na ponta da l\u00edngua sobre isso: Quem gosta de frio \u00e9 pinguim [&hellip;]\" \/>\n<meta property=\"og:url\" content=\"https:\/\/www.notibras.com\/site\/menino-deus-uma-das-minhas-itabiras-friorentas\/\" \/>\n<meta property=\"og:site_name\" content=\"Notibras\" \/>\n<meta property=\"article:publisher\" content=\"https:\/\/www.facebook.com\/notibras\/\" \/>\n<meta property=\"article:published_time\" content=\"2023-11-09T11:15:14+00:00\" \/>\n<meta property=\"article:modified_time\" content=\"2023-11-09T11:27:49+00:00\" \/>\n<meta property=\"og:image\" content=\"https:\/\/www.notibras.com\/site\/wp-content\/uploads\/2023\/11\/9cff0de7-428c-4f4e-9a3b-ff48375aec89.jpeg\" \/>\n\t<meta property=\"og:image:width\" content=\"960\" \/>\n\t<meta property=\"og:image:height\" content=\"1280\" \/>\n\t<meta property=\"og:image:type\" content=\"image\/jpeg\" \/>\n<meta name=\"author\" content=\"Reda\u00e7\u00e3o\" \/>\n<meta name=\"twitter:card\" content=\"summary_large_image\" \/>\n<meta name=\"twitter:creator\" content=\"@Notibras\" \/>\n<meta name=\"twitter:site\" content=\"@Notibras\" \/>\n<meta name=\"twitter:label1\" content=\"Escrito por\" \/>\n\t<meta name=\"twitter:data1\" content=\"Reda\u00e7\u00e3o\" \/>\n\t<meta name=\"twitter:label2\" content=\"Est. tempo de leitura\" \/>\n\t<meta name=\"twitter:data2\" content=\"3 minutos\" \/>\n<script type=\"application\/ld+json\" class=\"yoast-schema-graph\">{\"@context\":\"https:\/\/schema.org\",\"@graph\":[{\"@type\":\"Article\",\"@id\":\"https:\/\/www.notibras.com\/site\/menino-deus-uma-das-minhas-itabiras-friorentas\/#article\",\"isPartOf\":{\"@id\":\"https:\/\/www.notibras.com\/site\/menino-deus-uma-das-minhas-itabiras-friorentas\/\"},\"author\":{\"name\":\"Reda\u00e7\u00e3o\",\"@id\":\"https:\/\/www.notibras.com\/site\/#\/schema\/person\/36ab0979449956132d3e5b517ea76ac8\"},\"headline\":\"Menino Deus, uma das minhas Itabiras friorentas\",\"datePublished\":\"2023-11-09T11:15:14+00:00\",\"dateModified\":\"2023-11-09T11:27:49+00:00\",\"mainEntityOfPage\":{\"@id\":\"https:\/\/www.notibras.com\/site\/menino-deus-uma-das-minhas-itabiras-friorentas\/\"},\"wordCount\":550,\"publisher\":{\"@id\":\"https:\/\/www.notibras.com\/site\/#organization\"},\"image\":{\"@id\":\"https:\/\/www.notibras.com\/site\/menino-deus-uma-das-minhas-itabiras-friorentas\/#primaryimage\"},\"thumbnailUrl\":\"https:\/\/www.notibras.com\/site\/wp-content\/uploads\/2023\/11\/9cff0de7-428c-4f4e-9a3b-ff48375aec89.jpeg\",\"articleSection\":[\"Quadradinho em Foco\"],\"inLanguage\":\"pt-BR\"},{\"@type\":\"WebPage\",\"@id\":\"https:\/\/www.notibras.com\/site\/menino-deus-uma-das-minhas-itabiras-friorentas\/\",\"url\":\"https:\/\/www.notibras.com\/site\/menino-deus-uma-das-minhas-itabiras-friorentas\/\",\"name\":\"Menino Deus, uma das minhas Itabiras friorentas - Notibras\",\"isPartOf\":{\"@id\":\"https:\/\/www.notibras.com\/site\/#website\"},\"primaryImageOfPage\":{\"@id\":\"https:\/\/www.notibras.com\/site\/menino-deus-uma-das-minhas-itabiras-friorentas\/#primaryimage\"},\"image\":{\"@id\":\"https:\/\/www.notibras.com\/site\/menino-deus-uma-das-minhas-itabiras-friorentas\/#primaryimage\"},\"thumbnailUrl\":\"https:\/\/www.notibras.com\/site\/wp-content\/uploads\/2023\/11\/9cff0de7-428c-4f4e-9a3b-ff48375aec89.jpeg\",\"datePublished\":\"2023-11-09T11:15:14+00:00\",\"dateModified\":\"2023-11-09T11:27:49+00:00\",\"breadcrumb\":{\"@id\":\"https:\/\/www.notibras.com\/site\/menino-deus-uma-das-minhas-itabiras-friorentas\/#breadcrumb\"},\"inLanguage\":\"pt-BR\",\"potentialAction\":[{\"@type\":\"ReadAction\",\"target\":[\"https:\/\/www.notibras.com\/site\/menino-deus-uma-das-minhas-itabiras-friorentas\/\"]}]},{\"@type\":\"ImageObject\",\"inLanguage\":\"pt-BR\",\"@id\":\"https:\/\/www.notibras.com\/site\/menino-deus-uma-das-minhas-itabiras-friorentas\/#primaryimage\",\"url\":\"https:\/\/www.notibras.com\/site\/wp-content\/uploads\/2023\/11\/9cff0de7-428c-4f4e-9a3b-ff48375aec89.jpeg\",\"contentUrl\":\"https:\/\/www.notibras.com\/site\/wp-content\/uploads\/2023\/11\/9cff0de7-428c-4f4e-9a3b-ff48375aec89.jpeg\",\"width\":960,\"height\":1280},{\"@type\":\"BreadcrumbList\",\"@id\":\"https:\/\/www.notibras.com\/site\/menino-deus-uma-das-minhas-itabiras-friorentas\/#breadcrumb\",\"itemListElement\":[{\"@type\":\"ListItem\",\"position\":1,\"name\":\"In\u00edcio\",\"item\":\"https:\/\/www.notibras.com\/site\/\"},{\"@type\":\"ListItem\",\"position\":2,\"name\":\"Menino Deus, uma das minhas Itabiras friorentas\"}]},{\"@type\":\"WebSite\",\"@id\":\"https:\/\/www.notibras.com\/site\/#website\",\"url\":\"https:\/\/www.notibras.com\/site\/\",\"name\":\"Notibras\",\"description\":\"Not\u00edcias de Bras\u00edlia, do Brasil e do Mundo\",\"publisher\":{\"@id\":\"https:\/\/www.notibras.com\/site\/#organization\"},\"potentialAction\":[{\"@type\":\"SearchAction\",\"target\":{\"@type\":\"EntryPoint\",\"urlTemplate\":\"https:\/\/www.notibras.com\/site\/?s={search_term_string}\"},\"query-input\":{\"@type\":\"PropertyValueSpecification\",\"valueRequired\":true,\"valueName\":\"search_term_string\"}}],\"inLanguage\":\"pt-BR\"},{\"@type\":\"Organization\",\"@id\":\"https:\/\/www.notibras.com\/site\/#organization\",\"name\":\"Grupo Notibras de Comunica\u00e7\u00e3o\",\"url\":\"https:\/\/www.notibras.com\/site\/\",\"logo\":{\"@type\":\"ImageObject\",\"inLanguage\":\"pt-BR\",\"@id\":\"https:\/\/www.notibras.com\/site\/#\/schema\/logo\/image\/\",\"url\":\"https:\/\/www.notibras.com\/site\/wp-content\/uploads\/2023\/01\/notibras23.png\",\"contentUrl\":\"https:\/\/www.notibras.com\/site\/wp-content\/uploads\/2023\/01\/notibras23.png\",\"width\":350,\"height\":87,\"caption\":\"Grupo Notibras de Comunica\u00e7\u00e3o\"},\"image\":{\"@id\":\"https:\/\/www.notibras.com\/site\/#\/schema\/logo\/image\/\"},\"sameAs\":[\"https:\/\/www.facebook.com\/notibras\/\",\"https:\/\/x.com\/Notibras\",\"https:\/\/www.instagram.com\/notibras\/\"]},{\"@type\":\"Person\",\"@id\":\"https:\/\/www.notibras.com\/site\/#\/schema\/person\/36ab0979449956132d3e5b517ea76ac8\",\"name\":\"Reda\u00e7\u00e3o\",\"image\":{\"@type\":\"ImageObject\",\"inLanguage\":\"pt-BR\",\"@id\":\"https:\/\/secure.gravatar.com\/avatar\/e0a867bdedb85fd243eadf09663511f96fc81e0720a4a42581f334ad4303aa6b?s=96&d=mm&r=g\",\"url\":\"https:\/\/secure.gravatar.com\/avatar\/e0a867bdedb85fd243eadf09663511f96fc81e0720a4a42581f334ad4303aa6b?s=96&d=mm&r=g\",\"contentUrl\":\"https:\/\/secure.gravatar.com\/avatar\/e0a867bdedb85fd243eadf09663511f96fc81e0720a4a42581f334ad4303aa6b?s=96&d=mm&r=g\",\"caption\":\"Reda\u00e7\u00e3o\"}}]}<\/script>\n<!-- \/ Yoast SEO plugin. -->","yoast_head_json":{"title":"Menino Deus, uma das minhas Itabiras friorentas - Notibras","robots":{"index":"index","follow":"follow","max-snippet":"max-snippet:-1","max-image-preview":"max-image-preview:large","max-video-preview":"max-video-preview:-1"},"canonical":"https:\/\/www.notibras.com\/site\/menino-deus-uma-das-minhas-itabiras-friorentas\/","og_locale":"pt_BR","og_type":"article","og_title":"Menino Deus, uma das minhas Itabiras friorentas - Notibras","og_description":"N\u00e3o \u00e9 raro meus companheiros de Notibras, especialmente o Jos\u00e9 Seabra, o Wenceslau Ara\u00fajo, o Andr\u00e9 Montanha e o Mathuzal\u00e9m J\u00fanior, me questionarem como \u00e9 que consigo morar em Porto Alegre, j\u00e1 que sou extremamente friorento. Eles t\u00eam raz\u00e3o, pois guardo uma frase na ponta da l\u00edngua sobre isso: Quem gosta de frio \u00e9 pinguim [&hellip;]","og_url":"https:\/\/www.notibras.com\/site\/menino-deus-uma-das-minhas-itabiras-friorentas\/","og_site_name":"Notibras","article_publisher":"https:\/\/www.facebook.com\/notibras\/","article_published_time":"2023-11-09T11:15:14+00:00","article_modified_time":"2023-11-09T11:27:49+00:00","og_image":[{"width":960,"height":1280,"url":"https:\/\/www.notibras.com\/site\/wp-content\/uploads\/2023\/11\/9cff0de7-428c-4f4e-9a3b-ff48375aec89.jpeg","type":"image\/jpeg"}],"author":"Reda\u00e7\u00e3o","twitter_card":"summary_large_image","twitter_creator":"@Notibras","twitter_site":"@Notibras","twitter_misc":{"Escrito por":"Reda\u00e7\u00e3o","Est. tempo de leitura":"3 minutos"},"schema":{"@context":"https:\/\/schema.org","@graph":[{"@type":"Article","@id":"https:\/\/www.notibras.com\/site\/menino-deus-uma-das-minhas-itabiras-friorentas\/#article","isPartOf":{"@id":"https:\/\/www.notibras.com\/site\/menino-deus-uma-das-minhas-itabiras-friorentas\/"},"author":{"name":"Reda\u00e7\u00e3o","@id":"https:\/\/www.notibras.com\/site\/#\/schema\/person\/36ab0979449956132d3e5b517ea76ac8"},"headline":"Menino Deus, uma das minhas Itabiras friorentas","datePublished":"2023-11-09T11:15:14+00:00","dateModified":"2023-11-09T11:27:49+00:00","mainEntityOfPage":{"@id":"https:\/\/www.notibras.com\/site\/menino-deus-uma-das-minhas-itabiras-friorentas\/"},"wordCount":550,"publisher":{"@id":"https:\/\/www.notibras.com\/site\/#organization"},"image":{"@id":"https:\/\/www.notibras.com\/site\/menino-deus-uma-das-minhas-itabiras-friorentas\/#primaryimage"},"thumbnailUrl":"https:\/\/www.notibras.com\/site\/wp-content\/uploads\/2023\/11\/9cff0de7-428c-4f4e-9a3b-ff48375aec89.jpeg","articleSection":["Quadradinho em Foco"],"inLanguage":"pt-BR"},{"@type":"WebPage","@id":"https:\/\/www.notibras.com\/site\/menino-deus-uma-das-minhas-itabiras-friorentas\/","url":"https:\/\/www.notibras.com\/site\/menino-deus-uma-das-minhas-itabiras-friorentas\/","name":"Menino Deus, uma das minhas Itabiras friorentas - Notibras","isPartOf":{"@id":"https:\/\/www.notibras.com\/site\/#website"},"primaryImageOfPage":{"@id":"https:\/\/www.notibras.com\/site\/menino-deus-uma-das-minhas-itabiras-friorentas\/#primaryimage"},"image":{"@id":"https:\/\/www.notibras.com\/site\/menino-deus-uma-das-minhas-itabiras-friorentas\/#primaryimage"},"thumbnailUrl":"https:\/\/www.notibras.com\/site\/wp-content\/uploads\/2023\/11\/9cff0de7-428c-4f4e-9a3b-ff48375aec89.jpeg","datePublished":"2023-11-09T11:15:14+00:00","dateModified":"2023-11-09T11:27:49+00:00","breadcrumb":{"@id":"https:\/\/www.notibras.com\/site\/menino-deus-uma-das-minhas-itabiras-friorentas\/#breadcrumb"},"inLanguage":"pt-BR","potentialAction":[{"@type":"ReadAction","target":["https:\/\/www.notibras.com\/site\/menino-deus-uma-das-minhas-itabiras-friorentas\/"]}]},{"@type":"ImageObject","inLanguage":"pt-BR","@id":"https:\/\/www.notibras.com\/site\/menino-deus-uma-das-minhas-itabiras-friorentas\/#primaryimage","url":"https:\/\/www.notibras.com\/site\/wp-content\/uploads\/2023\/11\/9cff0de7-428c-4f4e-9a3b-ff48375aec89.jpeg","contentUrl":"https:\/\/www.notibras.com\/site\/wp-content\/uploads\/2023\/11\/9cff0de7-428c-4f4e-9a3b-ff48375aec89.jpeg","width":960,"height":1280},{"@type":"BreadcrumbList","@id":"https:\/\/www.notibras.com\/site\/menino-deus-uma-das-minhas-itabiras-friorentas\/#breadcrumb","itemListElement":[{"@type":"ListItem","position":1,"name":"In\u00edcio","item":"https:\/\/www.notibras.com\/site\/"},{"@type":"ListItem","position":2,"name":"Menino Deus, uma das minhas Itabiras friorentas"}]},{"@type":"WebSite","@id":"https:\/\/www.notibras.com\/site\/#website","url":"https:\/\/www.notibras.com\/site\/","name":"Notibras","description":"Not\u00edcias de Bras\u00edlia, do Brasil e do Mundo","publisher":{"@id":"https:\/\/www.notibras.com\/site\/#organization"},"potentialAction":[{"@type":"SearchAction","target":{"@type":"EntryPoint","urlTemplate":"https:\/\/www.notibras.com\/site\/?s={search_term_string}"},"query-input":{"@type":"PropertyValueSpecification","valueRequired":true,"valueName":"search_term_string"}}],"inLanguage":"pt-BR"},{"@type":"Organization","@id":"https:\/\/www.notibras.com\/site\/#organization","name":"Grupo Notibras de Comunica\u00e7\u00e3o","url":"https:\/\/www.notibras.com\/site\/","logo":{"@type":"ImageObject","inLanguage":"pt-BR","@id":"https:\/\/www.notibras.com\/site\/#\/schema\/logo\/image\/","url":"https:\/\/www.notibras.com\/site\/wp-content\/uploads\/2023\/01\/notibras23.png","contentUrl":"https:\/\/www.notibras.com\/site\/wp-content\/uploads\/2023\/01\/notibras23.png","width":350,"height":87,"caption":"Grupo Notibras de Comunica\u00e7\u00e3o"},"image":{"@id":"https:\/\/www.notibras.com\/site\/#\/schema\/logo\/image\/"},"sameAs":["https:\/\/www.facebook.com\/notibras\/","https:\/\/x.com\/Notibras","https:\/\/www.instagram.com\/notibras\/"]},{"@type":"Person","@id":"https:\/\/www.notibras.com\/site\/#\/schema\/person\/36ab0979449956132d3e5b517ea76ac8","name":"Reda\u00e7\u00e3o","image":{"@type":"ImageObject","inLanguage":"pt-BR","@id":"https:\/\/secure.gravatar.com\/avatar\/e0a867bdedb85fd243eadf09663511f96fc81e0720a4a42581f334ad4303aa6b?s=96&d=mm&r=g","url":"https:\/\/secure.gravatar.com\/avatar\/e0a867bdedb85fd243eadf09663511f96fc81e0720a4a42581f334ad4303aa6b?s=96&d=mm&r=g","contentUrl":"https:\/\/secure.gravatar.com\/avatar\/e0a867bdedb85fd243eadf09663511f96fc81e0720a4a42581f334ad4303aa6b?s=96&d=mm&r=g","caption":"Reda\u00e7\u00e3o"}}]}},"amp_enabled":true,"_links":{"self":[{"href":"https:\/\/www.notibras.com\/site\/wp-json\/wp\/v2\/posts\/316451","targetHints":{"allow":["GET"]}}],"collection":[{"href":"https:\/\/www.notibras.com\/site\/wp-json\/wp\/v2\/posts"}],"about":[{"href":"https:\/\/www.notibras.com\/site\/wp-json\/wp\/v2\/types\/post"}],"author":[{"embeddable":true,"href":"https:\/\/www.notibras.com\/site\/wp-json\/wp\/v2\/users\/2"}],"replies":[{"embeddable":true,"href":"https:\/\/www.notibras.com\/site\/wp-json\/wp\/v2\/comments?post=316451"}],"version-history":[{"count":2,"href":"https:\/\/www.notibras.com\/site\/wp-json\/wp\/v2\/posts\/316451\/revisions"}],"predecessor-version":[{"id":316487,"href":"https:\/\/www.notibras.com\/site\/wp-json\/wp\/v2\/posts\/316451\/revisions\/316487"}],"wp:featuredmedia":[{"embeddable":true,"href":"https:\/\/www.notibras.com\/site\/wp-json\/wp\/v2\/media\/316452"}],"wp:attachment":[{"href":"https:\/\/www.notibras.com\/site\/wp-json\/wp\/v2\/media?parent=316451"}],"wp:term":[{"taxonomy":"category","embeddable":true,"href":"https:\/\/www.notibras.com\/site\/wp-json\/wp\/v2\/categories?post=316451"},{"taxonomy":"post_tag","embeddable":true,"href":"https:\/\/www.notibras.com\/site\/wp-json\/wp\/v2\/tags?post=316451"}],"curies":[{"name":"wp","href":"https:\/\/api.w.org\/{rel}","templated":true}]}}