{"id":316454,"date":"2023-11-08T20:31:50","date_gmt":"2023-11-08T23:31:50","guid":{"rendered":"https:\/\/www.notibras.com\/site\/?p=316454"},"modified":"2023-11-08T20:31:50","modified_gmt":"2023-11-08T23:31:50","slug":"ate-que-a-morte-os-separe-sai-de-cena-e-entra-divorcio-direto","status":"publish","type":"post","link":"https:\/\/www.notibras.com\/site\/ate-que-a-morte-os-separe-sai-de-cena-e-entra-divorcio-direto\/","title":{"rendered":"&#8216;At\u00e9 que a morte os separe&#8217; sai de cena e entra div\u00f3rcio direto"},"content":{"rendered":"<p>O Supremo Tribunal Federal (STF) confirmou nesta quarta-feira (8) a validade da emenda \u00e0 Constitui\u00e7\u00e3o que criou o div\u00f3rcio direto. Com isso, ficou estabelecido que o casamento civil pode ser dissolvido pela solicita\u00e7\u00e3o do div\u00f3rcio, sem a necessidade pr\u00e9via da separa\u00e7\u00e3o judicial.<\/p>\n<p>Na pr\u00e1tica, a decis\u00e3o da Corte confirma que n\u00e3o \u00e9 necess\u00e1ria a separa\u00e7\u00e3o judicial do casal antes da solicita\u00e7\u00e3o do div\u00f3rcio direto, que \u00e9 realizado em cart\u00f3rio e com a presen\u00e7a dos advogados de cada parte.<\/p>\n<p>A medida entrou em vigor com a Emenda Constitucional n\u00ba 66, de 2010, e facilitou o processo de div\u00f3rcio nos casos em que h\u00e1 consenso entre o casal sobre o t\u00e9rmino do casamento e n\u00e3o h\u00e1 filhos menores de idade. Nas outras hip\u00f3teses, a dissolu\u00e7\u00e3o do casamento \u00e9 feita pela Justi\u00e7a.<\/p>\n<p>O caso chegou ao Supremo por meio do recurso de um c\u00f4njuge que contestou o mecanismo de div\u00f3rcio direto. Antes da emenda, o div\u00f3rcio s\u00f3 era efetivado ap\u00f3s a separa\u00e7\u00e3o judicial por um ano ou a comprova\u00e7\u00e3o do fim do relacionamento conjugal h\u00e1 pelo menos dois anos.<\/p>\n<p>Prevaleceu no julgamento o voto proferido pelo ministro Luiz Fux. Para o ministro, a a\u00e7\u00e3o judicial foi extinta do ordenamento jur\u00eddico com a promulga\u00e7\u00e3o da emenda e n\u00e3o \u00e9 mais requisito pr\u00e9vio para o div\u00f3rcio.<\/p>\n<p>Durante o julgamento, a ministra C\u00e1rmen L\u00facia, \u00fanica mulher a atuar no STF, afirmou \u00e9 discriminada mesmo sendo ju\u00edza da Corte. Ao longo da hist\u00f3ria do pa\u00eds, foi poss\u00edvel sustentar nos processos de separa\u00e7\u00e3o a culpa da mulher por viola\u00e7\u00e3o dos deveres conjugais. &#8220;Estou falando porque, como ju\u00edza de um tribunal constitucional, sou tratada com discrimina\u00e7\u00e3o em v\u00e1rias ocasi\u00f5es.&#8221;<\/p>\n<p>Pela decis\u00e3o do Supremo, fica mantido o estado civil das pessoas que j\u00e1 est\u00e3o separadas por decis\u00e3o judicial ou escritura p\u00fablica.<\/p>\n","protected":false},"excerpt":{"rendered":"<p>O Supremo Tribunal Federal (STF) confirmou nesta quarta-feira (8) a validade da emenda \u00e0 Constitui\u00e7\u00e3o que criou o div\u00f3rcio direto. Com isso, ficou estabelecido que o casamento civil pode ser dissolvido pela solicita\u00e7\u00e3o do div\u00f3rcio, sem a necessidade pr\u00e9via da separa\u00e7\u00e3o judicial. Na pr\u00e1tica, a decis\u00e3o da Corte confirma que n\u00e3o \u00e9 necess\u00e1ria a separa\u00e7\u00e3o [&hellip;]<\/p>\n","protected":false},"author":2,"featured_media":316455,"comment_status":"closed","ping_status":"closed","sticky":false,"template":"","format":"standard","meta":{"_acf_changed":false,"footnotes":""},"categories":[161],"tags":[95],"class_list":["post-316454","post","type-post","status-publish","format-standard","has-post-thumbnail","hentry","category-quadradinho-em-foco","tag-capa"],"acf":[],"yoast_head":"<!-- This site is optimized with the Yoast SEO plugin v27.2 - https:\/\/yoast.com\/product\/yoast-seo-wordpress\/ -->\n<title>&#039;At\u00e9 que a morte os separe&#039; sai de cena e entra div\u00f3rcio direto - Notibras<\/title>\n<meta name=\"robots\" content=\"index, follow, max-snippet:-1, max-image-preview:large, max-video-preview:-1\" \/>\n<link rel=\"canonical\" href=\"https:\/\/www.notibras.com\/site\/ate-que-a-morte-os-separe-sai-de-cena-e-entra-divorcio-direto\/\" \/>\n<meta property=\"og:locale\" content=\"pt_BR\" \/>\n<meta property=\"og:type\" content=\"article\" \/>\n<meta property=\"og:title\" content=\"&#039;At\u00e9 que a morte os separe&#039; sai de cena e entra div\u00f3rcio direto - Notibras\" \/>\n<meta property=\"og:description\" content=\"O Supremo Tribunal Federal (STF) confirmou nesta quarta-feira (8) a validade da emenda \u00e0 Constitui\u00e7\u00e3o que criou o div\u00f3rcio direto. Com isso, ficou estabelecido que o casamento civil pode ser dissolvido pela solicita\u00e7\u00e3o do div\u00f3rcio, sem a necessidade pr\u00e9via da separa\u00e7\u00e3o judicial. Na pr\u00e1tica, a decis\u00e3o da Corte confirma que n\u00e3o \u00e9 necess\u00e1ria a separa\u00e7\u00e3o [&hellip;]\" \/>\n<meta property=\"og:url\" content=\"https:\/\/www.notibras.com\/site\/ate-que-a-morte-os-separe-sai-de-cena-e-entra-divorcio-direto\/\" \/>\n<meta property=\"og:site_name\" content=\"Notibras\" \/>\n<meta property=\"article:publisher\" content=\"https:\/\/www.facebook.com\/notibras\/\" \/>\n<meta property=\"article:published_time\" content=\"2023-11-08T23:31:50+00:00\" \/>\n<meta property=\"og:image\" content=\"https:\/\/www.notibras.com\/site\/wp-content\/uploads\/2023\/11\/casal.2.webp\" \/>\n\t<meta property=\"og:image:width\" content=\"1280\" \/>\n\t<meta property=\"og:image:height\" content=\"1275\" \/>\n\t<meta property=\"og:image:type\" content=\"image\/webp\" \/>\n<meta name=\"author\" content=\"Reda\u00e7\u00e3o\" \/>\n<meta name=\"twitter:card\" content=\"summary_large_image\" \/>\n<meta name=\"twitter:creator\" content=\"@Notibras\" \/>\n<meta name=\"twitter:site\" content=\"@Notibras\" \/>\n<meta name=\"twitter:label1\" content=\"Escrito por\" \/>\n\t<meta name=\"twitter:data1\" content=\"Reda\u00e7\u00e3o\" \/>\n\t<meta name=\"twitter:label2\" content=\"Est. tempo de leitura\" \/>\n\t<meta name=\"twitter:data2\" content=\"2 minutos\" \/>\n<script type=\"application\/ld+json\" class=\"yoast-schema-graph\">{\"@context\":\"https:\/\/schema.org\",\"@graph\":[{\"@type\":\"Article\",\"@id\":\"https:\/\/www.notibras.com\/site\/ate-que-a-morte-os-separe-sai-de-cena-e-entra-divorcio-direto\/#article\",\"isPartOf\":{\"@id\":\"https:\/\/www.notibras.com\/site\/ate-que-a-morte-os-separe-sai-de-cena-e-entra-divorcio-direto\/\"},\"author\":{\"name\":\"Reda\u00e7\u00e3o\",\"@id\":\"https:\/\/www.notibras.com\/site\/#\/schema\/person\/36ab0979449956132d3e5b517ea76ac8\"},\"headline\":\"&#8216;At\u00e9 que a morte os separe&#8217; sai de cena e entra div\u00f3rcio direto\",\"datePublished\":\"2023-11-08T23:31:50+00:00\",\"mainEntityOfPage\":{\"@id\":\"https:\/\/www.notibras.com\/site\/ate-que-a-morte-os-separe-sai-de-cena-e-entra-divorcio-direto\/\"},\"wordCount\":345,\"publisher\":{\"@id\":\"https:\/\/www.notibras.com\/site\/#organization\"},\"image\":{\"@id\":\"https:\/\/www.notibras.com\/site\/ate-que-a-morte-os-separe-sai-de-cena-e-entra-divorcio-direto\/#primaryimage\"},\"thumbnailUrl\":\"https:\/\/www.notibras.com\/site\/wp-content\/uploads\/2023\/11\/casal.2.webp\",\"keywords\":[\"capa\"],\"articleSection\":[\"Quadradinho em Foco\"],\"inLanguage\":\"pt-BR\"},{\"@type\":\"WebPage\",\"@id\":\"https:\/\/www.notibras.com\/site\/ate-que-a-morte-os-separe-sai-de-cena-e-entra-divorcio-direto\/\",\"url\":\"https:\/\/www.notibras.com\/site\/ate-que-a-morte-os-separe-sai-de-cena-e-entra-divorcio-direto\/\",\"name\":\"'At\u00e9 que a morte os separe' sai de cena e entra div\u00f3rcio direto - Notibras\",\"isPartOf\":{\"@id\":\"https:\/\/www.notibras.com\/site\/#website\"},\"primaryImageOfPage\":{\"@id\":\"https:\/\/www.notibras.com\/site\/ate-que-a-morte-os-separe-sai-de-cena-e-entra-divorcio-direto\/#primaryimage\"},\"image\":{\"@id\":\"https:\/\/www.notibras.com\/site\/ate-que-a-morte-os-separe-sai-de-cena-e-entra-divorcio-direto\/#primaryimage\"},\"thumbnailUrl\":\"https:\/\/www.notibras.com\/site\/wp-content\/uploads\/2023\/11\/casal.2.webp\",\"datePublished\":\"2023-11-08T23:31:50+00:00\",\"breadcrumb\":{\"@id\":\"https:\/\/www.notibras.com\/site\/ate-que-a-morte-os-separe-sai-de-cena-e-entra-divorcio-direto\/#breadcrumb\"},\"inLanguage\":\"pt-BR\",\"potentialAction\":[{\"@type\":\"ReadAction\",\"target\":[\"https:\/\/www.notibras.com\/site\/ate-que-a-morte-os-separe-sai-de-cena-e-entra-divorcio-direto\/\"]}]},{\"@type\":\"ImageObject\",\"inLanguage\":\"pt-BR\",\"@id\":\"https:\/\/www.notibras.com\/site\/ate-que-a-morte-os-separe-sai-de-cena-e-entra-divorcio-direto\/#primaryimage\",\"url\":\"https:\/\/www.notibras.com\/site\/wp-content\/uploads\/2023\/11\/casal.2.webp\",\"contentUrl\":\"https:\/\/www.notibras.com\/site\/wp-content\/uploads\/2023\/11\/casal.2.webp\",\"width\":1280,\"height\":1275},{\"@type\":\"BreadcrumbList\",\"@id\":\"https:\/\/www.notibras.com\/site\/ate-que-a-morte-os-separe-sai-de-cena-e-entra-divorcio-direto\/#breadcrumb\",\"itemListElement\":[{\"@type\":\"ListItem\",\"position\":1,\"name\":\"In\u00edcio\",\"item\":\"https:\/\/www.notibras.com\/site\/\"},{\"@type\":\"ListItem\",\"position\":2,\"name\":\"&#8216;At\u00e9 que a morte os separe&#8217; sai de cena e entra div\u00f3rcio direto\"}]},{\"@type\":\"WebSite\",\"@id\":\"https:\/\/www.notibras.com\/site\/#website\",\"url\":\"https:\/\/www.notibras.com\/site\/\",\"name\":\"Notibras\",\"description\":\"Not\u00edcias de Bras\u00edlia, do Brasil e do Mundo\",\"publisher\":{\"@id\":\"https:\/\/www.notibras.com\/site\/#organization\"},\"potentialAction\":[{\"@type\":\"SearchAction\",\"target\":{\"@type\":\"EntryPoint\",\"urlTemplate\":\"https:\/\/www.notibras.com\/site\/?s={search_term_string}\"},\"query-input\":{\"@type\":\"PropertyValueSpecification\",\"valueRequired\":true,\"valueName\":\"search_term_string\"}}],\"inLanguage\":\"pt-BR\"},{\"@type\":\"Organization\",\"@id\":\"https:\/\/www.notibras.com\/site\/#organization\",\"name\":\"Grupo Notibras de Comunica\u00e7\u00e3o\",\"url\":\"https:\/\/www.notibras.com\/site\/\",\"logo\":{\"@type\":\"ImageObject\",\"inLanguage\":\"pt-BR\",\"@id\":\"https:\/\/www.notibras.com\/site\/#\/schema\/logo\/image\/\",\"url\":\"https:\/\/www.notibras.com\/site\/wp-content\/uploads\/2023\/01\/notibras23.png\",\"contentUrl\":\"https:\/\/www.notibras.com\/site\/wp-content\/uploads\/2023\/01\/notibras23.png\",\"width\":350,\"height\":87,\"caption\":\"Grupo Notibras de Comunica\u00e7\u00e3o\"},\"image\":{\"@id\":\"https:\/\/www.notibras.com\/site\/#\/schema\/logo\/image\/\"},\"sameAs\":[\"https:\/\/www.facebook.com\/notibras\/\",\"https:\/\/x.com\/Notibras\",\"https:\/\/www.instagram.com\/notibras\/\"]},{\"@type\":\"Person\",\"@id\":\"https:\/\/www.notibras.com\/site\/#\/schema\/person\/36ab0979449956132d3e5b517ea76ac8\",\"name\":\"Reda\u00e7\u00e3o\",\"image\":{\"@type\":\"ImageObject\",\"inLanguage\":\"pt-BR\",\"@id\":\"https:\/\/secure.gravatar.com\/avatar\/e0a867bdedb85fd243eadf09663511f96fc81e0720a4a42581f334ad4303aa6b?s=96&d=mm&r=g\",\"url\":\"https:\/\/secure.gravatar.com\/avatar\/e0a867bdedb85fd243eadf09663511f96fc81e0720a4a42581f334ad4303aa6b?s=96&d=mm&r=g\",\"contentUrl\":\"https:\/\/secure.gravatar.com\/avatar\/e0a867bdedb85fd243eadf09663511f96fc81e0720a4a42581f334ad4303aa6b?s=96&d=mm&r=g\",\"caption\":\"Reda\u00e7\u00e3o\"}}]}<\/script>\n<!-- \/ Yoast SEO plugin. -->","yoast_head_json":{"title":"'At\u00e9 que a morte os separe' sai de cena e entra div\u00f3rcio direto - Notibras","robots":{"index":"index","follow":"follow","max-snippet":"max-snippet:-1","max-image-preview":"max-image-preview:large","max-video-preview":"max-video-preview:-1"},"canonical":"https:\/\/www.notibras.com\/site\/ate-que-a-morte-os-separe-sai-de-cena-e-entra-divorcio-direto\/","og_locale":"pt_BR","og_type":"article","og_title":"'At\u00e9 que a morte os separe' sai de cena e entra div\u00f3rcio direto - Notibras","og_description":"O Supremo Tribunal Federal (STF) confirmou nesta quarta-feira (8) a validade da emenda \u00e0 Constitui\u00e7\u00e3o que criou o div\u00f3rcio direto. Com isso, ficou estabelecido que o casamento civil pode ser dissolvido pela solicita\u00e7\u00e3o do div\u00f3rcio, sem a necessidade pr\u00e9via da separa\u00e7\u00e3o judicial. Na pr\u00e1tica, a decis\u00e3o da Corte confirma que n\u00e3o \u00e9 necess\u00e1ria a separa\u00e7\u00e3o [&hellip;]","og_url":"https:\/\/www.notibras.com\/site\/ate-que-a-morte-os-separe-sai-de-cena-e-entra-divorcio-direto\/","og_site_name":"Notibras","article_publisher":"https:\/\/www.facebook.com\/notibras\/","article_published_time":"2023-11-08T23:31:50+00:00","og_image":[{"width":1280,"height":1275,"url":"https:\/\/www.notibras.com\/site\/wp-content\/uploads\/2023\/11\/casal.2.webp","type":"image\/webp"}],"author":"Reda\u00e7\u00e3o","twitter_card":"summary_large_image","twitter_creator":"@Notibras","twitter_site":"@Notibras","twitter_misc":{"Escrito por":"Reda\u00e7\u00e3o","Est. tempo de leitura":"2 minutos"},"schema":{"@context":"https:\/\/schema.org","@graph":[{"@type":"Article","@id":"https:\/\/www.notibras.com\/site\/ate-que-a-morte-os-separe-sai-de-cena-e-entra-divorcio-direto\/#article","isPartOf":{"@id":"https:\/\/www.notibras.com\/site\/ate-que-a-morte-os-separe-sai-de-cena-e-entra-divorcio-direto\/"},"author":{"name":"Reda\u00e7\u00e3o","@id":"https:\/\/www.notibras.com\/site\/#\/schema\/person\/36ab0979449956132d3e5b517ea76ac8"},"headline":"&#8216;At\u00e9 que a morte os separe&#8217; sai de cena e entra div\u00f3rcio direto","datePublished":"2023-11-08T23:31:50+00:00","mainEntityOfPage":{"@id":"https:\/\/www.notibras.com\/site\/ate-que-a-morte-os-separe-sai-de-cena-e-entra-divorcio-direto\/"},"wordCount":345,"publisher":{"@id":"https:\/\/www.notibras.com\/site\/#organization"},"image":{"@id":"https:\/\/www.notibras.com\/site\/ate-que-a-morte-os-separe-sai-de-cena-e-entra-divorcio-direto\/#primaryimage"},"thumbnailUrl":"https:\/\/www.notibras.com\/site\/wp-content\/uploads\/2023\/11\/casal.2.webp","keywords":["capa"],"articleSection":["Quadradinho em Foco"],"inLanguage":"pt-BR"},{"@type":"WebPage","@id":"https:\/\/www.notibras.com\/site\/ate-que-a-morte-os-separe-sai-de-cena-e-entra-divorcio-direto\/","url":"https:\/\/www.notibras.com\/site\/ate-que-a-morte-os-separe-sai-de-cena-e-entra-divorcio-direto\/","name":"'At\u00e9 que a morte os separe' sai de cena e entra div\u00f3rcio direto - Notibras","isPartOf":{"@id":"https:\/\/www.notibras.com\/site\/#website"},"primaryImageOfPage":{"@id":"https:\/\/www.notibras.com\/site\/ate-que-a-morte-os-separe-sai-de-cena-e-entra-divorcio-direto\/#primaryimage"},"image":{"@id":"https:\/\/www.notibras.com\/site\/ate-que-a-morte-os-separe-sai-de-cena-e-entra-divorcio-direto\/#primaryimage"},"thumbnailUrl":"https:\/\/www.notibras.com\/site\/wp-content\/uploads\/2023\/11\/casal.2.webp","datePublished":"2023-11-08T23:31:50+00:00","breadcrumb":{"@id":"https:\/\/www.notibras.com\/site\/ate-que-a-morte-os-separe-sai-de-cena-e-entra-divorcio-direto\/#breadcrumb"},"inLanguage":"pt-BR","potentialAction":[{"@type":"ReadAction","target":["https:\/\/www.notibras.com\/site\/ate-que-a-morte-os-separe-sai-de-cena-e-entra-divorcio-direto\/"]}]},{"@type":"ImageObject","inLanguage":"pt-BR","@id":"https:\/\/www.notibras.com\/site\/ate-que-a-morte-os-separe-sai-de-cena-e-entra-divorcio-direto\/#primaryimage","url":"https:\/\/www.notibras.com\/site\/wp-content\/uploads\/2023\/11\/casal.2.webp","contentUrl":"https:\/\/www.notibras.com\/site\/wp-content\/uploads\/2023\/11\/casal.2.webp","width":1280,"height":1275},{"@type":"BreadcrumbList","@id":"https:\/\/www.notibras.com\/site\/ate-que-a-morte-os-separe-sai-de-cena-e-entra-divorcio-direto\/#breadcrumb","itemListElement":[{"@type":"ListItem","position":1,"name":"In\u00edcio","item":"https:\/\/www.notibras.com\/site\/"},{"@type":"ListItem","position":2,"name":"&#8216;At\u00e9 que a morte os separe&#8217; sai de cena e entra div\u00f3rcio direto"}]},{"@type":"WebSite","@id":"https:\/\/www.notibras.com\/site\/#website","url":"https:\/\/www.notibras.com\/site\/","name":"Notibras","description":"Not\u00edcias de Bras\u00edlia, do Brasil e do Mundo","publisher":{"@id":"https:\/\/www.notibras.com\/site\/#organization"},"potentialAction":[{"@type":"SearchAction","target":{"@type":"EntryPoint","urlTemplate":"https:\/\/www.notibras.com\/site\/?s={search_term_string}"},"query-input":{"@type":"PropertyValueSpecification","valueRequired":true,"valueName":"search_term_string"}}],"inLanguage":"pt-BR"},{"@type":"Organization","@id":"https:\/\/www.notibras.com\/site\/#organization","name":"Grupo Notibras de Comunica\u00e7\u00e3o","url":"https:\/\/www.notibras.com\/site\/","logo":{"@type":"ImageObject","inLanguage":"pt-BR","@id":"https:\/\/www.notibras.com\/site\/#\/schema\/logo\/image\/","url":"https:\/\/www.notibras.com\/site\/wp-content\/uploads\/2023\/01\/notibras23.png","contentUrl":"https:\/\/www.notibras.com\/site\/wp-content\/uploads\/2023\/01\/notibras23.png","width":350,"height":87,"caption":"Grupo Notibras de Comunica\u00e7\u00e3o"},"image":{"@id":"https:\/\/www.notibras.com\/site\/#\/schema\/logo\/image\/"},"sameAs":["https:\/\/www.facebook.com\/notibras\/","https:\/\/x.com\/Notibras","https:\/\/www.instagram.com\/notibras\/"]},{"@type":"Person","@id":"https:\/\/www.notibras.com\/site\/#\/schema\/person\/36ab0979449956132d3e5b517ea76ac8","name":"Reda\u00e7\u00e3o","image":{"@type":"ImageObject","inLanguage":"pt-BR","@id":"https:\/\/secure.gravatar.com\/avatar\/e0a867bdedb85fd243eadf09663511f96fc81e0720a4a42581f334ad4303aa6b?s=96&d=mm&r=g","url":"https:\/\/secure.gravatar.com\/avatar\/e0a867bdedb85fd243eadf09663511f96fc81e0720a4a42581f334ad4303aa6b?s=96&d=mm&r=g","contentUrl":"https:\/\/secure.gravatar.com\/avatar\/e0a867bdedb85fd243eadf09663511f96fc81e0720a4a42581f334ad4303aa6b?s=96&d=mm&r=g","caption":"Reda\u00e7\u00e3o"}}]}},"amp_enabled":true,"_links":{"self":[{"href":"https:\/\/www.notibras.com\/site\/wp-json\/wp\/v2\/posts\/316454","targetHints":{"allow":["GET"]}}],"collection":[{"href":"https:\/\/www.notibras.com\/site\/wp-json\/wp\/v2\/posts"}],"about":[{"href":"https:\/\/www.notibras.com\/site\/wp-json\/wp\/v2\/types\/post"}],"author":[{"embeddable":true,"href":"https:\/\/www.notibras.com\/site\/wp-json\/wp\/v2\/users\/2"}],"replies":[{"embeddable":true,"href":"https:\/\/www.notibras.com\/site\/wp-json\/wp\/v2\/comments?post=316454"}],"version-history":[{"count":1,"href":"https:\/\/www.notibras.com\/site\/wp-json\/wp\/v2\/posts\/316454\/revisions"}],"predecessor-version":[{"id":316456,"href":"https:\/\/www.notibras.com\/site\/wp-json\/wp\/v2\/posts\/316454\/revisions\/316456"}],"wp:featuredmedia":[{"embeddable":true,"href":"https:\/\/www.notibras.com\/site\/wp-json\/wp\/v2\/media\/316455"}],"wp:attachment":[{"href":"https:\/\/www.notibras.com\/site\/wp-json\/wp\/v2\/media?parent=316454"}],"wp:term":[{"taxonomy":"category","embeddable":true,"href":"https:\/\/www.notibras.com\/site\/wp-json\/wp\/v2\/categories?post=316454"},{"taxonomy":"post_tag","embeddable":true,"href":"https:\/\/www.notibras.com\/site\/wp-json\/wp\/v2\/tags?post=316454"}],"curies":[{"name":"wp","href":"https:\/\/api.w.org\/{rel}","templated":true}]}}