{"id":316476,"date":"2023-11-09T00:00:20","date_gmt":"2023-11-09T03:00:20","guid":{"rendered":"https:\/\/www.notibras.com\/site\/?p=316476"},"modified":"2023-11-09T07:32:09","modified_gmt":"2023-11-09T10:32:09","slug":"mulher-vitima-de-violencia-tera-transporte-gratuito","status":"publish","type":"post","link":"https:\/\/www.notibras.com\/site\/mulher-vitima-de-violencia-tera-transporte-gratuito\/","title":{"rendered":"Mulher v\u00edtima de viol\u00eancia ter\u00e1 transporte gratuito"},"content":{"rendered":"<p>Uma parceria entre a Secretaria de Seguran\u00e7a P\u00fablica do Distrito Federal (SSP-DF) e empresa Uber Brasil vai oferecer transporte gratuito para mulheres v\u00edtimas de viol\u00eancia.<\/p>\n<p>As v\u00edtimas atendidas nas unidades da Delegacia Especializada de Atendimento \u00e0 Mulher (Deam) ter\u00e3o direito ao transporte. De acordo com o governo distrital, a ideia \u00e9 incentivar as v\u00edtimas a registrar os boletins de ocorr\u00eancia na Pol\u00edcia Civil. As delegacias funcionam 24 horas.<\/p>\n<p>O projeto prev\u00ea ainda divulga\u00e7\u00e3o de informa\u00e7\u00f5es a motoristas e usu\u00e1rios sobre como ajudar mulheres v\u00edtimas de viol\u00eancia dom\u00e9stica.<\/p>\n<p>A parceria ter\u00e1 dura\u00e7\u00e3o de um ano. Pela coopera\u00e7\u00e3o, as v\u00edtimas ter\u00e3o apoio da assistente virtual do Projeto \u00c2ngela, desenvolvido pela Uber e o Instituto Avon.<\/p>\n<p>A assistente oferece v\u00e1rios servi\u00e7os para as mulheres, como contato com psic\u00f3logos e advogados. Para acessar a assistente virtual \u00c2ngela, basta enviar uma mensagem por Whatsapp. A partir da\u00ed, a assistente envia informa\u00e7\u00f5es e direciona para um especialista. O n\u00famero funciona para todo o Brasil, de segunda a sexta-feira (exceto feriados), das 8h \u00e0s 18h. O servi\u00e7o \u00e9 gratuito.<\/p>\n<p><strong>Canais de atendimento<\/strong><br \/>\nEm caso de emerg\u00eancia no Distrito Federal, a v\u00edtima ou uma testemunha podem ligar para 190 e acionar uma viatura da Pol\u00edcia Militar. A liga\u00e7\u00e3o \u00e9 gratuita e o n\u00famero est\u00e1 dispon\u00edvel 24 horas por dia.<\/p>\n<p>As den\u00fancias de viol\u00eancia contra a mulher podem ser feitas pelo Ligue 180, pela Central de Atendimento \u00e0 Mulher. O servi\u00e7o \u00e9 de gra\u00e7a e funciona diariamente. O anonimato \u00e9 mantido.<\/p>\n","protected":false},"excerpt":{"rendered":"<p>Uma parceria entre a Secretaria de Seguran\u00e7a P\u00fablica do Distrito Federal (SSP-DF) e empresa Uber Brasil vai oferecer transporte gratuito para mulheres v\u00edtimas de viol\u00eancia. As v\u00edtimas atendidas nas unidades da Delegacia Especializada de Atendimento \u00e0 Mulher (Deam) ter\u00e3o direito ao transporte. De acordo com o governo distrital, a ideia \u00e9 incentivar as v\u00edtimas a [&hellip;]<\/p>\n","protected":false},"author":2,"featured_media":301043,"comment_status":"closed","ping_status":"closed","sticky":false,"template":"","format":"standard","meta":{"_acf_changed":false,"footnotes":""},"categories":[161],"tags":[],"class_list":["post-316476","post","type-post","status-publish","format-standard","has-post-thumbnail","hentry","category-quadradinho-em-foco"],"acf":[],"yoast_head":"<!-- This site is optimized with the Yoast SEO plugin v27.2 - https:\/\/yoast.com\/product\/yoast-seo-wordpress\/ -->\n<title>Mulher v\u00edtima de viol\u00eancia ter\u00e1 transporte gratuito - Notibras<\/title>\n<meta name=\"robots\" content=\"index, follow, max-snippet:-1, max-image-preview:large, max-video-preview:-1\" \/>\n<link rel=\"canonical\" href=\"https:\/\/www.notibras.com\/site\/mulher-vitima-de-violencia-tera-transporte-gratuito\/\" \/>\n<meta property=\"og:locale\" content=\"pt_BR\" \/>\n<meta property=\"og:type\" content=\"article\" \/>\n<meta property=\"og:title\" content=\"Mulher v\u00edtima de viol\u00eancia ter\u00e1 transporte gratuito - Notibras\" \/>\n<meta property=\"og:description\" content=\"Uma parceria entre a Secretaria de Seguran\u00e7a P\u00fablica do Distrito Federal (SSP-DF) e empresa Uber Brasil vai oferecer transporte gratuito para mulheres v\u00edtimas de viol\u00eancia. As v\u00edtimas atendidas nas unidades da Delegacia Especializada de Atendimento \u00e0 Mulher (Deam) ter\u00e3o direito ao transporte. De acordo com o governo distrital, a ideia \u00e9 incentivar as v\u00edtimas a [&hellip;]\" \/>\n<meta property=\"og:url\" content=\"https:\/\/www.notibras.com\/site\/mulher-vitima-de-violencia-tera-transporte-gratuito\/\" \/>\n<meta property=\"og:site_name\" content=\"Notibras\" \/>\n<meta property=\"article:publisher\" content=\"https:\/\/www.facebook.com\/notibras\/\" \/>\n<meta property=\"article:published_time\" content=\"2023-11-09T03:00:20+00:00\" \/>\n<meta property=\"article:modified_time\" content=\"2023-11-09T10:32:09+00:00\" \/>\n<meta property=\"og:image\" content=\"https:\/\/www.notibras.com\/site\/wp-content\/uploads\/2023\/03\/uber-marketing-interno-personalizado.jpg\" \/>\n\t<meta property=\"og:image:width\" content=\"1200\" \/>\n\t<meta property=\"og:image:height\" content=\"600\" \/>\n\t<meta property=\"og:image:type\" content=\"image\/jpeg\" \/>\n<meta name=\"author\" content=\"Reda\u00e7\u00e3o\" \/>\n<meta name=\"twitter:card\" content=\"summary_large_image\" \/>\n<meta name=\"twitter:creator\" content=\"@Notibras\" \/>\n<meta name=\"twitter:site\" content=\"@Notibras\" \/>\n<meta name=\"twitter:label1\" content=\"Escrito por\" \/>\n\t<meta name=\"twitter:data1\" content=\"Reda\u00e7\u00e3o\" \/>\n\t<meta name=\"twitter:label2\" content=\"Est. tempo de leitura\" \/>\n\t<meta name=\"twitter:data2\" content=\"2 minutos\" \/>\n<script type=\"application\/ld+json\" class=\"yoast-schema-graph\">{\"@context\":\"https:\/\/schema.org\",\"@graph\":[{\"@type\":\"Article\",\"@id\":\"https:\/\/www.notibras.com\/site\/mulher-vitima-de-violencia-tera-transporte-gratuito\/#article\",\"isPartOf\":{\"@id\":\"https:\/\/www.notibras.com\/site\/mulher-vitima-de-violencia-tera-transporte-gratuito\/\"},\"author\":{\"name\":\"Reda\u00e7\u00e3o\",\"@id\":\"https:\/\/www.notibras.com\/site\/#\/schema\/person\/36ab0979449956132d3e5b517ea76ac8\"},\"headline\":\"Mulher v\u00edtima de viol\u00eancia ter\u00e1 transporte gratuito\",\"datePublished\":\"2023-11-09T03:00:20+00:00\",\"dateModified\":\"2023-11-09T10:32:09+00:00\",\"mainEntityOfPage\":{\"@id\":\"https:\/\/www.notibras.com\/site\/mulher-vitima-de-violencia-tera-transporte-gratuito\/\"},\"wordCount\":275,\"publisher\":{\"@id\":\"https:\/\/www.notibras.com\/site\/#organization\"},\"image\":{\"@id\":\"https:\/\/www.notibras.com\/site\/mulher-vitima-de-violencia-tera-transporte-gratuito\/#primaryimage\"},\"thumbnailUrl\":\"https:\/\/www.notibras.com\/site\/wp-content\/uploads\/2023\/03\/uber-marketing-interno-personalizado.jpg\",\"articleSection\":[\"Quadradinho em Foco\"],\"inLanguage\":\"pt-BR\"},{\"@type\":\"WebPage\",\"@id\":\"https:\/\/www.notibras.com\/site\/mulher-vitima-de-violencia-tera-transporte-gratuito\/\",\"url\":\"https:\/\/www.notibras.com\/site\/mulher-vitima-de-violencia-tera-transporte-gratuito\/\",\"name\":\"Mulher v\u00edtima de viol\u00eancia ter\u00e1 transporte gratuito - Notibras\",\"isPartOf\":{\"@id\":\"https:\/\/www.notibras.com\/site\/#website\"},\"primaryImageOfPage\":{\"@id\":\"https:\/\/www.notibras.com\/site\/mulher-vitima-de-violencia-tera-transporte-gratuito\/#primaryimage\"},\"image\":{\"@id\":\"https:\/\/www.notibras.com\/site\/mulher-vitima-de-violencia-tera-transporte-gratuito\/#primaryimage\"},\"thumbnailUrl\":\"https:\/\/www.notibras.com\/site\/wp-content\/uploads\/2023\/03\/uber-marketing-interno-personalizado.jpg\",\"datePublished\":\"2023-11-09T03:00:20+00:00\",\"dateModified\":\"2023-11-09T10:32:09+00:00\",\"breadcrumb\":{\"@id\":\"https:\/\/www.notibras.com\/site\/mulher-vitima-de-violencia-tera-transporte-gratuito\/#breadcrumb\"},\"inLanguage\":\"pt-BR\",\"potentialAction\":[{\"@type\":\"ReadAction\",\"target\":[\"https:\/\/www.notibras.com\/site\/mulher-vitima-de-violencia-tera-transporte-gratuito\/\"]}]},{\"@type\":\"ImageObject\",\"inLanguage\":\"pt-BR\",\"@id\":\"https:\/\/www.notibras.com\/site\/mulher-vitima-de-violencia-tera-transporte-gratuito\/#primaryimage\",\"url\":\"https:\/\/www.notibras.com\/site\/wp-content\/uploads\/2023\/03\/uber-marketing-interno-personalizado.jpg\",\"contentUrl\":\"https:\/\/www.notibras.com\/site\/wp-content\/uploads\/2023\/03\/uber-marketing-interno-personalizado.jpg\",\"width\":1200,\"height\":600},{\"@type\":\"BreadcrumbList\",\"@id\":\"https:\/\/www.notibras.com\/site\/mulher-vitima-de-violencia-tera-transporte-gratuito\/#breadcrumb\",\"itemListElement\":[{\"@type\":\"ListItem\",\"position\":1,\"name\":\"In\u00edcio\",\"item\":\"https:\/\/www.notibras.com\/site\/\"},{\"@type\":\"ListItem\",\"position\":2,\"name\":\"Mulher v\u00edtima de viol\u00eancia ter\u00e1 transporte gratuito\"}]},{\"@type\":\"WebSite\",\"@id\":\"https:\/\/www.notibras.com\/site\/#website\",\"url\":\"https:\/\/www.notibras.com\/site\/\",\"name\":\"Notibras\",\"description\":\"Not\u00edcias de Bras\u00edlia, do Brasil e do Mundo\",\"publisher\":{\"@id\":\"https:\/\/www.notibras.com\/site\/#organization\"},\"potentialAction\":[{\"@type\":\"SearchAction\",\"target\":{\"@type\":\"EntryPoint\",\"urlTemplate\":\"https:\/\/www.notibras.com\/site\/?s={search_term_string}\"},\"query-input\":{\"@type\":\"PropertyValueSpecification\",\"valueRequired\":true,\"valueName\":\"search_term_string\"}}],\"inLanguage\":\"pt-BR\"},{\"@type\":\"Organization\",\"@id\":\"https:\/\/www.notibras.com\/site\/#organization\",\"name\":\"Grupo Notibras de Comunica\u00e7\u00e3o\",\"url\":\"https:\/\/www.notibras.com\/site\/\",\"logo\":{\"@type\":\"ImageObject\",\"inLanguage\":\"pt-BR\",\"@id\":\"https:\/\/www.notibras.com\/site\/#\/schema\/logo\/image\/\",\"url\":\"https:\/\/www.notibras.com\/site\/wp-content\/uploads\/2023\/01\/notibras23.png\",\"contentUrl\":\"https:\/\/www.notibras.com\/site\/wp-content\/uploads\/2023\/01\/notibras23.png\",\"width\":350,\"height\":87,\"caption\":\"Grupo Notibras de Comunica\u00e7\u00e3o\"},\"image\":{\"@id\":\"https:\/\/www.notibras.com\/site\/#\/schema\/logo\/image\/\"},\"sameAs\":[\"https:\/\/www.facebook.com\/notibras\/\",\"https:\/\/x.com\/Notibras\",\"https:\/\/www.instagram.com\/notibras\/\"]},{\"@type\":\"Person\",\"@id\":\"https:\/\/www.notibras.com\/site\/#\/schema\/person\/36ab0979449956132d3e5b517ea76ac8\",\"name\":\"Reda\u00e7\u00e3o\",\"image\":{\"@type\":\"ImageObject\",\"inLanguage\":\"pt-BR\",\"@id\":\"https:\/\/secure.gravatar.com\/avatar\/e0a867bdedb85fd243eadf09663511f96fc81e0720a4a42581f334ad4303aa6b?s=96&d=mm&r=g\",\"url\":\"https:\/\/secure.gravatar.com\/avatar\/e0a867bdedb85fd243eadf09663511f96fc81e0720a4a42581f334ad4303aa6b?s=96&d=mm&r=g\",\"contentUrl\":\"https:\/\/secure.gravatar.com\/avatar\/e0a867bdedb85fd243eadf09663511f96fc81e0720a4a42581f334ad4303aa6b?s=96&d=mm&r=g\",\"caption\":\"Reda\u00e7\u00e3o\"}}]}<\/script>\n<!-- \/ Yoast SEO plugin. -->","yoast_head_json":{"title":"Mulher v\u00edtima de viol\u00eancia ter\u00e1 transporte gratuito - Notibras","robots":{"index":"index","follow":"follow","max-snippet":"max-snippet:-1","max-image-preview":"max-image-preview:large","max-video-preview":"max-video-preview:-1"},"canonical":"https:\/\/www.notibras.com\/site\/mulher-vitima-de-violencia-tera-transporte-gratuito\/","og_locale":"pt_BR","og_type":"article","og_title":"Mulher v\u00edtima de viol\u00eancia ter\u00e1 transporte gratuito - Notibras","og_description":"Uma parceria entre a Secretaria de Seguran\u00e7a P\u00fablica do Distrito Federal (SSP-DF) e empresa Uber Brasil vai oferecer transporte gratuito para mulheres v\u00edtimas de viol\u00eancia. As v\u00edtimas atendidas nas unidades da Delegacia Especializada de Atendimento \u00e0 Mulher (Deam) ter\u00e3o direito ao transporte. De acordo com o governo distrital, a ideia \u00e9 incentivar as v\u00edtimas a [&hellip;]","og_url":"https:\/\/www.notibras.com\/site\/mulher-vitima-de-violencia-tera-transporte-gratuito\/","og_site_name":"Notibras","article_publisher":"https:\/\/www.facebook.com\/notibras\/","article_published_time":"2023-11-09T03:00:20+00:00","article_modified_time":"2023-11-09T10:32:09+00:00","og_image":[{"width":1200,"height":600,"url":"https:\/\/www.notibras.com\/site\/wp-content\/uploads\/2023\/03\/uber-marketing-interno-personalizado.jpg","type":"image\/jpeg"}],"author":"Reda\u00e7\u00e3o","twitter_card":"summary_large_image","twitter_creator":"@Notibras","twitter_site":"@Notibras","twitter_misc":{"Escrito por":"Reda\u00e7\u00e3o","Est. tempo de leitura":"2 minutos"},"schema":{"@context":"https:\/\/schema.org","@graph":[{"@type":"Article","@id":"https:\/\/www.notibras.com\/site\/mulher-vitima-de-violencia-tera-transporte-gratuito\/#article","isPartOf":{"@id":"https:\/\/www.notibras.com\/site\/mulher-vitima-de-violencia-tera-transporte-gratuito\/"},"author":{"name":"Reda\u00e7\u00e3o","@id":"https:\/\/www.notibras.com\/site\/#\/schema\/person\/36ab0979449956132d3e5b517ea76ac8"},"headline":"Mulher v\u00edtima de viol\u00eancia ter\u00e1 transporte gratuito","datePublished":"2023-11-09T03:00:20+00:00","dateModified":"2023-11-09T10:32:09+00:00","mainEntityOfPage":{"@id":"https:\/\/www.notibras.com\/site\/mulher-vitima-de-violencia-tera-transporte-gratuito\/"},"wordCount":275,"publisher":{"@id":"https:\/\/www.notibras.com\/site\/#organization"},"image":{"@id":"https:\/\/www.notibras.com\/site\/mulher-vitima-de-violencia-tera-transporte-gratuito\/#primaryimage"},"thumbnailUrl":"https:\/\/www.notibras.com\/site\/wp-content\/uploads\/2023\/03\/uber-marketing-interno-personalizado.jpg","articleSection":["Quadradinho em Foco"],"inLanguage":"pt-BR"},{"@type":"WebPage","@id":"https:\/\/www.notibras.com\/site\/mulher-vitima-de-violencia-tera-transporte-gratuito\/","url":"https:\/\/www.notibras.com\/site\/mulher-vitima-de-violencia-tera-transporte-gratuito\/","name":"Mulher v\u00edtima de viol\u00eancia ter\u00e1 transporte gratuito - Notibras","isPartOf":{"@id":"https:\/\/www.notibras.com\/site\/#website"},"primaryImageOfPage":{"@id":"https:\/\/www.notibras.com\/site\/mulher-vitima-de-violencia-tera-transporte-gratuito\/#primaryimage"},"image":{"@id":"https:\/\/www.notibras.com\/site\/mulher-vitima-de-violencia-tera-transporte-gratuito\/#primaryimage"},"thumbnailUrl":"https:\/\/www.notibras.com\/site\/wp-content\/uploads\/2023\/03\/uber-marketing-interno-personalizado.jpg","datePublished":"2023-11-09T03:00:20+00:00","dateModified":"2023-11-09T10:32:09+00:00","breadcrumb":{"@id":"https:\/\/www.notibras.com\/site\/mulher-vitima-de-violencia-tera-transporte-gratuito\/#breadcrumb"},"inLanguage":"pt-BR","potentialAction":[{"@type":"ReadAction","target":["https:\/\/www.notibras.com\/site\/mulher-vitima-de-violencia-tera-transporte-gratuito\/"]}]},{"@type":"ImageObject","inLanguage":"pt-BR","@id":"https:\/\/www.notibras.com\/site\/mulher-vitima-de-violencia-tera-transporte-gratuito\/#primaryimage","url":"https:\/\/www.notibras.com\/site\/wp-content\/uploads\/2023\/03\/uber-marketing-interno-personalizado.jpg","contentUrl":"https:\/\/www.notibras.com\/site\/wp-content\/uploads\/2023\/03\/uber-marketing-interno-personalizado.jpg","width":1200,"height":600},{"@type":"BreadcrumbList","@id":"https:\/\/www.notibras.com\/site\/mulher-vitima-de-violencia-tera-transporte-gratuito\/#breadcrumb","itemListElement":[{"@type":"ListItem","position":1,"name":"In\u00edcio","item":"https:\/\/www.notibras.com\/site\/"},{"@type":"ListItem","position":2,"name":"Mulher v\u00edtima de viol\u00eancia ter\u00e1 transporte gratuito"}]},{"@type":"WebSite","@id":"https:\/\/www.notibras.com\/site\/#website","url":"https:\/\/www.notibras.com\/site\/","name":"Notibras","description":"Not\u00edcias de Bras\u00edlia, do Brasil e do Mundo","publisher":{"@id":"https:\/\/www.notibras.com\/site\/#organization"},"potentialAction":[{"@type":"SearchAction","target":{"@type":"EntryPoint","urlTemplate":"https:\/\/www.notibras.com\/site\/?s={search_term_string}"},"query-input":{"@type":"PropertyValueSpecification","valueRequired":true,"valueName":"search_term_string"}}],"inLanguage":"pt-BR"},{"@type":"Organization","@id":"https:\/\/www.notibras.com\/site\/#organization","name":"Grupo Notibras de Comunica\u00e7\u00e3o","url":"https:\/\/www.notibras.com\/site\/","logo":{"@type":"ImageObject","inLanguage":"pt-BR","@id":"https:\/\/www.notibras.com\/site\/#\/schema\/logo\/image\/","url":"https:\/\/www.notibras.com\/site\/wp-content\/uploads\/2023\/01\/notibras23.png","contentUrl":"https:\/\/www.notibras.com\/site\/wp-content\/uploads\/2023\/01\/notibras23.png","width":350,"height":87,"caption":"Grupo Notibras de Comunica\u00e7\u00e3o"},"image":{"@id":"https:\/\/www.notibras.com\/site\/#\/schema\/logo\/image\/"},"sameAs":["https:\/\/www.facebook.com\/notibras\/","https:\/\/x.com\/Notibras","https:\/\/www.instagram.com\/notibras\/"]},{"@type":"Person","@id":"https:\/\/www.notibras.com\/site\/#\/schema\/person\/36ab0979449956132d3e5b517ea76ac8","name":"Reda\u00e7\u00e3o","image":{"@type":"ImageObject","inLanguage":"pt-BR","@id":"https:\/\/secure.gravatar.com\/avatar\/e0a867bdedb85fd243eadf09663511f96fc81e0720a4a42581f334ad4303aa6b?s=96&d=mm&r=g","url":"https:\/\/secure.gravatar.com\/avatar\/e0a867bdedb85fd243eadf09663511f96fc81e0720a4a42581f334ad4303aa6b?s=96&d=mm&r=g","contentUrl":"https:\/\/secure.gravatar.com\/avatar\/e0a867bdedb85fd243eadf09663511f96fc81e0720a4a42581f334ad4303aa6b?s=96&d=mm&r=g","caption":"Reda\u00e7\u00e3o"}}]}},"amp_enabled":true,"_links":{"self":[{"href":"https:\/\/www.notibras.com\/site\/wp-json\/wp\/v2\/posts\/316476","targetHints":{"allow":["GET"]}}],"collection":[{"href":"https:\/\/www.notibras.com\/site\/wp-json\/wp\/v2\/posts"}],"about":[{"href":"https:\/\/www.notibras.com\/site\/wp-json\/wp\/v2\/types\/post"}],"author":[{"embeddable":true,"href":"https:\/\/www.notibras.com\/site\/wp-json\/wp\/v2\/users\/2"}],"replies":[{"embeddable":true,"href":"https:\/\/www.notibras.com\/site\/wp-json\/wp\/v2\/comments?post=316476"}],"version-history":[{"count":1,"href":"https:\/\/www.notibras.com\/site\/wp-json\/wp\/v2\/posts\/316476\/revisions"}],"predecessor-version":[{"id":316477,"href":"https:\/\/www.notibras.com\/site\/wp-json\/wp\/v2\/posts\/316476\/revisions\/316477"}],"wp:featuredmedia":[{"embeddable":true,"href":"https:\/\/www.notibras.com\/site\/wp-json\/wp\/v2\/media\/301043"}],"wp:attachment":[{"href":"https:\/\/www.notibras.com\/site\/wp-json\/wp\/v2\/media?parent=316476"}],"wp:term":[{"taxonomy":"category","embeddable":true,"href":"https:\/\/www.notibras.com\/site\/wp-json\/wp\/v2\/categories?post=316476"},{"taxonomy":"post_tag","embeddable":true,"href":"https:\/\/www.notibras.com\/site\/wp-json\/wp\/v2\/tags?post=316476"}],"curies":[{"name":"wp","href":"https:\/\/api.w.org\/{rel}","templated":true}]}}