{"id":316480,"date":"2023-11-09T00:01:54","date_gmt":"2023-11-09T03:01:54","guid":{"rendered":"https:\/\/www.notibras.com\/site\/?p=316480"},"modified":"2023-11-09T07:50:28","modified_gmt":"2023-11-09T10:50:28","slug":"senado-aprova-protocolo-de-protecao-as-mulheres","status":"publish","type":"post","link":"https:\/\/www.notibras.com\/site\/senado-aprova-protocolo-de-protecao-as-mulheres\/","title":{"rendered":"Senado aprova protocolo de prote\u00e7\u00e3o \u00e0s mulheres"},"content":{"rendered":"<p>O Senado aprovou projeto de lei (PL) que estabelece protocolo de preven\u00e7\u00e3o de viol\u00eancia contra mulheres em estabelecimentos p\u00fablicos. Voltado principalmente a locais de entretenimento, o PL 3\/2023 prev\u00ea tamb\u00e9m medidas visando ao atendimento a v\u00edtimas, al\u00e9m de instituir o selo N\u00e3o nos Calaremos \u2013 Mulheres Seguras para esses estabelecimentos.<\/p>\n<p>A proposta foi inspirada em uma iniciativa adotada pela Espanha, o No Callem (N\u00e3o se calem), que ficou internacionalmente conhecida ap\u00f3s o caso do jogador de futebol brasileiro Daniel Alves, preso desde janeiro naquele pa\u00eds, acusado de ter estuprado uma jovem no banheiro de uma boate em Barcelona.<\/p>\n<p>Aprovada na forma de substitutivo e tendo como relatora em plen\u00e1rio a senadora Augusta Brito (PT-CE), a mat\u00e9ria voltar\u00e1 \u00e0 an\u00e1lise da C\u00e2mara dos Deputados. O texto aprovado teve como base substitutivo apresentado pela senadora Mara Gabrilli (PSD-SP) \u00e0 Comiss\u00e3o de Direitos Humanos, elaborado a partir das medidas previstas em seis outros projetos que tramitaram conjuntamente.<\/p>\n<p>O protocolo cria uma din\u00e2mica a ser adotada para evitar o agravamento das situa\u00e7\u00f5es de viol\u00eancia em potencial, preservando a integridade da v\u00edtima. Entre as medidas previstas, est\u00e1 a de atendimento c\u00e9lere \u00e0 v\u00edtima; a garantia de prote\u00e7\u00e3o pela equipe do estabelecimento; o afastamento do agressor e o acompanhamento da v\u00edtima, por uma pessoa de sua escolha, bem como meio de transporte seguro na sa\u00edda do estabelecimento.<\/p>\n<p>Os organizadores de eventos e de locais de lazer dever\u00e3o manter uma pessoa de sua equipe informada sobre o protocolo, divulgar canais de acionamento das medidas protetivas e preservar o local do incidente para ado\u00e7\u00e3o das medidas policiais.<\/p>\n<p>Os profissionais do estabelecimento ou do evento dever\u00e3o estar atentos a sinais de vulnerabilidade \u00e0 viol\u00eancia sexual em raz\u00e3o do consumo de \u00e1lcool ou de outras subst\u00e2ncias e, nesses casos, tomar as provid\u00eancias cab\u00edveis.<\/p>\n","protected":false},"excerpt":{"rendered":"<p>O Senado aprovou projeto de lei (PL) que estabelece protocolo de preven\u00e7\u00e3o de viol\u00eancia contra mulheres em estabelecimentos p\u00fablicos. Voltado principalmente a locais de entretenimento, o PL 3\/2023 prev\u00ea tamb\u00e9m medidas visando ao atendimento a v\u00edtimas, al\u00e9m de instituir o selo N\u00e3o nos Calaremos \u2013 Mulheres Seguras para esses estabelecimentos. A proposta foi inspirada em [&hellip;]<\/p>\n","protected":false},"author":2,"featured_media":304875,"comment_status":"closed","ping_status":"closed","sticky":false,"template":"","format":"standard","meta":{"_acf_changed":false,"footnotes":""},"categories":[161],"tags":[],"class_list":["post-316480","post","type-post","status-publish","format-standard","has-post-thumbnail","hentry","category-quadradinho-em-foco"],"acf":[],"yoast_head":"<!-- This site is optimized with the Yoast SEO plugin v27.2 - https:\/\/yoast.com\/product\/yoast-seo-wordpress\/ -->\n<title>Senado aprova protocolo de prote\u00e7\u00e3o \u00e0s mulheres - Notibras<\/title>\n<meta name=\"robots\" content=\"index, follow, max-snippet:-1, max-image-preview:large, max-video-preview:-1\" \/>\n<link rel=\"canonical\" href=\"https:\/\/www.notibras.com\/site\/senado-aprova-protocolo-de-protecao-as-mulheres\/\" \/>\n<meta property=\"og:locale\" content=\"pt_BR\" \/>\n<meta property=\"og:type\" content=\"article\" \/>\n<meta property=\"og:title\" content=\"Senado aprova protocolo de prote\u00e7\u00e3o \u00e0s mulheres - Notibras\" \/>\n<meta property=\"og:description\" content=\"O Senado aprovou projeto de lei (PL) que estabelece protocolo de preven\u00e7\u00e3o de viol\u00eancia contra mulheres em estabelecimentos p\u00fablicos. Voltado principalmente a locais de entretenimento, o PL 3\/2023 prev\u00ea tamb\u00e9m medidas visando ao atendimento a v\u00edtimas, al\u00e9m de instituir o selo N\u00e3o nos Calaremos \u2013 Mulheres Seguras para esses estabelecimentos. A proposta foi inspirada em [&hellip;]\" \/>\n<meta property=\"og:url\" content=\"https:\/\/www.notibras.com\/site\/senado-aprova-protocolo-de-protecao-as-mulheres\/\" \/>\n<meta property=\"og:site_name\" content=\"Notibras\" \/>\n<meta property=\"article:publisher\" content=\"https:\/\/www.facebook.com\/notibras\/\" \/>\n<meta property=\"article:published_time\" content=\"2023-11-09T03:01:54+00:00\" \/>\n<meta property=\"article:modified_time\" content=\"2023-11-09T10:50:28+00:00\" \/>\n<meta property=\"og:image\" content=\"https:\/\/www.notibras.com\/site\/wp-content\/uploads\/2023\/05\/honrafeminicidio.jpg\" \/>\n\t<meta property=\"og:image:width\" content=\"1170\" \/>\n\t<meta property=\"og:image:height\" content=\"700\" \/>\n\t<meta property=\"og:image:type\" content=\"image\/jpeg\" \/>\n<meta name=\"author\" content=\"Reda\u00e7\u00e3o\" \/>\n<meta name=\"twitter:card\" content=\"summary_large_image\" \/>\n<meta name=\"twitter:creator\" content=\"@Notibras\" \/>\n<meta name=\"twitter:site\" content=\"@Notibras\" \/>\n<meta name=\"twitter:label1\" content=\"Escrito por\" \/>\n\t<meta name=\"twitter:data1\" content=\"Reda\u00e7\u00e3o\" \/>\n\t<meta name=\"twitter:label2\" content=\"Est. tempo de leitura\" \/>\n\t<meta name=\"twitter:data2\" content=\"2 minutos\" \/>\n<script type=\"application\/ld+json\" class=\"yoast-schema-graph\">{\"@context\":\"https:\/\/schema.org\",\"@graph\":[{\"@type\":\"Article\",\"@id\":\"https:\/\/www.notibras.com\/site\/senado-aprova-protocolo-de-protecao-as-mulheres\/#article\",\"isPartOf\":{\"@id\":\"https:\/\/www.notibras.com\/site\/senado-aprova-protocolo-de-protecao-as-mulheres\/\"},\"author\":{\"name\":\"Reda\u00e7\u00e3o\",\"@id\":\"https:\/\/www.notibras.com\/site\/#\/schema\/person\/36ab0979449956132d3e5b517ea76ac8\"},\"headline\":\"Senado aprova protocolo de prote\u00e7\u00e3o \u00e0s mulheres\",\"datePublished\":\"2023-11-09T03:01:54+00:00\",\"dateModified\":\"2023-11-09T10:50:28+00:00\",\"mainEntityOfPage\":{\"@id\":\"https:\/\/www.notibras.com\/site\/senado-aprova-protocolo-de-protecao-as-mulheres\/\"},\"wordCount\":327,\"publisher\":{\"@id\":\"https:\/\/www.notibras.com\/site\/#organization\"},\"image\":{\"@id\":\"https:\/\/www.notibras.com\/site\/senado-aprova-protocolo-de-protecao-as-mulheres\/#primaryimage\"},\"thumbnailUrl\":\"https:\/\/www.notibras.com\/site\/wp-content\/uploads\/2023\/05\/honrafeminicidio.jpg\",\"articleSection\":[\"Quadradinho em Foco\"],\"inLanguage\":\"pt-BR\"},{\"@type\":\"WebPage\",\"@id\":\"https:\/\/www.notibras.com\/site\/senado-aprova-protocolo-de-protecao-as-mulheres\/\",\"url\":\"https:\/\/www.notibras.com\/site\/senado-aprova-protocolo-de-protecao-as-mulheres\/\",\"name\":\"Senado aprova protocolo de prote\u00e7\u00e3o \u00e0s mulheres - Notibras\",\"isPartOf\":{\"@id\":\"https:\/\/www.notibras.com\/site\/#website\"},\"primaryImageOfPage\":{\"@id\":\"https:\/\/www.notibras.com\/site\/senado-aprova-protocolo-de-protecao-as-mulheres\/#primaryimage\"},\"image\":{\"@id\":\"https:\/\/www.notibras.com\/site\/senado-aprova-protocolo-de-protecao-as-mulheres\/#primaryimage\"},\"thumbnailUrl\":\"https:\/\/www.notibras.com\/site\/wp-content\/uploads\/2023\/05\/honrafeminicidio.jpg\",\"datePublished\":\"2023-11-09T03:01:54+00:00\",\"dateModified\":\"2023-11-09T10:50:28+00:00\",\"breadcrumb\":{\"@id\":\"https:\/\/www.notibras.com\/site\/senado-aprova-protocolo-de-protecao-as-mulheres\/#breadcrumb\"},\"inLanguage\":\"pt-BR\",\"potentialAction\":[{\"@type\":\"ReadAction\",\"target\":[\"https:\/\/www.notibras.com\/site\/senado-aprova-protocolo-de-protecao-as-mulheres\/\"]}]},{\"@type\":\"ImageObject\",\"inLanguage\":\"pt-BR\",\"@id\":\"https:\/\/www.notibras.com\/site\/senado-aprova-protocolo-de-protecao-as-mulheres\/#primaryimage\",\"url\":\"https:\/\/www.notibras.com\/site\/wp-content\/uploads\/2023\/05\/honrafeminicidio.jpg\",\"contentUrl\":\"https:\/\/www.notibras.com\/site\/wp-content\/uploads\/2023\/05\/honrafeminicidio.jpg\",\"width\":1170,\"height\":700,\"caption\":\"Rio de Janeiro - Protesto no Dia Internacional de Combate \u00e0 Viol\u00eancia contra a Mulher, pelo fim da viol\u00eancia contra as mulheres e contra o PL 5069\/13, em frente \u00e0 C\u00e2mara de Vereadores (Fernando Fraz\u00e3o\/Ag\u00eancia Brasil)\"},{\"@type\":\"BreadcrumbList\",\"@id\":\"https:\/\/www.notibras.com\/site\/senado-aprova-protocolo-de-protecao-as-mulheres\/#breadcrumb\",\"itemListElement\":[{\"@type\":\"ListItem\",\"position\":1,\"name\":\"In\u00edcio\",\"item\":\"https:\/\/www.notibras.com\/site\/\"},{\"@type\":\"ListItem\",\"position\":2,\"name\":\"Senado aprova protocolo de prote\u00e7\u00e3o \u00e0s mulheres\"}]},{\"@type\":\"WebSite\",\"@id\":\"https:\/\/www.notibras.com\/site\/#website\",\"url\":\"https:\/\/www.notibras.com\/site\/\",\"name\":\"Notibras\",\"description\":\"Not\u00edcias de Bras\u00edlia, do Brasil e do Mundo\",\"publisher\":{\"@id\":\"https:\/\/www.notibras.com\/site\/#organization\"},\"potentialAction\":[{\"@type\":\"SearchAction\",\"target\":{\"@type\":\"EntryPoint\",\"urlTemplate\":\"https:\/\/www.notibras.com\/site\/?s={search_term_string}\"},\"query-input\":{\"@type\":\"PropertyValueSpecification\",\"valueRequired\":true,\"valueName\":\"search_term_string\"}}],\"inLanguage\":\"pt-BR\"},{\"@type\":\"Organization\",\"@id\":\"https:\/\/www.notibras.com\/site\/#organization\",\"name\":\"Grupo Notibras de Comunica\u00e7\u00e3o\",\"url\":\"https:\/\/www.notibras.com\/site\/\",\"logo\":{\"@type\":\"ImageObject\",\"inLanguage\":\"pt-BR\",\"@id\":\"https:\/\/www.notibras.com\/site\/#\/schema\/logo\/image\/\",\"url\":\"https:\/\/www.notibras.com\/site\/wp-content\/uploads\/2023\/01\/notibras23.png\",\"contentUrl\":\"https:\/\/www.notibras.com\/site\/wp-content\/uploads\/2023\/01\/notibras23.png\",\"width\":350,\"height\":87,\"caption\":\"Grupo Notibras de Comunica\u00e7\u00e3o\"},\"image\":{\"@id\":\"https:\/\/www.notibras.com\/site\/#\/schema\/logo\/image\/\"},\"sameAs\":[\"https:\/\/www.facebook.com\/notibras\/\",\"https:\/\/x.com\/Notibras\",\"https:\/\/www.instagram.com\/notibras\/\"]},{\"@type\":\"Person\",\"@id\":\"https:\/\/www.notibras.com\/site\/#\/schema\/person\/36ab0979449956132d3e5b517ea76ac8\",\"name\":\"Reda\u00e7\u00e3o\",\"image\":{\"@type\":\"ImageObject\",\"inLanguage\":\"pt-BR\",\"@id\":\"https:\/\/secure.gravatar.com\/avatar\/e0a867bdedb85fd243eadf09663511f96fc81e0720a4a42581f334ad4303aa6b?s=96&d=mm&r=g\",\"url\":\"https:\/\/secure.gravatar.com\/avatar\/e0a867bdedb85fd243eadf09663511f96fc81e0720a4a42581f334ad4303aa6b?s=96&d=mm&r=g\",\"contentUrl\":\"https:\/\/secure.gravatar.com\/avatar\/e0a867bdedb85fd243eadf09663511f96fc81e0720a4a42581f334ad4303aa6b?s=96&d=mm&r=g\",\"caption\":\"Reda\u00e7\u00e3o\"}}]}<\/script>\n<!-- \/ Yoast SEO plugin. -->","yoast_head_json":{"title":"Senado aprova protocolo de prote\u00e7\u00e3o \u00e0s mulheres - Notibras","robots":{"index":"index","follow":"follow","max-snippet":"max-snippet:-1","max-image-preview":"max-image-preview:large","max-video-preview":"max-video-preview:-1"},"canonical":"https:\/\/www.notibras.com\/site\/senado-aprova-protocolo-de-protecao-as-mulheres\/","og_locale":"pt_BR","og_type":"article","og_title":"Senado aprova protocolo de prote\u00e7\u00e3o \u00e0s mulheres - Notibras","og_description":"O Senado aprovou projeto de lei (PL) que estabelece protocolo de preven\u00e7\u00e3o de viol\u00eancia contra mulheres em estabelecimentos p\u00fablicos. Voltado principalmente a locais de entretenimento, o PL 3\/2023 prev\u00ea tamb\u00e9m medidas visando ao atendimento a v\u00edtimas, al\u00e9m de instituir o selo N\u00e3o nos Calaremos \u2013 Mulheres Seguras para esses estabelecimentos. A proposta foi inspirada em [&hellip;]","og_url":"https:\/\/www.notibras.com\/site\/senado-aprova-protocolo-de-protecao-as-mulheres\/","og_site_name":"Notibras","article_publisher":"https:\/\/www.facebook.com\/notibras\/","article_published_time":"2023-11-09T03:01:54+00:00","article_modified_time":"2023-11-09T10:50:28+00:00","og_image":[{"width":1170,"height":700,"url":"https:\/\/www.notibras.com\/site\/wp-content\/uploads\/2023\/05\/honrafeminicidio.jpg","type":"image\/jpeg"}],"author":"Reda\u00e7\u00e3o","twitter_card":"summary_large_image","twitter_creator":"@Notibras","twitter_site":"@Notibras","twitter_misc":{"Escrito por":"Reda\u00e7\u00e3o","Est. tempo de leitura":"2 minutos"},"schema":{"@context":"https:\/\/schema.org","@graph":[{"@type":"Article","@id":"https:\/\/www.notibras.com\/site\/senado-aprova-protocolo-de-protecao-as-mulheres\/#article","isPartOf":{"@id":"https:\/\/www.notibras.com\/site\/senado-aprova-protocolo-de-protecao-as-mulheres\/"},"author":{"name":"Reda\u00e7\u00e3o","@id":"https:\/\/www.notibras.com\/site\/#\/schema\/person\/36ab0979449956132d3e5b517ea76ac8"},"headline":"Senado aprova protocolo de prote\u00e7\u00e3o \u00e0s mulheres","datePublished":"2023-11-09T03:01:54+00:00","dateModified":"2023-11-09T10:50:28+00:00","mainEntityOfPage":{"@id":"https:\/\/www.notibras.com\/site\/senado-aprova-protocolo-de-protecao-as-mulheres\/"},"wordCount":327,"publisher":{"@id":"https:\/\/www.notibras.com\/site\/#organization"},"image":{"@id":"https:\/\/www.notibras.com\/site\/senado-aprova-protocolo-de-protecao-as-mulheres\/#primaryimage"},"thumbnailUrl":"https:\/\/www.notibras.com\/site\/wp-content\/uploads\/2023\/05\/honrafeminicidio.jpg","articleSection":["Quadradinho em Foco"],"inLanguage":"pt-BR"},{"@type":"WebPage","@id":"https:\/\/www.notibras.com\/site\/senado-aprova-protocolo-de-protecao-as-mulheres\/","url":"https:\/\/www.notibras.com\/site\/senado-aprova-protocolo-de-protecao-as-mulheres\/","name":"Senado aprova protocolo de prote\u00e7\u00e3o \u00e0s mulheres - Notibras","isPartOf":{"@id":"https:\/\/www.notibras.com\/site\/#website"},"primaryImageOfPage":{"@id":"https:\/\/www.notibras.com\/site\/senado-aprova-protocolo-de-protecao-as-mulheres\/#primaryimage"},"image":{"@id":"https:\/\/www.notibras.com\/site\/senado-aprova-protocolo-de-protecao-as-mulheres\/#primaryimage"},"thumbnailUrl":"https:\/\/www.notibras.com\/site\/wp-content\/uploads\/2023\/05\/honrafeminicidio.jpg","datePublished":"2023-11-09T03:01:54+00:00","dateModified":"2023-11-09T10:50:28+00:00","breadcrumb":{"@id":"https:\/\/www.notibras.com\/site\/senado-aprova-protocolo-de-protecao-as-mulheres\/#breadcrumb"},"inLanguage":"pt-BR","potentialAction":[{"@type":"ReadAction","target":["https:\/\/www.notibras.com\/site\/senado-aprova-protocolo-de-protecao-as-mulheres\/"]}]},{"@type":"ImageObject","inLanguage":"pt-BR","@id":"https:\/\/www.notibras.com\/site\/senado-aprova-protocolo-de-protecao-as-mulheres\/#primaryimage","url":"https:\/\/www.notibras.com\/site\/wp-content\/uploads\/2023\/05\/honrafeminicidio.jpg","contentUrl":"https:\/\/www.notibras.com\/site\/wp-content\/uploads\/2023\/05\/honrafeminicidio.jpg","width":1170,"height":700,"caption":"Rio de Janeiro - Protesto no Dia Internacional de Combate \u00e0 Viol\u00eancia contra a Mulher, pelo fim da viol\u00eancia contra as mulheres e contra o PL 5069\/13, em frente \u00e0 C\u00e2mara de Vereadores (Fernando Fraz\u00e3o\/Ag\u00eancia Brasil)"},{"@type":"BreadcrumbList","@id":"https:\/\/www.notibras.com\/site\/senado-aprova-protocolo-de-protecao-as-mulheres\/#breadcrumb","itemListElement":[{"@type":"ListItem","position":1,"name":"In\u00edcio","item":"https:\/\/www.notibras.com\/site\/"},{"@type":"ListItem","position":2,"name":"Senado aprova protocolo de prote\u00e7\u00e3o \u00e0s mulheres"}]},{"@type":"WebSite","@id":"https:\/\/www.notibras.com\/site\/#website","url":"https:\/\/www.notibras.com\/site\/","name":"Notibras","description":"Not\u00edcias de Bras\u00edlia, do Brasil e do Mundo","publisher":{"@id":"https:\/\/www.notibras.com\/site\/#organization"},"potentialAction":[{"@type":"SearchAction","target":{"@type":"EntryPoint","urlTemplate":"https:\/\/www.notibras.com\/site\/?s={search_term_string}"},"query-input":{"@type":"PropertyValueSpecification","valueRequired":true,"valueName":"search_term_string"}}],"inLanguage":"pt-BR"},{"@type":"Organization","@id":"https:\/\/www.notibras.com\/site\/#organization","name":"Grupo Notibras de Comunica\u00e7\u00e3o","url":"https:\/\/www.notibras.com\/site\/","logo":{"@type":"ImageObject","inLanguage":"pt-BR","@id":"https:\/\/www.notibras.com\/site\/#\/schema\/logo\/image\/","url":"https:\/\/www.notibras.com\/site\/wp-content\/uploads\/2023\/01\/notibras23.png","contentUrl":"https:\/\/www.notibras.com\/site\/wp-content\/uploads\/2023\/01\/notibras23.png","width":350,"height":87,"caption":"Grupo Notibras de Comunica\u00e7\u00e3o"},"image":{"@id":"https:\/\/www.notibras.com\/site\/#\/schema\/logo\/image\/"},"sameAs":["https:\/\/www.facebook.com\/notibras\/","https:\/\/x.com\/Notibras","https:\/\/www.instagram.com\/notibras\/"]},{"@type":"Person","@id":"https:\/\/www.notibras.com\/site\/#\/schema\/person\/36ab0979449956132d3e5b517ea76ac8","name":"Reda\u00e7\u00e3o","image":{"@type":"ImageObject","inLanguage":"pt-BR","@id":"https:\/\/secure.gravatar.com\/avatar\/e0a867bdedb85fd243eadf09663511f96fc81e0720a4a42581f334ad4303aa6b?s=96&d=mm&r=g","url":"https:\/\/secure.gravatar.com\/avatar\/e0a867bdedb85fd243eadf09663511f96fc81e0720a4a42581f334ad4303aa6b?s=96&d=mm&r=g","contentUrl":"https:\/\/secure.gravatar.com\/avatar\/e0a867bdedb85fd243eadf09663511f96fc81e0720a4a42581f334ad4303aa6b?s=96&d=mm&r=g","caption":"Reda\u00e7\u00e3o"}}]}},"amp_enabled":true,"_links":{"self":[{"href":"https:\/\/www.notibras.com\/site\/wp-json\/wp\/v2\/posts\/316480","targetHints":{"allow":["GET"]}}],"collection":[{"href":"https:\/\/www.notibras.com\/site\/wp-json\/wp\/v2\/posts"}],"about":[{"href":"https:\/\/www.notibras.com\/site\/wp-json\/wp\/v2\/types\/post"}],"author":[{"embeddable":true,"href":"https:\/\/www.notibras.com\/site\/wp-json\/wp\/v2\/users\/2"}],"replies":[{"embeddable":true,"href":"https:\/\/www.notibras.com\/site\/wp-json\/wp\/v2\/comments?post=316480"}],"version-history":[{"count":1,"href":"https:\/\/www.notibras.com\/site\/wp-json\/wp\/v2\/posts\/316480\/revisions"}],"predecessor-version":[{"id":316481,"href":"https:\/\/www.notibras.com\/site\/wp-json\/wp\/v2\/posts\/316480\/revisions\/316481"}],"wp:featuredmedia":[{"embeddable":true,"href":"https:\/\/www.notibras.com\/site\/wp-json\/wp\/v2\/media\/304875"}],"wp:attachment":[{"href":"https:\/\/www.notibras.com\/site\/wp-json\/wp\/v2\/media?parent=316480"}],"wp:term":[{"taxonomy":"category","embeddable":true,"href":"https:\/\/www.notibras.com\/site\/wp-json\/wp\/v2\/categories?post=316480"},{"taxonomy":"post_tag","embeddable":true,"href":"https:\/\/www.notibras.com\/site\/wp-json\/wp\/v2\/tags?post=316480"}],"curies":[{"name":"wp","href":"https:\/\/api.w.org\/{rel}","templated":true}]}}