{"id":316482,"date":"2023-11-09T08:20:01","date_gmt":"2023-11-09T11:20:01","guid":{"rendered":"https:\/\/www.notibras.com\/site\/?p=316482"},"modified":"2023-11-09T09:24:27","modified_gmt":"2023-11-09T12:24:27","slug":"tito-e-teco-sugerem-fazer-algo-diferente-de-janio","status":"publish","type":"post","link":"https:\/\/www.notibras.com\/site\/tito-e-teco-sugerem-fazer-algo-diferente-de-janio\/","title":{"rendered":"Tico e Teco sugerem fazer algo diferente de J\u00e2nio"},"content":{"rendered":"<p>Presidente (da Rep\u00fablica) pode quase tudo. Principalmente usar nossa l\u00edngua tupiniquim de forma errada. Uma das frases mais pol\u00eamicas que saiu da boca de um chefe da Na\u00e7\u00e3o \u00e9 atribu\u00edda a J\u00e2nio Quadros, que renunciou ao Pal\u00e1cio do Planalto em agosto de 1961. Em um bilhete manuscrito endere\u00e7ado ao Congresso Nacional, o &#8216;homem da vassoura&#8217; simplesmente anunciava que estava renunciando. Indagado do seu gesto, ele respondeu ao seu modo: fi-lo porque qui-lo.<\/p>\n<p>Passadas v\u00e1rias d\u00e9cadas, vale lembrar um pouco de hist\u00f3ria pol\u00edtica e gramatical. Mesmo eu, que nasci d\u00e9cadas depois do epis\u00f3dio, para viver sentado \u00e0 minha companheira cadeira de rodas (ali\u00e1s, s\u00e3o tr\u00eas, \u00e0s quais chamo de extens\u00e3o das minhas pernas) tive curiosidade de abordar o tema. Vamos l\u00e1?<\/p>\n<p>J\u00e2nio Quadros gostava de usar palavras dif\u00edceis, constru\u00e7\u00f5es eruditas, para manter sua imagem de pessoa culta. Diz o folclore pol\u00edtico que, ao ser indagado sobre os motivos de sua ren\u00fancia teria dito a hist\u00f3rica frase: &#8220;Fi-lo porque qui-lo&#8221;.<\/p>\n<p>Traduzindo para uma linguagem mais acess\u00edvel, mais moderna, ele quis dizer &#8220;fiz isso porque quis isso&#8221;, ou, simplificando, &#8220;fiz porque quis&#8221;.<\/p>\n<p>Esse &#8220;LO&#8221; nada mais \u00e9 que o pronome obl\u00edquo &#8220;O&#8221;, que ganha um L quando a forma verbal termina em \u201cr\u201d, \u201cs\u201d ou \u201cz\u201d, que dever\u00e3o ser cortados: encontrar-o = encontr\u00e1-lo; receber-o = receb\u00ea-lo; satisfiz-o = satisfi-lo; quis-o = qui-lo etc.<\/p>\n<p>E a ordem das palavras, estaria correta?<\/p>\n<p>Reza a gram\u00e1tica normativa que algumas palavras, chamadas &#8220;atrativas&#8221;, t\u00eam o poder de puxar para perto os pronomes obl\u00edquos. Entre elas est\u00e3o as conjun\u00e7\u00f5es subordinativas, como o &#8220;porque&#8221;.<\/p>\n<p>J\u00e2nio, portanto, teria errado ao dizer essa frase. Duvido que ele tenha dito, mas a hist\u00f3ria (ou, repetindo, o folclore pol\u00edtico) insiste nessa tese.<\/p>\n<p>Segundo a gram\u00e1tica tradicional, o correto seria &#8220;fi-lo porque o quis&#8221;. Eu, menos poderoso, prefiro dizer que resolvi fazer. E pronto.<\/p>\n<p>Como este curto texto, desenhado por meus amigos Tico e Teco, enquanto descanso a mente para enfrentar um desafio bem mais interessante: movimentar, contra um advers\u00e1rio \u00e0 altura, as pe\u00e7as no tabuleiro de xadrez.<\/p>\n<p>**Aos nossos leitores:\u00a0<strong><em>Notibras<\/em> abriu este espa\u00e7o editorial para o segmento PcD. Para que possamos interagir, mostrarmos que somos pessoas comuns. Encaminhe sugest\u00f5es, mande seus textos. Prometo que tudo ser\u00e1 bem recebido e aproveitado. Meu WhasApp \u00e9 61-98425.4895.<\/strong><\/p>\n","protected":false},"excerpt":{"rendered":"<p>Presidente (da Rep\u00fablica) pode quase tudo. Principalmente usar nossa l\u00edngua tupiniquim de forma errada. Uma das frases mais pol\u00eamicas que saiu da boca de um chefe da Na\u00e7\u00e3o \u00e9 atribu\u00edda a J\u00e2nio Quadros, que renunciou ao Pal\u00e1cio do Planalto em agosto de 1961. Em um bilhete manuscrito endere\u00e7ado ao Congresso Nacional, o &#8216;homem da vassoura&#8217; [&hellip;]<\/p>\n","protected":false},"author":2,"featured_media":316483,"comment_status":"closed","ping_status":"closed","sticky":false,"template":"","format":"standard","meta":{"_acf_changed":false,"footnotes":""},"categories":[161],"tags":[],"class_list":["post-316482","post","type-post","status-publish","format-standard","has-post-thumbnail","hentry","category-quadradinho-em-foco"],"acf":[],"yoast_head":"<!-- This site is optimized with the Yoast SEO plugin v27.2 - https:\/\/yoast.com\/product\/yoast-seo-wordpress\/ -->\n<title>Tico e Teco sugerem fazer algo diferente de J\u00e2nio - Notibras<\/title>\n<meta name=\"robots\" content=\"index, follow, max-snippet:-1, max-image-preview:large, max-video-preview:-1\" \/>\n<link rel=\"canonical\" href=\"https:\/\/www.notibras.com\/site\/tito-e-teco-sugerem-fazer-algo-diferente-de-janio\/\" \/>\n<meta property=\"og:locale\" content=\"pt_BR\" \/>\n<meta property=\"og:type\" content=\"article\" \/>\n<meta property=\"og:title\" content=\"Tico e Teco sugerem fazer algo diferente de J\u00e2nio - Notibras\" \/>\n<meta property=\"og:description\" content=\"Presidente (da Rep\u00fablica) pode quase tudo. Principalmente usar nossa l\u00edngua tupiniquim de forma errada. Uma das frases mais pol\u00eamicas que saiu da boca de um chefe da Na\u00e7\u00e3o \u00e9 atribu\u00edda a J\u00e2nio Quadros, que renunciou ao Pal\u00e1cio do Planalto em agosto de 1961. Em um bilhete manuscrito endere\u00e7ado ao Congresso Nacional, o &#8216;homem da vassoura&#8217; [&hellip;]\" \/>\n<meta property=\"og:url\" content=\"https:\/\/www.notibras.com\/site\/tito-e-teco-sugerem-fazer-algo-diferente-de-janio\/\" \/>\n<meta property=\"og:site_name\" content=\"Notibras\" \/>\n<meta property=\"article:publisher\" content=\"https:\/\/www.facebook.com\/notibras\/\" \/>\n<meta property=\"article:published_time\" content=\"2023-11-09T11:20:01+00:00\" \/>\n<meta property=\"article:modified_time\" content=\"2023-11-09T12:24:27+00:00\" \/>\n<meta property=\"og:image\" content=\"https:\/\/www.notibras.com\/site\/wp-content\/uploads\/2023\/11\/bd91ee27-ae8c-490b-a5d6-706d51ea9383.jpeg\" \/>\n\t<meta property=\"og:image:width\" content=\"537\" \/>\n\t<meta property=\"og:image:height\" content=\"450\" \/>\n\t<meta property=\"og:image:type\" content=\"image\/jpeg\" \/>\n<meta name=\"author\" content=\"Reda\u00e7\u00e3o\" \/>\n<meta name=\"twitter:card\" content=\"summary_large_image\" \/>\n<meta name=\"twitter:creator\" content=\"@Notibras\" \/>\n<meta name=\"twitter:site\" content=\"@Notibras\" \/>\n<meta name=\"twitter:label1\" content=\"Escrito por\" \/>\n\t<meta name=\"twitter:data1\" content=\"Reda\u00e7\u00e3o\" \/>\n\t<meta name=\"twitter:label2\" content=\"Est. tempo de leitura\" \/>\n\t<meta name=\"twitter:data2\" content=\"3 minutos\" \/>\n<script type=\"application\/ld+json\" class=\"yoast-schema-graph\">{\"@context\":\"https:\/\/schema.org\",\"@graph\":[{\"@type\":\"Article\",\"@id\":\"https:\/\/www.notibras.com\/site\/tito-e-teco-sugerem-fazer-algo-diferente-de-janio\/#article\",\"isPartOf\":{\"@id\":\"https:\/\/www.notibras.com\/site\/tito-e-teco-sugerem-fazer-algo-diferente-de-janio\/\"},\"author\":{\"name\":\"Reda\u00e7\u00e3o\",\"@id\":\"https:\/\/www.notibras.com\/site\/#\/schema\/person\/36ab0979449956132d3e5b517ea76ac8\"},\"headline\":\"Tico e Teco sugerem fazer algo diferente de J\u00e2nio\",\"datePublished\":\"2023-11-09T11:20:01+00:00\",\"dateModified\":\"2023-11-09T12:24:27+00:00\",\"mainEntityOfPage\":{\"@id\":\"https:\/\/www.notibras.com\/site\/tito-e-teco-sugerem-fazer-algo-diferente-de-janio\/\"},\"wordCount\":414,\"publisher\":{\"@id\":\"https:\/\/www.notibras.com\/site\/#organization\"},\"image\":{\"@id\":\"https:\/\/www.notibras.com\/site\/tito-e-teco-sugerem-fazer-algo-diferente-de-janio\/#primaryimage\"},\"thumbnailUrl\":\"https:\/\/www.notibras.com\/site\/wp-content\/uploads\/2023\/11\/bd91ee27-ae8c-490b-a5d6-706d51ea9383.jpeg\",\"articleSection\":[\"Quadradinho em Foco\"],\"inLanguage\":\"pt-BR\"},{\"@type\":\"WebPage\",\"@id\":\"https:\/\/www.notibras.com\/site\/tito-e-teco-sugerem-fazer-algo-diferente-de-janio\/\",\"url\":\"https:\/\/www.notibras.com\/site\/tito-e-teco-sugerem-fazer-algo-diferente-de-janio\/\",\"name\":\"Tico e Teco sugerem fazer algo diferente de J\u00e2nio - Notibras\",\"isPartOf\":{\"@id\":\"https:\/\/www.notibras.com\/site\/#website\"},\"primaryImageOfPage\":{\"@id\":\"https:\/\/www.notibras.com\/site\/tito-e-teco-sugerem-fazer-algo-diferente-de-janio\/#primaryimage\"},\"image\":{\"@id\":\"https:\/\/www.notibras.com\/site\/tito-e-teco-sugerem-fazer-algo-diferente-de-janio\/#primaryimage\"},\"thumbnailUrl\":\"https:\/\/www.notibras.com\/site\/wp-content\/uploads\/2023\/11\/bd91ee27-ae8c-490b-a5d6-706d51ea9383.jpeg\",\"datePublished\":\"2023-11-09T11:20:01+00:00\",\"dateModified\":\"2023-11-09T12:24:27+00:00\",\"breadcrumb\":{\"@id\":\"https:\/\/www.notibras.com\/site\/tito-e-teco-sugerem-fazer-algo-diferente-de-janio\/#breadcrumb\"},\"inLanguage\":\"pt-BR\",\"potentialAction\":[{\"@type\":\"ReadAction\",\"target\":[\"https:\/\/www.notibras.com\/site\/tito-e-teco-sugerem-fazer-algo-diferente-de-janio\/\"]}]},{\"@type\":\"ImageObject\",\"inLanguage\":\"pt-BR\",\"@id\":\"https:\/\/www.notibras.com\/site\/tito-e-teco-sugerem-fazer-algo-diferente-de-janio\/#primaryimage\",\"url\":\"https:\/\/www.notibras.com\/site\/wp-content\/uploads\/2023\/11\/bd91ee27-ae8c-490b-a5d6-706d51ea9383.jpeg\",\"contentUrl\":\"https:\/\/www.notibras.com\/site\/wp-content\/uploads\/2023\/11\/bd91ee27-ae8c-490b-a5d6-706d51ea9383.jpeg\",\"width\":537,\"height\":450},{\"@type\":\"BreadcrumbList\",\"@id\":\"https:\/\/www.notibras.com\/site\/tito-e-teco-sugerem-fazer-algo-diferente-de-janio\/#breadcrumb\",\"itemListElement\":[{\"@type\":\"ListItem\",\"position\":1,\"name\":\"In\u00edcio\",\"item\":\"https:\/\/www.notibras.com\/site\/\"},{\"@type\":\"ListItem\",\"position\":2,\"name\":\"Tico e Teco sugerem fazer algo diferente de J\u00e2nio\"}]},{\"@type\":\"WebSite\",\"@id\":\"https:\/\/www.notibras.com\/site\/#website\",\"url\":\"https:\/\/www.notibras.com\/site\/\",\"name\":\"Notibras\",\"description\":\"Not\u00edcias de Bras\u00edlia, do Brasil e do Mundo\",\"publisher\":{\"@id\":\"https:\/\/www.notibras.com\/site\/#organization\"},\"potentialAction\":[{\"@type\":\"SearchAction\",\"target\":{\"@type\":\"EntryPoint\",\"urlTemplate\":\"https:\/\/www.notibras.com\/site\/?s={search_term_string}\"},\"query-input\":{\"@type\":\"PropertyValueSpecification\",\"valueRequired\":true,\"valueName\":\"search_term_string\"}}],\"inLanguage\":\"pt-BR\"},{\"@type\":\"Organization\",\"@id\":\"https:\/\/www.notibras.com\/site\/#organization\",\"name\":\"Grupo Notibras de Comunica\u00e7\u00e3o\",\"url\":\"https:\/\/www.notibras.com\/site\/\",\"logo\":{\"@type\":\"ImageObject\",\"inLanguage\":\"pt-BR\",\"@id\":\"https:\/\/www.notibras.com\/site\/#\/schema\/logo\/image\/\",\"url\":\"https:\/\/www.notibras.com\/site\/wp-content\/uploads\/2023\/01\/notibras23.png\",\"contentUrl\":\"https:\/\/www.notibras.com\/site\/wp-content\/uploads\/2023\/01\/notibras23.png\",\"width\":350,\"height\":87,\"caption\":\"Grupo Notibras de Comunica\u00e7\u00e3o\"},\"image\":{\"@id\":\"https:\/\/www.notibras.com\/site\/#\/schema\/logo\/image\/\"},\"sameAs\":[\"https:\/\/www.facebook.com\/notibras\/\",\"https:\/\/x.com\/Notibras\",\"https:\/\/www.instagram.com\/notibras\/\"]},{\"@type\":\"Person\",\"@id\":\"https:\/\/www.notibras.com\/site\/#\/schema\/person\/36ab0979449956132d3e5b517ea76ac8\",\"name\":\"Reda\u00e7\u00e3o\",\"image\":{\"@type\":\"ImageObject\",\"inLanguage\":\"pt-BR\",\"@id\":\"https:\/\/secure.gravatar.com\/avatar\/e0a867bdedb85fd243eadf09663511f96fc81e0720a4a42581f334ad4303aa6b?s=96&d=mm&r=g\",\"url\":\"https:\/\/secure.gravatar.com\/avatar\/e0a867bdedb85fd243eadf09663511f96fc81e0720a4a42581f334ad4303aa6b?s=96&d=mm&r=g\",\"contentUrl\":\"https:\/\/secure.gravatar.com\/avatar\/e0a867bdedb85fd243eadf09663511f96fc81e0720a4a42581f334ad4303aa6b?s=96&d=mm&r=g\",\"caption\":\"Reda\u00e7\u00e3o\"}}]}<\/script>\n<!-- \/ Yoast SEO plugin. -->","yoast_head_json":{"title":"Tico e Teco sugerem fazer algo diferente de J\u00e2nio - Notibras","robots":{"index":"index","follow":"follow","max-snippet":"max-snippet:-1","max-image-preview":"max-image-preview:large","max-video-preview":"max-video-preview:-1"},"canonical":"https:\/\/www.notibras.com\/site\/tito-e-teco-sugerem-fazer-algo-diferente-de-janio\/","og_locale":"pt_BR","og_type":"article","og_title":"Tico e Teco sugerem fazer algo diferente de J\u00e2nio - Notibras","og_description":"Presidente (da Rep\u00fablica) pode quase tudo. Principalmente usar nossa l\u00edngua tupiniquim de forma errada. Uma das frases mais pol\u00eamicas que saiu da boca de um chefe da Na\u00e7\u00e3o \u00e9 atribu\u00edda a J\u00e2nio Quadros, que renunciou ao Pal\u00e1cio do Planalto em agosto de 1961. Em um bilhete manuscrito endere\u00e7ado ao Congresso Nacional, o &#8216;homem da vassoura&#8217; [&hellip;]","og_url":"https:\/\/www.notibras.com\/site\/tito-e-teco-sugerem-fazer-algo-diferente-de-janio\/","og_site_name":"Notibras","article_publisher":"https:\/\/www.facebook.com\/notibras\/","article_published_time":"2023-11-09T11:20:01+00:00","article_modified_time":"2023-11-09T12:24:27+00:00","og_image":[{"width":537,"height":450,"url":"https:\/\/www.notibras.com\/site\/wp-content\/uploads\/2023\/11\/bd91ee27-ae8c-490b-a5d6-706d51ea9383.jpeg","type":"image\/jpeg"}],"author":"Reda\u00e7\u00e3o","twitter_card":"summary_large_image","twitter_creator":"@Notibras","twitter_site":"@Notibras","twitter_misc":{"Escrito por":"Reda\u00e7\u00e3o","Est. tempo de leitura":"3 minutos"},"schema":{"@context":"https:\/\/schema.org","@graph":[{"@type":"Article","@id":"https:\/\/www.notibras.com\/site\/tito-e-teco-sugerem-fazer-algo-diferente-de-janio\/#article","isPartOf":{"@id":"https:\/\/www.notibras.com\/site\/tito-e-teco-sugerem-fazer-algo-diferente-de-janio\/"},"author":{"name":"Reda\u00e7\u00e3o","@id":"https:\/\/www.notibras.com\/site\/#\/schema\/person\/36ab0979449956132d3e5b517ea76ac8"},"headline":"Tico e Teco sugerem fazer algo diferente de J\u00e2nio","datePublished":"2023-11-09T11:20:01+00:00","dateModified":"2023-11-09T12:24:27+00:00","mainEntityOfPage":{"@id":"https:\/\/www.notibras.com\/site\/tito-e-teco-sugerem-fazer-algo-diferente-de-janio\/"},"wordCount":414,"publisher":{"@id":"https:\/\/www.notibras.com\/site\/#organization"},"image":{"@id":"https:\/\/www.notibras.com\/site\/tito-e-teco-sugerem-fazer-algo-diferente-de-janio\/#primaryimage"},"thumbnailUrl":"https:\/\/www.notibras.com\/site\/wp-content\/uploads\/2023\/11\/bd91ee27-ae8c-490b-a5d6-706d51ea9383.jpeg","articleSection":["Quadradinho em Foco"],"inLanguage":"pt-BR"},{"@type":"WebPage","@id":"https:\/\/www.notibras.com\/site\/tito-e-teco-sugerem-fazer-algo-diferente-de-janio\/","url":"https:\/\/www.notibras.com\/site\/tito-e-teco-sugerem-fazer-algo-diferente-de-janio\/","name":"Tico e Teco sugerem fazer algo diferente de J\u00e2nio - Notibras","isPartOf":{"@id":"https:\/\/www.notibras.com\/site\/#website"},"primaryImageOfPage":{"@id":"https:\/\/www.notibras.com\/site\/tito-e-teco-sugerem-fazer-algo-diferente-de-janio\/#primaryimage"},"image":{"@id":"https:\/\/www.notibras.com\/site\/tito-e-teco-sugerem-fazer-algo-diferente-de-janio\/#primaryimage"},"thumbnailUrl":"https:\/\/www.notibras.com\/site\/wp-content\/uploads\/2023\/11\/bd91ee27-ae8c-490b-a5d6-706d51ea9383.jpeg","datePublished":"2023-11-09T11:20:01+00:00","dateModified":"2023-11-09T12:24:27+00:00","breadcrumb":{"@id":"https:\/\/www.notibras.com\/site\/tito-e-teco-sugerem-fazer-algo-diferente-de-janio\/#breadcrumb"},"inLanguage":"pt-BR","potentialAction":[{"@type":"ReadAction","target":["https:\/\/www.notibras.com\/site\/tito-e-teco-sugerem-fazer-algo-diferente-de-janio\/"]}]},{"@type":"ImageObject","inLanguage":"pt-BR","@id":"https:\/\/www.notibras.com\/site\/tito-e-teco-sugerem-fazer-algo-diferente-de-janio\/#primaryimage","url":"https:\/\/www.notibras.com\/site\/wp-content\/uploads\/2023\/11\/bd91ee27-ae8c-490b-a5d6-706d51ea9383.jpeg","contentUrl":"https:\/\/www.notibras.com\/site\/wp-content\/uploads\/2023\/11\/bd91ee27-ae8c-490b-a5d6-706d51ea9383.jpeg","width":537,"height":450},{"@type":"BreadcrumbList","@id":"https:\/\/www.notibras.com\/site\/tito-e-teco-sugerem-fazer-algo-diferente-de-janio\/#breadcrumb","itemListElement":[{"@type":"ListItem","position":1,"name":"In\u00edcio","item":"https:\/\/www.notibras.com\/site\/"},{"@type":"ListItem","position":2,"name":"Tico e Teco sugerem fazer algo diferente de J\u00e2nio"}]},{"@type":"WebSite","@id":"https:\/\/www.notibras.com\/site\/#website","url":"https:\/\/www.notibras.com\/site\/","name":"Notibras","description":"Not\u00edcias de Bras\u00edlia, do Brasil e do Mundo","publisher":{"@id":"https:\/\/www.notibras.com\/site\/#organization"},"potentialAction":[{"@type":"SearchAction","target":{"@type":"EntryPoint","urlTemplate":"https:\/\/www.notibras.com\/site\/?s={search_term_string}"},"query-input":{"@type":"PropertyValueSpecification","valueRequired":true,"valueName":"search_term_string"}}],"inLanguage":"pt-BR"},{"@type":"Organization","@id":"https:\/\/www.notibras.com\/site\/#organization","name":"Grupo Notibras de Comunica\u00e7\u00e3o","url":"https:\/\/www.notibras.com\/site\/","logo":{"@type":"ImageObject","inLanguage":"pt-BR","@id":"https:\/\/www.notibras.com\/site\/#\/schema\/logo\/image\/","url":"https:\/\/www.notibras.com\/site\/wp-content\/uploads\/2023\/01\/notibras23.png","contentUrl":"https:\/\/www.notibras.com\/site\/wp-content\/uploads\/2023\/01\/notibras23.png","width":350,"height":87,"caption":"Grupo Notibras de Comunica\u00e7\u00e3o"},"image":{"@id":"https:\/\/www.notibras.com\/site\/#\/schema\/logo\/image\/"},"sameAs":["https:\/\/www.facebook.com\/notibras\/","https:\/\/x.com\/Notibras","https:\/\/www.instagram.com\/notibras\/"]},{"@type":"Person","@id":"https:\/\/www.notibras.com\/site\/#\/schema\/person\/36ab0979449956132d3e5b517ea76ac8","name":"Reda\u00e7\u00e3o","image":{"@type":"ImageObject","inLanguage":"pt-BR","@id":"https:\/\/secure.gravatar.com\/avatar\/e0a867bdedb85fd243eadf09663511f96fc81e0720a4a42581f334ad4303aa6b?s=96&d=mm&r=g","url":"https:\/\/secure.gravatar.com\/avatar\/e0a867bdedb85fd243eadf09663511f96fc81e0720a4a42581f334ad4303aa6b?s=96&d=mm&r=g","contentUrl":"https:\/\/secure.gravatar.com\/avatar\/e0a867bdedb85fd243eadf09663511f96fc81e0720a4a42581f334ad4303aa6b?s=96&d=mm&r=g","caption":"Reda\u00e7\u00e3o"}}]}},"amp_enabled":true,"_links":{"self":[{"href":"https:\/\/www.notibras.com\/site\/wp-json\/wp\/v2\/posts\/316482","targetHints":{"allow":["GET"]}}],"collection":[{"href":"https:\/\/www.notibras.com\/site\/wp-json\/wp\/v2\/posts"}],"about":[{"href":"https:\/\/www.notibras.com\/site\/wp-json\/wp\/v2\/types\/post"}],"author":[{"embeddable":true,"href":"https:\/\/www.notibras.com\/site\/wp-json\/wp\/v2\/users\/2"}],"replies":[{"embeddable":true,"href":"https:\/\/www.notibras.com\/site\/wp-json\/wp\/v2\/comments?post=316482"}],"version-history":[{"count":3,"href":"https:\/\/www.notibras.com\/site\/wp-json\/wp\/v2\/posts\/316482\/revisions"}],"predecessor-version":[{"id":316501,"href":"https:\/\/www.notibras.com\/site\/wp-json\/wp\/v2\/posts\/316482\/revisions\/316501"}],"wp:featuredmedia":[{"embeddable":true,"href":"https:\/\/www.notibras.com\/site\/wp-json\/wp\/v2\/media\/316483"}],"wp:attachment":[{"href":"https:\/\/www.notibras.com\/site\/wp-json\/wp\/v2\/media?parent=316482"}],"wp:term":[{"taxonomy":"category","embeddable":true,"href":"https:\/\/www.notibras.com\/site\/wp-json\/wp\/v2\/categories?post=316482"},{"taxonomy":"post_tag","embeddable":true,"href":"https:\/\/www.notibras.com\/site\/wp-json\/wp\/v2\/tags?post=316482"}],"curies":[{"name":"wp","href":"https:\/\/api.w.org\/{rel}","templated":true}]}}