{"id":316596,"date":"2023-11-10T10:22:13","date_gmt":"2023-11-10T13:22:13","guid":{"rendered":"https:\/\/www.notibras.com\/site\/?p=316596"},"modified":"2023-11-10T10:22:13","modified_gmt":"2023-11-10T13:22:13","slug":"abbraccio-celebra-black-friday-com-ofertas-especiais","status":"publish","type":"post","link":"https:\/\/www.notibras.com\/site\/abbraccio-celebra-black-friday-com-ofertas-especiais\/","title":{"rendered":"Abbraccio celebra Black Friday com ofertas especiais"},"content":{"rendered":"<p>A Black Friday se tornou um dos eventos de compras mais aguardados no Brasil, e este ano promete ser um grande festival de ofertas. Durante os dias 20 a 26 de novembro, Abbraccio &#8211; restaurante pertencente \u00e0 holding Bloomin\u2019 Brands, promete agradar os amantes de gastronomia italiana com uma celebra\u00e7\u00e3o de sabores memor\u00e1veis aos consumidores, a pre\u00e7os \u00fanicos.<\/p>\n<p>Para aqueles que desejam desfrutar dos sabores de Abbraccio dentro do conforto do lar, a rede oferecer\u00e1 uma promo\u00e7\u00e3o especial para o delivery. Os consumidores poder\u00e3o saborear um dos pratos mais apreciados da culin\u00e1ria italiana na vers\u00e3o em dobro, o Carbonara. Ser\u00e3o dois pratos de Carbonara, spaghetti servido com um cremoso molho de parmes\u00e3o, pancetta e gema de ovo, por apenas R$99,90. Os pedidos poder\u00e3o ser realizados via aplicativo do Ifood e essa \u00e9 uma maneira deliciosa de celebrar a Black Friday sem sair de casa.<\/p>\n<p>J\u00e1 os consumidores que desejam vivenciar o ambiente agrad\u00e1vel do restaurante podem aproveitar a promo\u00e7\u00e3o nas unidades f\u00edsicas da marca. Ela inclui dois pratos do delicioso Carbonara, duas ta\u00e7as de vinho, um Quadrato di Cioccolato \u2013 uma fatia de bolo de chocolate, recheado com ganache de chocolate meio amargo, coberto por calda de chocolate e finalizada com a nossa mousse de chocolate cremoso, e uma por\u00e7\u00e3o de Carbonara Bites \u2013 bolinhos de risotto feitos com arroz arb\u00f3reo e pancetta. S\u00e3o crocantes por fora e macios por dentro, com um saboroso molho carbonara, por R$149,90. Uma oportunidade imperd\u00edvel de experimentar o sabor da culin\u00e1ria italiana com um toque exclusivo do Abbraccio.<\/p>\n","protected":false},"excerpt":{"rendered":"<p>A Black Friday se tornou um dos eventos de compras mais aguardados no Brasil, e este ano promete ser um grande festival de ofertas. Durante os dias 20 a 26 de novembro, Abbraccio &#8211; restaurante pertencente \u00e0 holding Bloomin\u2019 Brands, promete agradar os amantes de gastronomia italiana com uma celebra\u00e7\u00e3o de sabores memor\u00e1veis aos consumidores, [&hellip;]<\/p>\n","protected":false},"author":2,"featured_media":316597,"comment_status":"closed","ping_status":"closed","sticky":false,"template":"","format":"standard","meta":{"_acf_changed":false,"footnotes":""},"categories":[161],"tags":[],"class_list":["post-316596","post","type-post","status-publish","format-standard","has-post-thumbnail","hentry","category-quadradinho-em-foco"],"acf":[],"yoast_head":"<!-- This site is optimized with the Yoast SEO plugin v27.2 - https:\/\/yoast.com\/product\/yoast-seo-wordpress\/ -->\n<title>Abbraccio celebra Black Friday com ofertas especiais - Notibras<\/title>\n<meta name=\"robots\" content=\"index, follow, max-snippet:-1, max-image-preview:large, max-video-preview:-1\" \/>\n<link rel=\"canonical\" href=\"https:\/\/www.notibras.com\/site\/abbraccio-celebra-black-friday-com-ofertas-especiais\/\" \/>\n<meta property=\"og:locale\" content=\"pt_BR\" \/>\n<meta property=\"og:type\" content=\"article\" \/>\n<meta property=\"og:title\" content=\"Abbraccio celebra Black Friday com ofertas especiais - Notibras\" \/>\n<meta property=\"og:description\" content=\"A Black Friday se tornou um dos eventos de compras mais aguardados no Brasil, e este ano promete ser um grande festival de ofertas. Durante os dias 20 a 26 de novembro, Abbraccio &#8211; restaurante pertencente \u00e0 holding Bloomin\u2019 Brands, promete agradar os amantes de gastronomia italiana com uma celebra\u00e7\u00e3o de sabores memor\u00e1veis aos consumidores, [&hellip;]\" \/>\n<meta property=\"og:url\" content=\"https:\/\/www.notibras.com\/site\/abbraccio-celebra-black-friday-com-ofertas-especiais\/\" \/>\n<meta property=\"og:site_name\" content=\"Notibras\" \/>\n<meta property=\"article:publisher\" content=\"https:\/\/www.facebook.com\/notibras\/\" \/>\n<meta property=\"article:published_time\" content=\"2023-11-10T13:22:13+00:00\" \/>\n<meta property=\"og:image\" content=\"https:\/\/www.notibras.com\/site\/wp-content\/uploads\/2023\/11\/Carbonara-di-Roma_Promo-Mes-do-Consumidor-scaled.jpg\" \/>\n\t<meta property=\"og:image:width\" content=\"2560\" \/>\n\t<meta property=\"og:image:height\" content=\"1814\" \/>\n\t<meta property=\"og:image:type\" content=\"image\/jpeg\" \/>\n<meta name=\"author\" content=\"Reda\u00e7\u00e3o\" \/>\n<meta name=\"twitter:card\" content=\"summary_large_image\" \/>\n<meta name=\"twitter:creator\" content=\"@Notibras\" \/>\n<meta name=\"twitter:site\" content=\"@Notibras\" \/>\n<meta name=\"twitter:label1\" content=\"Escrito por\" \/>\n\t<meta name=\"twitter:data1\" content=\"Reda\u00e7\u00e3o\" \/>\n\t<meta name=\"twitter:label2\" content=\"Est. tempo de leitura\" \/>\n\t<meta name=\"twitter:data2\" content=\"2 minutos\" \/>\n<script type=\"application\/ld+json\" class=\"yoast-schema-graph\">{\"@context\":\"https:\/\/schema.org\",\"@graph\":[{\"@type\":\"Article\",\"@id\":\"https:\/\/www.notibras.com\/site\/abbraccio-celebra-black-friday-com-ofertas-especiais\/#article\",\"isPartOf\":{\"@id\":\"https:\/\/www.notibras.com\/site\/abbraccio-celebra-black-friday-com-ofertas-especiais\/\"},\"author\":{\"name\":\"Reda\u00e7\u00e3o\",\"@id\":\"https:\/\/www.notibras.com\/site\/#\/schema\/person\/36ab0979449956132d3e5b517ea76ac8\"},\"headline\":\"Abbraccio celebra Black Friday com ofertas especiais\",\"datePublished\":\"2023-11-10T13:22:13+00:00\",\"mainEntityOfPage\":{\"@id\":\"https:\/\/www.notibras.com\/site\/abbraccio-celebra-black-friday-com-ofertas-especiais\/\"},\"wordCount\":274,\"publisher\":{\"@id\":\"https:\/\/www.notibras.com\/site\/#organization\"},\"image\":{\"@id\":\"https:\/\/www.notibras.com\/site\/abbraccio-celebra-black-friday-com-ofertas-especiais\/#primaryimage\"},\"thumbnailUrl\":\"https:\/\/www.notibras.com\/site\/wp-content\/uploads\/2023\/11\/Carbonara-di-Roma_Promo-Mes-do-Consumidor-scaled.jpg\",\"articleSection\":[\"Quadradinho em Foco\"],\"inLanguage\":\"pt-BR\"},{\"@type\":\"WebPage\",\"@id\":\"https:\/\/www.notibras.com\/site\/abbraccio-celebra-black-friday-com-ofertas-especiais\/\",\"url\":\"https:\/\/www.notibras.com\/site\/abbraccio-celebra-black-friday-com-ofertas-especiais\/\",\"name\":\"Abbraccio celebra Black Friday com ofertas especiais - Notibras\",\"isPartOf\":{\"@id\":\"https:\/\/www.notibras.com\/site\/#website\"},\"primaryImageOfPage\":{\"@id\":\"https:\/\/www.notibras.com\/site\/abbraccio-celebra-black-friday-com-ofertas-especiais\/#primaryimage\"},\"image\":{\"@id\":\"https:\/\/www.notibras.com\/site\/abbraccio-celebra-black-friday-com-ofertas-especiais\/#primaryimage\"},\"thumbnailUrl\":\"https:\/\/www.notibras.com\/site\/wp-content\/uploads\/2023\/11\/Carbonara-di-Roma_Promo-Mes-do-Consumidor-scaled.jpg\",\"datePublished\":\"2023-11-10T13:22:13+00:00\",\"breadcrumb\":{\"@id\":\"https:\/\/www.notibras.com\/site\/abbraccio-celebra-black-friday-com-ofertas-especiais\/#breadcrumb\"},\"inLanguage\":\"pt-BR\",\"potentialAction\":[{\"@type\":\"ReadAction\",\"target\":[\"https:\/\/www.notibras.com\/site\/abbraccio-celebra-black-friday-com-ofertas-especiais\/\"]}]},{\"@type\":\"ImageObject\",\"inLanguage\":\"pt-BR\",\"@id\":\"https:\/\/www.notibras.com\/site\/abbraccio-celebra-black-friday-com-ofertas-especiais\/#primaryimage\",\"url\":\"https:\/\/www.notibras.com\/site\/wp-content\/uploads\/2023\/11\/Carbonara-di-Roma_Promo-Mes-do-Consumidor-scaled.jpg\",\"contentUrl\":\"https:\/\/www.notibras.com\/site\/wp-content\/uploads\/2023\/11\/Carbonara-di-Roma_Promo-Mes-do-Consumidor-scaled.jpg\",\"width\":2560,\"height\":1814},{\"@type\":\"BreadcrumbList\",\"@id\":\"https:\/\/www.notibras.com\/site\/abbraccio-celebra-black-friday-com-ofertas-especiais\/#breadcrumb\",\"itemListElement\":[{\"@type\":\"ListItem\",\"position\":1,\"name\":\"In\u00edcio\",\"item\":\"https:\/\/www.notibras.com\/site\/\"},{\"@type\":\"ListItem\",\"position\":2,\"name\":\"Abbraccio celebra Black Friday com ofertas especiais\"}]},{\"@type\":\"WebSite\",\"@id\":\"https:\/\/www.notibras.com\/site\/#website\",\"url\":\"https:\/\/www.notibras.com\/site\/\",\"name\":\"Notibras\",\"description\":\"Not\u00edcias de Bras\u00edlia, do Brasil e do Mundo\",\"publisher\":{\"@id\":\"https:\/\/www.notibras.com\/site\/#organization\"},\"potentialAction\":[{\"@type\":\"SearchAction\",\"target\":{\"@type\":\"EntryPoint\",\"urlTemplate\":\"https:\/\/www.notibras.com\/site\/?s={search_term_string}\"},\"query-input\":{\"@type\":\"PropertyValueSpecification\",\"valueRequired\":true,\"valueName\":\"search_term_string\"}}],\"inLanguage\":\"pt-BR\"},{\"@type\":\"Organization\",\"@id\":\"https:\/\/www.notibras.com\/site\/#organization\",\"name\":\"Grupo Notibras de Comunica\u00e7\u00e3o\",\"url\":\"https:\/\/www.notibras.com\/site\/\",\"logo\":{\"@type\":\"ImageObject\",\"inLanguage\":\"pt-BR\",\"@id\":\"https:\/\/www.notibras.com\/site\/#\/schema\/logo\/image\/\",\"url\":\"https:\/\/www.notibras.com\/site\/wp-content\/uploads\/2023\/01\/notibras23.png\",\"contentUrl\":\"https:\/\/www.notibras.com\/site\/wp-content\/uploads\/2023\/01\/notibras23.png\",\"width\":350,\"height\":87,\"caption\":\"Grupo Notibras de Comunica\u00e7\u00e3o\"},\"image\":{\"@id\":\"https:\/\/www.notibras.com\/site\/#\/schema\/logo\/image\/\"},\"sameAs\":[\"https:\/\/www.facebook.com\/notibras\/\",\"https:\/\/x.com\/Notibras\",\"https:\/\/www.instagram.com\/notibras\/\"]},{\"@type\":\"Person\",\"@id\":\"https:\/\/www.notibras.com\/site\/#\/schema\/person\/36ab0979449956132d3e5b517ea76ac8\",\"name\":\"Reda\u00e7\u00e3o\",\"image\":{\"@type\":\"ImageObject\",\"inLanguage\":\"pt-BR\",\"@id\":\"https:\/\/secure.gravatar.com\/avatar\/e0a867bdedb85fd243eadf09663511f96fc81e0720a4a42581f334ad4303aa6b?s=96&d=mm&r=g\",\"url\":\"https:\/\/secure.gravatar.com\/avatar\/e0a867bdedb85fd243eadf09663511f96fc81e0720a4a42581f334ad4303aa6b?s=96&d=mm&r=g\",\"contentUrl\":\"https:\/\/secure.gravatar.com\/avatar\/e0a867bdedb85fd243eadf09663511f96fc81e0720a4a42581f334ad4303aa6b?s=96&d=mm&r=g\",\"caption\":\"Reda\u00e7\u00e3o\"}}]}<\/script>\n<!-- \/ Yoast SEO plugin. -->","yoast_head_json":{"title":"Abbraccio celebra Black Friday com ofertas especiais - Notibras","robots":{"index":"index","follow":"follow","max-snippet":"max-snippet:-1","max-image-preview":"max-image-preview:large","max-video-preview":"max-video-preview:-1"},"canonical":"https:\/\/www.notibras.com\/site\/abbraccio-celebra-black-friday-com-ofertas-especiais\/","og_locale":"pt_BR","og_type":"article","og_title":"Abbraccio celebra Black Friday com ofertas especiais - Notibras","og_description":"A Black Friday se tornou um dos eventos de compras mais aguardados no Brasil, e este ano promete ser um grande festival de ofertas. Durante os dias 20 a 26 de novembro, Abbraccio &#8211; restaurante pertencente \u00e0 holding Bloomin\u2019 Brands, promete agradar os amantes de gastronomia italiana com uma celebra\u00e7\u00e3o de sabores memor\u00e1veis aos consumidores, [&hellip;]","og_url":"https:\/\/www.notibras.com\/site\/abbraccio-celebra-black-friday-com-ofertas-especiais\/","og_site_name":"Notibras","article_publisher":"https:\/\/www.facebook.com\/notibras\/","article_published_time":"2023-11-10T13:22:13+00:00","og_image":[{"width":2560,"height":1814,"url":"https:\/\/www.notibras.com\/site\/wp-content\/uploads\/2023\/11\/Carbonara-di-Roma_Promo-Mes-do-Consumidor-scaled.jpg","type":"image\/jpeg"}],"author":"Reda\u00e7\u00e3o","twitter_card":"summary_large_image","twitter_creator":"@Notibras","twitter_site":"@Notibras","twitter_misc":{"Escrito por":"Reda\u00e7\u00e3o","Est. tempo de leitura":"2 minutos"},"schema":{"@context":"https:\/\/schema.org","@graph":[{"@type":"Article","@id":"https:\/\/www.notibras.com\/site\/abbraccio-celebra-black-friday-com-ofertas-especiais\/#article","isPartOf":{"@id":"https:\/\/www.notibras.com\/site\/abbraccio-celebra-black-friday-com-ofertas-especiais\/"},"author":{"name":"Reda\u00e7\u00e3o","@id":"https:\/\/www.notibras.com\/site\/#\/schema\/person\/36ab0979449956132d3e5b517ea76ac8"},"headline":"Abbraccio celebra Black Friday com ofertas especiais","datePublished":"2023-11-10T13:22:13+00:00","mainEntityOfPage":{"@id":"https:\/\/www.notibras.com\/site\/abbraccio-celebra-black-friday-com-ofertas-especiais\/"},"wordCount":274,"publisher":{"@id":"https:\/\/www.notibras.com\/site\/#organization"},"image":{"@id":"https:\/\/www.notibras.com\/site\/abbraccio-celebra-black-friday-com-ofertas-especiais\/#primaryimage"},"thumbnailUrl":"https:\/\/www.notibras.com\/site\/wp-content\/uploads\/2023\/11\/Carbonara-di-Roma_Promo-Mes-do-Consumidor-scaled.jpg","articleSection":["Quadradinho em Foco"],"inLanguage":"pt-BR"},{"@type":"WebPage","@id":"https:\/\/www.notibras.com\/site\/abbraccio-celebra-black-friday-com-ofertas-especiais\/","url":"https:\/\/www.notibras.com\/site\/abbraccio-celebra-black-friday-com-ofertas-especiais\/","name":"Abbraccio celebra Black Friday com ofertas especiais - Notibras","isPartOf":{"@id":"https:\/\/www.notibras.com\/site\/#website"},"primaryImageOfPage":{"@id":"https:\/\/www.notibras.com\/site\/abbraccio-celebra-black-friday-com-ofertas-especiais\/#primaryimage"},"image":{"@id":"https:\/\/www.notibras.com\/site\/abbraccio-celebra-black-friday-com-ofertas-especiais\/#primaryimage"},"thumbnailUrl":"https:\/\/www.notibras.com\/site\/wp-content\/uploads\/2023\/11\/Carbonara-di-Roma_Promo-Mes-do-Consumidor-scaled.jpg","datePublished":"2023-11-10T13:22:13+00:00","breadcrumb":{"@id":"https:\/\/www.notibras.com\/site\/abbraccio-celebra-black-friday-com-ofertas-especiais\/#breadcrumb"},"inLanguage":"pt-BR","potentialAction":[{"@type":"ReadAction","target":["https:\/\/www.notibras.com\/site\/abbraccio-celebra-black-friday-com-ofertas-especiais\/"]}]},{"@type":"ImageObject","inLanguage":"pt-BR","@id":"https:\/\/www.notibras.com\/site\/abbraccio-celebra-black-friday-com-ofertas-especiais\/#primaryimage","url":"https:\/\/www.notibras.com\/site\/wp-content\/uploads\/2023\/11\/Carbonara-di-Roma_Promo-Mes-do-Consumidor-scaled.jpg","contentUrl":"https:\/\/www.notibras.com\/site\/wp-content\/uploads\/2023\/11\/Carbonara-di-Roma_Promo-Mes-do-Consumidor-scaled.jpg","width":2560,"height":1814},{"@type":"BreadcrumbList","@id":"https:\/\/www.notibras.com\/site\/abbraccio-celebra-black-friday-com-ofertas-especiais\/#breadcrumb","itemListElement":[{"@type":"ListItem","position":1,"name":"In\u00edcio","item":"https:\/\/www.notibras.com\/site\/"},{"@type":"ListItem","position":2,"name":"Abbraccio celebra Black Friday com ofertas especiais"}]},{"@type":"WebSite","@id":"https:\/\/www.notibras.com\/site\/#website","url":"https:\/\/www.notibras.com\/site\/","name":"Notibras","description":"Not\u00edcias de Bras\u00edlia, do Brasil e do Mundo","publisher":{"@id":"https:\/\/www.notibras.com\/site\/#organization"},"potentialAction":[{"@type":"SearchAction","target":{"@type":"EntryPoint","urlTemplate":"https:\/\/www.notibras.com\/site\/?s={search_term_string}"},"query-input":{"@type":"PropertyValueSpecification","valueRequired":true,"valueName":"search_term_string"}}],"inLanguage":"pt-BR"},{"@type":"Organization","@id":"https:\/\/www.notibras.com\/site\/#organization","name":"Grupo Notibras de Comunica\u00e7\u00e3o","url":"https:\/\/www.notibras.com\/site\/","logo":{"@type":"ImageObject","inLanguage":"pt-BR","@id":"https:\/\/www.notibras.com\/site\/#\/schema\/logo\/image\/","url":"https:\/\/www.notibras.com\/site\/wp-content\/uploads\/2023\/01\/notibras23.png","contentUrl":"https:\/\/www.notibras.com\/site\/wp-content\/uploads\/2023\/01\/notibras23.png","width":350,"height":87,"caption":"Grupo Notibras de Comunica\u00e7\u00e3o"},"image":{"@id":"https:\/\/www.notibras.com\/site\/#\/schema\/logo\/image\/"},"sameAs":["https:\/\/www.facebook.com\/notibras\/","https:\/\/x.com\/Notibras","https:\/\/www.instagram.com\/notibras\/"]},{"@type":"Person","@id":"https:\/\/www.notibras.com\/site\/#\/schema\/person\/36ab0979449956132d3e5b517ea76ac8","name":"Reda\u00e7\u00e3o","image":{"@type":"ImageObject","inLanguage":"pt-BR","@id":"https:\/\/secure.gravatar.com\/avatar\/e0a867bdedb85fd243eadf09663511f96fc81e0720a4a42581f334ad4303aa6b?s=96&d=mm&r=g","url":"https:\/\/secure.gravatar.com\/avatar\/e0a867bdedb85fd243eadf09663511f96fc81e0720a4a42581f334ad4303aa6b?s=96&d=mm&r=g","contentUrl":"https:\/\/secure.gravatar.com\/avatar\/e0a867bdedb85fd243eadf09663511f96fc81e0720a4a42581f334ad4303aa6b?s=96&d=mm&r=g","caption":"Reda\u00e7\u00e3o"}}]}},"amp_enabled":true,"_links":{"self":[{"href":"https:\/\/www.notibras.com\/site\/wp-json\/wp\/v2\/posts\/316596","targetHints":{"allow":["GET"]}}],"collection":[{"href":"https:\/\/www.notibras.com\/site\/wp-json\/wp\/v2\/posts"}],"about":[{"href":"https:\/\/www.notibras.com\/site\/wp-json\/wp\/v2\/types\/post"}],"author":[{"embeddable":true,"href":"https:\/\/www.notibras.com\/site\/wp-json\/wp\/v2\/users\/2"}],"replies":[{"embeddable":true,"href":"https:\/\/www.notibras.com\/site\/wp-json\/wp\/v2\/comments?post=316596"}],"version-history":[{"count":1,"href":"https:\/\/www.notibras.com\/site\/wp-json\/wp\/v2\/posts\/316596\/revisions"}],"predecessor-version":[{"id":316598,"href":"https:\/\/www.notibras.com\/site\/wp-json\/wp\/v2\/posts\/316596\/revisions\/316598"}],"wp:featuredmedia":[{"embeddable":true,"href":"https:\/\/www.notibras.com\/site\/wp-json\/wp\/v2\/media\/316597"}],"wp:attachment":[{"href":"https:\/\/www.notibras.com\/site\/wp-json\/wp\/v2\/media?parent=316596"}],"wp:term":[{"taxonomy":"category","embeddable":true,"href":"https:\/\/www.notibras.com\/site\/wp-json\/wp\/v2\/categories?post=316596"},{"taxonomy":"post_tag","embeddable":true,"href":"https:\/\/www.notibras.com\/site\/wp-json\/wp\/v2\/tags?post=316596"}],"curies":[{"name":"wp","href":"https:\/\/api.w.org\/{rel}","templated":true}]}}