{"id":316606,"date":"2023-11-10T06:50:54","date_gmt":"2023-11-10T09:50:54","guid":{"rendered":"https:\/\/www.notibras.com\/site\/?p=316606"},"modified":"2023-11-10T10:53:13","modified_gmt":"2023-11-10T13:53:13","slug":"lei-complementa-assistencia-psicologica-as-gestantes-e-puerperas","status":"publish","type":"post","link":"https:\/\/www.notibras.com\/site\/lei-complementa-assistencia-psicologica-as-gestantes-e-puerperas\/","title":{"rendered":"Lei complementa assist\u00eancia psicol\u00f3gica \u00e0s gestantes e pu\u00e9rperas"},"content":{"rendered":"<p>J\u00e1 est\u00e1 no Di\u00e1rio Oficial da Uni\u00e3o a Lei 14.721\/2023, que complementa o Estatuto da Crian\u00e7a e do Adolescente (ECA) sobre o direito de gestantes e pu\u00e9rperas \u00e0 assist\u00eancia psicol\u00f3gica no Sistema \u00danico de Sa\u00fade (SUS), al\u00e9m de assegurar a promo\u00e7\u00e3o de campanhas de conscientiza\u00e7\u00e3o sobre sa\u00fade mental. As medidas entram em vigor em 180 dias.<\/p>\n<p>A nova lei complementa o artigo 8\u00ba do ECA, que trata do atendimento de mulheres antes, durante e ap\u00f3s a gesta\u00e7\u00e3o, por meio do SUS. Desde 2009, j\u00e1 havia sido inclu\u00eddo um par\u00e1grafo atribuindo a responsabilidade ao poder p\u00fablico sobre a presta\u00e7\u00e3o de assist\u00eancia psicol\u00f3gica \u00e0s mulheres.<\/p>\n<p>De acordo com a Organiza\u00e7\u00e3o Mundial da Sa\u00fade (OMS), \u00e9 estimado que em pa\u00edses desenvolvidos uma em cada dez mulheres apresentem problemas relacionados \u00e0 sa\u00fade mental durante o per\u00edodo perinatal, como ansiedade e depress\u00e3o. Em pa\u00edses menos desenvolvidos, as mulheres nessas condi\u00e7\u00f5es s\u00e3o afetadas por doen\u00e7as mentais na propor\u00e7\u00e3o de uma a cada cinco.<\/p>\n<p>No Brasil, um estudo realizado pela Escola Nacional de Sa\u00fade P\u00fablica S\u00e9rgio Arouca (Ensp\/Fiocruz), em 2012, apontou uma preval\u00eancia de sintomas de depress\u00e3o em 26,3% das mulheres no per\u00edodo de 6 a 18 meses ap\u00f3s o parto.<\/p>\n<p>Com a publica\u00e7\u00e3o da lei, um novo par\u00e1grafo define que \u201ca assist\u00eancia psicol\u00f3gica \u00e0 gestante, \u00e0 parturiente e \u00e0 pu\u00e9rpera deve ser indicada ap\u00f3s avalia\u00e7\u00e3o do profissional de sa\u00fade no pr\u00e9-natal e no puerp\u00e9rio, com encaminhamento de acordo com o progn\u00f3stico\u201d.<\/p>\n<p>Al\u00e9m de estabelecer procedimentos de assist\u00eancia psicol\u00f3gica, a lei determina ainda que hospitais e estabelecimentos de aten\u00e7\u00e3o \u00e0 sa\u00fade de gestantes, p\u00fablicos e privados, desenvolvam atividades educativas para conscientiza\u00e7\u00e3o, esclarecimento e respeito \u00e0 sa\u00fade mental da mulher no per\u00edodo da gravidez e do puerp\u00e9rio.<\/p>\n","protected":false},"excerpt":{"rendered":"<p>J\u00e1 est\u00e1 no Di\u00e1rio Oficial da Uni\u00e3o a Lei 14.721\/2023, que complementa o Estatuto da Crian\u00e7a e do Adolescente (ECA) sobre o direito de gestantes e pu\u00e9rperas \u00e0 assist\u00eancia psicol\u00f3gica no Sistema \u00danico de Sa\u00fade (SUS), al\u00e9m de assegurar a promo\u00e7\u00e3o de campanhas de conscientiza\u00e7\u00e3o sobre sa\u00fade mental. As medidas entram em vigor em 180 [&hellip;]<\/p>\n","protected":false},"author":2,"featured_media":316607,"comment_status":"closed","ping_status":"closed","sticky":false,"template":"","format":"standard","meta":{"_acf_changed":false,"footnotes":""},"categories":[161],"tags":[],"class_list":["post-316606","post","type-post","status-publish","format-standard","has-post-thumbnail","hentry","category-quadradinho-em-foco"],"acf":[],"yoast_head":"<!-- This site is optimized with the Yoast SEO plugin v27.2 - https:\/\/yoast.com\/product\/yoast-seo-wordpress\/ -->\n<title>Lei complementa assist\u00eancia psicol\u00f3gica \u00e0s gestantes e pu\u00e9rperas - Notibras<\/title>\n<meta name=\"robots\" content=\"index, follow, max-snippet:-1, max-image-preview:large, max-video-preview:-1\" \/>\n<link rel=\"canonical\" href=\"https:\/\/www.notibras.com\/site\/lei-complementa-assistencia-psicologica-as-gestantes-e-puerperas\/\" \/>\n<meta property=\"og:locale\" content=\"pt_BR\" \/>\n<meta property=\"og:type\" content=\"article\" \/>\n<meta property=\"og:title\" content=\"Lei complementa assist\u00eancia psicol\u00f3gica \u00e0s gestantes e pu\u00e9rperas - Notibras\" \/>\n<meta property=\"og:description\" content=\"J\u00e1 est\u00e1 no Di\u00e1rio Oficial da Uni\u00e3o a Lei 14.721\/2023, que complementa o Estatuto da Crian\u00e7a e do Adolescente (ECA) sobre o direito de gestantes e pu\u00e9rperas \u00e0 assist\u00eancia psicol\u00f3gica no Sistema \u00danico de Sa\u00fade (SUS), al\u00e9m de assegurar a promo\u00e7\u00e3o de campanhas de conscientiza\u00e7\u00e3o sobre sa\u00fade mental. As medidas entram em vigor em 180 [&hellip;]\" \/>\n<meta property=\"og:url\" content=\"https:\/\/www.notibras.com\/site\/lei-complementa-assistencia-psicologica-as-gestantes-e-puerperas\/\" \/>\n<meta property=\"og:site_name\" content=\"Notibras\" \/>\n<meta property=\"article:publisher\" content=\"https:\/\/www.facebook.com\/notibras\/\" \/>\n<meta property=\"article:published_time\" content=\"2023-11-10T09:50:54+00:00\" \/>\n<meta property=\"article:modified_time\" content=\"2023-11-10T13:53:13+00:00\" \/>\n<meta property=\"og:image\" content=\"https:\/\/www.notibras.com\/site\/wp-content\/uploads\/2023\/11\/grav.webp\" \/>\n\t<meta property=\"og:image:width\" content=\"1170\" \/>\n\t<meta property=\"og:image:height\" content=\"700\" \/>\n\t<meta property=\"og:image:type\" content=\"image\/webp\" \/>\n<meta name=\"author\" content=\"Reda\u00e7\u00e3o\" \/>\n<meta name=\"twitter:card\" content=\"summary_large_image\" \/>\n<meta name=\"twitter:creator\" content=\"@Notibras\" \/>\n<meta name=\"twitter:site\" content=\"@Notibras\" \/>\n<meta name=\"twitter:label1\" content=\"Escrito por\" \/>\n\t<meta name=\"twitter:data1\" content=\"Reda\u00e7\u00e3o\" \/>\n\t<meta name=\"twitter:label2\" content=\"Est. tempo de leitura\" \/>\n\t<meta name=\"twitter:data2\" content=\"2 minutos\" \/>\n<script type=\"application\/ld+json\" class=\"yoast-schema-graph\">{\"@context\":\"https:\/\/schema.org\",\"@graph\":[{\"@type\":\"Article\",\"@id\":\"https:\/\/www.notibras.com\/site\/lei-complementa-assistencia-psicologica-as-gestantes-e-puerperas\/#article\",\"isPartOf\":{\"@id\":\"https:\/\/www.notibras.com\/site\/lei-complementa-assistencia-psicologica-as-gestantes-e-puerperas\/\"},\"author\":{\"name\":\"Reda\u00e7\u00e3o\",\"@id\":\"https:\/\/www.notibras.com\/site\/#\/schema\/person\/36ab0979449956132d3e5b517ea76ac8\"},\"headline\":\"Lei complementa assist\u00eancia psicol\u00f3gica \u00e0s gestantes e pu\u00e9rperas\",\"datePublished\":\"2023-11-10T09:50:54+00:00\",\"dateModified\":\"2023-11-10T13:53:13+00:00\",\"mainEntityOfPage\":{\"@id\":\"https:\/\/www.notibras.com\/site\/lei-complementa-assistencia-psicologica-as-gestantes-e-puerperas\/\"},\"wordCount\":333,\"publisher\":{\"@id\":\"https:\/\/www.notibras.com\/site\/#organization\"},\"image\":{\"@id\":\"https:\/\/www.notibras.com\/site\/lei-complementa-assistencia-psicologica-as-gestantes-e-puerperas\/#primaryimage\"},\"thumbnailUrl\":\"https:\/\/www.notibras.com\/site\/wp-content\/uploads\/2023\/11\/grav.webp\",\"articleSection\":[\"Quadradinho em Foco\"],\"inLanguage\":\"pt-BR\"},{\"@type\":\"WebPage\",\"@id\":\"https:\/\/www.notibras.com\/site\/lei-complementa-assistencia-psicologica-as-gestantes-e-puerperas\/\",\"url\":\"https:\/\/www.notibras.com\/site\/lei-complementa-assistencia-psicologica-as-gestantes-e-puerperas\/\",\"name\":\"Lei complementa assist\u00eancia psicol\u00f3gica \u00e0s gestantes e pu\u00e9rperas - Notibras\",\"isPartOf\":{\"@id\":\"https:\/\/www.notibras.com\/site\/#website\"},\"primaryImageOfPage\":{\"@id\":\"https:\/\/www.notibras.com\/site\/lei-complementa-assistencia-psicologica-as-gestantes-e-puerperas\/#primaryimage\"},\"image\":{\"@id\":\"https:\/\/www.notibras.com\/site\/lei-complementa-assistencia-psicologica-as-gestantes-e-puerperas\/#primaryimage\"},\"thumbnailUrl\":\"https:\/\/www.notibras.com\/site\/wp-content\/uploads\/2023\/11\/grav.webp\",\"datePublished\":\"2023-11-10T09:50:54+00:00\",\"dateModified\":\"2023-11-10T13:53:13+00:00\",\"breadcrumb\":{\"@id\":\"https:\/\/www.notibras.com\/site\/lei-complementa-assistencia-psicologica-as-gestantes-e-puerperas\/#breadcrumb\"},\"inLanguage\":\"pt-BR\",\"potentialAction\":[{\"@type\":\"ReadAction\",\"target\":[\"https:\/\/www.notibras.com\/site\/lei-complementa-assistencia-psicologica-as-gestantes-e-puerperas\/\"]}]},{\"@type\":\"ImageObject\",\"inLanguage\":\"pt-BR\",\"@id\":\"https:\/\/www.notibras.com\/site\/lei-complementa-assistencia-psicologica-as-gestantes-e-puerperas\/#primaryimage\",\"url\":\"https:\/\/www.notibras.com\/site\/wp-content\/uploads\/2023\/11\/grav.webp\",\"contentUrl\":\"https:\/\/www.notibras.com\/site\/wp-content\/uploads\/2023\/11\/grav.webp\",\"width\":1170,\"height\":700},{\"@type\":\"BreadcrumbList\",\"@id\":\"https:\/\/www.notibras.com\/site\/lei-complementa-assistencia-psicologica-as-gestantes-e-puerperas\/#breadcrumb\",\"itemListElement\":[{\"@type\":\"ListItem\",\"position\":1,\"name\":\"In\u00edcio\",\"item\":\"https:\/\/www.notibras.com\/site\/\"},{\"@type\":\"ListItem\",\"position\":2,\"name\":\"Lei complementa assist\u00eancia psicol\u00f3gica \u00e0s gestantes e pu\u00e9rperas\"}]},{\"@type\":\"WebSite\",\"@id\":\"https:\/\/www.notibras.com\/site\/#website\",\"url\":\"https:\/\/www.notibras.com\/site\/\",\"name\":\"Notibras\",\"description\":\"Not\u00edcias de Bras\u00edlia, do Brasil e do Mundo\",\"publisher\":{\"@id\":\"https:\/\/www.notibras.com\/site\/#organization\"},\"potentialAction\":[{\"@type\":\"SearchAction\",\"target\":{\"@type\":\"EntryPoint\",\"urlTemplate\":\"https:\/\/www.notibras.com\/site\/?s={search_term_string}\"},\"query-input\":{\"@type\":\"PropertyValueSpecification\",\"valueRequired\":true,\"valueName\":\"search_term_string\"}}],\"inLanguage\":\"pt-BR\"},{\"@type\":\"Organization\",\"@id\":\"https:\/\/www.notibras.com\/site\/#organization\",\"name\":\"Grupo Notibras de Comunica\u00e7\u00e3o\",\"url\":\"https:\/\/www.notibras.com\/site\/\",\"logo\":{\"@type\":\"ImageObject\",\"inLanguage\":\"pt-BR\",\"@id\":\"https:\/\/www.notibras.com\/site\/#\/schema\/logo\/image\/\",\"url\":\"https:\/\/www.notibras.com\/site\/wp-content\/uploads\/2023\/01\/notibras23.png\",\"contentUrl\":\"https:\/\/www.notibras.com\/site\/wp-content\/uploads\/2023\/01\/notibras23.png\",\"width\":350,\"height\":87,\"caption\":\"Grupo Notibras de Comunica\u00e7\u00e3o\"},\"image\":{\"@id\":\"https:\/\/www.notibras.com\/site\/#\/schema\/logo\/image\/\"},\"sameAs\":[\"https:\/\/www.facebook.com\/notibras\/\",\"https:\/\/x.com\/Notibras\",\"https:\/\/www.instagram.com\/notibras\/\"]},{\"@type\":\"Person\",\"@id\":\"https:\/\/www.notibras.com\/site\/#\/schema\/person\/36ab0979449956132d3e5b517ea76ac8\",\"name\":\"Reda\u00e7\u00e3o\",\"image\":{\"@type\":\"ImageObject\",\"inLanguage\":\"pt-BR\",\"@id\":\"https:\/\/secure.gravatar.com\/avatar\/e0a867bdedb85fd243eadf09663511f96fc81e0720a4a42581f334ad4303aa6b?s=96&d=mm&r=g\",\"url\":\"https:\/\/secure.gravatar.com\/avatar\/e0a867bdedb85fd243eadf09663511f96fc81e0720a4a42581f334ad4303aa6b?s=96&d=mm&r=g\",\"contentUrl\":\"https:\/\/secure.gravatar.com\/avatar\/e0a867bdedb85fd243eadf09663511f96fc81e0720a4a42581f334ad4303aa6b?s=96&d=mm&r=g\",\"caption\":\"Reda\u00e7\u00e3o\"}}]}<\/script>\n<!-- \/ Yoast SEO plugin. -->","yoast_head_json":{"title":"Lei complementa assist\u00eancia psicol\u00f3gica \u00e0s gestantes e pu\u00e9rperas - Notibras","robots":{"index":"index","follow":"follow","max-snippet":"max-snippet:-1","max-image-preview":"max-image-preview:large","max-video-preview":"max-video-preview:-1"},"canonical":"https:\/\/www.notibras.com\/site\/lei-complementa-assistencia-psicologica-as-gestantes-e-puerperas\/","og_locale":"pt_BR","og_type":"article","og_title":"Lei complementa assist\u00eancia psicol\u00f3gica \u00e0s gestantes e pu\u00e9rperas - Notibras","og_description":"J\u00e1 est\u00e1 no Di\u00e1rio Oficial da Uni\u00e3o a Lei 14.721\/2023, que complementa o Estatuto da Crian\u00e7a e do Adolescente (ECA) sobre o direito de gestantes e pu\u00e9rperas \u00e0 assist\u00eancia psicol\u00f3gica no Sistema \u00danico de Sa\u00fade (SUS), al\u00e9m de assegurar a promo\u00e7\u00e3o de campanhas de conscientiza\u00e7\u00e3o sobre sa\u00fade mental. As medidas entram em vigor em 180 [&hellip;]","og_url":"https:\/\/www.notibras.com\/site\/lei-complementa-assistencia-psicologica-as-gestantes-e-puerperas\/","og_site_name":"Notibras","article_publisher":"https:\/\/www.facebook.com\/notibras\/","article_published_time":"2023-11-10T09:50:54+00:00","article_modified_time":"2023-11-10T13:53:13+00:00","og_image":[{"width":1170,"height":700,"url":"https:\/\/www.notibras.com\/site\/wp-content\/uploads\/2023\/11\/grav.webp","type":"image\/webp"}],"author":"Reda\u00e7\u00e3o","twitter_card":"summary_large_image","twitter_creator":"@Notibras","twitter_site":"@Notibras","twitter_misc":{"Escrito por":"Reda\u00e7\u00e3o","Est. tempo de leitura":"2 minutos"},"schema":{"@context":"https:\/\/schema.org","@graph":[{"@type":"Article","@id":"https:\/\/www.notibras.com\/site\/lei-complementa-assistencia-psicologica-as-gestantes-e-puerperas\/#article","isPartOf":{"@id":"https:\/\/www.notibras.com\/site\/lei-complementa-assistencia-psicologica-as-gestantes-e-puerperas\/"},"author":{"name":"Reda\u00e7\u00e3o","@id":"https:\/\/www.notibras.com\/site\/#\/schema\/person\/36ab0979449956132d3e5b517ea76ac8"},"headline":"Lei complementa assist\u00eancia psicol\u00f3gica \u00e0s gestantes e pu\u00e9rperas","datePublished":"2023-11-10T09:50:54+00:00","dateModified":"2023-11-10T13:53:13+00:00","mainEntityOfPage":{"@id":"https:\/\/www.notibras.com\/site\/lei-complementa-assistencia-psicologica-as-gestantes-e-puerperas\/"},"wordCount":333,"publisher":{"@id":"https:\/\/www.notibras.com\/site\/#organization"},"image":{"@id":"https:\/\/www.notibras.com\/site\/lei-complementa-assistencia-psicologica-as-gestantes-e-puerperas\/#primaryimage"},"thumbnailUrl":"https:\/\/www.notibras.com\/site\/wp-content\/uploads\/2023\/11\/grav.webp","articleSection":["Quadradinho em Foco"],"inLanguage":"pt-BR"},{"@type":"WebPage","@id":"https:\/\/www.notibras.com\/site\/lei-complementa-assistencia-psicologica-as-gestantes-e-puerperas\/","url":"https:\/\/www.notibras.com\/site\/lei-complementa-assistencia-psicologica-as-gestantes-e-puerperas\/","name":"Lei complementa assist\u00eancia psicol\u00f3gica \u00e0s gestantes e pu\u00e9rperas - Notibras","isPartOf":{"@id":"https:\/\/www.notibras.com\/site\/#website"},"primaryImageOfPage":{"@id":"https:\/\/www.notibras.com\/site\/lei-complementa-assistencia-psicologica-as-gestantes-e-puerperas\/#primaryimage"},"image":{"@id":"https:\/\/www.notibras.com\/site\/lei-complementa-assistencia-psicologica-as-gestantes-e-puerperas\/#primaryimage"},"thumbnailUrl":"https:\/\/www.notibras.com\/site\/wp-content\/uploads\/2023\/11\/grav.webp","datePublished":"2023-11-10T09:50:54+00:00","dateModified":"2023-11-10T13:53:13+00:00","breadcrumb":{"@id":"https:\/\/www.notibras.com\/site\/lei-complementa-assistencia-psicologica-as-gestantes-e-puerperas\/#breadcrumb"},"inLanguage":"pt-BR","potentialAction":[{"@type":"ReadAction","target":["https:\/\/www.notibras.com\/site\/lei-complementa-assistencia-psicologica-as-gestantes-e-puerperas\/"]}]},{"@type":"ImageObject","inLanguage":"pt-BR","@id":"https:\/\/www.notibras.com\/site\/lei-complementa-assistencia-psicologica-as-gestantes-e-puerperas\/#primaryimage","url":"https:\/\/www.notibras.com\/site\/wp-content\/uploads\/2023\/11\/grav.webp","contentUrl":"https:\/\/www.notibras.com\/site\/wp-content\/uploads\/2023\/11\/grav.webp","width":1170,"height":700},{"@type":"BreadcrumbList","@id":"https:\/\/www.notibras.com\/site\/lei-complementa-assistencia-psicologica-as-gestantes-e-puerperas\/#breadcrumb","itemListElement":[{"@type":"ListItem","position":1,"name":"In\u00edcio","item":"https:\/\/www.notibras.com\/site\/"},{"@type":"ListItem","position":2,"name":"Lei complementa assist\u00eancia psicol\u00f3gica \u00e0s gestantes e pu\u00e9rperas"}]},{"@type":"WebSite","@id":"https:\/\/www.notibras.com\/site\/#website","url":"https:\/\/www.notibras.com\/site\/","name":"Notibras","description":"Not\u00edcias de Bras\u00edlia, do Brasil e do Mundo","publisher":{"@id":"https:\/\/www.notibras.com\/site\/#organization"},"potentialAction":[{"@type":"SearchAction","target":{"@type":"EntryPoint","urlTemplate":"https:\/\/www.notibras.com\/site\/?s={search_term_string}"},"query-input":{"@type":"PropertyValueSpecification","valueRequired":true,"valueName":"search_term_string"}}],"inLanguage":"pt-BR"},{"@type":"Organization","@id":"https:\/\/www.notibras.com\/site\/#organization","name":"Grupo Notibras de Comunica\u00e7\u00e3o","url":"https:\/\/www.notibras.com\/site\/","logo":{"@type":"ImageObject","inLanguage":"pt-BR","@id":"https:\/\/www.notibras.com\/site\/#\/schema\/logo\/image\/","url":"https:\/\/www.notibras.com\/site\/wp-content\/uploads\/2023\/01\/notibras23.png","contentUrl":"https:\/\/www.notibras.com\/site\/wp-content\/uploads\/2023\/01\/notibras23.png","width":350,"height":87,"caption":"Grupo Notibras de Comunica\u00e7\u00e3o"},"image":{"@id":"https:\/\/www.notibras.com\/site\/#\/schema\/logo\/image\/"},"sameAs":["https:\/\/www.facebook.com\/notibras\/","https:\/\/x.com\/Notibras","https:\/\/www.instagram.com\/notibras\/"]},{"@type":"Person","@id":"https:\/\/www.notibras.com\/site\/#\/schema\/person\/36ab0979449956132d3e5b517ea76ac8","name":"Reda\u00e7\u00e3o","image":{"@type":"ImageObject","inLanguage":"pt-BR","@id":"https:\/\/secure.gravatar.com\/avatar\/e0a867bdedb85fd243eadf09663511f96fc81e0720a4a42581f334ad4303aa6b?s=96&d=mm&r=g","url":"https:\/\/secure.gravatar.com\/avatar\/e0a867bdedb85fd243eadf09663511f96fc81e0720a4a42581f334ad4303aa6b?s=96&d=mm&r=g","contentUrl":"https:\/\/secure.gravatar.com\/avatar\/e0a867bdedb85fd243eadf09663511f96fc81e0720a4a42581f334ad4303aa6b?s=96&d=mm&r=g","caption":"Reda\u00e7\u00e3o"}}]}},"amp_enabled":true,"_links":{"self":[{"href":"https:\/\/www.notibras.com\/site\/wp-json\/wp\/v2\/posts\/316606","targetHints":{"allow":["GET"]}}],"collection":[{"href":"https:\/\/www.notibras.com\/site\/wp-json\/wp\/v2\/posts"}],"about":[{"href":"https:\/\/www.notibras.com\/site\/wp-json\/wp\/v2\/types\/post"}],"author":[{"embeddable":true,"href":"https:\/\/www.notibras.com\/site\/wp-json\/wp\/v2\/users\/2"}],"replies":[{"embeddable":true,"href":"https:\/\/www.notibras.com\/site\/wp-json\/wp\/v2\/comments?post=316606"}],"version-history":[{"count":1,"href":"https:\/\/www.notibras.com\/site\/wp-json\/wp\/v2\/posts\/316606\/revisions"}],"predecessor-version":[{"id":316608,"href":"https:\/\/www.notibras.com\/site\/wp-json\/wp\/v2\/posts\/316606\/revisions\/316608"}],"wp:featuredmedia":[{"embeddable":true,"href":"https:\/\/www.notibras.com\/site\/wp-json\/wp\/v2\/media\/316607"}],"wp:attachment":[{"href":"https:\/\/www.notibras.com\/site\/wp-json\/wp\/v2\/media?parent=316606"}],"wp:term":[{"taxonomy":"category","embeddable":true,"href":"https:\/\/www.notibras.com\/site\/wp-json\/wp\/v2\/categories?post=316606"},{"taxonomy":"post_tag","embeddable":true,"href":"https:\/\/www.notibras.com\/site\/wp-json\/wp\/v2\/tags?post=316606"}],"curies":[{"name":"wp","href":"https:\/\/api.w.org\/{rel}","templated":true}]}}