{"id":316609,"date":"2023-11-10T11:06:27","date_gmt":"2023-11-10T14:06:27","guid":{"rendered":"https:\/\/www.notibras.com\/site\/?p=316609"},"modified":"2023-11-10T11:31:41","modified_gmt":"2023-11-10T14:31:41","slug":"kriska-vive-sonho-fantasmagorico-em-cemiterio","status":"publish","type":"post","link":"https:\/\/www.notibras.com\/site\/kriska-vive-sonho-fantasmagorico-em-cemiterio\/","title":{"rendered":"Kriska vive sonho fantasmag\u00f3rico em cemit\u00e9rio"},"content":{"rendered":"<p>Kriska, apesar de n\u00e3o ser nome de registro, era como aquela mulher era conhecida por todos. E, para n\u00e3o restar d\u00favida de quem se tratava, caso aparecesse outra, deram-lhe logo um sobrenome, que combinava com seus modos ardidos desde os tempos de menina. Por conta de tal probabilidade, mesmo que m\u00ednima, ficou Kriska Pimentinha.<\/p>\n<p>Com aquele seu jeito malagueta de ser, Kriska esbanjava simpatia, ainda mais quando sorria aquele sorriso que lhe era t\u00e3o caracter\u00edstico. Aos olhos de qualquer dentista, aquele espa\u00e7o entre os dois dentes superiores da frente seria um diastema. Para outros, uma falha. Falha? Que nada! Aquilo era puro charme!<\/p>\n<p>Outra qualidade daquela mulher era seu amor pelas crian\u00e7as. De tanto am\u00e1-las, acabou por ter quatro. Sim, isso mesmo! Quatro! N\u00e3o resta d\u00favida de que Kriska sabia e, melhor, gostava de amar! E como amava!<\/p>\n<p>Por falar nesse carisma que Kriska possu\u00eda, vale aqui uma hist\u00f3ria, que, dizem, aconteceu no \u00faltimo Finados. Ali\u00e1s, Dia dos Finados ocorrido no local mais prop\u00edcio para causos desse tipo, apesar da avers\u00e3o total daquela mulher a qualquer acontecimento do al\u00e9m. Mas aconteceu! Fazer o qu\u00ea?<\/p>\n<p>Pois l\u00e1 estava a nossa hero\u00edna no cemit\u00e9rio, para onde havia ido fazer uma visita aos t\u00famulos dos seus parentes. Medrosa que s\u00f3, n\u00e3o conseguiu deixar de notar uma menininha sentada num banco. Uma linda menininha, por sinal, que nem aquela que, um dia, Kriska havia sido.<\/p>\n<p>Curiosa, a mulher tomou coragem e foi puxar conversa com a tal garotinha. Mal se aproximou, percebeu aqueles olhos enormes e lindos, de um tom castanho aconchegante. Kriska se abaixou e segurou uma das m\u00e3os da menina.<\/p>\n<p>&#8211; Que olhos t\u00e3o lindos!<\/p>\n<p>&#8211; Obrigada.<\/p>\n<p>&#8211; Cad\u00ea os seus pais?<\/p>\n<p>&#8211; N\u00e3o vieram.<\/p>\n<p>&#8211; Mas voc\u00ea n\u00e3o tem medo de ficar aqui sozinha?<\/p>\n<p>&#8211; Quando eu era viva, sim.<\/p>\n<p>Logo em seguida, as duas riram bastante. No entanto, Kriska Pimentinha, de t\u00e3o nervosa, acabou fazendo xixi na cal\u00e7a. A mulher, toda tr\u00eamula de medo, saiu correndo, enquanto o l\u00edquido amarelo e quentinho escorria pelas suas pernas. Correu tanto e, somente j\u00e1 perto da sa\u00edda do cemit\u00e9rio, teve coragem de olhar para tr\u00e1s. A menina, todavia, n\u00e3o estava mais l\u00e1.<\/p>\n","protected":false},"excerpt":{"rendered":"<p>Kriska, apesar de n\u00e3o ser nome de registro, era como aquela mulher era conhecida por todos. E, para n\u00e3o restar d\u00favida de quem se tratava, caso aparecesse outra, deram-lhe logo um sobrenome, que combinava com seus modos ardidos desde os tempos de menina. Por conta de tal probabilidade, mesmo que m\u00ednima, ficou Kriska Pimentinha. Com [&hellip;]<\/p>\n","protected":false},"author":2,"featured_media":316610,"comment_status":"closed","ping_status":"closed","sticky":false,"template":"","format":"standard","meta":{"_acf_changed":false,"footnotes":""},"categories":[161],"tags":[],"class_list":["post-316609","post","type-post","status-publish","format-standard","has-post-thumbnail","hentry","category-quadradinho-em-foco"],"acf":[],"yoast_head":"<!-- This site is optimized with the Yoast SEO plugin v27.2 - https:\/\/yoast.com\/product\/yoast-seo-wordpress\/ -->\n<title>Kriska vive sonho fantasmag\u00f3rico em cemit\u00e9rio - Notibras<\/title>\n<meta name=\"robots\" content=\"index, follow, max-snippet:-1, max-image-preview:large, max-video-preview:-1\" \/>\n<link rel=\"canonical\" href=\"https:\/\/www.notibras.com\/site\/kriska-vive-sonho-fantasmagorico-em-cemiterio\/\" \/>\n<meta property=\"og:locale\" content=\"pt_BR\" \/>\n<meta property=\"og:type\" content=\"article\" \/>\n<meta property=\"og:title\" content=\"Kriska vive sonho fantasmag\u00f3rico em cemit\u00e9rio - Notibras\" \/>\n<meta property=\"og:description\" content=\"Kriska, apesar de n\u00e3o ser nome de registro, era como aquela mulher era conhecida por todos. E, para n\u00e3o restar d\u00favida de quem se tratava, caso aparecesse outra, deram-lhe logo um sobrenome, que combinava com seus modos ardidos desde os tempos de menina. Por conta de tal probabilidade, mesmo que m\u00ednima, ficou Kriska Pimentinha. Com [&hellip;]\" \/>\n<meta property=\"og:url\" content=\"https:\/\/www.notibras.com\/site\/kriska-vive-sonho-fantasmagorico-em-cemiterio\/\" \/>\n<meta property=\"og:site_name\" content=\"Notibras\" \/>\n<meta property=\"article:publisher\" content=\"https:\/\/www.facebook.com\/notibras\/\" \/>\n<meta property=\"article:published_time\" content=\"2023-11-10T14:06:27+00:00\" \/>\n<meta property=\"article:modified_time\" content=\"2023-11-10T14:31:41+00:00\" \/>\n<meta property=\"og:image\" content=\"https:\/\/www.notibras.com\/site\/wp-content\/uploads\/2023\/11\/bc2eaa52-fa6e-4455-82e4-d121b7942092.jpeg\" \/>\n\t<meta property=\"og:image:width\" content=\"1024\" \/>\n\t<meta property=\"og:image:height\" content=\"622\" \/>\n\t<meta property=\"og:image:type\" content=\"image\/jpeg\" \/>\n<meta name=\"author\" content=\"Reda\u00e7\u00e3o\" \/>\n<meta name=\"twitter:card\" content=\"summary_large_image\" \/>\n<meta name=\"twitter:creator\" content=\"@Notibras\" \/>\n<meta name=\"twitter:site\" content=\"@Notibras\" \/>\n<meta name=\"twitter:label1\" content=\"Escrito por\" \/>\n\t<meta name=\"twitter:data1\" content=\"Reda\u00e7\u00e3o\" \/>\n\t<meta name=\"twitter:label2\" content=\"Est. tempo de leitura\" \/>\n\t<meta name=\"twitter:data2\" content=\"2 minutos\" \/>\n<script type=\"application\/ld+json\" class=\"yoast-schema-graph\">{\"@context\":\"https:\/\/schema.org\",\"@graph\":[{\"@type\":\"Article\",\"@id\":\"https:\/\/www.notibras.com\/site\/kriska-vive-sonho-fantasmagorico-em-cemiterio\/#article\",\"isPartOf\":{\"@id\":\"https:\/\/www.notibras.com\/site\/kriska-vive-sonho-fantasmagorico-em-cemiterio\/\"},\"author\":{\"name\":\"Reda\u00e7\u00e3o\",\"@id\":\"https:\/\/www.notibras.com\/site\/#\/schema\/person\/36ab0979449956132d3e5b517ea76ac8\"},\"headline\":\"Kriska vive sonho fantasmag\u00f3rico em cemit\u00e9rio\",\"datePublished\":\"2023-11-10T14:06:27+00:00\",\"dateModified\":\"2023-11-10T14:31:41+00:00\",\"mainEntityOfPage\":{\"@id\":\"https:\/\/www.notibras.com\/site\/kriska-vive-sonho-fantasmagorico-em-cemiterio\/\"},\"wordCount\":400,\"publisher\":{\"@id\":\"https:\/\/www.notibras.com\/site\/#organization\"},\"image\":{\"@id\":\"https:\/\/www.notibras.com\/site\/kriska-vive-sonho-fantasmagorico-em-cemiterio\/#primaryimage\"},\"thumbnailUrl\":\"https:\/\/www.notibras.com\/site\/wp-content\/uploads\/2023\/11\/bc2eaa52-fa6e-4455-82e4-d121b7942092.jpeg\",\"articleSection\":[\"Quadradinho em Foco\"],\"inLanguage\":\"pt-BR\"},{\"@type\":\"WebPage\",\"@id\":\"https:\/\/www.notibras.com\/site\/kriska-vive-sonho-fantasmagorico-em-cemiterio\/\",\"url\":\"https:\/\/www.notibras.com\/site\/kriska-vive-sonho-fantasmagorico-em-cemiterio\/\",\"name\":\"Kriska vive sonho fantasmag\u00f3rico em cemit\u00e9rio - Notibras\",\"isPartOf\":{\"@id\":\"https:\/\/www.notibras.com\/site\/#website\"},\"primaryImageOfPage\":{\"@id\":\"https:\/\/www.notibras.com\/site\/kriska-vive-sonho-fantasmagorico-em-cemiterio\/#primaryimage\"},\"image\":{\"@id\":\"https:\/\/www.notibras.com\/site\/kriska-vive-sonho-fantasmagorico-em-cemiterio\/#primaryimage\"},\"thumbnailUrl\":\"https:\/\/www.notibras.com\/site\/wp-content\/uploads\/2023\/11\/bc2eaa52-fa6e-4455-82e4-d121b7942092.jpeg\",\"datePublished\":\"2023-11-10T14:06:27+00:00\",\"dateModified\":\"2023-11-10T14:31:41+00:00\",\"breadcrumb\":{\"@id\":\"https:\/\/www.notibras.com\/site\/kriska-vive-sonho-fantasmagorico-em-cemiterio\/#breadcrumb\"},\"inLanguage\":\"pt-BR\",\"potentialAction\":[{\"@type\":\"ReadAction\",\"target\":[\"https:\/\/www.notibras.com\/site\/kriska-vive-sonho-fantasmagorico-em-cemiterio\/\"]}]},{\"@type\":\"ImageObject\",\"inLanguage\":\"pt-BR\",\"@id\":\"https:\/\/www.notibras.com\/site\/kriska-vive-sonho-fantasmagorico-em-cemiterio\/#primaryimage\",\"url\":\"https:\/\/www.notibras.com\/site\/wp-content\/uploads\/2023\/11\/bc2eaa52-fa6e-4455-82e4-d121b7942092.jpeg\",\"contentUrl\":\"https:\/\/www.notibras.com\/site\/wp-content\/uploads\/2023\/11\/bc2eaa52-fa6e-4455-82e4-d121b7942092.jpeg\",\"width\":1024,\"height\":622},{\"@type\":\"BreadcrumbList\",\"@id\":\"https:\/\/www.notibras.com\/site\/kriska-vive-sonho-fantasmagorico-em-cemiterio\/#breadcrumb\",\"itemListElement\":[{\"@type\":\"ListItem\",\"position\":1,\"name\":\"In\u00edcio\",\"item\":\"https:\/\/www.notibras.com\/site\/\"},{\"@type\":\"ListItem\",\"position\":2,\"name\":\"Kriska vive sonho fantasmag\u00f3rico em cemit\u00e9rio\"}]},{\"@type\":\"WebSite\",\"@id\":\"https:\/\/www.notibras.com\/site\/#website\",\"url\":\"https:\/\/www.notibras.com\/site\/\",\"name\":\"Notibras\",\"description\":\"Not\u00edcias de Bras\u00edlia, do Brasil e do Mundo\",\"publisher\":{\"@id\":\"https:\/\/www.notibras.com\/site\/#organization\"},\"potentialAction\":[{\"@type\":\"SearchAction\",\"target\":{\"@type\":\"EntryPoint\",\"urlTemplate\":\"https:\/\/www.notibras.com\/site\/?s={search_term_string}\"},\"query-input\":{\"@type\":\"PropertyValueSpecification\",\"valueRequired\":true,\"valueName\":\"search_term_string\"}}],\"inLanguage\":\"pt-BR\"},{\"@type\":\"Organization\",\"@id\":\"https:\/\/www.notibras.com\/site\/#organization\",\"name\":\"Grupo Notibras de Comunica\u00e7\u00e3o\",\"url\":\"https:\/\/www.notibras.com\/site\/\",\"logo\":{\"@type\":\"ImageObject\",\"inLanguage\":\"pt-BR\",\"@id\":\"https:\/\/www.notibras.com\/site\/#\/schema\/logo\/image\/\",\"url\":\"https:\/\/www.notibras.com\/site\/wp-content\/uploads\/2023\/01\/notibras23.png\",\"contentUrl\":\"https:\/\/www.notibras.com\/site\/wp-content\/uploads\/2023\/01\/notibras23.png\",\"width\":350,\"height\":87,\"caption\":\"Grupo Notibras de Comunica\u00e7\u00e3o\"},\"image\":{\"@id\":\"https:\/\/www.notibras.com\/site\/#\/schema\/logo\/image\/\"},\"sameAs\":[\"https:\/\/www.facebook.com\/notibras\/\",\"https:\/\/x.com\/Notibras\",\"https:\/\/www.instagram.com\/notibras\/\"]},{\"@type\":\"Person\",\"@id\":\"https:\/\/www.notibras.com\/site\/#\/schema\/person\/36ab0979449956132d3e5b517ea76ac8\",\"name\":\"Reda\u00e7\u00e3o\",\"image\":{\"@type\":\"ImageObject\",\"inLanguage\":\"pt-BR\",\"@id\":\"https:\/\/secure.gravatar.com\/avatar\/e0a867bdedb85fd243eadf09663511f96fc81e0720a4a42581f334ad4303aa6b?s=96&d=mm&r=g\",\"url\":\"https:\/\/secure.gravatar.com\/avatar\/e0a867bdedb85fd243eadf09663511f96fc81e0720a4a42581f334ad4303aa6b?s=96&d=mm&r=g\",\"contentUrl\":\"https:\/\/secure.gravatar.com\/avatar\/e0a867bdedb85fd243eadf09663511f96fc81e0720a4a42581f334ad4303aa6b?s=96&d=mm&r=g\",\"caption\":\"Reda\u00e7\u00e3o\"}}]}<\/script>\n<!-- \/ Yoast SEO plugin. -->","yoast_head_json":{"title":"Kriska vive sonho fantasmag\u00f3rico em cemit\u00e9rio - Notibras","robots":{"index":"index","follow":"follow","max-snippet":"max-snippet:-1","max-image-preview":"max-image-preview:large","max-video-preview":"max-video-preview:-1"},"canonical":"https:\/\/www.notibras.com\/site\/kriska-vive-sonho-fantasmagorico-em-cemiterio\/","og_locale":"pt_BR","og_type":"article","og_title":"Kriska vive sonho fantasmag\u00f3rico em cemit\u00e9rio - Notibras","og_description":"Kriska, apesar de n\u00e3o ser nome de registro, era como aquela mulher era conhecida por todos. E, para n\u00e3o restar d\u00favida de quem se tratava, caso aparecesse outra, deram-lhe logo um sobrenome, que combinava com seus modos ardidos desde os tempos de menina. Por conta de tal probabilidade, mesmo que m\u00ednima, ficou Kriska Pimentinha. Com [&hellip;]","og_url":"https:\/\/www.notibras.com\/site\/kriska-vive-sonho-fantasmagorico-em-cemiterio\/","og_site_name":"Notibras","article_publisher":"https:\/\/www.facebook.com\/notibras\/","article_published_time":"2023-11-10T14:06:27+00:00","article_modified_time":"2023-11-10T14:31:41+00:00","og_image":[{"width":1024,"height":622,"url":"https:\/\/www.notibras.com\/site\/wp-content\/uploads\/2023\/11\/bc2eaa52-fa6e-4455-82e4-d121b7942092.jpeg","type":"image\/jpeg"}],"author":"Reda\u00e7\u00e3o","twitter_card":"summary_large_image","twitter_creator":"@Notibras","twitter_site":"@Notibras","twitter_misc":{"Escrito por":"Reda\u00e7\u00e3o","Est. tempo de leitura":"2 minutos"},"schema":{"@context":"https:\/\/schema.org","@graph":[{"@type":"Article","@id":"https:\/\/www.notibras.com\/site\/kriska-vive-sonho-fantasmagorico-em-cemiterio\/#article","isPartOf":{"@id":"https:\/\/www.notibras.com\/site\/kriska-vive-sonho-fantasmagorico-em-cemiterio\/"},"author":{"name":"Reda\u00e7\u00e3o","@id":"https:\/\/www.notibras.com\/site\/#\/schema\/person\/36ab0979449956132d3e5b517ea76ac8"},"headline":"Kriska vive sonho fantasmag\u00f3rico em cemit\u00e9rio","datePublished":"2023-11-10T14:06:27+00:00","dateModified":"2023-11-10T14:31:41+00:00","mainEntityOfPage":{"@id":"https:\/\/www.notibras.com\/site\/kriska-vive-sonho-fantasmagorico-em-cemiterio\/"},"wordCount":400,"publisher":{"@id":"https:\/\/www.notibras.com\/site\/#organization"},"image":{"@id":"https:\/\/www.notibras.com\/site\/kriska-vive-sonho-fantasmagorico-em-cemiterio\/#primaryimage"},"thumbnailUrl":"https:\/\/www.notibras.com\/site\/wp-content\/uploads\/2023\/11\/bc2eaa52-fa6e-4455-82e4-d121b7942092.jpeg","articleSection":["Quadradinho em Foco"],"inLanguage":"pt-BR"},{"@type":"WebPage","@id":"https:\/\/www.notibras.com\/site\/kriska-vive-sonho-fantasmagorico-em-cemiterio\/","url":"https:\/\/www.notibras.com\/site\/kriska-vive-sonho-fantasmagorico-em-cemiterio\/","name":"Kriska vive sonho fantasmag\u00f3rico em cemit\u00e9rio - Notibras","isPartOf":{"@id":"https:\/\/www.notibras.com\/site\/#website"},"primaryImageOfPage":{"@id":"https:\/\/www.notibras.com\/site\/kriska-vive-sonho-fantasmagorico-em-cemiterio\/#primaryimage"},"image":{"@id":"https:\/\/www.notibras.com\/site\/kriska-vive-sonho-fantasmagorico-em-cemiterio\/#primaryimage"},"thumbnailUrl":"https:\/\/www.notibras.com\/site\/wp-content\/uploads\/2023\/11\/bc2eaa52-fa6e-4455-82e4-d121b7942092.jpeg","datePublished":"2023-11-10T14:06:27+00:00","dateModified":"2023-11-10T14:31:41+00:00","breadcrumb":{"@id":"https:\/\/www.notibras.com\/site\/kriska-vive-sonho-fantasmagorico-em-cemiterio\/#breadcrumb"},"inLanguage":"pt-BR","potentialAction":[{"@type":"ReadAction","target":["https:\/\/www.notibras.com\/site\/kriska-vive-sonho-fantasmagorico-em-cemiterio\/"]}]},{"@type":"ImageObject","inLanguage":"pt-BR","@id":"https:\/\/www.notibras.com\/site\/kriska-vive-sonho-fantasmagorico-em-cemiterio\/#primaryimage","url":"https:\/\/www.notibras.com\/site\/wp-content\/uploads\/2023\/11\/bc2eaa52-fa6e-4455-82e4-d121b7942092.jpeg","contentUrl":"https:\/\/www.notibras.com\/site\/wp-content\/uploads\/2023\/11\/bc2eaa52-fa6e-4455-82e4-d121b7942092.jpeg","width":1024,"height":622},{"@type":"BreadcrumbList","@id":"https:\/\/www.notibras.com\/site\/kriska-vive-sonho-fantasmagorico-em-cemiterio\/#breadcrumb","itemListElement":[{"@type":"ListItem","position":1,"name":"In\u00edcio","item":"https:\/\/www.notibras.com\/site\/"},{"@type":"ListItem","position":2,"name":"Kriska vive sonho fantasmag\u00f3rico em cemit\u00e9rio"}]},{"@type":"WebSite","@id":"https:\/\/www.notibras.com\/site\/#website","url":"https:\/\/www.notibras.com\/site\/","name":"Notibras","description":"Not\u00edcias de Bras\u00edlia, do Brasil e do Mundo","publisher":{"@id":"https:\/\/www.notibras.com\/site\/#organization"},"potentialAction":[{"@type":"SearchAction","target":{"@type":"EntryPoint","urlTemplate":"https:\/\/www.notibras.com\/site\/?s={search_term_string}"},"query-input":{"@type":"PropertyValueSpecification","valueRequired":true,"valueName":"search_term_string"}}],"inLanguage":"pt-BR"},{"@type":"Organization","@id":"https:\/\/www.notibras.com\/site\/#organization","name":"Grupo Notibras de Comunica\u00e7\u00e3o","url":"https:\/\/www.notibras.com\/site\/","logo":{"@type":"ImageObject","inLanguage":"pt-BR","@id":"https:\/\/www.notibras.com\/site\/#\/schema\/logo\/image\/","url":"https:\/\/www.notibras.com\/site\/wp-content\/uploads\/2023\/01\/notibras23.png","contentUrl":"https:\/\/www.notibras.com\/site\/wp-content\/uploads\/2023\/01\/notibras23.png","width":350,"height":87,"caption":"Grupo Notibras de Comunica\u00e7\u00e3o"},"image":{"@id":"https:\/\/www.notibras.com\/site\/#\/schema\/logo\/image\/"},"sameAs":["https:\/\/www.facebook.com\/notibras\/","https:\/\/x.com\/Notibras","https:\/\/www.instagram.com\/notibras\/"]},{"@type":"Person","@id":"https:\/\/www.notibras.com\/site\/#\/schema\/person\/36ab0979449956132d3e5b517ea76ac8","name":"Reda\u00e7\u00e3o","image":{"@type":"ImageObject","inLanguage":"pt-BR","@id":"https:\/\/secure.gravatar.com\/avatar\/e0a867bdedb85fd243eadf09663511f96fc81e0720a4a42581f334ad4303aa6b?s=96&d=mm&r=g","url":"https:\/\/secure.gravatar.com\/avatar\/e0a867bdedb85fd243eadf09663511f96fc81e0720a4a42581f334ad4303aa6b?s=96&d=mm&r=g","contentUrl":"https:\/\/secure.gravatar.com\/avatar\/e0a867bdedb85fd243eadf09663511f96fc81e0720a4a42581f334ad4303aa6b?s=96&d=mm&r=g","caption":"Reda\u00e7\u00e3o"}}]}},"amp_enabled":true,"_links":{"self":[{"href":"https:\/\/www.notibras.com\/site\/wp-json\/wp\/v2\/posts\/316609","targetHints":{"allow":["GET"]}}],"collection":[{"href":"https:\/\/www.notibras.com\/site\/wp-json\/wp\/v2\/posts"}],"about":[{"href":"https:\/\/www.notibras.com\/site\/wp-json\/wp\/v2\/types\/post"}],"author":[{"embeddable":true,"href":"https:\/\/www.notibras.com\/site\/wp-json\/wp\/v2\/users\/2"}],"replies":[{"embeddable":true,"href":"https:\/\/www.notibras.com\/site\/wp-json\/wp\/v2\/comments?post=316609"}],"version-history":[{"count":2,"href":"https:\/\/www.notibras.com\/site\/wp-json\/wp\/v2\/posts\/316609\/revisions"}],"predecessor-version":[{"id":316615,"href":"https:\/\/www.notibras.com\/site\/wp-json\/wp\/v2\/posts\/316609\/revisions\/316615"}],"wp:featuredmedia":[{"embeddable":true,"href":"https:\/\/www.notibras.com\/site\/wp-json\/wp\/v2\/media\/316610"}],"wp:attachment":[{"href":"https:\/\/www.notibras.com\/site\/wp-json\/wp\/v2\/media?parent=316609"}],"wp:term":[{"taxonomy":"category","embeddable":true,"href":"https:\/\/www.notibras.com\/site\/wp-json\/wp\/v2\/categories?post=316609"},{"taxonomy":"post_tag","embeddable":true,"href":"https:\/\/www.notibras.com\/site\/wp-json\/wp\/v2\/tags?post=316609"}],"curies":[{"name":"wp","href":"https:\/\/api.w.org\/{rel}","templated":true}]}}