{"id":316612,"date":"2023-11-10T11:26:19","date_gmt":"2023-11-10T14:26:19","guid":{"rendered":"https:\/\/www.notibras.com\/site\/?p=316612"},"modified":"2023-11-10T11:30:12","modified_gmt":"2023-11-10T14:30:12","slug":"rainha-so-tem-um-assento-e-o-do-trono","status":"publish","type":"post","link":"https:\/\/www.notibras.com\/site\/rainha-so-tem-um-assento-e-o-do-trono\/","title":{"rendered":"Rainha s\u00f3 tem um assento; \u00e9 o do trono"},"content":{"rendered":"<p>H\u00e1 dias em que temos um lampejo de falta (ou mera falha) de mem\u00f3ria. Aconteceu comigo um dia desses, enquanto, sentado em minha cadeira de rodas, batia um papo com meus mais pr\u00f3ximos amigos Tico e Teco. Afinal &#8211; perguntei a meus neur\u00f4nios &#8211; Elizabeth II foi rainha (sem acento) ou ra\u00ednha (com o assento do trono)? &#8220;Pergunte \u00e0 sua amiga Ia&#8221;, sugeriram. &#8220;Ou v\u00e1 direto \u00e0 Wikip\u00e9dia&#8221;.<\/p>\n<p>Como gosto de bons conselhos &#8211; at\u00e9 porque, de gra\u00e7a, aceito at\u00e9 inje\u00e7\u00e3o na testa -, descobri que muita gente talvez perca a majestade com essa d\u00favida. N\u00e3o \u00e9 para tanto. Vamos come\u00e7ar separando as s\u00edlabas. S\u00e3o tr\u00eas: RA &#8211; I &#8211; NHA.<br \/>\nE qual \u00e9 a s\u00edlaba mais forte? \u00c9 a segunda, formada apenas pela letra &#8220;i&#8221;.<\/p>\n<p>A letra anterior a ela \u00e9 outra vogal (&#8220;a&#8221;), que est\u00e1 na s\u00edlaba anterior. Forma-se assim o que chamamos hiato: duas vogais juntas em s\u00edlabas separadas.<\/p>\n<p>Normalmente, me revela Ia, quando isso acontece (duas vogais seguidas, em s\u00edlabas diferentes), a vogal &#8220;i&#8221; recebe acento agudo, se ficar sozinha na s\u00edlaba ou com \u201cs\u201d. Observe exemplos: sa-\u00ed-da, fa-\u00eds-ca, a-\u00e7a-\u00ed, tra-\u00ed-ra, Lu-\u00eds, Lu-\u00ed-sa, I-ca-ra-\u00ed,<\/p>\n<p>Ent\u00e3o, resolvido?, questionei Ia. E ela respondeu prontamente: ainda n\u00e3o.<\/p>\n<p>Veja, disse-me, que \u00e9 diferente quando, depois do &#8220;i&#8221;, v\u00eam duas letrinhas, um N e um H (o grupo NH), formando o som que a gente encontra em baNHO, amaNH\u00c3, viNHO, etc.<\/p>\n<p>Portanto, a\u00ed \u00e9 que reside o problema. Quando isso acontece, o &#8220;I&#8221; n\u00e3o recebe acento agudo, como em TAINHA, LADAINHA, MOINHO, BAINHA, FUINHA, COROINHA&#8230; Por isso, nada de trocar seu reino por um dicion\u00e1rio. \u00c9 bom ter um, mesmo nesses tempos em que quase tudo \u00e9 virtual. Mas agora j\u00e1 sabemos: RAINHA n\u00e3o tem acento, a n\u00e3o ser o seu assento, onde ela posa com sua coroa.<\/p>\n<p>**Aos nossos leitores:\u00a0<strong><em>Notibras<\/em>\u00a0abriu este espa\u00e7o editorial para o segmento PcD. Para que possamos interagir, mostrarmos que somos pessoas comuns. Encaminhe sugest\u00f5es, mande seus textos. Prometo que tudo ser\u00e1 bem recebido e aproveitado. Meu WhasApp \u00e9 61-98425.4895.<\/strong><\/p>\n<p>&nbsp;<\/p>\n","protected":false},"excerpt":{"rendered":"<p>H\u00e1 dias em que temos um lampejo de falta (ou mera falha) de mem\u00f3ria. Aconteceu comigo um dia desses, enquanto, sentado em minha cadeira de rodas, batia um papo com meus mais pr\u00f3ximos amigos Tico e Teco. Afinal &#8211; perguntei a meus neur\u00f4nios &#8211; Elizabeth II foi rainha (sem acento) ou ra\u00ednha (com o assento [&hellip;]<\/p>\n","protected":false},"author":2,"featured_media":210503,"comment_status":"closed","ping_status":"closed","sticky":false,"template":"","format":"standard","meta":{"_acf_changed":false,"footnotes":""},"categories":[161],"tags":[],"class_list":["post-316612","post","type-post","status-publish","format-standard","has-post-thumbnail","hentry","category-quadradinho-em-foco"],"acf":[],"yoast_head":"<!-- This site is optimized with the Yoast SEO plugin v27.2 - https:\/\/yoast.com\/product\/yoast-seo-wordpress\/ -->\n<title>Rainha s\u00f3 tem um assento; \u00e9 o do trono - Notibras<\/title>\n<meta name=\"robots\" content=\"index, follow, max-snippet:-1, max-image-preview:large, max-video-preview:-1\" \/>\n<link rel=\"canonical\" href=\"https:\/\/www.notibras.com\/site\/rainha-so-tem-um-assento-e-o-do-trono\/\" \/>\n<meta property=\"og:locale\" content=\"pt_BR\" \/>\n<meta property=\"og:type\" content=\"article\" \/>\n<meta property=\"og:title\" content=\"Rainha s\u00f3 tem um assento; \u00e9 o do trono - Notibras\" \/>\n<meta property=\"og:description\" content=\"H\u00e1 dias em que temos um lampejo de falta (ou mera falha) de mem\u00f3ria. Aconteceu comigo um dia desses, enquanto, sentado em minha cadeira de rodas, batia um papo com meus mais pr\u00f3ximos amigos Tico e Teco. Afinal &#8211; perguntei a meus neur\u00f4nios &#8211; Elizabeth II foi rainha (sem acento) ou ra\u00ednha (com o assento [&hellip;]\" \/>\n<meta property=\"og:url\" content=\"https:\/\/www.notibras.com\/site\/rainha-so-tem-um-assento-e-o-do-trono\/\" \/>\n<meta property=\"og:site_name\" content=\"Notibras\" \/>\n<meta property=\"article:publisher\" content=\"https:\/\/www.facebook.com\/notibras\/\" \/>\n<meta property=\"article:published_time\" content=\"2023-11-10T14:26:19+00:00\" \/>\n<meta property=\"article:modified_time\" content=\"2023-11-10T14:30:12+00:00\" \/>\n<meta property=\"og:image\" content=\"https:\/\/www.notibras.com\/site\/wp-content\/uploads\/2019\/06\/Intelig\u00eancia-Artificial.jpg\" \/>\n\t<meta property=\"og:image:width\" content=\"2121\" \/>\n\t<meta property=\"og:image:height\" content=\"1413\" \/>\n\t<meta property=\"og:image:type\" content=\"image\/jpeg\" \/>\n<meta name=\"author\" content=\"Reda\u00e7\u00e3o\" \/>\n<meta name=\"twitter:card\" content=\"summary_large_image\" \/>\n<meta name=\"twitter:creator\" content=\"@Notibras\" \/>\n<meta name=\"twitter:site\" content=\"@Notibras\" \/>\n<meta name=\"twitter:label1\" content=\"Escrito por\" \/>\n\t<meta name=\"twitter:data1\" content=\"Reda\u00e7\u00e3o\" \/>\n\t<meta name=\"twitter:label2\" content=\"Est. tempo de leitura\" \/>\n\t<meta name=\"twitter:data2\" content=\"2 minutos\" \/>\n<script type=\"application\/ld+json\" class=\"yoast-schema-graph\">{\"@context\":\"https:\/\/schema.org\",\"@graph\":[{\"@type\":\"Article\",\"@id\":\"https:\/\/www.notibras.com\/site\/rainha-so-tem-um-assento-e-o-do-trono\/#article\",\"isPartOf\":{\"@id\":\"https:\/\/www.notibras.com\/site\/rainha-so-tem-um-assento-e-o-do-trono\/\"},\"author\":{\"name\":\"Reda\u00e7\u00e3o\",\"@id\":\"https:\/\/www.notibras.com\/site\/#\/schema\/person\/36ab0979449956132d3e5b517ea76ac8\"},\"headline\":\"Rainha s\u00f3 tem um assento; \u00e9 o do trono\",\"datePublished\":\"2023-11-10T14:26:19+00:00\",\"dateModified\":\"2023-11-10T14:30:12+00:00\",\"mainEntityOfPage\":{\"@id\":\"https:\/\/www.notibras.com\/site\/rainha-so-tem-um-assento-e-o-do-trono\/\"},\"wordCount\":366,\"publisher\":{\"@id\":\"https:\/\/www.notibras.com\/site\/#organization\"},\"image\":{\"@id\":\"https:\/\/www.notibras.com\/site\/rainha-so-tem-um-assento-e-o-do-trono\/#primaryimage\"},\"thumbnailUrl\":\"https:\/\/www.notibras.com\/site\/wp-content\/uploads\/2019\/06\/Intelig\u00eancia-Artificial.jpg\",\"articleSection\":[\"Quadradinho em Foco\"],\"inLanguage\":\"pt-BR\"},{\"@type\":\"WebPage\",\"@id\":\"https:\/\/www.notibras.com\/site\/rainha-so-tem-um-assento-e-o-do-trono\/\",\"url\":\"https:\/\/www.notibras.com\/site\/rainha-so-tem-um-assento-e-o-do-trono\/\",\"name\":\"Rainha s\u00f3 tem um assento; \u00e9 o do trono - Notibras\",\"isPartOf\":{\"@id\":\"https:\/\/www.notibras.com\/site\/#website\"},\"primaryImageOfPage\":{\"@id\":\"https:\/\/www.notibras.com\/site\/rainha-so-tem-um-assento-e-o-do-trono\/#primaryimage\"},\"image\":{\"@id\":\"https:\/\/www.notibras.com\/site\/rainha-so-tem-um-assento-e-o-do-trono\/#primaryimage\"},\"thumbnailUrl\":\"https:\/\/www.notibras.com\/site\/wp-content\/uploads\/2019\/06\/Intelig\u00eancia-Artificial.jpg\",\"datePublished\":\"2023-11-10T14:26:19+00:00\",\"dateModified\":\"2023-11-10T14:30:12+00:00\",\"breadcrumb\":{\"@id\":\"https:\/\/www.notibras.com\/site\/rainha-so-tem-um-assento-e-o-do-trono\/#breadcrumb\"},\"inLanguage\":\"pt-BR\",\"potentialAction\":[{\"@type\":\"ReadAction\",\"target\":[\"https:\/\/www.notibras.com\/site\/rainha-so-tem-um-assento-e-o-do-trono\/\"]}]},{\"@type\":\"ImageObject\",\"inLanguage\":\"pt-BR\",\"@id\":\"https:\/\/www.notibras.com\/site\/rainha-so-tem-um-assento-e-o-do-trono\/#primaryimage\",\"url\":\"https:\/\/www.notibras.com\/site\/wp-content\/uploads\/2019\/06\/Intelig\u00eancia-Artificial.jpg\",\"contentUrl\":\"https:\/\/www.notibras.com\/site\/wp-content\/uploads\/2019\/06\/Intelig\u00eancia-Artificial.jpg\",\"width\":2121,\"height\":1413},{\"@type\":\"BreadcrumbList\",\"@id\":\"https:\/\/www.notibras.com\/site\/rainha-so-tem-um-assento-e-o-do-trono\/#breadcrumb\",\"itemListElement\":[{\"@type\":\"ListItem\",\"position\":1,\"name\":\"In\u00edcio\",\"item\":\"https:\/\/www.notibras.com\/site\/\"},{\"@type\":\"ListItem\",\"position\":2,\"name\":\"Rainha s\u00f3 tem um assento; \u00e9 o do trono\"}]},{\"@type\":\"WebSite\",\"@id\":\"https:\/\/www.notibras.com\/site\/#website\",\"url\":\"https:\/\/www.notibras.com\/site\/\",\"name\":\"Notibras\",\"description\":\"Not\u00edcias de Bras\u00edlia, do Brasil e do Mundo\",\"publisher\":{\"@id\":\"https:\/\/www.notibras.com\/site\/#organization\"},\"potentialAction\":[{\"@type\":\"SearchAction\",\"target\":{\"@type\":\"EntryPoint\",\"urlTemplate\":\"https:\/\/www.notibras.com\/site\/?s={search_term_string}\"},\"query-input\":{\"@type\":\"PropertyValueSpecification\",\"valueRequired\":true,\"valueName\":\"search_term_string\"}}],\"inLanguage\":\"pt-BR\"},{\"@type\":\"Organization\",\"@id\":\"https:\/\/www.notibras.com\/site\/#organization\",\"name\":\"Grupo Notibras de Comunica\u00e7\u00e3o\",\"url\":\"https:\/\/www.notibras.com\/site\/\",\"logo\":{\"@type\":\"ImageObject\",\"inLanguage\":\"pt-BR\",\"@id\":\"https:\/\/www.notibras.com\/site\/#\/schema\/logo\/image\/\",\"url\":\"https:\/\/www.notibras.com\/site\/wp-content\/uploads\/2023\/01\/notibras23.png\",\"contentUrl\":\"https:\/\/www.notibras.com\/site\/wp-content\/uploads\/2023\/01\/notibras23.png\",\"width\":350,\"height\":87,\"caption\":\"Grupo Notibras de Comunica\u00e7\u00e3o\"},\"image\":{\"@id\":\"https:\/\/www.notibras.com\/site\/#\/schema\/logo\/image\/\"},\"sameAs\":[\"https:\/\/www.facebook.com\/notibras\/\",\"https:\/\/x.com\/Notibras\",\"https:\/\/www.instagram.com\/notibras\/\"]},{\"@type\":\"Person\",\"@id\":\"https:\/\/www.notibras.com\/site\/#\/schema\/person\/36ab0979449956132d3e5b517ea76ac8\",\"name\":\"Reda\u00e7\u00e3o\",\"image\":{\"@type\":\"ImageObject\",\"inLanguage\":\"pt-BR\",\"@id\":\"https:\/\/secure.gravatar.com\/avatar\/e0a867bdedb85fd243eadf09663511f96fc81e0720a4a42581f334ad4303aa6b?s=96&d=mm&r=g\",\"url\":\"https:\/\/secure.gravatar.com\/avatar\/e0a867bdedb85fd243eadf09663511f96fc81e0720a4a42581f334ad4303aa6b?s=96&d=mm&r=g\",\"contentUrl\":\"https:\/\/secure.gravatar.com\/avatar\/e0a867bdedb85fd243eadf09663511f96fc81e0720a4a42581f334ad4303aa6b?s=96&d=mm&r=g\",\"caption\":\"Reda\u00e7\u00e3o\"}}]}<\/script>\n<!-- \/ Yoast SEO plugin. -->","yoast_head_json":{"title":"Rainha s\u00f3 tem um assento; \u00e9 o do trono - Notibras","robots":{"index":"index","follow":"follow","max-snippet":"max-snippet:-1","max-image-preview":"max-image-preview:large","max-video-preview":"max-video-preview:-1"},"canonical":"https:\/\/www.notibras.com\/site\/rainha-so-tem-um-assento-e-o-do-trono\/","og_locale":"pt_BR","og_type":"article","og_title":"Rainha s\u00f3 tem um assento; \u00e9 o do trono - Notibras","og_description":"H\u00e1 dias em que temos um lampejo de falta (ou mera falha) de mem\u00f3ria. Aconteceu comigo um dia desses, enquanto, sentado em minha cadeira de rodas, batia um papo com meus mais pr\u00f3ximos amigos Tico e Teco. Afinal &#8211; perguntei a meus neur\u00f4nios &#8211; Elizabeth II foi rainha (sem acento) ou ra\u00ednha (com o assento [&hellip;]","og_url":"https:\/\/www.notibras.com\/site\/rainha-so-tem-um-assento-e-o-do-trono\/","og_site_name":"Notibras","article_publisher":"https:\/\/www.facebook.com\/notibras\/","article_published_time":"2023-11-10T14:26:19+00:00","article_modified_time":"2023-11-10T14:30:12+00:00","og_image":[{"width":2121,"height":1413,"url":"https:\/\/www.notibras.com\/site\/wp-content\/uploads\/2019\/06\/Intelig\u00eancia-Artificial.jpg","type":"image\/jpeg"}],"author":"Reda\u00e7\u00e3o","twitter_card":"summary_large_image","twitter_creator":"@Notibras","twitter_site":"@Notibras","twitter_misc":{"Escrito por":"Reda\u00e7\u00e3o","Est. tempo de leitura":"2 minutos"},"schema":{"@context":"https:\/\/schema.org","@graph":[{"@type":"Article","@id":"https:\/\/www.notibras.com\/site\/rainha-so-tem-um-assento-e-o-do-trono\/#article","isPartOf":{"@id":"https:\/\/www.notibras.com\/site\/rainha-so-tem-um-assento-e-o-do-trono\/"},"author":{"name":"Reda\u00e7\u00e3o","@id":"https:\/\/www.notibras.com\/site\/#\/schema\/person\/36ab0979449956132d3e5b517ea76ac8"},"headline":"Rainha s\u00f3 tem um assento; \u00e9 o do trono","datePublished":"2023-11-10T14:26:19+00:00","dateModified":"2023-11-10T14:30:12+00:00","mainEntityOfPage":{"@id":"https:\/\/www.notibras.com\/site\/rainha-so-tem-um-assento-e-o-do-trono\/"},"wordCount":366,"publisher":{"@id":"https:\/\/www.notibras.com\/site\/#organization"},"image":{"@id":"https:\/\/www.notibras.com\/site\/rainha-so-tem-um-assento-e-o-do-trono\/#primaryimage"},"thumbnailUrl":"https:\/\/www.notibras.com\/site\/wp-content\/uploads\/2019\/06\/Intelig\u00eancia-Artificial.jpg","articleSection":["Quadradinho em Foco"],"inLanguage":"pt-BR"},{"@type":"WebPage","@id":"https:\/\/www.notibras.com\/site\/rainha-so-tem-um-assento-e-o-do-trono\/","url":"https:\/\/www.notibras.com\/site\/rainha-so-tem-um-assento-e-o-do-trono\/","name":"Rainha s\u00f3 tem um assento; \u00e9 o do trono - Notibras","isPartOf":{"@id":"https:\/\/www.notibras.com\/site\/#website"},"primaryImageOfPage":{"@id":"https:\/\/www.notibras.com\/site\/rainha-so-tem-um-assento-e-o-do-trono\/#primaryimage"},"image":{"@id":"https:\/\/www.notibras.com\/site\/rainha-so-tem-um-assento-e-o-do-trono\/#primaryimage"},"thumbnailUrl":"https:\/\/www.notibras.com\/site\/wp-content\/uploads\/2019\/06\/Intelig\u00eancia-Artificial.jpg","datePublished":"2023-11-10T14:26:19+00:00","dateModified":"2023-11-10T14:30:12+00:00","breadcrumb":{"@id":"https:\/\/www.notibras.com\/site\/rainha-so-tem-um-assento-e-o-do-trono\/#breadcrumb"},"inLanguage":"pt-BR","potentialAction":[{"@type":"ReadAction","target":["https:\/\/www.notibras.com\/site\/rainha-so-tem-um-assento-e-o-do-trono\/"]}]},{"@type":"ImageObject","inLanguage":"pt-BR","@id":"https:\/\/www.notibras.com\/site\/rainha-so-tem-um-assento-e-o-do-trono\/#primaryimage","url":"https:\/\/www.notibras.com\/site\/wp-content\/uploads\/2019\/06\/Intelig\u00eancia-Artificial.jpg","contentUrl":"https:\/\/www.notibras.com\/site\/wp-content\/uploads\/2019\/06\/Intelig\u00eancia-Artificial.jpg","width":2121,"height":1413},{"@type":"BreadcrumbList","@id":"https:\/\/www.notibras.com\/site\/rainha-so-tem-um-assento-e-o-do-trono\/#breadcrumb","itemListElement":[{"@type":"ListItem","position":1,"name":"In\u00edcio","item":"https:\/\/www.notibras.com\/site\/"},{"@type":"ListItem","position":2,"name":"Rainha s\u00f3 tem um assento; \u00e9 o do trono"}]},{"@type":"WebSite","@id":"https:\/\/www.notibras.com\/site\/#website","url":"https:\/\/www.notibras.com\/site\/","name":"Notibras","description":"Not\u00edcias de Bras\u00edlia, do Brasil e do Mundo","publisher":{"@id":"https:\/\/www.notibras.com\/site\/#organization"},"potentialAction":[{"@type":"SearchAction","target":{"@type":"EntryPoint","urlTemplate":"https:\/\/www.notibras.com\/site\/?s={search_term_string}"},"query-input":{"@type":"PropertyValueSpecification","valueRequired":true,"valueName":"search_term_string"}}],"inLanguage":"pt-BR"},{"@type":"Organization","@id":"https:\/\/www.notibras.com\/site\/#organization","name":"Grupo Notibras de Comunica\u00e7\u00e3o","url":"https:\/\/www.notibras.com\/site\/","logo":{"@type":"ImageObject","inLanguage":"pt-BR","@id":"https:\/\/www.notibras.com\/site\/#\/schema\/logo\/image\/","url":"https:\/\/www.notibras.com\/site\/wp-content\/uploads\/2023\/01\/notibras23.png","contentUrl":"https:\/\/www.notibras.com\/site\/wp-content\/uploads\/2023\/01\/notibras23.png","width":350,"height":87,"caption":"Grupo Notibras de Comunica\u00e7\u00e3o"},"image":{"@id":"https:\/\/www.notibras.com\/site\/#\/schema\/logo\/image\/"},"sameAs":["https:\/\/www.facebook.com\/notibras\/","https:\/\/x.com\/Notibras","https:\/\/www.instagram.com\/notibras\/"]},{"@type":"Person","@id":"https:\/\/www.notibras.com\/site\/#\/schema\/person\/36ab0979449956132d3e5b517ea76ac8","name":"Reda\u00e7\u00e3o","image":{"@type":"ImageObject","inLanguage":"pt-BR","@id":"https:\/\/secure.gravatar.com\/avatar\/e0a867bdedb85fd243eadf09663511f96fc81e0720a4a42581f334ad4303aa6b?s=96&d=mm&r=g","url":"https:\/\/secure.gravatar.com\/avatar\/e0a867bdedb85fd243eadf09663511f96fc81e0720a4a42581f334ad4303aa6b?s=96&d=mm&r=g","contentUrl":"https:\/\/secure.gravatar.com\/avatar\/e0a867bdedb85fd243eadf09663511f96fc81e0720a4a42581f334ad4303aa6b?s=96&d=mm&r=g","caption":"Reda\u00e7\u00e3o"}}]}},"amp_enabled":true,"_links":{"self":[{"href":"https:\/\/www.notibras.com\/site\/wp-json\/wp\/v2\/posts\/316612","targetHints":{"allow":["GET"]}}],"collection":[{"href":"https:\/\/www.notibras.com\/site\/wp-json\/wp\/v2\/posts"}],"about":[{"href":"https:\/\/www.notibras.com\/site\/wp-json\/wp\/v2\/types\/post"}],"author":[{"embeddable":true,"href":"https:\/\/www.notibras.com\/site\/wp-json\/wp\/v2\/users\/2"}],"replies":[{"embeddable":true,"href":"https:\/\/www.notibras.com\/site\/wp-json\/wp\/v2\/comments?post=316612"}],"version-history":[{"count":2,"href":"https:\/\/www.notibras.com\/site\/wp-json\/wp\/v2\/posts\/316612\/revisions"}],"predecessor-version":[{"id":316614,"href":"https:\/\/www.notibras.com\/site\/wp-json\/wp\/v2\/posts\/316612\/revisions\/316614"}],"wp:featuredmedia":[{"embeddable":true,"href":"https:\/\/www.notibras.com\/site\/wp-json\/wp\/v2\/media\/210503"}],"wp:attachment":[{"href":"https:\/\/www.notibras.com\/site\/wp-json\/wp\/v2\/media?parent=316612"}],"wp:term":[{"taxonomy":"category","embeddable":true,"href":"https:\/\/www.notibras.com\/site\/wp-json\/wp\/v2\/categories?post=316612"},{"taxonomy":"post_tag","embeddable":true,"href":"https:\/\/www.notibras.com\/site\/wp-json\/wp\/v2\/tags?post=316612"}],"curies":[{"name":"wp","href":"https:\/\/api.w.org\/{rel}","templated":true}]}}