{"id":31663,"date":"2014-12-19T22:20:12","date_gmt":"2014-12-20T01:20:12","guid":{"rendered":"http:\/\/www.notibras.com\/site\/?p=31663"},"modified":"2014-12-20T10:08:26","modified_gmt":"2014-12-20T13:08:26","slug":"cunha-acena-para-a-oposicao-prometendo-nova-cpi-da-petrobras","status":"publish","type":"post","link":"https:\/\/www.notibras.com\/site\/cunha-acena-para-a-oposicao-prometendo-nova-cpi-da-petrobras\/","title":{"rendered":"Cunha acena para a Oposi\u00e7\u00e3o com a nova CPI da Petrobras"},"content":{"rendered":"<p class=\"text\">O candidato do PMDB \u00e0 presid\u00eancia da C\u00e2mara dos Deputados, Eduardo Cunha (RJ), considera inevit\u00e1vel a abertura de uma nova CPMI da Petrobras\u00a0no Congresso em 2015 se forem disponibilizados os depoimentos em dela\u00e7\u00e3o premiada do ex-diretor da estatal Paulo Roberto Costa e do doleiro Alberto Youssef.<\/p>\n<p class=\"text\">O deputado criticou a Comiss\u00e3o Parlamentar Mista de Inqu\u00e9rito (CPMI) sobre a estatal, encerrada nesta semana, cujo relat\u00f3rio final apresentado pelo relator Marco Maia (PT-RS) n\u00e3o pediu o indiciamento de nenhum pol\u00edtico entre as 52 pessoas citadas, incluindo apenas executivos de empresas, empreiteiras e da pr\u00f3pria Petrobras.<\/p>\n<p class=\"text\">\u201cA CPMI morreu no dia em que foi divulgado que as dela\u00e7\u00f5es premiadas existiam, mas que seu conte\u00fado\u00a0n\u00e3o era do nosso conhecimento\u201d, disse ele a jornalistas em almo\u00e7o organizado pelo PMDB fluminense para apoiar a candidatura dele \u00e0 presid\u00eancia da C\u00e2mara. \u201cNo momento que as dela\u00e7\u00f5es premiadas, seu conte\u00fado, sejam de conhecimento, acredito que ser\u00e1 inevit\u00e1vel uma nova CPMI. Se n\u00e3o, seria uma outra CPI t\u00e3o morta quanto essa\u201d, acrescentou.<\/p>\n<p class=\"text\">Cunha evitou antecipar sua posi\u00e7\u00e3o, como eventual presidente da Casa, sobre o suposto envolvimento de parlamentares no esc\u00e2ndalo da Petrobras. Ele afirmou que n\u00e3o cabe ao presidente da C\u00e2mara &#8220;defender nem atacar&#8221; a cassa\u00e7\u00e3o.<\/p>\n<blockquote>\n<p class=\"text\">Para o l\u00edder do PMDB na C\u00e2mara, as den\u00fancias que cercam a Petrobras v\u00e3o estar bastante presentes na legislatura de 2015 no Congresso. \u201cEssa pauta da Petrobras est\u00e1 dominando o pa\u00eds, e o que domina o pa\u00eds vai acabar tendo relev\u00e2ncia no Parlamento. Isso \u00e9 inevit\u00e1vel\u201d, disse.<\/p>\n<\/blockquote>\n<p class=\"text\">Questionado se temia que a revela\u00e7\u00e3o da lista com os nomes de parlamentares supostamente envolvidos no esquema ilegal da Petrobras poderia afetar sua candidatura, Cunha disse que n\u00e3o. &#8220;Se fosse assim, teria complicado a candidatura do PT, porque parece que tem mais petista l\u00e1 dentro\u201d, afirmou.<\/p>\n<p class=\"text\">O jornal O Estado de S. Paulo publicou reportagem nesta sexta-feira afirmando que o ex-diretor da Petrobras Paulo Roberto Costa citou, em depoimentos sob acordo de dela\u00e7\u00e3o premiada, os nomes de 28 pol\u00edticos envolvidos no suposto esquema.<\/p>\n<p class=\"text\">Segundo a reportagem, a lista do ex-diretor inclui pol\u00edticos do PT, PMDB, PP, PSB e PSDB. O ministro de Minas e Energia, Edison Lob\u00e3o, os presidentes do Senado, Renan Calheiros (PMDB-AL), e da C\u00e2mara dos Deputados, Henrique Eduardo Alves (PMDB-RN) e o ex-ministro petista Antonio Palocci.<\/p>\n<blockquote>\n<p class=\"text\">Cunha declarou ter o apoio de 167 deputados \u00e0\u00a0sua candidatura\u00a0e disse que espera aumentar as alian\u00e7as at\u00e9 a escolha no novo presidente da C\u00e2mara. O deputado declarou que j\u00e1 conta com apoio do PSC, PTB, Solidariedade e negocia com PP, PSD e PR.<\/p>\n<\/blockquote>\n<p class=\"text\">Se eleito, Cunha afirmou que vai priorizar o respeito ao regimento da Casa e\u00a0a autonomia e a independ\u00eancia do Legislativo. Ele aproveitou para atacar os advers\u00e1rios na disputa pela presid\u00eancia da C\u00e2mara, Arlindo Chinaglia (PT-SP) e J\u00falio Delgado (PSB-MG).<\/p>\n<p class=\"text\">\u201cN\u00e3o tem bravata de oposi\u00e7\u00e3o, ou seja, defender bandeira pol\u00edtica sentado na cadeira, e, nem tem essa de ir l\u00e1 e fazer aquilo que o governo quer\u201d, afirmou Cunha.<\/p>\n<p class=\"text\">Em discurso mais cedo, o deputado acusou Chinaglia de ser a representa\u00e7\u00e3o da submiss\u00e3o no Congresso e Delgado de tentar criar um terceiro turno eleitoral \u00e0 frente da C\u00e2mara dos Deputados.<\/p>\n<p class=\"text\">\u201cNo campo pol\u00edtico, Chinaglia representa o PT e a submiss\u00e3o ao governo, e o J\u00falio&#8230; quer um palanque pol\u00edtico e fazer da C\u00e2mara um palanque para o terceiro turno eleitoral\u201d, afirmou.<\/p>\n","protected":false},"excerpt":{"rendered":"<p>O candidato do PMDB \u00e0 presid\u00eancia da C\u00e2mara dos Deputados, Eduardo Cunha (RJ), considera inevit\u00e1vel a abertura de uma nova CPMI da Petrobras\u00a0no Congresso em 2015 se forem disponibilizados os depoimentos em dela\u00e7\u00e3o premiada do ex-diretor da estatal Paulo Roberto Costa e do doleiro Alberto Youssef. O deputado criticou a Comiss\u00e3o Parlamentar Mista de Inqu\u00e9rito [&hellip;]<\/p>\n","protected":false},"author":2,"featured_media":31664,"comment_status":"open","ping_status":"closed","sticky":false,"template":"","format":"standard","meta":{"_acf_changed":false,"footnotes":""},"categories":[16],"tags":[],"class_list":["post-31663","post","type-post","status-publish","format-standard","has-post-thumbnail","hentry","category-brasil"],"acf":[],"yoast_head":"<!-- This site is optimized with the Yoast SEO plugin v27.2 - https:\/\/yoast.com\/product\/yoast-seo-wordpress\/ -->\n<title>Cunha acena para a Oposi\u00e7\u00e3o com a nova CPI da Petrobras - Notibras<\/title>\n<meta name=\"robots\" content=\"index, follow, max-snippet:-1, max-image-preview:large, max-video-preview:-1\" \/>\n<link rel=\"canonical\" href=\"https:\/\/www.notibras.com\/site\/cunha-acena-para-a-oposicao-prometendo-nova-cpi-da-petrobras\/\" \/>\n<meta property=\"og:locale\" content=\"pt_BR\" \/>\n<meta property=\"og:type\" content=\"article\" \/>\n<meta property=\"og:title\" content=\"Cunha acena para a Oposi\u00e7\u00e3o com a nova CPI da Petrobras - Notibras\" \/>\n<meta property=\"og:description\" content=\"O candidato do PMDB \u00e0 presid\u00eancia da C\u00e2mara dos Deputados, Eduardo Cunha (RJ), considera inevit\u00e1vel a abertura de uma nova CPMI da Petrobras\u00a0no Congresso em 2015 se forem disponibilizados os depoimentos em dela\u00e7\u00e3o premiada do ex-diretor da estatal Paulo Roberto Costa e do doleiro Alberto Youssef. O deputado criticou a Comiss\u00e3o Parlamentar Mista de Inqu\u00e9rito [&hellip;]\" \/>\n<meta property=\"og:url\" content=\"https:\/\/www.notibras.com\/site\/cunha-acena-para-a-oposicao-prometendo-nova-cpi-da-petrobras\/\" \/>\n<meta property=\"og:site_name\" content=\"Notibras\" \/>\n<meta property=\"article:publisher\" content=\"https:\/\/www.facebook.com\/notibras\/\" \/>\n<meta property=\"article:published_time\" content=\"2014-12-20T01:20:12+00:00\" \/>\n<meta property=\"article:modified_time\" content=\"2014-12-20T13:08:26+00:00\" \/>\n<meta property=\"og:image\" content=\"https:\/\/www.notibras.com\/site\/wp-content\/uploads\/2014\/12\/eduardocunhaabr.jpg\" \/>\n\t<meta property=\"og:image:width\" content=\"460\" \/>\n\t<meta property=\"og:image:height\" content=\"340\" \/>\n\t<meta property=\"og:image:type\" content=\"image\/jpeg\" \/>\n<meta name=\"author\" content=\"Reda\u00e7\u00e3o\" \/>\n<meta name=\"twitter:card\" content=\"summary_large_image\" \/>\n<meta name=\"twitter:creator\" content=\"@Notibras\" \/>\n<meta name=\"twitter:site\" content=\"@Notibras\" \/>\n<meta name=\"twitter:label1\" content=\"Escrito por\" \/>\n\t<meta name=\"twitter:data1\" content=\"Reda\u00e7\u00e3o\" \/>\n\t<meta name=\"twitter:label2\" content=\"Est. tempo de leitura\" \/>\n\t<meta name=\"twitter:data2\" content=\"3 minutos\" \/>\n<script type=\"application\/ld+json\" class=\"yoast-schema-graph\">{\"@context\":\"https:\/\/schema.org\",\"@graph\":[{\"@type\":\"Article\",\"@id\":\"https:\/\/www.notibras.com\/site\/cunha-acena-para-a-oposicao-prometendo-nova-cpi-da-petrobras\/#article\",\"isPartOf\":{\"@id\":\"https:\/\/www.notibras.com\/site\/cunha-acena-para-a-oposicao-prometendo-nova-cpi-da-petrobras\/\"},\"author\":{\"name\":\"Reda\u00e7\u00e3o\",\"@id\":\"https:\/\/www.notibras.com\/site\/#\/schema\/person\/36ab0979449956132d3e5b517ea76ac8\"},\"headline\":\"Cunha acena para a Oposi\u00e7\u00e3o com a nova CPI da Petrobras\",\"datePublished\":\"2014-12-20T01:20:12+00:00\",\"dateModified\":\"2014-12-20T13:08:26+00:00\",\"mainEntityOfPage\":{\"@id\":\"https:\/\/www.notibras.com\/site\/cunha-acena-para-a-oposicao-prometendo-nova-cpi-da-petrobras\/\"},\"wordCount\":612,\"commentCount\":0,\"publisher\":{\"@id\":\"https:\/\/www.notibras.com\/site\/#organization\"},\"image\":{\"@id\":\"https:\/\/www.notibras.com\/site\/cunha-acena-para-a-oposicao-prometendo-nova-cpi-da-petrobras\/#primaryimage\"},\"thumbnailUrl\":\"https:\/\/www.notibras.com\/site\/wp-content\/uploads\/2014\/12\/eduardocunhaabr.jpg\",\"articleSection\":[\"Brasil\"],\"inLanguage\":\"pt-BR\",\"potentialAction\":[{\"@type\":\"CommentAction\",\"name\":\"Comment\",\"target\":[\"https:\/\/www.notibras.com\/site\/cunha-acena-para-a-oposicao-prometendo-nova-cpi-da-petrobras\/#respond\"]}]},{\"@type\":\"WebPage\",\"@id\":\"https:\/\/www.notibras.com\/site\/cunha-acena-para-a-oposicao-prometendo-nova-cpi-da-petrobras\/\",\"url\":\"https:\/\/www.notibras.com\/site\/cunha-acena-para-a-oposicao-prometendo-nova-cpi-da-petrobras\/\",\"name\":\"Cunha acena para a Oposi\u00e7\u00e3o com a nova CPI da Petrobras - Notibras\",\"isPartOf\":{\"@id\":\"https:\/\/www.notibras.com\/site\/#website\"},\"primaryImageOfPage\":{\"@id\":\"https:\/\/www.notibras.com\/site\/cunha-acena-para-a-oposicao-prometendo-nova-cpi-da-petrobras\/#primaryimage\"},\"image\":{\"@id\":\"https:\/\/www.notibras.com\/site\/cunha-acena-para-a-oposicao-prometendo-nova-cpi-da-petrobras\/#primaryimage\"},\"thumbnailUrl\":\"https:\/\/www.notibras.com\/site\/wp-content\/uploads\/2014\/12\/eduardocunhaabr.jpg\",\"datePublished\":\"2014-12-20T01:20:12+00:00\",\"dateModified\":\"2014-12-20T13:08:26+00:00\",\"breadcrumb\":{\"@id\":\"https:\/\/www.notibras.com\/site\/cunha-acena-para-a-oposicao-prometendo-nova-cpi-da-petrobras\/#breadcrumb\"},\"inLanguage\":\"pt-BR\",\"potentialAction\":[{\"@type\":\"ReadAction\",\"target\":[\"https:\/\/www.notibras.com\/site\/cunha-acena-para-a-oposicao-prometendo-nova-cpi-da-petrobras\/\"]}]},{\"@type\":\"ImageObject\",\"inLanguage\":\"pt-BR\",\"@id\":\"https:\/\/www.notibras.com\/site\/cunha-acena-para-a-oposicao-prometendo-nova-cpi-da-petrobras\/#primaryimage\",\"url\":\"https:\/\/www.notibras.com\/site\/wp-content\/uploads\/2014\/12\/eduardocunhaabr.jpg\",\"contentUrl\":\"https:\/\/www.notibras.com\/site\/wp-content\/uploads\/2014\/12\/eduardocunhaabr.jpg\",\"width\":460,\"height\":340},{\"@type\":\"BreadcrumbList\",\"@id\":\"https:\/\/www.notibras.com\/site\/cunha-acena-para-a-oposicao-prometendo-nova-cpi-da-petrobras\/#breadcrumb\",\"itemListElement\":[{\"@type\":\"ListItem\",\"position\":1,\"name\":\"In\u00edcio\",\"item\":\"https:\/\/www.notibras.com\/site\/\"},{\"@type\":\"ListItem\",\"position\":2,\"name\":\"Cunha acena para a Oposi\u00e7\u00e3o com a nova CPI da Petrobras\"}]},{\"@type\":\"WebSite\",\"@id\":\"https:\/\/www.notibras.com\/site\/#website\",\"url\":\"https:\/\/www.notibras.com\/site\/\",\"name\":\"Notibras\",\"description\":\"Not\u00edcias de Bras\u00edlia, do Brasil e do Mundo\",\"publisher\":{\"@id\":\"https:\/\/www.notibras.com\/site\/#organization\"},\"potentialAction\":[{\"@type\":\"SearchAction\",\"target\":{\"@type\":\"EntryPoint\",\"urlTemplate\":\"https:\/\/www.notibras.com\/site\/?s={search_term_string}\"},\"query-input\":{\"@type\":\"PropertyValueSpecification\",\"valueRequired\":true,\"valueName\":\"search_term_string\"}}],\"inLanguage\":\"pt-BR\"},{\"@type\":\"Organization\",\"@id\":\"https:\/\/www.notibras.com\/site\/#organization\",\"name\":\"Grupo Notibras de Comunica\u00e7\u00e3o\",\"url\":\"https:\/\/www.notibras.com\/site\/\",\"logo\":{\"@type\":\"ImageObject\",\"inLanguage\":\"pt-BR\",\"@id\":\"https:\/\/www.notibras.com\/site\/#\/schema\/logo\/image\/\",\"url\":\"https:\/\/www.notibras.com\/site\/wp-content\/uploads\/2023\/01\/notibras23.png\",\"contentUrl\":\"https:\/\/www.notibras.com\/site\/wp-content\/uploads\/2023\/01\/notibras23.png\",\"width\":350,\"height\":87,\"caption\":\"Grupo Notibras de Comunica\u00e7\u00e3o\"},\"image\":{\"@id\":\"https:\/\/www.notibras.com\/site\/#\/schema\/logo\/image\/\"},\"sameAs\":[\"https:\/\/www.facebook.com\/notibras\/\",\"https:\/\/x.com\/Notibras\",\"https:\/\/www.instagram.com\/notibras\/\"]},{\"@type\":\"Person\",\"@id\":\"https:\/\/www.notibras.com\/site\/#\/schema\/person\/36ab0979449956132d3e5b517ea76ac8\",\"name\":\"Reda\u00e7\u00e3o\",\"image\":{\"@type\":\"ImageObject\",\"inLanguage\":\"pt-BR\",\"@id\":\"https:\/\/secure.gravatar.com\/avatar\/e0a867bdedb85fd243eadf09663511f96fc81e0720a4a42581f334ad4303aa6b?s=96&d=mm&r=g\",\"url\":\"https:\/\/secure.gravatar.com\/avatar\/e0a867bdedb85fd243eadf09663511f96fc81e0720a4a42581f334ad4303aa6b?s=96&d=mm&r=g\",\"contentUrl\":\"https:\/\/secure.gravatar.com\/avatar\/e0a867bdedb85fd243eadf09663511f96fc81e0720a4a42581f334ad4303aa6b?s=96&d=mm&r=g\",\"caption\":\"Reda\u00e7\u00e3o\"}}]}<\/script>\n<!-- \/ Yoast SEO plugin. -->","yoast_head_json":{"title":"Cunha acena para a Oposi\u00e7\u00e3o com a nova CPI da Petrobras - Notibras","robots":{"index":"index","follow":"follow","max-snippet":"max-snippet:-1","max-image-preview":"max-image-preview:large","max-video-preview":"max-video-preview:-1"},"canonical":"https:\/\/www.notibras.com\/site\/cunha-acena-para-a-oposicao-prometendo-nova-cpi-da-petrobras\/","og_locale":"pt_BR","og_type":"article","og_title":"Cunha acena para a Oposi\u00e7\u00e3o com a nova CPI da Petrobras - Notibras","og_description":"O candidato do PMDB \u00e0 presid\u00eancia da C\u00e2mara dos Deputados, Eduardo Cunha (RJ), considera inevit\u00e1vel a abertura de uma nova CPMI da Petrobras\u00a0no Congresso em 2015 se forem disponibilizados os depoimentos em dela\u00e7\u00e3o premiada do ex-diretor da estatal Paulo Roberto Costa e do doleiro Alberto Youssef. O deputado criticou a Comiss\u00e3o Parlamentar Mista de Inqu\u00e9rito [&hellip;]","og_url":"https:\/\/www.notibras.com\/site\/cunha-acena-para-a-oposicao-prometendo-nova-cpi-da-petrobras\/","og_site_name":"Notibras","article_publisher":"https:\/\/www.facebook.com\/notibras\/","article_published_time":"2014-12-20T01:20:12+00:00","article_modified_time":"2014-12-20T13:08:26+00:00","og_image":[{"width":460,"height":340,"url":"https:\/\/www.notibras.com\/site\/wp-content\/uploads\/2014\/12\/eduardocunhaabr.jpg","type":"image\/jpeg"}],"author":"Reda\u00e7\u00e3o","twitter_card":"summary_large_image","twitter_creator":"@Notibras","twitter_site":"@Notibras","twitter_misc":{"Escrito por":"Reda\u00e7\u00e3o","Est. tempo de leitura":"3 minutos"},"schema":{"@context":"https:\/\/schema.org","@graph":[{"@type":"Article","@id":"https:\/\/www.notibras.com\/site\/cunha-acena-para-a-oposicao-prometendo-nova-cpi-da-petrobras\/#article","isPartOf":{"@id":"https:\/\/www.notibras.com\/site\/cunha-acena-para-a-oposicao-prometendo-nova-cpi-da-petrobras\/"},"author":{"name":"Reda\u00e7\u00e3o","@id":"https:\/\/www.notibras.com\/site\/#\/schema\/person\/36ab0979449956132d3e5b517ea76ac8"},"headline":"Cunha acena para a Oposi\u00e7\u00e3o com a nova CPI da Petrobras","datePublished":"2014-12-20T01:20:12+00:00","dateModified":"2014-12-20T13:08:26+00:00","mainEntityOfPage":{"@id":"https:\/\/www.notibras.com\/site\/cunha-acena-para-a-oposicao-prometendo-nova-cpi-da-petrobras\/"},"wordCount":612,"commentCount":0,"publisher":{"@id":"https:\/\/www.notibras.com\/site\/#organization"},"image":{"@id":"https:\/\/www.notibras.com\/site\/cunha-acena-para-a-oposicao-prometendo-nova-cpi-da-petrobras\/#primaryimage"},"thumbnailUrl":"https:\/\/www.notibras.com\/site\/wp-content\/uploads\/2014\/12\/eduardocunhaabr.jpg","articleSection":["Brasil"],"inLanguage":"pt-BR","potentialAction":[{"@type":"CommentAction","name":"Comment","target":["https:\/\/www.notibras.com\/site\/cunha-acena-para-a-oposicao-prometendo-nova-cpi-da-petrobras\/#respond"]}]},{"@type":"WebPage","@id":"https:\/\/www.notibras.com\/site\/cunha-acena-para-a-oposicao-prometendo-nova-cpi-da-petrobras\/","url":"https:\/\/www.notibras.com\/site\/cunha-acena-para-a-oposicao-prometendo-nova-cpi-da-petrobras\/","name":"Cunha acena para a Oposi\u00e7\u00e3o com a nova CPI da Petrobras - Notibras","isPartOf":{"@id":"https:\/\/www.notibras.com\/site\/#website"},"primaryImageOfPage":{"@id":"https:\/\/www.notibras.com\/site\/cunha-acena-para-a-oposicao-prometendo-nova-cpi-da-petrobras\/#primaryimage"},"image":{"@id":"https:\/\/www.notibras.com\/site\/cunha-acena-para-a-oposicao-prometendo-nova-cpi-da-petrobras\/#primaryimage"},"thumbnailUrl":"https:\/\/www.notibras.com\/site\/wp-content\/uploads\/2014\/12\/eduardocunhaabr.jpg","datePublished":"2014-12-20T01:20:12+00:00","dateModified":"2014-12-20T13:08:26+00:00","breadcrumb":{"@id":"https:\/\/www.notibras.com\/site\/cunha-acena-para-a-oposicao-prometendo-nova-cpi-da-petrobras\/#breadcrumb"},"inLanguage":"pt-BR","potentialAction":[{"@type":"ReadAction","target":["https:\/\/www.notibras.com\/site\/cunha-acena-para-a-oposicao-prometendo-nova-cpi-da-petrobras\/"]}]},{"@type":"ImageObject","inLanguage":"pt-BR","@id":"https:\/\/www.notibras.com\/site\/cunha-acena-para-a-oposicao-prometendo-nova-cpi-da-petrobras\/#primaryimage","url":"https:\/\/www.notibras.com\/site\/wp-content\/uploads\/2014\/12\/eduardocunhaabr.jpg","contentUrl":"https:\/\/www.notibras.com\/site\/wp-content\/uploads\/2014\/12\/eduardocunhaabr.jpg","width":460,"height":340},{"@type":"BreadcrumbList","@id":"https:\/\/www.notibras.com\/site\/cunha-acena-para-a-oposicao-prometendo-nova-cpi-da-petrobras\/#breadcrumb","itemListElement":[{"@type":"ListItem","position":1,"name":"In\u00edcio","item":"https:\/\/www.notibras.com\/site\/"},{"@type":"ListItem","position":2,"name":"Cunha acena para a Oposi\u00e7\u00e3o com a nova CPI da Petrobras"}]},{"@type":"WebSite","@id":"https:\/\/www.notibras.com\/site\/#website","url":"https:\/\/www.notibras.com\/site\/","name":"Notibras","description":"Not\u00edcias de Bras\u00edlia, do Brasil e do Mundo","publisher":{"@id":"https:\/\/www.notibras.com\/site\/#organization"},"potentialAction":[{"@type":"SearchAction","target":{"@type":"EntryPoint","urlTemplate":"https:\/\/www.notibras.com\/site\/?s={search_term_string}"},"query-input":{"@type":"PropertyValueSpecification","valueRequired":true,"valueName":"search_term_string"}}],"inLanguage":"pt-BR"},{"@type":"Organization","@id":"https:\/\/www.notibras.com\/site\/#organization","name":"Grupo Notibras de Comunica\u00e7\u00e3o","url":"https:\/\/www.notibras.com\/site\/","logo":{"@type":"ImageObject","inLanguage":"pt-BR","@id":"https:\/\/www.notibras.com\/site\/#\/schema\/logo\/image\/","url":"https:\/\/www.notibras.com\/site\/wp-content\/uploads\/2023\/01\/notibras23.png","contentUrl":"https:\/\/www.notibras.com\/site\/wp-content\/uploads\/2023\/01\/notibras23.png","width":350,"height":87,"caption":"Grupo Notibras de Comunica\u00e7\u00e3o"},"image":{"@id":"https:\/\/www.notibras.com\/site\/#\/schema\/logo\/image\/"},"sameAs":["https:\/\/www.facebook.com\/notibras\/","https:\/\/x.com\/Notibras","https:\/\/www.instagram.com\/notibras\/"]},{"@type":"Person","@id":"https:\/\/www.notibras.com\/site\/#\/schema\/person\/36ab0979449956132d3e5b517ea76ac8","name":"Reda\u00e7\u00e3o","image":{"@type":"ImageObject","inLanguage":"pt-BR","@id":"https:\/\/secure.gravatar.com\/avatar\/e0a867bdedb85fd243eadf09663511f96fc81e0720a4a42581f334ad4303aa6b?s=96&d=mm&r=g","url":"https:\/\/secure.gravatar.com\/avatar\/e0a867bdedb85fd243eadf09663511f96fc81e0720a4a42581f334ad4303aa6b?s=96&d=mm&r=g","contentUrl":"https:\/\/secure.gravatar.com\/avatar\/e0a867bdedb85fd243eadf09663511f96fc81e0720a4a42581f334ad4303aa6b?s=96&d=mm&r=g","caption":"Reda\u00e7\u00e3o"}}]}},"amp_enabled":true,"_links":{"self":[{"href":"https:\/\/www.notibras.com\/site\/wp-json\/wp\/v2\/posts\/31663","targetHints":{"allow":["GET"]}}],"collection":[{"href":"https:\/\/www.notibras.com\/site\/wp-json\/wp\/v2\/posts"}],"about":[{"href":"https:\/\/www.notibras.com\/site\/wp-json\/wp\/v2\/types\/post"}],"author":[{"embeddable":true,"href":"https:\/\/www.notibras.com\/site\/wp-json\/wp\/v2\/users\/2"}],"replies":[{"embeddable":true,"href":"https:\/\/www.notibras.com\/site\/wp-json\/wp\/v2\/comments?post=31663"}],"version-history":[{"count":0,"href":"https:\/\/www.notibras.com\/site\/wp-json\/wp\/v2\/posts\/31663\/revisions"}],"wp:featuredmedia":[{"embeddable":true,"href":"https:\/\/www.notibras.com\/site\/wp-json\/wp\/v2\/media\/31664"}],"wp:attachment":[{"href":"https:\/\/www.notibras.com\/site\/wp-json\/wp\/v2\/media?parent=31663"}],"wp:term":[{"taxonomy":"category","embeddable":true,"href":"https:\/\/www.notibras.com\/site\/wp-json\/wp\/v2\/categories?post=31663"},{"taxonomy":"post_tag","embeddable":true,"href":"https:\/\/www.notibras.com\/site\/wp-json\/wp\/v2\/tags?post=31663"}],"curies":[{"name":"wp","href":"https:\/\/api.w.org\/{rel}","templated":true}]}}