{"id":316707,"date":"2023-11-11T00:00:27","date_gmt":"2023-11-11T03:00:27","guid":{"rendered":"https:\/\/www.notibras.com\/site\/?p=316707"},"modified":"2023-11-11T05:53:21","modified_gmt":"2023-11-11T08:53:21","slug":"queijeiros-trocam-experiencia-sobre-qualificacao-e-producao","status":"publish","type":"post","link":"https:\/\/www.notibras.com\/site\/queijeiros-trocam-experiencia-sobre-qualificacao-e-producao\/","title":{"rendered":"Queijeiros trocam experi\u00eancia sobre qualifica\u00e7\u00e3o e produ\u00e7\u00e3o"},"content":{"rendered":"<p>Cerca de 30 produtores de queijos atendidos pela Emater se reuniram para debater e trocar informa\u00e7\u00f5es e experi\u00eancias sobre a qualifica\u00e7\u00e3o do produto e o lan\u00e7amento das propostas da Rota do Queijo e do Concurso Distrital de Queijos Artesanais.<\/p>\n<p>Entre os assuntos discutidos, tiveram destaque a import\u00e2ncia da qualidade do leite na produ\u00e7\u00e3o de queijos, boas pr\u00e1ticas de fabrica\u00e7\u00e3o de queijos, princ\u00edpios b\u00e1sicos da elabora\u00e7\u00e3o de queijos artesanais, o lan\u00e7amento proposta da Rota do Queijo do DF e desafios do setor.<\/p>\n<p>Al\u00e9m disso, a Emater apresentou o regulamento do concurso de queijo artesanal que a empresa vai promover no pr\u00f3ximo ano. Finalizando o evento, houve a degusta\u00e7\u00e3o de queijos produzidos pelos participantes, com amostras variadas, como queijo manta negra, queijo de cabra, queijo na capa de vinho tinto, chancliche, queijo frescal e maturado e outros.<\/p>\n<p>\u201cEste \u00e9 um momento para os produtores se encontrarem, se conhecerem, trocarem experi\u00eancias e receberem informa\u00e7\u00f5es para que a fabrica\u00e7\u00e3o de queijos no Distrito Federal cres\u00e7a cada vez mais e cres\u00e7a com qualidade\u201d, avaliou a extensionista da equipe especializada em agroind\u00fastria da Emater, Milena Lima de Oliveira, uma das organizadoras do encontro de queijeiros.<\/p>\n<p>O presidente da Emater, Cleison Duval, defendeu que o desenvolvimento do campo caminha junto da agroindustrializa\u00e7\u00e3o rural e que a fabrica\u00e7\u00e3o de queijos \u00e9 uma \u00e1rea abrangente e que permite agregar valor, gerar emprego e renda.<\/p>\n<p>\u201cTenho ido a v\u00e1rias regi\u00f5es rurais do DF e descoberto queijos finos, de excepcional qualidade. Por outro lado, a cidade tem um mercado \u00e1vido por produtos qualificados e diferenciados. Portanto, \u00e9 hora de unir uma ponta \u00e0 outra, dando visibilidade aos nossos produtos, fortalecendo a cadeia e a nossa identidade enquanto produtores de excelentes queijos\u201d, afirmou Cleison Duval.<\/p>\n","protected":false},"excerpt":{"rendered":"<p>Cerca de 30 produtores de queijos atendidos pela Emater se reuniram para debater e trocar informa\u00e7\u00f5es e experi\u00eancias sobre a qualifica\u00e7\u00e3o do produto e o lan\u00e7amento das propostas da Rota do Queijo e do Concurso Distrital de Queijos Artesanais. Entre os assuntos discutidos, tiveram destaque a import\u00e2ncia da qualidade do leite na produ\u00e7\u00e3o de queijos, [&hellip;]<\/p>\n","protected":false},"author":2,"featured_media":316708,"comment_status":"closed","ping_status":"closed","sticky":false,"template":"","format":"standard","meta":{"_acf_changed":false,"footnotes":""},"categories":[161],"tags":[],"class_list":["post-316707","post","type-post","status-publish","format-standard","has-post-thumbnail","hentry","category-quadradinho-em-foco"],"acf":[],"yoast_head":"<!-- This site is optimized with the Yoast SEO plugin v27.2 - https:\/\/yoast.com\/product\/yoast-seo-wordpress\/ -->\n<title>Queijeiros trocam experi\u00eancia sobre qualifica\u00e7\u00e3o e produ\u00e7\u00e3o - Notibras<\/title>\n<meta name=\"robots\" content=\"index, follow, max-snippet:-1, max-image-preview:large, max-video-preview:-1\" \/>\n<link rel=\"canonical\" href=\"https:\/\/www.notibras.com\/site\/queijeiros-trocam-experiencia-sobre-qualificacao-e-producao\/\" \/>\n<meta property=\"og:locale\" content=\"pt_BR\" \/>\n<meta property=\"og:type\" content=\"article\" \/>\n<meta property=\"og:title\" content=\"Queijeiros trocam experi\u00eancia sobre qualifica\u00e7\u00e3o e produ\u00e7\u00e3o - Notibras\" \/>\n<meta property=\"og:description\" content=\"Cerca de 30 produtores de queijos atendidos pela Emater se reuniram para debater e trocar informa\u00e7\u00f5es e experi\u00eancias sobre a qualifica\u00e7\u00e3o do produto e o lan\u00e7amento das propostas da Rota do Queijo e do Concurso Distrital de Queijos Artesanais. Entre os assuntos discutidos, tiveram destaque a import\u00e2ncia da qualidade do leite na produ\u00e7\u00e3o de queijos, [&hellip;]\" \/>\n<meta property=\"og:url\" content=\"https:\/\/www.notibras.com\/site\/queijeiros-trocam-experiencia-sobre-qualificacao-e-producao\/\" \/>\n<meta property=\"og:site_name\" content=\"Notibras\" \/>\n<meta property=\"article:publisher\" content=\"https:\/\/www.facebook.com\/notibras\/\" \/>\n<meta property=\"article:published_time\" content=\"2023-11-11T03:00:27+00:00\" \/>\n<meta property=\"article:modified_time\" content=\"2023-11-11T08:53:21+00:00\" \/>\n<meta property=\"og:image\" content=\"https:\/\/www.notibras.com\/site\/wp-content\/uploads\/2023\/11\/queijeisos.jpg\" \/>\n\t<meta property=\"og:image:width\" content=\"750\" \/>\n\t<meta property=\"og:image:height\" content=\"420\" \/>\n\t<meta property=\"og:image:type\" content=\"image\/jpeg\" \/>\n<meta name=\"author\" content=\"Reda\u00e7\u00e3o\" \/>\n<meta name=\"twitter:card\" content=\"summary_large_image\" \/>\n<meta name=\"twitter:creator\" content=\"@Notibras\" \/>\n<meta name=\"twitter:site\" content=\"@Notibras\" \/>\n<meta name=\"twitter:label1\" content=\"Escrito por\" \/>\n\t<meta name=\"twitter:data1\" content=\"Reda\u00e7\u00e3o\" \/>\n\t<meta name=\"twitter:label2\" content=\"Est. tempo de leitura\" \/>\n\t<meta name=\"twitter:data2\" content=\"2 minutos\" \/>\n<script type=\"application\/ld+json\" class=\"yoast-schema-graph\">{\"@context\":\"https:\/\/schema.org\",\"@graph\":[{\"@type\":\"Article\",\"@id\":\"https:\/\/www.notibras.com\/site\/queijeiros-trocam-experiencia-sobre-qualificacao-e-producao\/#article\",\"isPartOf\":{\"@id\":\"https:\/\/www.notibras.com\/site\/queijeiros-trocam-experiencia-sobre-qualificacao-e-producao\/\"},\"author\":{\"name\":\"Reda\u00e7\u00e3o\",\"@id\":\"https:\/\/www.notibras.com\/site\/#\/schema\/person\/36ab0979449956132d3e5b517ea76ac8\"},\"headline\":\"Queijeiros trocam experi\u00eancia sobre qualifica\u00e7\u00e3o e produ\u00e7\u00e3o\",\"datePublished\":\"2023-11-11T03:00:27+00:00\",\"dateModified\":\"2023-11-11T08:53:21+00:00\",\"mainEntityOfPage\":{\"@id\":\"https:\/\/www.notibras.com\/site\/queijeiros-trocam-experiencia-sobre-qualificacao-e-producao\/\"},\"wordCount\":313,\"publisher\":{\"@id\":\"https:\/\/www.notibras.com\/site\/#organization\"},\"image\":{\"@id\":\"https:\/\/www.notibras.com\/site\/queijeiros-trocam-experiencia-sobre-qualificacao-e-producao\/#primaryimage\"},\"thumbnailUrl\":\"https:\/\/www.notibras.com\/site\/wp-content\/uploads\/2023\/11\/queijeisos.jpg\",\"articleSection\":[\"Quadradinho em Foco\"],\"inLanguage\":\"pt-BR\"},{\"@type\":\"WebPage\",\"@id\":\"https:\/\/www.notibras.com\/site\/queijeiros-trocam-experiencia-sobre-qualificacao-e-producao\/\",\"url\":\"https:\/\/www.notibras.com\/site\/queijeiros-trocam-experiencia-sobre-qualificacao-e-producao\/\",\"name\":\"Queijeiros trocam experi\u00eancia sobre qualifica\u00e7\u00e3o e produ\u00e7\u00e3o - Notibras\",\"isPartOf\":{\"@id\":\"https:\/\/www.notibras.com\/site\/#website\"},\"primaryImageOfPage\":{\"@id\":\"https:\/\/www.notibras.com\/site\/queijeiros-trocam-experiencia-sobre-qualificacao-e-producao\/#primaryimage\"},\"image\":{\"@id\":\"https:\/\/www.notibras.com\/site\/queijeiros-trocam-experiencia-sobre-qualificacao-e-producao\/#primaryimage\"},\"thumbnailUrl\":\"https:\/\/www.notibras.com\/site\/wp-content\/uploads\/2023\/11\/queijeisos.jpg\",\"datePublished\":\"2023-11-11T03:00:27+00:00\",\"dateModified\":\"2023-11-11T08:53:21+00:00\",\"breadcrumb\":{\"@id\":\"https:\/\/www.notibras.com\/site\/queijeiros-trocam-experiencia-sobre-qualificacao-e-producao\/#breadcrumb\"},\"inLanguage\":\"pt-BR\",\"potentialAction\":[{\"@type\":\"ReadAction\",\"target\":[\"https:\/\/www.notibras.com\/site\/queijeiros-trocam-experiencia-sobre-qualificacao-e-producao\/\"]}]},{\"@type\":\"ImageObject\",\"inLanguage\":\"pt-BR\",\"@id\":\"https:\/\/www.notibras.com\/site\/queijeiros-trocam-experiencia-sobre-qualificacao-e-producao\/#primaryimage\",\"url\":\"https:\/\/www.notibras.com\/site\/wp-content\/uploads\/2023\/11\/queijeisos.jpg\",\"contentUrl\":\"https:\/\/www.notibras.com\/site\/wp-content\/uploads\/2023\/11\/queijeisos.jpg\",\"width\":750,\"height\":420},{\"@type\":\"BreadcrumbList\",\"@id\":\"https:\/\/www.notibras.com\/site\/queijeiros-trocam-experiencia-sobre-qualificacao-e-producao\/#breadcrumb\",\"itemListElement\":[{\"@type\":\"ListItem\",\"position\":1,\"name\":\"In\u00edcio\",\"item\":\"https:\/\/www.notibras.com\/site\/\"},{\"@type\":\"ListItem\",\"position\":2,\"name\":\"Queijeiros trocam experi\u00eancia sobre qualifica\u00e7\u00e3o e produ\u00e7\u00e3o\"}]},{\"@type\":\"WebSite\",\"@id\":\"https:\/\/www.notibras.com\/site\/#website\",\"url\":\"https:\/\/www.notibras.com\/site\/\",\"name\":\"Notibras\",\"description\":\"Not\u00edcias de Bras\u00edlia, do Brasil e do Mundo\",\"publisher\":{\"@id\":\"https:\/\/www.notibras.com\/site\/#organization\"},\"potentialAction\":[{\"@type\":\"SearchAction\",\"target\":{\"@type\":\"EntryPoint\",\"urlTemplate\":\"https:\/\/www.notibras.com\/site\/?s={search_term_string}\"},\"query-input\":{\"@type\":\"PropertyValueSpecification\",\"valueRequired\":true,\"valueName\":\"search_term_string\"}}],\"inLanguage\":\"pt-BR\"},{\"@type\":\"Organization\",\"@id\":\"https:\/\/www.notibras.com\/site\/#organization\",\"name\":\"Grupo Notibras de Comunica\u00e7\u00e3o\",\"url\":\"https:\/\/www.notibras.com\/site\/\",\"logo\":{\"@type\":\"ImageObject\",\"inLanguage\":\"pt-BR\",\"@id\":\"https:\/\/www.notibras.com\/site\/#\/schema\/logo\/image\/\",\"url\":\"https:\/\/www.notibras.com\/site\/wp-content\/uploads\/2023\/01\/notibras23.png\",\"contentUrl\":\"https:\/\/www.notibras.com\/site\/wp-content\/uploads\/2023\/01\/notibras23.png\",\"width\":350,\"height\":87,\"caption\":\"Grupo Notibras de Comunica\u00e7\u00e3o\"},\"image\":{\"@id\":\"https:\/\/www.notibras.com\/site\/#\/schema\/logo\/image\/\"},\"sameAs\":[\"https:\/\/www.facebook.com\/notibras\/\",\"https:\/\/x.com\/Notibras\",\"https:\/\/www.instagram.com\/notibras\/\"]},{\"@type\":\"Person\",\"@id\":\"https:\/\/www.notibras.com\/site\/#\/schema\/person\/36ab0979449956132d3e5b517ea76ac8\",\"name\":\"Reda\u00e7\u00e3o\",\"image\":{\"@type\":\"ImageObject\",\"inLanguage\":\"pt-BR\",\"@id\":\"https:\/\/secure.gravatar.com\/avatar\/e0a867bdedb85fd243eadf09663511f96fc81e0720a4a42581f334ad4303aa6b?s=96&d=mm&r=g\",\"url\":\"https:\/\/secure.gravatar.com\/avatar\/e0a867bdedb85fd243eadf09663511f96fc81e0720a4a42581f334ad4303aa6b?s=96&d=mm&r=g\",\"contentUrl\":\"https:\/\/secure.gravatar.com\/avatar\/e0a867bdedb85fd243eadf09663511f96fc81e0720a4a42581f334ad4303aa6b?s=96&d=mm&r=g\",\"caption\":\"Reda\u00e7\u00e3o\"}}]}<\/script>\n<!-- \/ Yoast SEO plugin. -->","yoast_head_json":{"title":"Queijeiros trocam experi\u00eancia sobre qualifica\u00e7\u00e3o e produ\u00e7\u00e3o - Notibras","robots":{"index":"index","follow":"follow","max-snippet":"max-snippet:-1","max-image-preview":"max-image-preview:large","max-video-preview":"max-video-preview:-1"},"canonical":"https:\/\/www.notibras.com\/site\/queijeiros-trocam-experiencia-sobre-qualificacao-e-producao\/","og_locale":"pt_BR","og_type":"article","og_title":"Queijeiros trocam experi\u00eancia sobre qualifica\u00e7\u00e3o e produ\u00e7\u00e3o - Notibras","og_description":"Cerca de 30 produtores de queijos atendidos pela Emater se reuniram para debater e trocar informa\u00e7\u00f5es e experi\u00eancias sobre a qualifica\u00e7\u00e3o do produto e o lan\u00e7amento das propostas da Rota do Queijo e do Concurso Distrital de Queijos Artesanais. Entre os assuntos discutidos, tiveram destaque a import\u00e2ncia da qualidade do leite na produ\u00e7\u00e3o de queijos, [&hellip;]","og_url":"https:\/\/www.notibras.com\/site\/queijeiros-trocam-experiencia-sobre-qualificacao-e-producao\/","og_site_name":"Notibras","article_publisher":"https:\/\/www.facebook.com\/notibras\/","article_published_time":"2023-11-11T03:00:27+00:00","article_modified_time":"2023-11-11T08:53:21+00:00","og_image":[{"width":750,"height":420,"url":"https:\/\/www.notibras.com\/site\/wp-content\/uploads\/2023\/11\/queijeisos.jpg","type":"image\/jpeg"}],"author":"Reda\u00e7\u00e3o","twitter_card":"summary_large_image","twitter_creator":"@Notibras","twitter_site":"@Notibras","twitter_misc":{"Escrito por":"Reda\u00e7\u00e3o","Est. tempo de leitura":"2 minutos"},"schema":{"@context":"https:\/\/schema.org","@graph":[{"@type":"Article","@id":"https:\/\/www.notibras.com\/site\/queijeiros-trocam-experiencia-sobre-qualificacao-e-producao\/#article","isPartOf":{"@id":"https:\/\/www.notibras.com\/site\/queijeiros-trocam-experiencia-sobre-qualificacao-e-producao\/"},"author":{"name":"Reda\u00e7\u00e3o","@id":"https:\/\/www.notibras.com\/site\/#\/schema\/person\/36ab0979449956132d3e5b517ea76ac8"},"headline":"Queijeiros trocam experi\u00eancia sobre qualifica\u00e7\u00e3o e produ\u00e7\u00e3o","datePublished":"2023-11-11T03:00:27+00:00","dateModified":"2023-11-11T08:53:21+00:00","mainEntityOfPage":{"@id":"https:\/\/www.notibras.com\/site\/queijeiros-trocam-experiencia-sobre-qualificacao-e-producao\/"},"wordCount":313,"publisher":{"@id":"https:\/\/www.notibras.com\/site\/#organization"},"image":{"@id":"https:\/\/www.notibras.com\/site\/queijeiros-trocam-experiencia-sobre-qualificacao-e-producao\/#primaryimage"},"thumbnailUrl":"https:\/\/www.notibras.com\/site\/wp-content\/uploads\/2023\/11\/queijeisos.jpg","articleSection":["Quadradinho em Foco"],"inLanguage":"pt-BR"},{"@type":"WebPage","@id":"https:\/\/www.notibras.com\/site\/queijeiros-trocam-experiencia-sobre-qualificacao-e-producao\/","url":"https:\/\/www.notibras.com\/site\/queijeiros-trocam-experiencia-sobre-qualificacao-e-producao\/","name":"Queijeiros trocam experi\u00eancia sobre qualifica\u00e7\u00e3o e produ\u00e7\u00e3o - Notibras","isPartOf":{"@id":"https:\/\/www.notibras.com\/site\/#website"},"primaryImageOfPage":{"@id":"https:\/\/www.notibras.com\/site\/queijeiros-trocam-experiencia-sobre-qualificacao-e-producao\/#primaryimage"},"image":{"@id":"https:\/\/www.notibras.com\/site\/queijeiros-trocam-experiencia-sobre-qualificacao-e-producao\/#primaryimage"},"thumbnailUrl":"https:\/\/www.notibras.com\/site\/wp-content\/uploads\/2023\/11\/queijeisos.jpg","datePublished":"2023-11-11T03:00:27+00:00","dateModified":"2023-11-11T08:53:21+00:00","breadcrumb":{"@id":"https:\/\/www.notibras.com\/site\/queijeiros-trocam-experiencia-sobre-qualificacao-e-producao\/#breadcrumb"},"inLanguage":"pt-BR","potentialAction":[{"@type":"ReadAction","target":["https:\/\/www.notibras.com\/site\/queijeiros-trocam-experiencia-sobre-qualificacao-e-producao\/"]}]},{"@type":"ImageObject","inLanguage":"pt-BR","@id":"https:\/\/www.notibras.com\/site\/queijeiros-trocam-experiencia-sobre-qualificacao-e-producao\/#primaryimage","url":"https:\/\/www.notibras.com\/site\/wp-content\/uploads\/2023\/11\/queijeisos.jpg","contentUrl":"https:\/\/www.notibras.com\/site\/wp-content\/uploads\/2023\/11\/queijeisos.jpg","width":750,"height":420},{"@type":"BreadcrumbList","@id":"https:\/\/www.notibras.com\/site\/queijeiros-trocam-experiencia-sobre-qualificacao-e-producao\/#breadcrumb","itemListElement":[{"@type":"ListItem","position":1,"name":"In\u00edcio","item":"https:\/\/www.notibras.com\/site\/"},{"@type":"ListItem","position":2,"name":"Queijeiros trocam experi\u00eancia sobre qualifica\u00e7\u00e3o e produ\u00e7\u00e3o"}]},{"@type":"WebSite","@id":"https:\/\/www.notibras.com\/site\/#website","url":"https:\/\/www.notibras.com\/site\/","name":"Notibras","description":"Not\u00edcias de Bras\u00edlia, do Brasil e do Mundo","publisher":{"@id":"https:\/\/www.notibras.com\/site\/#organization"},"potentialAction":[{"@type":"SearchAction","target":{"@type":"EntryPoint","urlTemplate":"https:\/\/www.notibras.com\/site\/?s={search_term_string}"},"query-input":{"@type":"PropertyValueSpecification","valueRequired":true,"valueName":"search_term_string"}}],"inLanguage":"pt-BR"},{"@type":"Organization","@id":"https:\/\/www.notibras.com\/site\/#organization","name":"Grupo Notibras de Comunica\u00e7\u00e3o","url":"https:\/\/www.notibras.com\/site\/","logo":{"@type":"ImageObject","inLanguage":"pt-BR","@id":"https:\/\/www.notibras.com\/site\/#\/schema\/logo\/image\/","url":"https:\/\/www.notibras.com\/site\/wp-content\/uploads\/2023\/01\/notibras23.png","contentUrl":"https:\/\/www.notibras.com\/site\/wp-content\/uploads\/2023\/01\/notibras23.png","width":350,"height":87,"caption":"Grupo Notibras de Comunica\u00e7\u00e3o"},"image":{"@id":"https:\/\/www.notibras.com\/site\/#\/schema\/logo\/image\/"},"sameAs":["https:\/\/www.facebook.com\/notibras\/","https:\/\/x.com\/Notibras","https:\/\/www.instagram.com\/notibras\/"]},{"@type":"Person","@id":"https:\/\/www.notibras.com\/site\/#\/schema\/person\/36ab0979449956132d3e5b517ea76ac8","name":"Reda\u00e7\u00e3o","image":{"@type":"ImageObject","inLanguage":"pt-BR","@id":"https:\/\/secure.gravatar.com\/avatar\/e0a867bdedb85fd243eadf09663511f96fc81e0720a4a42581f334ad4303aa6b?s=96&d=mm&r=g","url":"https:\/\/secure.gravatar.com\/avatar\/e0a867bdedb85fd243eadf09663511f96fc81e0720a4a42581f334ad4303aa6b?s=96&d=mm&r=g","contentUrl":"https:\/\/secure.gravatar.com\/avatar\/e0a867bdedb85fd243eadf09663511f96fc81e0720a4a42581f334ad4303aa6b?s=96&d=mm&r=g","caption":"Reda\u00e7\u00e3o"}}]}},"amp_enabled":true,"_links":{"self":[{"href":"https:\/\/www.notibras.com\/site\/wp-json\/wp\/v2\/posts\/316707","targetHints":{"allow":["GET"]}}],"collection":[{"href":"https:\/\/www.notibras.com\/site\/wp-json\/wp\/v2\/posts"}],"about":[{"href":"https:\/\/www.notibras.com\/site\/wp-json\/wp\/v2\/types\/post"}],"author":[{"embeddable":true,"href":"https:\/\/www.notibras.com\/site\/wp-json\/wp\/v2\/users\/2"}],"replies":[{"embeddable":true,"href":"https:\/\/www.notibras.com\/site\/wp-json\/wp\/v2\/comments?post=316707"}],"version-history":[{"count":1,"href":"https:\/\/www.notibras.com\/site\/wp-json\/wp\/v2\/posts\/316707\/revisions"}],"predecessor-version":[{"id":316709,"href":"https:\/\/www.notibras.com\/site\/wp-json\/wp\/v2\/posts\/316707\/revisions\/316709"}],"wp:featuredmedia":[{"embeddable":true,"href":"https:\/\/www.notibras.com\/site\/wp-json\/wp\/v2\/media\/316708"}],"wp:attachment":[{"href":"https:\/\/www.notibras.com\/site\/wp-json\/wp\/v2\/media?parent=316707"}],"wp:term":[{"taxonomy":"category","embeddable":true,"href":"https:\/\/www.notibras.com\/site\/wp-json\/wp\/v2\/categories?post=316707"},{"taxonomy":"post_tag","embeddable":true,"href":"https:\/\/www.notibras.com\/site\/wp-json\/wp\/v2\/tags?post=316707"}],"curies":[{"name":"wp","href":"https:\/\/api.w.org\/{rel}","templated":true}]}}