{"id":316710,"date":"2023-11-11T00:00:21","date_gmt":"2023-11-11T03:00:21","guid":{"rendered":"https:\/\/www.notibras.com\/site\/?p=316710"},"modified":"2023-11-11T06:00:34","modified_gmt":"2023-11-11T09:00:34","slug":"distrito-federal-se-destaca-na-producao-de-cereais","status":"publish","type":"post","link":"https:\/\/www.notibras.com\/site\/distrito-federal-se-destaca-na-producao-de-cereais\/","title":{"rendered":"Distrito Federal se destaca na produ\u00e7\u00e3o de cereais"},"content":{"rendered":"<p>O Dia do Trigo foi celebrado na sexta, 10,como forma de destacar a relev\u00e2ncia do gr\u00e3o na economia e no setor agropecu\u00e1rio. Presente na mesa do brasileiro, o cereal serve de base para uma s\u00e9rie de produtos essenciais, como p\u00e3es, bolos e biscoitos. A produ\u00e7\u00e3o tem se destacado no Distrito Federal. Em compara\u00e7\u00e3o entre dezembro de 2022 com o mesmo per\u00edodo de 2021, a produ\u00e7\u00e3o de trigo aumentou em 150%, passando de 7.511 para 18.811 toneladas. A quantidade de produtores saltou de 18 para 32, segundo dados da Emater.<\/p>\n<p>O agr\u00f4nomo Gabriel Triacca produz gr\u00e3os com a fam\u00edlia h\u00e1 mais de 40 anos na regi\u00e3o do PAD-DF, no Parano\u00e1. Ele j\u00e1 \u00e9 a terceira gera\u00e7\u00e3o de produtores da fam\u00edlia e cultiva nos 173 hectares da fazenda, trigo, soja, milho, feij\u00e3o, arroz, girassol, uva, al\u00e9m de um mix com mais de dez esp\u00e9cies de plantas de cobertura. No in\u00edcio do segundo semestre, fez a colheita do trigo e reservou neste ano 60 hectares para o plantio do cereal.<\/p>\n<p>\u201cO trigo que planto \u00e9 o sequeiro, que \u00e9 espec\u00edfico na \u00e9poca da seca. Ele \u00e9 um trigo melhorado e adaptado para uma segunda safra, que n\u00e3o precisa de irriga\u00e7\u00e3o, tem baixo investimento e pouco risco. A produ\u00e7\u00e3o dura de 100 a 120 dias, e aqui \u00e9 uma \u00e1rea muito boa para o plantio. O terreno se adaptou bem ao plantio; este ano, colhemos mais de 40 sacas por hectare\u201d, conta o produtor rural.<\/p>\n<p>O trigo sequeiro est\u00e1 entre as variedades adaptadas para o clima de Bras\u00edlia. A esp\u00e9cie \u00e9 tolerante a \u00edndices menores de chuvas. Para o agr\u00f4nomo, h\u00e1 v\u00e1rias vantagens para a produ\u00e7\u00e3o do cereal. \u201cO trigo, al\u00e9m de ser rent\u00e1vel, \u00e9 um condicionante do solo aqui na nossa regi\u00e3o. Ele diminui as doen\u00e7as f\u00fangicas e bact\u00e9rias. A palhada do trigo \u00e9 muito boa para o plantio; embaixo, ela preserva os microrganismos ben\u00e9ficos para a soja e o feij\u00e3o, porque preserva a umidade do solo\u201d, destaca Triacca.<\/p>\n<p><strong>Apoio do governo<\/strong><br \/>\nO cultivo dos gr\u00e3os no DF, desde a semeadura at\u00e9 o transporte ao consumidor final, recebem o apoio do Governo do Distrito Federal por meio da Empresa de Assist\u00eancia T\u00e9cnica e Extens\u00e3o Rural (Emater) e da Secretaria de Agricultura, Abastecimento e Desenvolvimento Rural (Seagri-DF). Segundo o extensionista Rural da Emater no PAD-DF, Gilmar Batistella, os produtores da regi\u00e3o s\u00e3o estimulados a fazerem o plantio do trigo nas entre safras.<\/p>\n<p>\u201cA produ\u00e7\u00e3o do trigo est\u00e1 um pouco atrelada \u00e0 capacidade da cooperativa [Cooperativa Agropecu\u00e1ria da Regi\u00e3o do Distrito Federal (Coopa-DF)] processar o trigo. Somente no DF, temos 1.600 hectares de trigo. A produ\u00e7\u00e3o tem aumentado bastante porque aumentou a capacidade de processamento, e os produtores s\u00e3o estimulados a plantar o cereal\u201d, conta Batistella.<\/p>\n<p>O t\u00e9cnico salienta que os agricultores da regi\u00e3o do PAD-DF, em especial, t\u00eam um grande dom\u00ednio de suas produ\u00e7\u00f5es, e a principal demanda \u00e9 o planejamento do manejo h\u00eddrico. \u201cAs portas da Emater-DF est\u00e3o abertas para todos os produtores, grandes e pequenos. Auxiliamos na parte t\u00e9cnica, na documenta\u00e7\u00e3o, com quest\u00f5es ambientais e h\u00eddricas. Na \u00e9poca da seca \u00e9 quando aumenta a demanda com os produtores para o planejamento do uso da irriga\u00e7\u00e3o. Caso precise, os agricultores podem ir ao escrit\u00f3rio ou agendar uma visita dos t\u00e9cnicos \u00e0 propriedade\u201d, explica Batistella.<\/p>\n<p>Outras a\u00e7\u00f5es do GDF tamb\u00e9m acabam por beneficiar os agricultores e facilitar na produ\u00e7\u00e3o. Um exemplo disso foi a constru\u00e7\u00e3o da DF-285, que pavimentou 13,5 quil\u00f4metros e contou com um investimento de R$ 20,6 milh\u00f5es.<\/p>\n<p>\u201cO governo tem nos auxiliado muito. A DF- 285 tamb\u00e9m teve uma melhora no policiamento da nossa regi\u00e3o. Temos percebido que nos \u00faltimos anos, o governo tem olhado para n\u00f3s. A melhora nas rodovias facilita o escoamento da produ\u00e7\u00e3o, a compra de insumos, evita entrar nas grandes cidades, e at\u00e9 na manuten\u00e7\u00e3o dos nossos ve\u00edculos e na log\u00edstica em geral\u201d, reconhece Gabriel Triacca.<\/p>\n","protected":false},"excerpt":{"rendered":"<p>O Dia do Trigo foi celebrado na sexta, 10,como forma de destacar a relev\u00e2ncia do gr\u00e3o na economia e no setor agropecu\u00e1rio. Presente na mesa do brasileiro, o cereal serve de base para uma s\u00e9rie de produtos essenciais, como p\u00e3es, bolos e biscoitos. A produ\u00e7\u00e3o tem se destacado no Distrito Federal. Em compara\u00e7\u00e3o entre dezembro [&hellip;]<\/p>\n","protected":false},"author":2,"featured_media":316711,"comment_status":"closed","ping_status":"closed","sticky":false,"template":"","format":"standard","meta":{"_acf_changed":false,"footnotes":""},"categories":[161],"tags":[],"class_list":["post-316710","post","type-post","status-publish","format-standard","has-post-thumbnail","hentry","category-quadradinho-em-foco"],"acf":[],"yoast_head":"<!-- This site is optimized with the Yoast SEO plugin v27.2 - https:\/\/yoast.com\/product\/yoast-seo-wordpress\/ -->\n<title>Distrito Federal se destaca na produ\u00e7\u00e3o de cereais - Notibras<\/title>\n<meta name=\"robots\" content=\"index, follow, max-snippet:-1, max-image-preview:large, max-video-preview:-1\" \/>\n<link rel=\"canonical\" href=\"https:\/\/www.notibras.com\/site\/distrito-federal-se-destaca-na-producao-de-cereais\/\" \/>\n<meta property=\"og:locale\" content=\"pt_BR\" \/>\n<meta property=\"og:type\" content=\"article\" \/>\n<meta property=\"og:title\" content=\"Distrito Federal se destaca na produ\u00e7\u00e3o de cereais - Notibras\" \/>\n<meta property=\"og:description\" content=\"O Dia do Trigo foi celebrado na sexta, 10,como forma de destacar a relev\u00e2ncia do gr\u00e3o na economia e no setor agropecu\u00e1rio. Presente na mesa do brasileiro, o cereal serve de base para uma s\u00e9rie de produtos essenciais, como p\u00e3es, bolos e biscoitos. A produ\u00e7\u00e3o tem se destacado no Distrito Federal. Em compara\u00e7\u00e3o entre dezembro [&hellip;]\" \/>\n<meta property=\"og:url\" content=\"https:\/\/www.notibras.com\/site\/distrito-federal-se-destaca-na-producao-de-cereais\/\" \/>\n<meta property=\"og:site_name\" content=\"Notibras\" \/>\n<meta property=\"article:publisher\" content=\"https:\/\/www.facebook.com\/notibras\/\" \/>\n<meta property=\"article:published_time\" content=\"2023-11-11T03:00:21+00:00\" \/>\n<meta property=\"article:modified_time\" content=\"2023-11-11T09:00:34+00:00\" \/>\n<meta property=\"og:image\" content=\"https:\/\/www.notibras.com\/site\/wp-content\/uploads\/2023\/11\/WhatsApp-Image-2023-11-10-at-12.39.16-2-1536x1023-1.jpeg\" \/>\n\t<meta property=\"og:image:width\" content=\"1536\" \/>\n\t<meta property=\"og:image:height\" content=\"1023\" \/>\n\t<meta property=\"og:image:type\" content=\"image\/jpeg\" \/>\n<meta name=\"author\" content=\"Reda\u00e7\u00e3o\" \/>\n<meta name=\"twitter:card\" content=\"summary_large_image\" \/>\n<meta name=\"twitter:creator\" content=\"@Notibras\" \/>\n<meta name=\"twitter:site\" content=\"@Notibras\" \/>\n<meta name=\"twitter:label1\" content=\"Escrito por\" \/>\n\t<meta name=\"twitter:data1\" content=\"Reda\u00e7\u00e3o\" \/>\n\t<meta name=\"twitter:label2\" content=\"Est. tempo de leitura\" \/>\n\t<meta name=\"twitter:data2\" content=\"4 minutos\" \/>\n<script type=\"application\/ld+json\" class=\"yoast-schema-graph\">{\"@context\":\"https:\/\/schema.org\",\"@graph\":[{\"@type\":\"Article\",\"@id\":\"https:\/\/www.notibras.com\/site\/distrito-federal-se-destaca-na-producao-de-cereais\/#article\",\"isPartOf\":{\"@id\":\"https:\/\/www.notibras.com\/site\/distrito-federal-se-destaca-na-producao-de-cereais\/\"},\"author\":{\"name\":\"Reda\u00e7\u00e3o\",\"@id\":\"https:\/\/www.notibras.com\/site\/#\/schema\/person\/36ab0979449956132d3e5b517ea76ac8\"},\"headline\":\"Distrito Federal se destaca na produ\u00e7\u00e3o de cereais\",\"datePublished\":\"2023-11-11T03:00:21+00:00\",\"dateModified\":\"2023-11-11T09:00:34+00:00\",\"mainEntityOfPage\":{\"@id\":\"https:\/\/www.notibras.com\/site\/distrito-federal-se-destaca-na-producao-de-cereais\/\"},\"wordCount\":693,\"publisher\":{\"@id\":\"https:\/\/www.notibras.com\/site\/#organization\"},\"image\":{\"@id\":\"https:\/\/www.notibras.com\/site\/distrito-federal-se-destaca-na-producao-de-cereais\/#primaryimage\"},\"thumbnailUrl\":\"https:\/\/www.notibras.com\/site\/wp-content\/uploads\/2023\/11\/WhatsApp-Image-2023-11-10-at-12.39.16-2-1536x1023-1.jpeg\",\"articleSection\":[\"Quadradinho em Foco\"],\"inLanguage\":\"pt-BR\"},{\"@type\":\"WebPage\",\"@id\":\"https:\/\/www.notibras.com\/site\/distrito-federal-se-destaca-na-producao-de-cereais\/\",\"url\":\"https:\/\/www.notibras.com\/site\/distrito-federal-se-destaca-na-producao-de-cereais\/\",\"name\":\"Distrito Federal se destaca na produ\u00e7\u00e3o de cereais - Notibras\",\"isPartOf\":{\"@id\":\"https:\/\/www.notibras.com\/site\/#website\"},\"primaryImageOfPage\":{\"@id\":\"https:\/\/www.notibras.com\/site\/distrito-federal-se-destaca-na-producao-de-cereais\/#primaryimage\"},\"image\":{\"@id\":\"https:\/\/www.notibras.com\/site\/distrito-federal-se-destaca-na-producao-de-cereais\/#primaryimage\"},\"thumbnailUrl\":\"https:\/\/www.notibras.com\/site\/wp-content\/uploads\/2023\/11\/WhatsApp-Image-2023-11-10-at-12.39.16-2-1536x1023-1.jpeg\",\"datePublished\":\"2023-11-11T03:00:21+00:00\",\"dateModified\":\"2023-11-11T09:00:34+00:00\",\"breadcrumb\":{\"@id\":\"https:\/\/www.notibras.com\/site\/distrito-federal-se-destaca-na-producao-de-cereais\/#breadcrumb\"},\"inLanguage\":\"pt-BR\",\"potentialAction\":[{\"@type\":\"ReadAction\",\"target\":[\"https:\/\/www.notibras.com\/site\/distrito-federal-se-destaca-na-producao-de-cereais\/\"]}]},{\"@type\":\"ImageObject\",\"inLanguage\":\"pt-BR\",\"@id\":\"https:\/\/www.notibras.com\/site\/distrito-federal-se-destaca-na-producao-de-cereais\/#primaryimage\",\"url\":\"https:\/\/www.notibras.com\/site\/wp-content\/uploads\/2023\/11\/WhatsApp-Image-2023-11-10-at-12.39.16-2-1536x1023-1.jpeg\",\"contentUrl\":\"https:\/\/www.notibras.com\/site\/wp-content\/uploads\/2023\/11\/WhatsApp-Image-2023-11-10-at-12.39.16-2-1536x1023-1.jpeg\",\"width\":1536,\"height\":1023},{\"@type\":\"BreadcrumbList\",\"@id\":\"https:\/\/www.notibras.com\/site\/distrito-federal-se-destaca-na-producao-de-cereais\/#breadcrumb\",\"itemListElement\":[{\"@type\":\"ListItem\",\"position\":1,\"name\":\"In\u00edcio\",\"item\":\"https:\/\/www.notibras.com\/site\/\"},{\"@type\":\"ListItem\",\"position\":2,\"name\":\"Distrito Federal se destaca na produ\u00e7\u00e3o de cereais\"}]},{\"@type\":\"WebSite\",\"@id\":\"https:\/\/www.notibras.com\/site\/#website\",\"url\":\"https:\/\/www.notibras.com\/site\/\",\"name\":\"Notibras\",\"description\":\"Not\u00edcias de Bras\u00edlia, do Brasil e do Mundo\",\"publisher\":{\"@id\":\"https:\/\/www.notibras.com\/site\/#organization\"},\"potentialAction\":[{\"@type\":\"SearchAction\",\"target\":{\"@type\":\"EntryPoint\",\"urlTemplate\":\"https:\/\/www.notibras.com\/site\/?s={search_term_string}\"},\"query-input\":{\"@type\":\"PropertyValueSpecification\",\"valueRequired\":true,\"valueName\":\"search_term_string\"}}],\"inLanguage\":\"pt-BR\"},{\"@type\":\"Organization\",\"@id\":\"https:\/\/www.notibras.com\/site\/#organization\",\"name\":\"Grupo Notibras de Comunica\u00e7\u00e3o\",\"url\":\"https:\/\/www.notibras.com\/site\/\",\"logo\":{\"@type\":\"ImageObject\",\"inLanguage\":\"pt-BR\",\"@id\":\"https:\/\/www.notibras.com\/site\/#\/schema\/logo\/image\/\",\"url\":\"https:\/\/www.notibras.com\/site\/wp-content\/uploads\/2023\/01\/notibras23.png\",\"contentUrl\":\"https:\/\/www.notibras.com\/site\/wp-content\/uploads\/2023\/01\/notibras23.png\",\"width\":350,\"height\":87,\"caption\":\"Grupo Notibras de Comunica\u00e7\u00e3o\"},\"image\":{\"@id\":\"https:\/\/www.notibras.com\/site\/#\/schema\/logo\/image\/\"},\"sameAs\":[\"https:\/\/www.facebook.com\/notibras\/\",\"https:\/\/x.com\/Notibras\",\"https:\/\/www.instagram.com\/notibras\/\"]},{\"@type\":\"Person\",\"@id\":\"https:\/\/www.notibras.com\/site\/#\/schema\/person\/36ab0979449956132d3e5b517ea76ac8\",\"name\":\"Reda\u00e7\u00e3o\",\"image\":{\"@type\":\"ImageObject\",\"inLanguage\":\"pt-BR\",\"@id\":\"https:\/\/secure.gravatar.com\/avatar\/e0a867bdedb85fd243eadf09663511f96fc81e0720a4a42581f334ad4303aa6b?s=96&d=mm&r=g\",\"url\":\"https:\/\/secure.gravatar.com\/avatar\/e0a867bdedb85fd243eadf09663511f96fc81e0720a4a42581f334ad4303aa6b?s=96&d=mm&r=g\",\"contentUrl\":\"https:\/\/secure.gravatar.com\/avatar\/e0a867bdedb85fd243eadf09663511f96fc81e0720a4a42581f334ad4303aa6b?s=96&d=mm&r=g\",\"caption\":\"Reda\u00e7\u00e3o\"}}]}<\/script>\n<!-- \/ Yoast SEO plugin. -->","yoast_head_json":{"title":"Distrito Federal se destaca na produ\u00e7\u00e3o de cereais - Notibras","robots":{"index":"index","follow":"follow","max-snippet":"max-snippet:-1","max-image-preview":"max-image-preview:large","max-video-preview":"max-video-preview:-1"},"canonical":"https:\/\/www.notibras.com\/site\/distrito-federal-se-destaca-na-producao-de-cereais\/","og_locale":"pt_BR","og_type":"article","og_title":"Distrito Federal se destaca na produ\u00e7\u00e3o de cereais - Notibras","og_description":"O Dia do Trigo foi celebrado na sexta, 10,como forma de destacar a relev\u00e2ncia do gr\u00e3o na economia e no setor agropecu\u00e1rio. Presente na mesa do brasileiro, o cereal serve de base para uma s\u00e9rie de produtos essenciais, como p\u00e3es, bolos e biscoitos. A produ\u00e7\u00e3o tem se destacado no Distrito Federal. Em compara\u00e7\u00e3o entre dezembro [&hellip;]","og_url":"https:\/\/www.notibras.com\/site\/distrito-federal-se-destaca-na-producao-de-cereais\/","og_site_name":"Notibras","article_publisher":"https:\/\/www.facebook.com\/notibras\/","article_published_time":"2023-11-11T03:00:21+00:00","article_modified_time":"2023-11-11T09:00:34+00:00","og_image":[{"width":1536,"height":1023,"url":"https:\/\/www.notibras.com\/site\/wp-content\/uploads\/2023\/11\/WhatsApp-Image-2023-11-10-at-12.39.16-2-1536x1023-1.jpeg","type":"image\/jpeg"}],"author":"Reda\u00e7\u00e3o","twitter_card":"summary_large_image","twitter_creator":"@Notibras","twitter_site":"@Notibras","twitter_misc":{"Escrito por":"Reda\u00e7\u00e3o","Est. tempo de leitura":"4 minutos"},"schema":{"@context":"https:\/\/schema.org","@graph":[{"@type":"Article","@id":"https:\/\/www.notibras.com\/site\/distrito-federal-se-destaca-na-producao-de-cereais\/#article","isPartOf":{"@id":"https:\/\/www.notibras.com\/site\/distrito-federal-se-destaca-na-producao-de-cereais\/"},"author":{"name":"Reda\u00e7\u00e3o","@id":"https:\/\/www.notibras.com\/site\/#\/schema\/person\/36ab0979449956132d3e5b517ea76ac8"},"headline":"Distrito Federal se destaca na produ\u00e7\u00e3o de cereais","datePublished":"2023-11-11T03:00:21+00:00","dateModified":"2023-11-11T09:00:34+00:00","mainEntityOfPage":{"@id":"https:\/\/www.notibras.com\/site\/distrito-federal-se-destaca-na-producao-de-cereais\/"},"wordCount":693,"publisher":{"@id":"https:\/\/www.notibras.com\/site\/#organization"},"image":{"@id":"https:\/\/www.notibras.com\/site\/distrito-federal-se-destaca-na-producao-de-cereais\/#primaryimage"},"thumbnailUrl":"https:\/\/www.notibras.com\/site\/wp-content\/uploads\/2023\/11\/WhatsApp-Image-2023-11-10-at-12.39.16-2-1536x1023-1.jpeg","articleSection":["Quadradinho em Foco"],"inLanguage":"pt-BR"},{"@type":"WebPage","@id":"https:\/\/www.notibras.com\/site\/distrito-federal-se-destaca-na-producao-de-cereais\/","url":"https:\/\/www.notibras.com\/site\/distrito-federal-se-destaca-na-producao-de-cereais\/","name":"Distrito Federal se destaca na produ\u00e7\u00e3o de cereais - Notibras","isPartOf":{"@id":"https:\/\/www.notibras.com\/site\/#website"},"primaryImageOfPage":{"@id":"https:\/\/www.notibras.com\/site\/distrito-federal-se-destaca-na-producao-de-cereais\/#primaryimage"},"image":{"@id":"https:\/\/www.notibras.com\/site\/distrito-federal-se-destaca-na-producao-de-cereais\/#primaryimage"},"thumbnailUrl":"https:\/\/www.notibras.com\/site\/wp-content\/uploads\/2023\/11\/WhatsApp-Image-2023-11-10-at-12.39.16-2-1536x1023-1.jpeg","datePublished":"2023-11-11T03:00:21+00:00","dateModified":"2023-11-11T09:00:34+00:00","breadcrumb":{"@id":"https:\/\/www.notibras.com\/site\/distrito-federal-se-destaca-na-producao-de-cereais\/#breadcrumb"},"inLanguage":"pt-BR","potentialAction":[{"@type":"ReadAction","target":["https:\/\/www.notibras.com\/site\/distrito-federal-se-destaca-na-producao-de-cereais\/"]}]},{"@type":"ImageObject","inLanguage":"pt-BR","@id":"https:\/\/www.notibras.com\/site\/distrito-federal-se-destaca-na-producao-de-cereais\/#primaryimage","url":"https:\/\/www.notibras.com\/site\/wp-content\/uploads\/2023\/11\/WhatsApp-Image-2023-11-10-at-12.39.16-2-1536x1023-1.jpeg","contentUrl":"https:\/\/www.notibras.com\/site\/wp-content\/uploads\/2023\/11\/WhatsApp-Image-2023-11-10-at-12.39.16-2-1536x1023-1.jpeg","width":1536,"height":1023},{"@type":"BreadcrumbList","@id":"https:\/\/www.notibras.com\/site\/distrito-federal-se-destaca-na-producao-de-cereais\/#breadcrumb","itemListElement":[{"@type":"ListItem","position":1,"name":"In\u00edcio","item":"https:\/\/www.notibras.com\/site\/"},{"@type":"ListItem","position":2,"name":"Distrito Federal se destaca na produ\u00e7\u00e3o de cereais"}]},{"@type":"WebSite","@id":"https:\/\/www.notibras.com\/site\/#website","url":"https:\/\/www.notibras.com\/site\/","name":"Notibras","description":"Not\u00edcias de Bras\u00edlia, do Brasil e do Mundo","publisher":{"@id":"https:\/\/www.notibras.com\/site\/#organization"},"potentialAction":[{"@type":"SearchAction","target":{"@type":"EntryPoint","urlTemplate":"https:\/\/www.notibras.com\/site\/?s={search_term_string}"},"query-input":{"@type":"PropertyValueSpecification","valueRequired":true,"valueName":"search_term_string"}}],"inLanguage":"pt-BR"},{"@type":"Organization","@id":"https:\/\/www.notibras.com\/site\/#organization","name":"Grupo Notibras de Comunica\u00e7\u00e3o","url":"https:\/\/www.notibras.com\/site\/","logo":{"@type":"ImageObject","inLanguage":"pt-BR","@id":"https:\/\/www.notibras.com\/site\/#\/schema\/logo\/image\/","url":"https:\/\/www.notibras.com\/site\/wp-content\/uploads\/2023\/01\/notibras23.png","contentUrl":"https:\/\/www.notibras.com\/site\/wp-content\/uploads\/2023\/01\/notibras23.png","width":350,"height":87,"caption":"Grupo Notibras de Comunica\u00e7\u00e3o"},"image":{"@id":"https:\/\/www.notibras.com\/site\/#\/schema\/logo\/image\/"},"sameAs":["https:\/\/www.facebook.com\/notibras\/","https:\/\/x.com\/Notibras","https:\/\/www.instagram.com\/notibras\/"]},{"@type":"Person","@id":"https:\/\/www.notibras.com\/site\/#\/schema\/person\/36ab0979449956132d3e5b517ea76ac8","name":"Reda\u00e7\u00e3o","image":{"@type":"ImageObject","inLanguage":"pt-BR","@id":"https:\/\/secure.gravatar.com\/avatar\/e0a867bdedb85fd243eadf09663511f96fc81e0720a4a42581f334ad4303aa6b?s=96&d=mm&r=g","url":"https:\/\/secure.gravatar.com\/avatar\/e0a867bdedb85fd243eadf09663511f96fc81e0720a4a42581f334ad4303aa6b?s=96&d=mm&r=g","contentUrl":"https:\/\/secure.gravatar.com\/avatar\/e0a867bdedb85fd243eadf09663511f96fc81e0720a4a42581f334ad4303aa6b?s=96&d=mm&r=g","caption":"Reda\u00e7\u00e3o"}}]}},"amp_enabled":true,"_links":{"self":[{"href":"https:\/\/www.notibras.com\/site\/wp-json\/wp\/v2\/posts\/316710","targetHints":{"allow":["GET"]}}],"collection":[{"href":"https:\/\/www.notibras.com\/site\/wp-json\/wp\/v2\/posts"}],"about":[{"href":"https:\/\/www.notibras.com\/site\/wp-json\/wp\/v2\/types\/post"}],"author":[{"embeddable":true,"href":"https:\/\/www.notibras.com\/site\/wp-json\/wp\/v2\/users\/2"}],"replies":[{"embeddable":true,"href":"https:\/\/www.notibras.com\/site\/wp-json\/wp\/v2\/comments?post=316710"}],"version-history":[{"count":1,"href":"https:\/\/www.notibras.com\/site\/wp-json\/wp\/v2\/posts\/316710\/revisions"}],"predecessor-version":[{"id":316712,"href":"https:\/\/www.notibras.com\/site\/wp-json\/wp\/v2\/posts\/316710\/revisions\/316712"}],"wp:featuredmedia":[{"embeddable":true,"href":"https:\/\/www.notibras.com\/site\/wp-json\/wp\/v2\/media\/316711"}],"wp:attachment":[{"href":"https:\/\/www.notibras.com\/site\/wp-json\/wp\/v2\/media?parent=316710"}],"wp:term":[{"taxonomy":"category","embeddable":true,"href":"https:\/\/www.notibras.com\/site\/wp-json\/wp\/v2\/categories?post=316710"},{"taxonomy":"post_tag","embeddable":true,"href":"https:\/\/www.notibras.com\/site\/wp-json\/wp\/v2\/tags?post=316710"}],"curies":[{"name":"wp","href":"https:\/\/api.w.org\/{rel}","templated":true}]}}