{"id":316713,"date":"2023-11-11T00:00:29","date_gmt":"2023-11-11T03:00:29","guid":{"rendered":"https:\/\/www.notibras.com\/site\/?p=316713"},"modified":"2023-11-11T06:06:42","modified_gmt":"2023-11-11T09:06:42","slug":"mercosul-importa-experiencia-da-agricultura-familiar","status":"publish","type":"post","link":"https:\/\/www.notibras.com\/site\/mercosul-importa-experiencia-da-agricultura-familiar\/","title":{"rendered":"Mercosul importa experi\u00eancia da agricultura familiar"},"content":{"rendered":"<p>Uma comitiva do Mercosul visitou a Associa\u00e7\u00e3o de Agricultores Familiares da Eco do Assentamento 15 de Agosto (Afeca). Acompanhados do ministro do Desenvolvimento e Assist\u00eancia Social, Fam\u00edlia e Combate \u00e0 Fome, Wellington Dias, e do presidente da Emater-DF, Cleison Duval, representantes da Argentina, Chile, Col\u00f4mbia, M\u00e9xico, Paraguai, Peru e Uruguai tamb\u00e9m foram a uma escola p\u00fablica que recebe alimentos da agricultura familiar em S\u00e3o Sebasti\u00e3o.<\/p>\n<p>Durante o encontro, Cleison Duval explicou o funcionamento da Assist\u00eancia T\u00e9cnica e Extens\u00e3o Rural (Ater) prestada aos produtores. \u201cA Emater d\u00e1 assist\u00eancia t\u00e9cnica desde o planejamento do que plantar e como plantar, at\u00e9 a comercializa\u00e7\u00e3o e inser\u00e7\u00e3o nos programas de compras e no mercado. Existe um trabalho enorme da extens\u00e3o rural por tr\u00e1s disso. A Emater-DF tem um papel fundamental no funcionamento dessa cadeia. A extens\u00e3o rural est\u00e1 presente em todas as fases do processo\u201d, destacou. O secret\u00e1rio executivo da Secretaria de Agricultura, Abastecimento e Desenvolvimento Rural (Seagri), Rafael Bueno, tamb\u00e9m falou sobre o funcionamento das compras governamentais e a din\u00e2mica entre os \u00f3rg\u00e3os envolvidos nos chamamentos p\u00fablicos.<\/p>\n<p>Para o ministro Wellington Dias, o desafio \u00e9 garantir uma integra\u00e7\u00e3o ainda maior entre os produtores e consumidores para combater a fome, reduzir a desnutri\u00e7\u00e3o e ofertar uma alimenta\u00e7\u00e3o saud\u00e1vel. A visita ao assentamento, na vis\u00e3o de Dias, \u00e9 um exemplo que pode ser replicado. \u201cA Afeca recebe assist\u00eancia t\u00e9cnica dos governos federal e distrital, integrados. A produ\u00e7\u00e3o \u00e9 comprada via PAA (Programa de Aquisi\u00e7\u00e3o de Alimentos) e vai para quem precisa de complemento alimentar. Ela \u00e9 comprada pela \u00e1rea da educa\u00e7\u00e3o e se transforma em alimenta\u00e7\u00e3o escolar. Com isso, a gente tamb\u00e9m melhora a renda dos agricultores porque n\u00e3o tem atravessador, a compra \u00e9 direta\u201d, detalhou o ministro.<\/p>\n<p>A presidente da Afeca, a produtora Michelly Ornelas, ressaltou a import\u00e2ncia desses programas para os produtores da agricultura familiar: \u201cTodas as compras governamentais s\u00e3o muito importantes porque garantem a compra do alimento do produtor. N\u00f3s podemos produzir porque temos a garantia, a certeza de que vamos escoar toda a nossa produ\u00e7\u00e3o. Acho que \u00e9 o melhor sistema que existe.\u201d<\/p>\n<p>A gerente da Emater em S\u00e3o Sebasti\u00e3o, Ma\u00edra Andrade, explicou que o 15 de Agosto, atualmente, conta com 54 fam\u00edlias. De acordo com ela, o assentamento \u00e9 refer\u00eancia na produ\u00e7\u00e3o de alimentos org\u00e2nicos e fez, neste ano, a primeira entrega org\u00e2nica para o Programa Nacional de Alimenta\u00e7\u00e3o Escolar. A Secretaria de Educa\u00e7\u00e3o lan\u00e7ou edital exclusivo para entrega de alimentos org\u00e2nicos no valor de mais de R$ 20 milh\u00f5es.<\/p>\n<p>Miguel Tadeo Rojas, ministro do Desenvolvimento Social do Paraguai, destacou a integra\u00e7\u00e3o entre os agentes p\u00fablicos na din\u00e2mica de funcionamento do PAA. \u201cPara mim, \u00e9 algo muito interessante, fundamentalmente porque estou encontrando uma integra\u00e7\u00e3o de v\u00e1rios dirigentes de Estado para ajudar as pessoas a manterem a agricultura familiar, que se converte em produtos para a merenda escolar e outras institui\u00e7\u00f5es. A miss\u00e3o \u00e9 reduzir a pobreza\u201d, comentou.<\/p>\n<p>Para ter a dimens\u00e3o do impacto do PAA, a visita t\u00e9cnica passou pela outra ponta que liga essa cadeia de garantia de renda e seguran\u00e7a alimentar e nutricional. No Centro de Educa\u00e7\u00e3o Infantil 03, tamb\u00e9m na regi\u00e3o de S\u00e3o Sebasti\u00e3o, o grupo p\u00f4de conhecer a escola da rede p\u00fablica beneficiada pelo Programa Nacional de Alimenta\u00e7\u00e3o Escolar (PNAE) e que recebe a produ\u00e7\u00e3o do Assentamento 15 de Agosto.<\/p>\n<p>A diretora da escola, Vanda Aparecida de Aguiar, considerou a visita emocionante e gratificante. Para ela, \u00e9 primordial ver como o alimento chega da horta, por meio do PNAE, e como ele \u00e9 utilizado. \u201cCom esse alimento saud\u00e1vel, os pais nos comunicam que as crian\u00e7as passam a se alimentam mais\u201d, comemora.<\/p>\n<p>\u201cEstou muito feliz por ter visitado a escola em S\u00e3o Sebasti\u00e3o e o Assentamento 15 de Agosto. Foi muito interessante ver como se concatena a\u00e7\u00f5es em n\u00edvel federal, estadual e municipal para assegurar a alimenta\u00e7\u00e3o das crian\u00e7as. Soubemos que nessa escola, quase 100% j\u00e1 \u00e9 de alimentos da agricultura familiar\u201d, avaliou Francisca Gallegos, subsecret\u00e1ria de servi\u00e7o social do Minist\u00e9rio de Desenvolvimento Social e Fam\u00edlia do Chile.<\/p>\n","protected":false},"excerpt":{"rendered":"<p>Uma comitiva do Mercosul visitou a Associa\u00e7\u00e3o de Agricultores Familiares da Eco do Assentamento 15 de Agosto (Afeca). Acompanhados do ministro do Desenvolvimento e Assist\u00eancia Social, Fam\u00edlia e Combate \u00e0 Fome, Wellington Dias, e do presidente da Emater-DF, Cleison Duval, representantes da Argentina, Chile, Col\u00f4mbia, M\u00e9xico, Paraguai, Peru e Uruguai tamb\u00e9m foram a uma escola [&hellip;]<\/p>\n","protected":false},"author":2,"featured_media":316714,"comment_status":"closed","ping_status":"closed","sticky":false,"template":"","format":"standard","meta":{"_acf_changed":false,"footnotes":""},"categories":[161],"tags":[],"class_list":["post-316713","post","type-post","status-publish","format-standard","has-post-thumbnail","hentry","category-quadradinho-em-foco"],"acf":[],"yoast_head":"<!-- This site is optimized with the Yoast SEO plugin v27.2 - https:\/\/yoast.com\/product\/yoast-seo-wordpress\/ -->\n<title>Mercosul importa experi\u00eancia da agricultura familiar - Notibras<\/title>\n<meta name=\"robots\" content=\"index, follow, max-snippet:-1, max-image-preview:large, max-video-preview:-1\" \/>\n<link rel=\"canonical\" href=\"https:\/\/www.notibras.com\/site\/mercosul-importa-experiencia-da-agricultura-familiar\/\" \/>\n<meta property=\"og:locale\" content=\"pt_BR\" \/>\n<meta property=\"og:type\" content=\"article\" \/>\n<meta property=\"og:title\" content=\"Mercosul importa experi\u00eancia da agricultura familiar - Notibras\" \/>\n<meta property=\"og:description\" content=\"Uma comitiva do Mercosul visitou a Associa\u00e7\u00e3o de Agricultores Familiares da Eco do Assentamento 15 de Agosto (Afeca). Acompanhados do ministro do Desenvolvimento e Assist\u00eancia Social, Fam\u00edlia e Combate \u00e0 Fome, Wellington Dias, e do presidente da Emater-DF, Cleison Duval, representantes da Argentina, Chile, Col\u00f4mbia, M\u00e9xico, Paraguai, Peru e Uruguai tamb\u00e9m foram a uma escola [&hellip;]\" \/>\n<meta property=\"og:url\" content=\"https:\/\/www.notibras.com\/site\/mercosul-importa-experiencia-da-agricultura-familiar\/\" \/>\n<meta property=\"og:site_name\" content=\"Notibras\" \/>\n<meta property=\"article:publisher\" content=\"https:\/\/www.facebook.com\/notibras\/\" \/>\n<meta property=\"article:published_time\" content=\"2023-11-11T03:00:29+00:00\" \/>\n<meta property=\"article:modified_time\" content=\"2023-11-11T09:06:42+00:00\" \/>\n<meta property=\"og:image\" content=\"https:\/\/www.notibras.com\/site\/wp-content\/uploads\/2023\/11\/15-de-agosto2.jpg\" \/>\n\t<meta property=\"og:image:width\" content=\"750\" \/>\n\t<meta property=\"og:image:height\" content=\"419\" \/>\n\t<meta property=\"og:image:type\" content=\"image\/jpeg\" \/>\n<meta name=\"author\" content=\"Reda\u00e7\u00e3o\" \/>\n<meta name=\"twitter:card\" content=\"summary_large_image\" \/>\n<meta name=\"twitter:creator\" content=\"@Notibras\" \/>\n<meta name=\"twitter:site\" content=\"@Notibras\" \/>\n<meta name=\"twitter:label1\" content=\"Escrito por\" \/>\n\t<meta name=\"twitter:data1\" content=\"Reda\u00e7\u00e3o\" \/>\n\t<meta name=\"twitter:label2\" content=\"Est. tempo de leitura\" \/>\n\t<meta name=\"twitter:data2\" content=\"4 minutos\" \/>\n<script type=\"application\/ld+json\" class=\"yoast-schema-graph\">{\"@context\":\"https:\/\/schema.org\",\"@graph\":[{\"@type\":\"Article\",\"@id\":\"https:\/\/www.notibras.com\/site\/mercosul-importa-experiencia-da-agricultura-familiar\/#article\",\"isPartOf\":{\"@id\":\"https:\/\/www.notibras.com\/site\/mercosul-importa-experiencia-da-agricultura-familiar\/\"},\"author\":{\"name\":\"Reda\u00e7\u00e3o\",\"@id\":\"https:\/\/www.notibras.com\/site\/#\/schema\/person\/36ab0979449956132d3e5b517ea76ac8\"},\"headline\":\"Mercosul importa experi\u00eancia da agricultura familiar\",\"datePublished\":\"2023-11-11T03:00:29+00:00\",\"dateModified\":\"2023-11-11T09:06:42+00:00\",\"mainEntityOfPage\":{\"@id\":\"https:\/\/www.notibras.com\/site\/mercosul-importa-experiencia-da-agricultura-familiar\/\"},\"wordCount\":731,\"publisher\":{\"@id\":\"https:\/\/www.notibras.com\/site\/#organization\"},\"image\":{\"@id\":\"https:\/\/www.notibras.com\/site\/mercosul-importa-experiencia-da-agricultura-familiar\/#primaryimage\"},\"thumbnailUrl\":\"https:\/\/www.notibras.com\/site\/wp-content\/uploads\/2023\/11\/15-de-agosto2.jpg\",\"articleSection\":[\"Quadradinho em Foco\"],\"inLanguage\":\"pt-BR\"},{\"@type\":\"WebPage\",\"@id\":\"https:\/\/www.notibras.com\/site\/mercosul-importa-experiencia-da-agricultura-familiar\/\",\"url\":\"https:\/\/www.notibras.com\/site\/mercosul-importa-experiencia-da-agricultura-familiar\/\",\"name\":\"Mercosul importa experi\u00eancia da agricultura familiar - Notibras\",\"isPartOf\":{\"@id\":\"https:\/\/www.notibras.com\/site\/#website\"},\"primaryImageOfPage\":{\"@id\":\"https:\/\/www.notibras.com\/site\/mercosul-importa-experiencia-da-agricultura-familiar\/#primaryimage\"},\"image\":{\"@id\":\"https:\/\/www.notibras.com\/site\/mercosul-importa-experiencia-da-agricultura-familiar\/#primaryimage\"},\"thumbnailUrl\":\"https:\/\/www.notibras.com\/site\/wp-content\/uploads\/2023\/11\/15-de-agosto2.jpg\",\"datePublished\":\"2023-11-11T03:00:29+00:00\",\"dateModified\":\"2023-11-11T09:06:42+00:00\",\"breadcrumb\":{\"@id\":\"https:\/\/www.notibras.com\/site\/mercosul-importa-experiencia-da-agricultura-familiar\/#breadcrumb\"},\"inLanguage\":\"pt-BR\",\"potentialAction\":[{\"@type\":\"ReadAction\",\"target\":[\"https:\/\/www.notibras.com\/site\/mercosul-importa-experiencia-da-agricultura-familiar\/\"]}]},{\"@type\":\"ImageObject\",\"inLanguage\":\"pt-BR\",\"@id\":\"https:\/\/www.notibras.com\/site\/mercosul-importa-experiencia-da-agricultura-familiar\/#primaryimage\",\"url\":\"https:\/\/www.notibras.com\/site\/wp-content\/uploads\/2023\/11\/15-de-agosto2.jpg\",\"contentUrl\":\"https:\/\/www.notibras.com\/site\/wp-content\/uploads\/2023\/11\/15-de-agosto2.jpg\",\"width\":750,\"height\":419},{\"@type\":\"BreadcrumbList\",\"@id\":\"https:\/\/www.notibras.com\/site\/mercosul-importa-experiencia-da-agricultura-familiar\/#breadcrumb\",\"itemListElement\":[{\"@type\":\"ListItem\",\"position\":1,\"name\":\"In\u00edcio\",\"item\":\"https:\/\/www.notibras.com\/site\/\"},{\"@type\":\"ListItem\",\"position\":2,\"name\":\"Mercosul importa experi\u00eancia da agricultura familiar\"}]},{\"@type\":\"WebSite\",\"@id\":\"https:\/\/www.notibras.com\/site\/#website\",\"url\":\"https:\/\/www.notibras.com\/site\/\",\"name\":\"Notibras\",\"description\":\"Not\u00edcias de Bras\u00edlia, do Brasil e do Mundo\",\"publisher\":{\"@id\":\"https:\/\/www.notibras.com\/site\/#organization\"},\"potentialAction\":[{\"@type\":\"SearchAction\",\"target\":{\"@type\":\"EntryPoint\",\"urlTemplate\":\"https:\/\/www.notibras.com\/site\/?s={search_term_string}\"},\"query-input\":{\"@type\":\"PropertyValueSpecification\",\"valueRequired\":true,\"valueName\":\"search_term_string\"}}],\"inLanguage\":\"pt-BR\"},{\"@type\":\"Organization\",\"@id\":\"https:\/\/www.notibras.com\/site\/#organization\",\"name\":\"Grupo Notibras de Comunica\u00e7\u00e3o\",\"url\":\"https:\/\/www.notibras.com\/site\/\",\"logo\":{\"@type\":\"ImageObject\",\"inLanguage\":\"pt-BR\",\"@id\":\"https:\/\/www.notibras.com\/site\/#\/schema\/logo\/image\/\",\"url\":\"https:\/\/www.notibras.com\/site\/wp-content\/uploads\/2023\/01\/notibras23.png\",\"contentUrl\":\"https:\/\/www.notibras.com\/site\/wp-content\/uploads\/2023\/01\/notibras23.png\",\"width\":350,\"height\":87,\"caption\":\"Grupo Notibras de Comunica\u00e7\u00e3o\"},\"image\":{\"@id\":\"https:\/\/www.notibras.com\/site\/#\/schema\/logo\/image\/\"},\"sameAs\":[\"https:\/\/www.facebook.com\/notibras\/\",\"https:\/\/x.com\/Notibras\",\"https:\/\/www.instagram.com\/notibras\/\"]},{\"@type\":\"Person\",\"@id\":\"https:\/\/www.notibras.com\/site\/#\/schema\/person\/36ab0979449956132d3e5b517ea76ac8\",\"name\":\"Reda\u00e7\u00e3o\",\"image\":{\"@type\":\"ImageObject\",\"inLanguage\":\"pt-BR\",\"@id\":\"https:\/\/secure.gravatar.com\/avatar\/e0a867bdedb85fd243eadf09663511f96fc81e0720a4a42581f334ad4303aa6b?s=96&d=mm&r=g\",\"url\":\"https:\/\/secure.gravatar.com\/avatar\/e0a867bdedb85fd243eadf09663511f96fc81e0720a4a42581f334ad4303aa6b?s=96&d=mm&r=g\",\"contentUrl\":\"https:\/\/secure.gravatar.com\/avatar\/e0a867bdedb85fd243eadf09663511f96fc81e0720a4a42581f334ad4303aa6b?s=96&d=mm&r=g\",\"caption\":\"Reda\u00e7\u00e3o\"}}]}<\/script>\n<!-- \/ Yoast SEO plugin. -->","yoast_head_json":{"title":"Mercosul importa experi\u00eancia da agricultura familiar - Notibras","robots":{"index":"index","follow":"follow","max-snippet":"max-snippet:-1","max-image-preview":"max-image-preview:large","max-video-preview":"max-video-preview:-1"},"canonical":"https:\/\/www.notibras.com\/site\/mercosul-importa-experiencia-da-agricultura-familiar\/","og_locale":"pt_BR","og_type":"article","og_title":"Mercosul importa experi\u00eancia da agricultura familiar - Notibras","og_description":"Uma comitiva do Mercosul visitou a Associa\u00e7\u00e3o de Agricultores Familiares da Eco do Assentamento 15 de Agosto (Afeca). Acompanhados do ministro do Desenvolvimento e Assist\u00eancia Social, Fam\u00edlia e Combate \u00e0 Fome, Wellington Dias, e do presidente da Emater-DF, Cleison Duval, representantes da Argentina, Chile, Col\u00f4mbia, M\u00e9xico, Paraguai, Peru e Uruguai tamb\u00e9m foram a uma escola [&hellip;]","og_url":"https:\/\/www.notibras.com\/site\/mercosul-importa-experiencia-da-agricultura-familiar\/","og_site_name":"Notibras","article_publisher":"https:\/\/www.facebook.com\/notibras\/","article_published_time":"2023-11-11T03:00:29+00:00","article_modified_time":"2023-11-11T09:06:42+00:00","og_image":[{"width":750,"height":419,"url":"https:\/\/www.notibras.com\/site\/wp-content\/uploads\/2023\/11\/15-de-agosto2.jpg","type":"image\/jpeg"}],"author":"Reda\u00e7\u00e3o","twitter_card":"summary_large_image","twitter_creator":"@Notibras","twitter_site":"@Notibras","twitter_misc":{"Escrito por":"Reda\u00e7\u00e3o","Est. tempo de leitura":"4 minutos"},"schema":{"@context":"https:\/\/schema.org","@graph":[{"@type":"Article","@id":"https:\/\/www.notibras.com\/site\/mercosul-importa-experiencia-da-agricultura-familiar\/#article","isPartOf":{"@id":"https:\/\/www.notibras.com\/site\/mercosul-importa-experiencia-da-agricultura-familiar\/"},"author":{"name":"Reda\u00e7\u00e3o","@id":"https:\/\/www.notibras.com\/site\/#\/schema\/person\/36ab0979449956132d3e5b517ea76ac8"},"headline":"Mercosul importa experi\u00eancia da agricultura familiar","datePublished":"2023-11-11T03:00:29+00:00","dateModified":"2023-11-11T09:06:42+00:00","mainEntityOfPage":{"@id":"https:\/\/www.notibras.com\/site\/mercosul-importa-experiencia-da-agricultura-familiar\/"},"wordCount":731,"publisher":{"@id":"https:\/\/www.notibras.com\/site\/#organization"},"image":{"@id":"https:\/\/www.notibras.com\/site\/mercosul-importa-experiencia-da-agricultura-familiar\/#primaryimage"},"thumbnailUrl":"https:\/\/www.notibras.com\/site\/wp-content\/uploads\/2023\/11\/15-de-agosto2.jpg","articleSection":["Quadradinho em Foco"],"inLanguage":"pt-BR"},{"@type":"WebPage","@id":"https:\/\/www.notibras.com\/site\/mercosul-importa-experiencia-da-agricultura-familiar\/","url":"https:\/\/www.notibras.com\/site\/mercosul-importa-experiencia-da-agricultura-familiar\/","name":"Mercosul importa experi\u00eancia da agricultura familiar - Notibras","isPartOf":{"@id":"https:\/\/www.notibras.com\/site\/#website"},"primaryImageOfPage":{"@id":"https:\/\/www.notibras.com\/site\/mercosul-importa-experiencia-da-agricultura-familiar\/#primaryimage"},"image":{"@id":"https:\/\/www.notibras.com\/site\/mercosul-importa-experiencia-da-agricultura-familiar\/#primaryimage"},"thumbnailUrl":"https:\/\/www.notibras.com\/site\/wp-content\/uploads\/2023\/11\/15-de-agosto2.jpg","datePublished":"2023-11-11T03:00:29+00:00","dateModified":"2023-11-11T09:06:42+00:00","breadcrumb":{"@id":"https:\/\/www.notibras.com\/site\/mercosul-importa-experiencia-da-agricultura-familiar\/#breadcrumb"},"inLanguage":"pt-BR","potentialAction":[{"@type":"ReadAction","target":["https:\/\/www.notibras.com\/site\/mercosul-importa-experiencia-da-agricultura-familiar\/"]}]},{"@type":"ImageObject","inLanguage":"pt-BR","@id":"https:\/\/www.notibras.com\/site\/mercosul-importa-experiencia-da-agricultura-familiar\/#primaryimage","url":"https:\/\/www.notibras.com\/site\/wp-content\/uploads\/2023\/11\/15-de-agosto2.jpg","contentUrl":"https:\/\/www.notibras.com\/site\/wp-content\/uploads\/2023\/11\/15-de-agosto2.jpg","width":750,"height":419},{"@type":"BreadcrumbList","@id":"https:\/\/www.notibras.com\/site\/mercosul-importa-experiencia-da-agricultura-familiar\/#breadcrumb","itemListElement":[{"@type":"ListItem","position":1,"name":"In\u00edcio","item":"https:\/\/www.notibras.com\/site\/"},{"@type":"ListItem","position":2,"name":"Mercosul importa experi\u00eancia da agricultura familiar"}]},{"@type":"WebSite","@id":"https:\/\/www.notibras.com\/site\/#website","url":"https:\/\/www.notibras.com\/site\/","name":"Notibras","description":"Not\u00edcias de Bras\u00edlia, do Brasil e do Mundo","publisher":{"@id":"https:\/\/www.notibras.com\/site\/#organization"},"potentialAction":[{"@type":"SearchAction","target":{"@type":"EntryPoint","urlTemplate":"https:\/\/www.notibras.com\/site\/?s={search_term_string}"},"query-input":{"@type":"PropertyValueSpecification","valueRequired":true,"valueName":"search_term_string"}}],"inLanguage":"pt-BR"},{"@type":"Organization","@id":"https:\/\/www.notibras.com\/site\/#organization","name":"Grupo Notibras de Comunica\u00e7\u00e3o","url":"https:\/\/www.notibras.com\/site\/","logo":{"@type":"ImageObject","inLanguage":"pt-BR","@id":"https:\/\/www.notibras.com\/site\/#\/schema\/logo\/image\/","url":"https:\/\/www.notibras.com\/site\/wp-content\/uploads\/2023\/01\/notibras23.png","contentUrl":"https:\/\/www.notibras.com\/site\/wp-content\/uploads\/2023\/01\/notibras23.png","width":350,"height":87,"caption":"Grupo Notibras de Comunica\u00e7\u00e3o"},"image":{"@id":"https:\/\/www.notibras.com\/site\/#\/schema\/logo\/image\/"},"sameAs":["https:\/\/www.facebook.com\/notibras\/","https:\/\/x.com\/Notibras","https:\/\/www.instagram.com\/notibras\/"]},{"@type":"Person","@id":"https:\/\/www.notibras.com\/site\/#\/schema\/person\/36ab0979449956132d3e5b517ea76ac8","name":"Reda\u00e7\u00e3o","image":{"@type":"ImageObject","inLanguage":"pt-BR","@id":"https:\/\/secure.gravatar.com\/avatar\/e0a867bdedb85fd243eadf09663511f96fc81e0720a4a42581f334ad4303aa6b?s=96&d=mm&r=g","url":"https:\/\/secure.gravatar.com\/avatar\/e0a867bdedb85fd243eadf09663511f96fc81e0720a4a42581f334ad4303aa6b?s=96&d=mm&r=g","contentUrl":"https:\/\/secure.gravatar.com\/avatar\/e0a867bdedb85fd243eadf09663511f96fc81e0720a4a42581f334ad4303aa6b?s=96&d=mm&r=g","caption":"Reda\u00e7\u00e3o"}}]}},"amp_enabled":true,"_links":{"self":[{"href":"https:\/\/www.notibras.com\/site\/wp-json\/wp\/v2\/posts\/316713","targetHints":{"allow":["GET"]}}],"collection":[{"href":"https:\/\/www.notibras.com\/site\/wp-json\/wp\/v2\/posts"}],"about":[{"href":"https:\/\/www.notibras.com\/site\/wp-json\/wp\/v2\/types\/post"}],"author":[{"embeddable":true,"href":"https:\/\/www.notibras.com\/site\/wp-json\/wp\/v2\/users\/2"}],"replies":[{"embeddable":true,"href":"https:\/\/www.notibras.com\/site\/wp-json\/wp\/v2\/comments?post=316713"}],"version-history":[{"count":1,"href":"https:\/\/www.notibras.com\/site\/wp-json\/wp\/v2\/posts\/316713\/revisions"}],"predecessor-version":[{"id":316715,"href":"https:\/\/www.notibras.com\/site\/wp-json\/wp\/v2\/posts\/316713\/revisions\/316715"}],"wp:featuredmedia":[{"embeddable":true,"href":"https:\/\/www.notibras.com\/site\/wp-json\/wp\/v2\/media\/316714"}],"wp:attachment":[{"href":"https:\/\/www.notibras.com\/site\/wp-json\/wp\/v2\/media?parent=316713"}],"wp:term":[{"taxonomy":"category","embeddable":true,"href":"https:\/\/www.notibras.com\/site\/wp-json\/wp\/v2\/categories?post=316713"},{"taxonomy":"post_tag","embeddable":true,"href":"https:\/\/www.notibras.com\/site\/wp-json\/wp\/v2\/tags?post=316713"}],"curies":[{"name":"wp","href":"https:\/\/api.w.org\/{rel}","templated":true}]}}