{"id":316716,"date":"2023-11-11T06:18:22","date_gmt":"2023-11-11T09:18:22","guid":{"rendered":"https:\/\/www.notibras.com\/site\/?p=316716"},"modified":"2023-11-11T06:18:22","modified_gmt":"2023-11-11T09:18:22","slug":"ai-que-saudades-que-da-de-colocar-o-pe-em-paqueta","status":"publish","type":"post","link":"https:\/\/www.notibras.com\/site\/ai-que-saudades-que-da-de-colocar-o-pe-em-paqueta\/","title":{"rendered":"&#8216;Ai que saudades que d\u00e1, de colocar o p\u00e9 em Paquet\u00e1&#8217;"},"content":{"rendered":"<p>A neta e o av\u00f4 deixaram Bras\u00edlia e um feriado prolongado e foram a Paquet\u00e1, uma pitoresca ilha na Cidade Maravilhosa. Ele, quando crian\u00e7a, morou ali por alguns anos e, talvez por isso, guardava no peito intenso sentimento nost\u00e1lgico, muito mais comum naqueles com idades superiores aos da maioria de n\u00f3s. A menina, toda animada com a estada naquele para\u00edso aos seus olhos infantis, queria correr para a praia, mas foi contida pela voz suave do velho: &#8220;Mais tarde a gente entra junto. Vamos almo\u00e7ar primeiro&#8221;.<\/p>\n<p>Comeram peixe frito com arroz, deliciosas batatinhas fritas, uma saladinha para rebater aquela comilan\u00e7a. Tudo muito gostoso!!! T\u00e3o delicioso, que os dois ficaram tristes de tanto comer e, deitados numa rede ali mesmo na sacada do hotel, adormeceram.<\/p>\n<p>A neta acordou, olhou para o c\u00e9u. Um c\u00e9u muito azul, daqueles que quase nos obriga a ir para o mar. Ela cutucou a barriga do av\u00f4, que, com os olhos entreabertos, sorriu e abra\u00e7ou a menina. A neta, n\u00e3o satisfeita com aquela rea\u00e7\u00e3o, voltou a cutucar a pan\u00e7a do homem. &#8220;Vamos pra praia, v\u00f4! Voc\u00ea prometeu!&#8221; Ele n\u00e3o teve outra escolha e, ent\u00e3o, ergueu o corpanzil, segurou a pequenina m\u00e3o da garota e, por fim, a seguiu.<\/p>\n<p>J\u00e1 na areia, a neta puxava ainda mais forte a m\u00e3o do av\u00f4, que resistia o quanto podia. &#8220;Vai l\u00e1 na \u00e1gua. Amanh\u00e3 eu entro com voc\u00ea&#8221;. Mesmo contrariada, a menina correu e se jogou no mar. Toda euf\u00f3rica, corria pelo raso e espalhava a \u00e1gua sem qualquer cerim\u00f4nia. O velho, sentado em uma cadeira logo ali sob a prote\u00e7\u00e3o de uma barraca, a tudo via e acenava, de vez em quando, para a neta. A tarde se foi, e os dois retornaram para o hotel, onde conversaram por horas, at\u00e9 que ela adormeceu sem mesmo se lembrar das \u00faltimas palavras do av\u00f4.<\/p>\n<p>Os dias foram passando, a menina sempre implorava para que o av\u00f4 entrasse no mar com ela. Todavia, dia ap\u00f3s dia, ele sempre dava a mesma desculpa: &#8220;Amanh\u00e3 eu entro com voc\u00ea&#8221;. Que nada, ele pregava o bumbum naquela cadeira sob a prote\u00e7\u00e3o da mesma barraca e ali ficava, enquanto a garota corria de um lado para outro, sempre espalhando aquela \u00e1gua salgada. E, quando o sol j\u00e1 estava se pondo, os dois voltavam de m\u00e3os dadas para o hotel, onde o velho contava hist\u00f3rias dos tempos de menino, enquanto a neta a tudo ouvia com muito interesse, at\u00e9 que n\u00e3o conseguia mais segurar o sono e adormecia.<\/p>\n<p>\u00daltimo dia em Paquet\u00e1! Novamente o sol amanheceu quase expulsando os dois da cama. Tomaram o caf\u00e9 da manh\u00e3 e rumaram para a praia. O av\u00f4 estacou em frente \u00e0 cadeira sob a barraca e, para a surpresa da neta, n\u00e3o se sentou. Retirou o chinelo, jogou a camisa sobre a cadeira, segurou a m\u00e3o afoita da neta e foi em dire\u00e7\u00e3o ao mar.<\/p>\n<p>A menina n\u00e3o acreditava naquilo! Finalmente, o av\u00f4 iria entrar no mar com ela. Ainda de m\u00e3os dadas, os dois puseram os p\u00e9s naquela \u00e1gua gelada. &#8220;Que saudade do mar!&#8221;, disse o av\u00f4. Em seguida, voltou para a mesma cadeira sob a mesma barraca. A promessa estava cumprida!<\/p>\n","protected":false},"excerpt":{"rendered":"<p>A neta e o av\u00f4 deixaram Bras\u00edlia e um feriado prolongado e foram a Paquet\u00e1, uma pitoresca ilha na Cidade Maravilhosa. Ele, quando crian\u00e7a, morou ali por alguns anos e, talvez por isso, guardava no peito intenso sentimento nost\u00e1lgico, muito mais comum naqueles com idades superiores aos da maioria de n\u00f3s. A menina, toda animada [&hellip;]<\/p>\n","protected":false},"author":2,"featured_media":316717,"comment_status":"closed","ping_status":"closed","sticky":false,"template":"","format":"standard","meta":{"_acf_changed":false,"footnotes":""},"categories":[161],"tags":[],"class_list":["post-316716","post","type-post","status-publish","format-standard","has-post-thumbnail","hentry","category-quadradinho-em-foco"],"acf":[],"yoast_head":"<!-- This site is optimized with the Yoast SEO plugin v27.2 - https:\/\/yoast.com\/product\/yoast-seo-wordpress\/ -->\n<title>&#039;Ai que saudades que d\u00e1, de colocar o p\u00e9 em Paquet\u00e1&#039; - Notibras<\/title>\n<meta name=\"robots\" content=\"index, follow, max-snippet:-1, max-image-preview:large, max-video-preview:-1\" \/>\n<link rel=\"canonical\" href=\"https:\/\/www.notibras.com\/site\/ai-que-saudades-que-da-de-colocar-o-pe-em-paqueta\/\" \/>\n<meta property=\"og:locale\" content=\"pt_BR\" \/>\n<meta property=\"og:type\" content=\"article\" \/>\n<meta property=\"og:title\" content=\"&#039;Ai que saudades que d\u00e1, de colocar o p\u00e9 em Paquet\u00e1&#039; - Notibras\" \/>\n<meta property=\"og:description\" content=\"A neta e o av\u00f4 deixaram Bras\u00edlia e um feriado prolongado e foram a Paquet\u00e1, uma pitoresca ilha na Cidade Maravilhosa. Ele, quando crian\u00e7a, morou ali por alguns anos e, talvez por isso, guardava no peito intenso sentimento nost\u00e1lgico, muito mais comum naqueles com idades superiores aos da maioria de n\u00f3s. A menina, toda animada [&hellip;]\" \/>\n<meta property=\"og:url\" content=\"https:\/\/www.notibras.com\/site\/ai-que-saudades-que-da-de-colocar-o-pe-em-paqueta\/\" \/>\n<meta property=\"og:site_name\" content=\"Notibras\" \/>\n<meta property=\"article:publisher\" content=\"https:\/\/www.facebook.com\/notibras\/\" \/>\n<meta property=\"article:published_time\" content=\"2023-11-11T09:18:22+00:00\" \/>\n<meta property=\"og:image\" content=\"https:\/\/www.notibras.com\/site\/wp-content\/uploads\/2023\/11\/Praia-de-Sao-Roque-Ilha-de-Paqueta-RJ-Vamos-Trilhar.jpg\" \/>\n\t<meta property=\"og:image:width\" content=\"960\" \/>\n\t<meta property=\"og:image:height\" content=\"720\" \/>\n\t<meta property=\"og:image:type\" content=\"image\/jpeg\" \/>\n<meta name=\"author\" content=\"Reda\u00e7\u00e3o\" \/>\n<meta name=\"twitter:card\" content=\"summary_large_image\" \/>\n<meta name=\"twitter:creator\" content=\"@Notibras\" \/>\n<meta name=\"twitter:site\" content=\"@Notibras\" \/>\n<meta name=\"twitter:label1\" content=\"Escrito por\" \/>\n\t<meta name=\"twitter:data1\" content=\"Reda\u00e7\u00e3o\" \/>\n\t<meta name=\"twitter:label2\" content=\"Est. tempo de leitura\" \/>\n\t<meta name=\"twitter:data2\" content=\"3 minutos\" \/>\n<script type=\"application\/ld+json\" class=\"yoast-schema-graph\">{\"@context\":\"https:\/\/schema.org\",\"@graph\":[{\"@type\":\"Article\",\"@id\":\"https:\/\/www.notibras.com\/site\/ai-que-saudades-que-da-de-colocar-o-pe-em-paqueta\/#article\",\"isPartOf\":{\"@id\":\"https:\/\/www.notibras.com\/site\/ai-que-saudades-que-da-de-colocar-o-pe-em-paqueta\/\"},\"author\":{\"name\":\"Reda\u00e7\u00e3o\",\"@id\":\"https:\/\/www.notibras.com\/site\/#\/schema\/person\/36ab0979449956132d3e5b517ea76ac8\"},\"headline\":\"&#8216;Ai que saudades que d\u00e1, de colocar o p\u00e9 em Paquet\u00e1&#8217;\",\"datePublished\":\"2023-11-11T09:18:22+00:00\",\"mainEntityOfPage\":{\"@id\":\"https:\/\/www.notibras.com\/site\/ai-que-saudades-que-da-de-colocar-o-pe-em-paqueta\/\"},\"wordCount\":568,\"publisher\":{\"@id\":\"https:\/\/www.notibras.com\/site\/#organization\"},\"image\":{\"@id\":\"https:\/\/www.notibras.com\/site\/ai-que-saudades-que-da-de-colocar-o-pe-em-paqueta\/#primaryimage\"},\"thumbnailUrl\":\"https:\/\/www.notibras.com\/site\/wp-content\/uploads\/2023\/11\/Praia-de-Sao-Roque-Ilha-de-Paqueta-RJ-Vamos-Trilhar.jpg\",\"articleSection\":[\"Quadradinho em Foco\"],\"inLanguage\":\"pt-BR\"},{\"@type\":\"WebPage\",\"@id\":\"https:\/\/www.notibras.com\/site\/ai-que-saudades-que-da-de-colocar-o-pe-em-paqueta\/\",\"url\":\"https:\/\/www.notibras.com\/site\/ai-que-saudades-que-da-de-colocar-o-pe-em-paqueta\/\",\"name\":\"'Ai que saudades que d\u00e1, de colocar o p\u00e9 em Paquet\u00e1' - Notibras\",\"isPartOf\":{\"@id\":\"https:\/\/www.notibras.com\/site\/#website\"},\"primaryImageOfPage\":{\"@id\":\"https:\/\/www.notibras.com\/site\/ai-que-saudades-que-da-de-colocar-o-pe-em-paqueta\/#primaryimage\"},\"image\":{\"@id\":\"https:\/\/www.notibras.com\/site\/ai-que-saudades-que-da-de-colocar-o-pe-em-paqueta\/#primaryimage\"},\"thumbnailUrl\":\"https:\/\/www.notibras.com\/site\/wp-content\/uploads\/2023\/11\/Praia-de-Sao-Roque-Ilha-de-Paqueta-RJ-Vamos-Trilhar.jpg\",\"datePublished\":\"2023-11-11T09:18:22+00:00\",\"breadcrumb\":{\"@id\":\"https:\/\/www.notibras.com\/site\/ai-que-saudades-que-da-de-colocar-o-pe-em-paqueta\/#breadcrumb\"},\"inLanguage\":\"pt-BR\",\"potentialAction\":[{\"@type\":\"ReadAction\",\"target\":[\"https:\/\/www.notibras.com\/site\/ai-que-saudades-que-da-de-colocar-o-pe-em-paqueta\/\"]}]},{\"@type\":\"ImageObject\",\"inLanguage\":\"pt-BR\",\"@id\":\"https:\/\/www.notibras.com\/site\/ai-que-saudades-que-da-de-colocar-o-pe-em-paqueta\/#primaryimage\",\"url\":\"https:\/\/www.notibras.com\/site\/wp-content\/uploads\/2023\/11\/Praia-de-Sao-Roque-Ilha-de-Paqueta-RJ-Vamos-Trilhar.jpg\",\"contentUrl\":\"https:\/\/www.notibras.com\/site\/wp-content\/uploads\/2023\/11\/Praia-de-Sao-Roque-Ilha-de-Paqueta-RJ-Vamos-Trilhar.jpg\",\"width\":960,\"height\":720},{\"@type\":\"BreadcrumbList\",\"@id\":\"https:\/\/www.notibras.com\/site\/ai-que-saudades-que-da-de-colocar-o-pe-em-paqueta\/#breadcrumb\",\"itemListElement\":[{\"@type\":\"ListItem\",\"position\":1,\"name\":\"In\u00edcio\",\"item\":\"https:\/\/www.notibras.com\/site\/\"},{\"@type\":\"ListItem\",\"position\":2,\"name\":\"&#8216;Ai que saudades que d\u00e1, de colocar o p\u00e9 em Paquet\u00e1&#8217;\"}]},{\"@type\":\"WebSite\",\"@id\":\"https:\/\/www.notibras.com\/site\/#website\",\"url\":\"https:\/\/www.notibras.com\/site\/\",\"name\":\"Notibras\",\"description\":\"Not\u00edcias de Bras\u00edlia, do Brasil e do Mundo\",\"publisher\":{\"@id\":\"https:\/\/www.notibras.com\/site\/#organization\"},\"potentialAction\":[{\"@type\":\"SearchAction\",\"target\":{\"@type\":\"EntryPoint\",\"urlTemplate\":\"https:\/\/www.notibras.com\/site\/?s={search_term_string}\"},\"query-input\":{\"@type\":\"PropertyValueSpecification\",\"valueRequired\":true,\"valueName\":\"search_term_string\"}}],\"inLanguage\":\"pt-BR\"},{\"@type\":\"Organization\",\"@id\":\"https:\/\/www.notibras.com\/site\/#organization\",\"name\":\"Grupo Notibras de Comunica\u00e7\u00e3o\",\"url\":\"https:\/\/www.notibras.com\/site\/\",\"logo\":{\"@type\":\"ImageObject\",\"inLanguage\":\"pt-BR\",\"@id\":\"https:\/\/www.notibras.com\/site\/#\/schema\/logo\/image\/\",\"url\":\"https:\/\/www.notibras.com\/site\/wp-content\/uploads\/2023\/01\/notibras23.png\",\"contentUrl\":\"https:\/\/www.notibras.com\/site\/wp-content\/uploads\/2023\/01\/notibras23.png\",\"width\":350,\"height\":87,\"caption\":\"Grupo Notibras de Comunica\u00e7\u00e3o\"},\"image\":{\"@id\":\"https:\/\/www.notibras.com\/site\/#\/schema\/logo\/image\/\"},\"sameAs\":[\"https:\/\/www.facebook.com\/notibras\/\",\"https:\/\/x.com\/Notibras\",\"https:\/\/www.instagram.com\/notibras\/\"]},{\"@type\":\"Person\",\"@id\":\"https:\/\/www.notibras.com\/site\/#\/schema\/person\/36ab0979449956132d3e5b517ea76ac8\",\"name\":\"Reda\u00e7\u00e3o\",\"image\":{\"@type\":\"ImageObject\",\"inLanguage\":\"pt-BR\",\"@id\":\"https:\/\/secure.gravatar.com\/avatar\/e0a867bdedb85fd243eadf09663511f96fc81e0720a4a42581f334ad4303aa6b?s=96&d=mm&r=g\",\"url\":\"https:\/\/secure.gravatar.com\/avatar\/e0a867bdedb85fd243eadf09663511f96fc81e0720a4a42581f334ad4303aa6b?s=96&d=mm&r=g\",\"contentUrl\":\"https:\/\/secure.gravatar.com\/avatar\/e0a867bdedb85fd243eadf09663511f96fc81e0720a4a42581f334ad4303aa6b?s=96&d=mm&r=g\",\"caption\":\"Reda\u00e7\u00e3o\"}}]}<\/script>\n<!-- \/ Yoast SEO plugin. -->","yoast_head_json":{"title":"'Ai que saudades que d\u00e1, de colocar o p\u00e9 em Paquet\u00e1' - Notibras","robots":{"index":"index","follow":"follow","max-snippet":"max-snippet:-1","max-image-preview":"max-image-preview:large","max-video-preview":"max-video-preview:-1"},"canonical":"https:\/\/www.notibras.com\/site\/ai-que-saudades-que-da-de-colocar-o-pe-em-paqueta\/","og_locale":"pt_BR","og_type":"article","og_title":"'Ai que saudades que d\u00e1, de colocar o p\u00e9 em Paquet\u00e1' - Notibras","og_description":"A neta e o av\u00f4 deixaram Bras\u00edlia e um feriado prolongado e foram a Paquet\u00e1, uma pitoresca ilha na Cidade Maravilhosa. Ele, quando crian\u00e7a, morou ali por alguns anos e, talvez por isso, guardava no peito intenso sentimento nost\u00e1lgico, muito mais comum naqueles com idades superiores aos da maioria de n\u00f3s. A menina, toda animada [&hellip;]","og_url":"https:\/\/www.notibras.com\/site\/ai-que-saudades-que-da-de-colocar-o-pe-em-paqueta\/","og_site_name":"Notibras","article_publisher":"https:\/\/www.facebook.com\/notibras\/","article_published_time":"2023-11-11T09:18:22+00:00","og_image":[{"width":960,"height":720,"url":"https:\/\/www.notibras.com\/site\/wp-content\/uploads\/2023\/11\/Praia-de-Sao-Roque-Ilha-de-Paqueta-RJ-Vamos-Trilhar.jpg","type":"image\/jpeg"}],"author":"Reda\u00e7\u00e3o","twitter_card":"summary_large_image","twitter_creator":"@Notibras","twitter_site":"@Notibras","twitter_misc":{"Escrito por":"Reda\u00e7\u00e3o","Est. tempo de leitura":"3 minutos"},"schema":{"@context":"https:\/\/schema.org","@graph":[{"@type":"Article","@id":"https:\/\/www.notibras.com\/site\/ai-que-saudades-que-da-de-colocar-o-pe-em-paqueta\/#article","isPartOf":{"@id":"https:\/\/www.notibras.com\/site\/ai-que-saudades-que-da-de-colocar-o-pe-em-paqueta\/"},"author":{"name":"Reda\u00e7\u00e3o","@id":"https:\/\/www.notibras.com\/site\/#\/schema\/person\/36ab0979449956132d3e5b517ea76ac8"},"headline":"&#8216;Ai que saudades que d\u00e1, de colocar o p\u00e9 em Paquet\u00e1&#8217;","datePublished":"2023-11-11T09:18:22+00:00","mainEntityOfPage":{"@id":"https:\/\/www.notibras.com\/site\/ai-que-saudades-que-da-de-colocar-o-pe-em-paqueta\/"},"wordCount":568,"publisher":{"@id":"https:\/\/www.notibras.com\/site\/#organization"},"image":{"@id":"https:\/\/www.notibras.com\/site\/ai-que-saudades-que-da-de-colocar-o-pe-em-paqueta\/#primaryimage"},"thumbnailUrl":"https:\/\/www.notibras.com\/site\/wp-content\/uploads\/2023\/11\/Praia-de-Sao-Roque-Ilha-de-Paqueta-RJ-Vamos-Trilhar.jpg","articleSection":["Quadradinho em Foco"],"inLanguage":"pt-BR"},{"@type":"WebPage","@id":"https:\/\/www.notibras.com\/site\/ai-que-saudades-que-da-de-colocar-o-pe-em-paqueta\/","url":"https:\/\/www.notibras.com\/site\/ai-que-saudades-que-da-de-colocar-o-pe-em-paqueta\/","name":"'Ai que saudades que d\u00e1, de colocar o p\u00e9 em Paquet\u00e1' - Notibras","isPartOf":{"@id":"https:\/\/www.notibras.com\/site\/#website"},"primaryImageOfPage":{"@id":"https:\/\/www.notibras.com\/site\/ai-que-saudades-que-da-de-colocar-o-pe-em-paqueta\/#primaryimage"},"image":{"@id":"https:\/\/www.notibras.com\/site\/ai-que-saudades-que-da-de-colocar-o-pe-em-paqueta\/#primaryimage"},"thumbnailUrl":"https:\/\/www.notibras.com\/site\/wp-content\/uploads\/2023\/11\/Praia-de-Sao-Roque-Ilha-de-Paqueta-RJ-Vamos-Trilhar.jpg","datePublished":"2023-11-11T09:18:22+00:00","breadcrumb":{"@id":"https:\/\/www.notibras.com\/site\/ai-que-saudades-que-da-de-colocar-o-pe-em-paqueta\/#breadcrumb"},"inLanguage":"pt-BR","potentialAction":[{"@type":"ReadAction","target":["https:\/\/www.notibras.com\/site\/ai-que-saudades-que-da-de-colocar-o-pe-em-paqueta\/"]}]},{"@type":"ImageObject","inLanguage":"pt-BR","@id":"https:\/\/www.notibras.com\/site\/ai-que-saudades-que-da-de-colocar-o-pe-em-paqueta\/#primaryimage","url":"https:\/\/www.notibras.com\/site\/wp-content\/uploads\/2023\/11\/Praia-de-Sao-Roque-Ilha-de-Paqueta-RJ-Vamos-Trilhar.jpg","contentUrl":"https:\/\/www.notibras.com\/site\/wp-content\/uploads\/2023\/11\/Praia-de-Sao-Roque-Ilha-de-Paqueta-RJ-Vamos-Trilhar.jpg","width":960,"height":720},{"@type":"BreadcrumbList","@id":"https:\/\/www.notibras.com\/site\/ai-que-saudades-que-da-de-colocar-o-pe-em-paqueta\/#breadcrumb","itemListElement":[{"@type":"ListItem","position":1,"name":"In\u00edcio","item":"https:\/\/www.notibras.com\/site\/"},{"@type":"ListItem","position":2,"name":"&#8216;Ai que saudades que d\u00e1, de colocar o p\u00e9 em Paquet\u00e1&#8217;"}]},{"@type":"WebSite","@id":"https:\/\/www.notibras.com\/site\/#website","url":"https:\/\/www.notibras.com\/site\/","name":"Notibras","description":"Not\u00edcias de Bras\u00edlia, do Brasil e do Mundo","publisher":{"@id":"https:\/\/www.notibras.com\/site\/#organization"},"potentialAction":[{"@type":"SearchAction","target":{"@type":"EntryPoint","urlTemplate":"https:\/\/www.notibras.com\/site\/?s={search_term_string}"},"query-input":{"@type":"PropertyValueSpecification","valueRequired":true,"valueName":"search_term_string"}}],"inLanguage":"pt-BR"},{"@type":"Organization","@id":"https:\/\/www.notibras.com\/site\/#organization","name":"Grupo Notibras de Comunica\u00e7\u00e3o","url":"https:\/\/www.notibras.com\/site\/","logo":{"@type":"ImageObject","inLanguage":"pt-BR","@id":"https:\/\/www.notibras.com\/site\/#\/schema\/logo\/image\/","url":"https:\/\/www.notibras.com\/site\/wp-content\/uploads\/2023\/01\/notibras23.png","contentUrl":"https:\/\/www.notibras.com\/site\/wp-content\/uploads\/2023\/01\/notibras23.png","width":350,"height":87,"caption":"Grupo Notibras de Comunica\u00e7\u00e3o"},"image":{"@id":"https:\/\/www.notibras.com\/site\/#\/schema\/logo\/image\/"},"sameAs":["https:\/\/www.facebook.com\/notibras\/","https:\/\/x.com\/Notibras","https:\/\/www.instagram.com\/notibras\/"]},{"@type":"Person","@id":"https:\/\/www.notibras.com\/site\/#\/schema\/person\/36ab0979449956132d3e5b517ea76ac8","name":"Reda\u00e7\u00e3o","image":{"@type":"ImageObject","inLanguage":"pt-BR","@id":"https:\/\/secure.gravatar.com\/avatar\/e0a867bdedb85fd243eadf09663511f96fc81e0720a4a42581f334ad4303aa6b?s=96&d=mm&r=g","url":"https:\/\/secure.gravatar.com\/avatar\/e0a867bdedb85fd243eadf09663511f96fc81e0720a4a42581f334ad4303aa6b?s=96&d=mm&r=g","contentUrl":"https:\/\/secure.gravatar.com\/avatar\/e0a867bdedb85fd243eadf09663511f96fc81e0720a4a42581f334ad4303aa6b?s=96&d=mm&r=g","caption":"Reda\u00e7\u00e3o"}}]}},"amp_enabled":true,"_links":{"self":[{"href":"https:\/\/www.notibras.com\/site\/wp-json\/wp\/v2\/posts\/316716","targetHints":{"allow":["GET"]}}],"collection":[{"href":"https:\/\/www.notibras.com\/site\/wp-json\/wp\/v2\/posts"}],"about":[{"href":"https:\/\/www.notibras.com\/site\/wp-json\/wp\/v2\/types\/post"}],"author":[{"embeddable":true,"href":"https:\/\/www.notibras.com\/site\/wp-json\/wp\/v2\/users\/2"}],"replies":[{"embeddable":true,"href":"https:\/\/www.notibras.com\/site\/wp-json\/wp\/v2\/comments?post=316716"}],"version-history":[{"count":1,"href":"https:\/\/www.notibras.com\/site\/wp-json\/wp\/v2\/posts\/316716\/revisions"}],"predecessor-version":[{"id":316718,"href":"https:\/\/www.notibras.com\/site\/wp-json\/wp\/v2\/posts\/316716\/revisions\/316718"}],"wp:featuredmedia":[{"embeddable":true,"href":"https:\/\/www.notibras.com\/site\/wp-json\/wp\/v2\/media\/316717"}],"wp:attachment":[{"href":"https:\/\/www.notibras.com\/site\/wp-json\/wp\/v2\/media?parent=316716"}],"wp:term":[{"taxonomy":"category","embeddable":true,"href":"https:\/\/www.notibras.com\/site\/wp-json\/wp\/v2\/categories?post=316716"},{"taxonomy":"post_tag","embeddable":true,"href":"https:\/\/www.notibras.com\/site\/wp-json\/wp\/v2\/tags?post=316716"}],"curies":[{"name":"wp","href":"https:\/\/api.w.org\/{rel}","templated":true}]}}