{"id":316737,"date":"2023-11-11T13:40:01","date_gmt":"2023-11-11T16:40:01","guid":{"rendered":"https:\/\/www.notibras.com\/site\/?p=316737"},"modified":"2023-11-11T14:01:46","modified_gmt":"2023-11-11T17:01:46","slug":"estudantes-voltam-as-salas-para-encarar-provas-finais","status":"publish","type":"post","link":"https:\/\/www.notibras.com\/site\/estudantes-voltam-as-salas-para-encarar-provas-finais\/","title":{"rendered":"Estudantes voltam \u00e0s salas para encarar provas finais"},"content":{"rendered":"<p>Milhares de estudantes voltar\u00e3o neste domingo, 12, \u00e0s salas de aplica\u00e7\u00e3o do Exame Nacional do Ensino M\u00e9dio (Enem) para fazer as quest\u00f5es do segundo e \u00faltimo dia de prova. Agora, ser\u00e3o resolvidas as quest\u00f5es de matem\u00e1tica e de ci\u00eancias da natureza. Para isso, ter\u00e3o 5 horas. A um dia da prova, verifique o que levar e o que n\u00e3o levar e os hor\u00e1rios do exame.<\/p>\n<p>\u00c9 obrigat\u00f3rio levar caneta esferogr\u00e1fica de tinta preta, fabricada em material transparente, e documento de identifica\u00e7\u00e3o v\u00e1lido, f\u00edsico ou digital. Tamb\u00e9m \u00e9 aconselh\u00e1vel levar o cart\u00e3o de confirma\u00e7\u00e3o de inscri\u00e7\u00e3o.<\/p>\n<p>Entre os documentos de identifica\u00e7\u00e3o v\u00e1lidos est\u00e3o c\u00e9dulas de Identidade, identidade expedida pelo Minist\u00e9rio da Justi\u00e7a para estrangeiros, Carteira de Registro Nacional Migrat\u00f3rio, documento provis\u00f3rio de Registro Nacional Migrat\u00f3rio, identifica\u00e7\u00e3o fornecida por ordens ou conselhos de classes que, por lei, tenham validade como documento de identidade, passaporte e Carteira Nacional de Habilita\u00e7\u00e3o, Carteira de Trabalho e Previd\u00eancia Social emitida ap\u00f3s 27 de janeiro de 1997.<\/p>\n<p>Tamb\u00e9m s\u00e3o aceitos os documentos digitais e-T\u00edtulo, Carteira Nacional de Habilita\u00e7\u00e3o Digital e RG Digital, desde que apresentados nos respectivos aplicativos oficiais. Capturas de telas n\u00e3o ser\u00e3o aceitas.<\/p>\n<p>\u00c9 recomendado que os candidatos levem lanches e \u00e1gua, uma vez que se trata de uma prova longa.<\/p>\n<p>D<strong>eclara\u00e7\u00e3o de comparecimento<\/strong><br \/>\nPara quem precisa justificar sua presen\u00e7a no exame, o Instituto Nacional de Estudos e Pesquisas Educacionais An\u00edsio Teixeira (Inep) oferece uma declara\u00e7\u00e3o de comparecimento.<\/p>\n<p>A declara\u00e7\u00e3o est\u00e1 dispon\u00edvel na P\u00e1gina do Participante. \u00c9 preciso imprimir a declara\u00e7\u00e3o e leva-la no dia do exame. Ela deve ser assinada pelo aplicador.<\/p>\n<p><strong>Hor\u00e1rio<\/strong><br \/>\nA abertura dos port\u00f5es ser\u00e1 \u00e0s 12h e o fechamento, \u00e0s 13h, pelo hor\u00e1rio de Bras\u00edlia. \u00c9 proibida a entrada do participante ap\u00f3s o fechamento dos port\u00f5es. O in\u00edcio da prova est\u00e1 marcado para as 13h30. Neste domingo, a prova termina \u00e0s 18h30. A partir das 18h \u00e9 permitido sair com o caderno de provas.<\/p>\n<p><strong>Elimina\u00e7\u00e3o<\/strong><br \/>\nSegundo estabelecido no edital do Enem, alguns objetos n\u00e3o podem permanecer com os candidatos durante a prova. Ao ingressar na sala de provas, o candidato dever\u00e1 guardar no envelope porta-objetos todos os seus pertences como \u00f3culos escuros, chap\u00e9u, caneta de material n\u00e3o transparente, l\u00e1pis, lapiseira, borrachas, r\u00e9guas, corretivos, livros, chaves e qualquer equipamento eletr\u00f4nico (que dever\u00e1 estar desligado). Quem n\u00e3o seguir essa regra tamb\u00e9m pode ser eliminado da prova. Se o aparelho eletr\u00f4nico, ainda que dentro do envelope porta-objetos, emitir qualquer tipo de som, como toque ou alarme, o participante ser\u00e1 eliminado.<\/p>\n<p>No dia da prova, os candidatos ser\u00e3o submetidos \u00e0 revista eletr\u00f4nica, e os objetos e lanches tamb\u00e9m ser\u00e3o vistoriados. A recusa sem justificativa dessas vistorias pode ser motivo de elimina\u00e7\u00e3o. Tamb\u00e9m \u00e9 preciso prestar aten\u00e7\u00e3o aos documentos exigidos, pois a perman\u00eancia no local de prova sem documento de identifica\u00e7\u00e3o v\u00e1lido pode eliminar o candidato.<\/p>\n<p>Ser\u00e1 eliminado do Enem o participante que se comunicar de qualquer forma com qualquer pessoa que n\u00e3o seja o aplicador da prova ou utilizar livros, notas, pap\u00e9is ou impressos durante a aplica\u00e7\u00e3o do exame. Tamb\u00e9m n\u00e3o pode registrar ou divulgar, por imagem ou som, a realiza\u00e7\u00e3o da prova ou qualquer material utilizado no exame.<\/p>\n<p>Sair da sala de provas a partir das 13h sem o acompanhamento de um fiscal ou ir embora do local antes de ter passado duas horas do in\u00edcio das provas tamb\u00e9m podem eliminar o candidato. Isso tamb\u00e9m vale para quem iniciar as provas antes das 13h30 ou da autoriza\u00e7\u00e3o do aplicador.<\/p>\n<p><strong>Enem 2023<\/strong><br \/>\nO Enem come\u00e7ou a ser aplicado no \u00faltimo domingo (5), quando os estudantes fizeram as provas de linguagens, ci\u00eancias humanas e reda\u00e7\u00e3o. As provas seguem neste domingo (12), em mais de 1,7 mil munic\u00edpios de todo o pa\u00eds. Mais de 3,9 milh\u00f5es de candidatos est\u00e3o inscritos e cerca de 2,8 milh\u00f5es compareceram ao primeiro dia de prova.<\/p>\n<p>As notas do Enem podem ser usadas para concorrer a vagas em universidades p\u00fablicas pelo Sistema Sele\u00e7\u00e3o Unificada (Sisu), a bolsas de estudo em institui\u00e7\u00f5es privadas de ensino superior pelo Programa Universidade para Todos (ProUni) e para obter financiamento estudantil pelo Fundo de Financiamento Estudantil (Fies). Pode ser usado tamb\u00e9m para acessa o ensino superior em universidades estrangeiras.<\/p>\n","protected":false},"excerpt":{"rendered":"<p>Milhares de estudantes voltar\u00e3o neste domingo, 12, \u00e0s salas de aplica\u00e7\u00e3o do Exame Nacional do Ensino M\u00e9dio (Enem) para fazer as quest\u00f5es do segundo e \u00faltimo dia de prova. Agora, ser\u00e3o resolvidas as quest\u00f5es de matem\u00e1tica e de ci\u00eancias da natureza. Para isso, ter\u00e3o 5 horas. A um dia da prova, verifique o que levar [&hellip;]<\/p>\n","protected":false},"author":2,"featured_media":316738,"comment_status":"closed","ping_status":"closed","sticky":false,"template":"","format":"standard","meta":{"_acf_changed":false,"footnotes":""},"categories":[161],"tags":[95],"class_list":["post-316737","post","type-post","status-publish","format-standard","has-post-thumbnail","hentry","category-quadradinho-em-foco","tag-capa"],"acf":[],"yoast_head":"<!-- This site is optimized with the Yoast SEO plugin v27.2 - https:\/\/yoast.com\/product\/yoast-seo-wordpress\/ -->\n<title>Estudantes voltam \u00e0s salas para encarar provas finais - Notibras<\/title>\n<meta name=\"robots\" content=\"index, follow, max-snippet:-1, max-image-preview:large, max-video-preview:-1\" \/>\n<link rel=\"canonical\" href=\"https:\/\/www.notibras.com\/site\/estudantes-voltam-as-salas-para-encarar-provas-finais\/\" \/>\n<meta property=\"og:locale\" content=\"pt_BR\" \/>\n<meta property=\"og:type\" content=\"article\" \/>\n<meta property=\"og:title\" content=\"Estudantes voltam \u00e0s salas para encarar provas finais - Notibras\" \/>\n<meta property=\"og:description\" content=\"Milhares de estudantes voltar\u00e3o neste domingo, 12, \u00e0s salas de aplica\u00e7\u00e3o do Exame Nacional do Ensino M\u00e9dio (Enem) para fazer as quest\u00f5es do segundo e \u00faltimo dia de prova. Agora, ser\u00e3o resolvidas as quest\u00f5es de matem\u00e1tica e de ci\u00eancias da natureza. Para isso, ter\u00e3o 5 horas. A um dia da prova, verifique o que levar [&hellip;]\" \/>\n<meta property=\"og:url\" content=\"https:\/\/www.notibras.com\/site\/estudantes-voltam-as-salas-para-encarar-provas-finais\/\" \/>\n<meta property=\"og:site_name\" content=\"Notibras\" \/>\n<meta property=\"article:publisher\" content=\"https:\/\/www.facebook.com\/notibras\/\" \/>\n<meta property=\"article:published_time\" content=\"2023-11-11T16:40:01+00:00\" \/>\n<meta property=\"article:modified_time\" content=\"2023-11-11T17:01:46+00:00\" \/>\n<meta property=\"og:image\" content=\"https:\/\/www.notibras.com\/site\/wp-content\/uploads\/2023\/11\/enem.12.webp\" \/>\n\t<meta property=\"og:image:width\" content=\"770\" \/>\n\t<meta property=\"og:image:height\" content=\"513\" \/>\n\t<meta property=\"og:image:type\" content=\"image\/webp\" \/>\n<meta name=\"author\" content=\"Reda\u00e7\u00e3o\" \/>\n<meta name=\"twitter:card\" content=\"summary_large_image\" \/>\n<meta name=\"twitter:creator\" content=\"@Notibras\" \/>\n<meta name=\"twitter:site\" content=\"@Notibras\" \/>\n<meta name=\"twitter:label1\" content=\"Escrito por\" \/>\n\t<meta name=\"twitter:data1\" content=\"Reda\u00e7\u00e3o\" \/>\n\t<meta name=\"twitter:label2\" content=\"Est. tempo de leitura\" \/>\n\t<meta name=\"twitter:data2\" content=\"4 minutos\" \/>\n<script type=\"application\/ld+json\" class=\"yoast-schema-graph\">{\"@context\":\"https:\/\/schema.org\",\"@graph\":[{\"@type\":\"Article\",\"@id\":\"https:\/\/www.notibras.com\/site\/estudantes-voltam-as-salas-para-encarar-provas-finais\/#article\",\"isPartOf\":{\"@id\":\"https:\/\/www.notibras.com\/site\/estudantes-voltam-as-salas-para-encarar-provas-finais\/\"},\"author\":{\"name\":\"Reda\u00e7\u00e3o\",\"@id\":\"https:\/\/www.notibras.com\/site\/#\/schema\/person\/36ab0979449956132d3e5b517ea76ac8\"},\"headline\":\"Estudantes voltam \u00e0s salas para encarar provas finais\",\"datePublished\":\"2023-11-11T16:40:01+00:00\",\"dateModified\":\"2023-11-11T17:01:46+00:00\",\"mainEntityOfPage\":{\"@id\":\"https:\/\/www.notibras.com\/site\/estudantes-voltam-as-salas-para-encarar-provas-finais\/\"},\"wordCount\":770,\"publisher\":{\"@id\":\"https:\/\/www.notibras.com\/site\/#organization\"},\"image\":{\"@id\":\"https:\/\/www.notibras.com\/site\/estudantes-voltam-as-salas-para-encarar-provas-finais\/#primaryimage\"},\"thumbnailUrl\":\"https:\/\/www.notibras.com\/site\/wp-content\/uploads\/2023\/11\/enem.12.webp\",\"keywords\":[\"capa\"],\"articleSection\":[\"Quadradinho em Foco\"],\"inLanguage\":\"pt-BR\"},{\"@type\":\"WebPage\",\"@id\":\"https:\/\/www.notibras.com\/site\/estudantes-voltam-as-salas-para-encarar-provas-finais\/\",\"url\":\"https:\/\/www.notibras.com\/site\/estudantes-voltam-as-salas-para-encarar-provas-finais\/\",\"name\":\"Estudantes voltam \u00e0s salas para encarar provas finais - Notibras\",\"isPartOf\":{\"@id\":\"https:\/\/www.notibras.com\/site\/#website\"},\"primaryImageOfPage\":{\"@id\":\"https:\/\/www.notibras.com\/site\/estudantes-voltam-as-salas-para-encarar-provas-finais\/#primaryimage\"},\"image\":{\"@id\":\"https:\/\/www.notibras.com\/site\/estudantes-voltam-as-salas-para-encarar-provas-finais\/#primaryimage\"},\"thumbnailUrl\":\"https:\/\/www.notibras.com\/site\/wp-content\/uploads\/2023\/11\/enem.12.webp\",\"datePublished\":\"2023-11-11T16:40:01+00:00\",\"dateModified\":\"2023-11-11T17:01:46+00:00\",\"breadcrumb\":{\"@id\":\"https:\/\/www.notibras.com\/site\/estudantes-voltam-as-salas-para-encarar-provas-finais\/#breadcrumb\"},\"inLanguage\":\"pt-BR\",\"potentialAction\":[{\"@type\":\"ReadAction\",\"target\":[\"https:\/\/www.notibras.com\/site\/estudantes-voltam-as-salas-para-encarar-provas-finais\/\"]}]},{\"@type\":\"ImageObject\",\"inLanguage\":\"pt-BR\",\"@id\":\"https:\/\/www.notibras.com\/site\/estudantes-voltam-as-salas-para-encarar-provas-finais\/#primaryimage\",\"url\":\"https:\/\/www.notibras.com\/site\/wp-content\/uploads\/2023\/11\/enem.12.webp\",\"contentUrl\":\"https:\/\/www.notibras.com\/site\/wp-content\/uploads\/2023\/11\/enem.12.webp\",\"width\":770,\"height\":513},{\"@type\":\"BreadcrumbList\",\"@id\":\"https:\/\/www.notibras.com\/site\/estudantes-voltam-as-salas-para-encarar-provas-finais\/#breadcrumb\",\"itemListElement\":[{\"@type\":\"ListItem\",\"position\":1,\"name\":\"In\u00edcio\",\"item\":\"https:\/\/www.notibras.com\/site\/\"},{\"@type\":\"ListItem\",\"position\":2,\"name\":\"Estudantes voltam \u00e0s salas para encarar provas finais\"}]},{\"@type\":\"WebSite\",\"@id\":\"https:\/\/www.notibras.com\/site\/#website\",\"url\":\"https:\/\/www.notibras.com\/site\/\",\"name\":\"Notibras\",\"description\":\"Not\u00edcias de Bras\u00edlia, do Brasil e do Mundo\",\"publisher\":{\"@id\":\"https:\/\/www.notibras.com\/site\/#organization\"},\"potentialAction\":[{\"@type\":\"SearchAction\",\"target\":{\"@type\":\"EntryPoint\",\"urlTemplate\":\"https:\/\/www.notibras.com\/site\/?s={search_term_string}\"},\"query-input\":{\"@type\":\"PropertyValueSpecification\",\"valueRequired\":true,\"valueName\":\"search_term_string\"}}],\"inLanguage\":\"pt-BR\"},{\"@type\":\"Organization\",\"@id\":\"https:\/\/www.notibras.com\/site\/#organization\",\"name\":\"Grupo Notibras de Comunica\u00e7\u00e3o\",\"url\":\"https:\/\/www.notibras.com\/site\/\",\"logo\":{\"@type\":\"ImageObject\",\"inLanguage\":\"pt-BR\",\"@id\":\"https:\/\/www.notibras.com\/site\/#\/schema\/logo\/image\/\",\"url\":\"https:\/\/www.notibras.com\/site\/wp-content\/uploads\/2023\/01\/notibras23.png\",\"contentUrl\":\"https:\/\/www.notibras.com\/site\/wp-content\/uploads\/2023\/01\/notibras23.png\",\"width\":350,\"height\":87,\"caption\":\"Grupo Notibras de Comunica\u00e7\u00e3o\"},\"image\":{\"@id\":\"https:\/\/www.notibras.com\/site\/#\/schema\/logo\/image\/\"},\"sameAs\":[\"https:\/\/www.facebook.com\/notibras\/\",\"https:\/\/x.com\/Notibras\",\"https:\/\/www.instagram.com\/notibras\/\"]},{\"@type\":\"Person\",\"@id\":\"https:\/\/www.notibras.com\/site\/#\/schema\/person\/36ab0979449956132d3e5b517ea76ac8\",\"name\":\"Reda\u00e7\u00e3o\",\"image\":{\"@type\":\"ImageObject\",\"inLanguage\":\"pt-BR\",\"@id\":\"https:\/\/secure.gravatar.com\/avatar\/e0a867bdedb85fd243eadf09663511f96fc81e0720a4a42581f334ad4303aa6b?s=96&d=mm&r=g\",\"url\":\"https:\/\/secure.gravatar.com\/avatar\/e0a867bdedb85fd243eadf09663511f96fc81e0720a4a42581f334ad4303aa6b?s=96&d=mm&r=g\",\"contentUrl\":\"https:\/\/secure.gravatar.com\/avatar\/e0a867bdedb85fd243eadf09663511f96fc81e0720a4a42581f334ad4303aa6b?s=96&d=mm&r=g\",\"caption\":\"Reda\u00e7\u00e3o\"}}]}<\/script>\n<!-- \/ Yoast SEO plugin. -->","yoast_head_json":{"title":"Estudantes voltam \u00e0s salas para encarar provas finais - Notibras","robots":{"index":"index","follow":"follow","max-snippet":"max-snippet:-1","max-image-preview":"max-image-preview:large","max-video-preview":"max-video-preview:-1"},"canonical":"https:\/\/www.notibras.com\/site\/estudantes-voltam-as-salas-para-encarar-provas-finais\/","og_locale":"pt_BR","og_type":"article","og_title":"Estudantes voltam \u00e0s salas para encarar provas finais - Notibras","og_description":"Milhares de estudantes voltar\u00e3o neste domingo, 12, \u00e0s salas de aplica\u00e7\u00e3o do Exame Nacional do Ensino M\u00e9dio (Enem) para fazer as quest\u00f5es do segundo e \u00faltimo dia de prova. Agora, ser\u00e3o resolvidas as quest\u00f5es de matem\u00e1tica e de ci\u00eancias da natureza. Para isso, ter\u00e3o 5 horas. A um dia da prova, verifique o que levar [&hellip;]","og_url":"https:\/\/www.notibras.com\/site\/estudantes-voltam-as-salas-para-encarar-provas-finais\/","og_site_name":"Notibras","article_publisher":"https:\/\/www.facebook.com\/notibras\/","article_published_time":"2023-11-11T16:40:01+00:00","article_modified_time":"2023-11-11T17:01:46+00:00","og_image":[{"width":770,"height":513,"url":"https:\/\/www.notibras.com\/site\/wp-content\/uploads\/2023\/11\/enem.12.webp","type":"image\/webp"}],"author":"Reda\u00e7\u00e3o","twitter_card":"summary_large_image","twitter_creator":"@Notibras","twitter_site":"@Notibras","twitter_misc":{"Escrito por":"Reda\u00e7\u00e3o","Est. tempo de leitura":"4 minutos"},"schema":{"@context":"https:\/\/schema.org","@graph":[{"@type":"Article","@id":"https:\/\/www.notibras.com\/site\/estudantes-voltam-as-salas-para-encarar-provas-finais\/#article","isPartOf":{"@id":"https:\/\/www.notibras.com\/site\/estudantes-voltam-as-salas-para-encarar-provas-finais\/"},"author":{"name":"Reda\u00e7\u00e3o","@id":"https:\/\/www.notibras.com\/site\/#\/schema\/person\/36ab0979449956132d3e5b517ea76ac8"},"headline":"Estudantes voltam \u00e0s salas para encarar provas finais","datePublished":"2023-11-11T16:40:01+00:00","dateModified":"2023-11-11T17:01:46+00:00","mainEntityOfPage":{"@id":"https:\/\/www.notibras.com\/site\/estudantes-voltam-as-salas-para-encarar-provas-finais\/"},"wordCount":770,"publisher":{"@id":"https:\/\/www.notibras.com\/site\/#organization"},"image":{"@id":"https:\/\/www.notibras.com\/site\/estudantes-voltam-as-salas-para-encarar-provas-finais\/#primaryimage"},"thumbnailUrl":"https:\/\/www.notibras.com\/site\/wp-content\/uploads\/2023\/11\/enem.12.webp","keywords":["capa"],"articleSection":["Quadradinho em Foco"],"inLanguage":"pt-BR"},{"@type":"WebPage","@id":"https:\/\/www.notibras.com\/site\/estudantes-voltam-as-salas-para-encarar-provas-finais\/","url":"https:\/\/www.notibras.com\/site\/estudantes-voltam-as-salas-para-encarar-provas-finais\/","name":"Estudantes voltam \u00e0s salas para encarar provas finais - Notibras","isPartOf":{"@id":"https:\/\/www.notibras.com\/site\/#website"},"primaryImageOfPage":{"@id":"https:\/\/www.notibras.com\/site\/estudantes-voltam-as-salas-para-encarar-provas-finais\/#primaryimage"},"image":{"@id":"https:\/\/www.notibras.com\/site\/estudantes-voltam-as-salas-para-encarar-provas-finais\/#primaryimage"},"thumbnailUrl":"https:\/\/www.notibras.com\/site\/wp-content\/uploads\/2023\/11\/enem.12.webp","datePublished":"2023-11-11T16:40:01+00:00","dateModified":"2023-11-11T17:01:46+00:00","breadcrumb":{"@id":"https:\/\/www.notibras.com\/site\/estudantes-voltam-as-salas-para-encarar-provas-finais\/#breadcrumb"},"inLanguage":"pt-BR","potentialAction":[{"@type":"ReadAction","target":["https:\/\/www.notibras.com\/site\/estudantes-voltam-as-salas-para-encarar-provas-finais\/"]}]},{"@type":"ImageObject","inLanguage":"pt-BR","@id":"https:\/\/www.notibras.com\/site\/estudantes-voltam-as-salas-para-encarar-provas-finais\/#primaryimage","url":"https:\/\/www.notibras.com\/site\/wp-content\/uploads\/2023\/11\/enem.12.webp","contentUrl":"https:\/\/www.notibras.com\/site\/wp-content\/uploads\/2023\/11\/enem.12.webp","width":770,"height":513},{"@type":"BreadcrumbList","@id":"https:\/\/www.notibras.com\/site\/estudantes-voltam-as-salas-para-encarar-provas-finais\/#breadcrumb","itemListElement":[{"@type":"ListItem","position":1,"name":"In\u00edcio","item":"https:\/\/www.notibras.com\/site\/"},{"@type":"ListItem","position":2,"name":"Estudantes voltam \u00e0s salas para encarar provas finais"}]},{"@type":"WebSite","@id":"https:\/\/www.notibras.com\/site\/#website","url":"https:\/\/www.notibras.com\/site\/","name":"Notibras","description":"Not\u00edcias de Bras\u00edlia, do Brasil e do Mundo","publisher":{"@id":"https:\/\/www.notibras.com\/site\/#organization"},"potentialAction":[{"@type":"SearchAction","target":{"@type":"EntryPoint","urlTemplate":"https:\/\/www.notibras.com\/site\/?s={search_term_string}"},"query-input":{"@type":"PropertyValueSpecification","valueRequired":true,"valueName":"search_term_string"}}],"inLanguage":"pt-BR"},{"@type":"Organization","@id":"https:\/\/www.notibras.com\/site\/#organization","name":"Grupo Notibras de Comunica\u00e7\u00e3o","url":"https:\/\/www.notibras.com\/site\/","logo":{"@type":"ImageObject","inLanguage":"pt-BR","@id":"https:\/\/www.notibras.com\/site\/#\/schema\/logo\/image\/","url":"https:\/\/www.notibras.com\/site\/wp-content\/uploads\/2023\/01\/notibras23.png","contentUrl":"https:\/\/www.notibras.com\/site\/wp-content\/uploads\/2023\/01\/notibras23.png","width":350,"height":87,"caption":"Grupo Notibras de Comunica\u00e7\u00e3o"},"image":{"@id":"https:\/\/www.notibras.com\/site\/#\/schema\/logo\/image\/"},"sameAs":["https:\/\/www.facebook.com\/notibras\/","https:\/\/x.com\/Notibras","https:\/\/www.instagram.com\/notibras\/"]},{"@type":"Person","@id":"https:\/\/www.notibras.com\/site\/#\/schema\/person\/36ab0979449956132d3e5b517ea76ac8","name":"Reda\u00e7\u00e3o","image":{"@type":"ImageObject","inLanguage":"pt-BR","@id":"https:\/\/secure.gravatar.com\/avatar\/e0a867bdedb85fd243eadf09663511f96fc81e0720a4a42581f334ad4303aa6b?s=96&d=mm&r=g","url":"https:\/\/secure.gravatar.com\/avatar\/e0a867bdedb85fd243eadf09663511f96fc81e0720a4a42581f334ad4303aa6b?s=96&d=mm&r=g","contentUrl":"https:\/\/secure.gravatar.com\/avatar\/e0a867bdedb85fd243eadf09663511f96fc81e0720a4a42581f334ad4303aa6b?s=96&d=mm&r=g","caption":"Reda\u00e7\u00e3o"}}]}},"amp_enabled":true,"_links":{"self":[{"href":"https:\/\/www.notibras.com\/site\/wp-json\/wp\/v2\/posts\/316737","targetHints":{"allow":["GET"]}}],"collection":[{"href":"https:\/\/www.notibras.com\/site\/wp-json\/wp\/v2\/posts"}],"about":[{"href":"https:\/\/www.notibras.com\/site\/wp-json\/wp\/v2\/types\/post"}],"author":[{"embeddable":true,"href":"https:\/\/www.notibras.com\/site\/wp-json\/wp\/v2\/users\/2"}],"replies":[{"embeddable":true,"href":"https:\/\/www.notibras.com\/site\/wp-json\/wp\/v2\/comments?post=316737"}],"version-history":[{"count":1,"href":"https:\/\/www.notibras.com\/site\/wp-json\/wp\/v2\/posts\/316737\/revisions"}],"predecessor-version":[{"id":316739,"href":"https:\/\/www.notibras.com\/site\/wp-json\/wp\/v2\/posts\/316737\/revisions\/316739"}],"wp:featuredmedia":[{"embeddable":true,"href":"https:\/\/www.notibras.com\/site\/wp-json\/wp\/v2\/media\/316738"}],"wp:attachment":[{"href":"https:\/\/www.notibras.com\/site\/wp-json\/wp\/v2\/media?parent=316737"}],"wp:term":[{"taxonomy":"category","embeddable":true,"href":"https:\/\/www.notibras.com\/site\/wp-json\/wp\/v2\/categories?post=316737"},{"taxonomy":"post_tag","embeddable":true,"href":"https:\/\/www.notibras.com\/site\/wp-json\/wp\/v2\/tags?post=316737"}],"curies":[{"name":"wp","href":"https:\/\/api.w.org\/{rel}","templated":true}]}}