{"id":316750,"date":"2023-11-11T17:15:04","date_gmt":"2023-11-11T20:15:04","guid":{"rendered":"https:\/\/www.notibras.com\/site\/?p=316750"},"modified":"2023-11-11T19:43:38","modified_gmt":"2023-11-11T22:43:38","slug":"onda-de-calor-liga-o-alerta-maximo-de-perigo-em-brasilia","status":"publish","type":"post","link":"https:\/\/www.notibras.com\/site\/onda-de-calor-liga-o-alerta-maximo-de-perigo-em-brasilia\/","title":{"rendered":"Onda de calor liga o &#8216;alerta m\u00e1ximo&#8217; de perigo em Bras\u00edlia"},"content":{"rendered":"<p>Bras\u00edlia e outras cidades das regi\u00f5es Centro-Oeste e Sudeste est\u00e3o vivendo um fim de semana de alerta m\u00e1ximo pela onda de calor. As temperaturas podem chegar aos 44 graus, de acordo com o Instituto Nacional de Meteorologia (Inmet).<\/p>\n<p>Na sexta, 10, j\u00e1 havia o alerta de \u201cgrande perigo\u201d de inc\u00eandios florestais, o que significa que as temperaturas ficam acima da m\u00e9dia para o per\u00edodo por ao menos cinco dias. Ao todo, 1.138 munic\u00edpios devem ser castigados por altas temperaturas<\/p>\n<p>A onda de calor vem acompanhada tamb\u00e9m de alertas laranja (\u201cperigo\u201d) e amarelo (\u201cperigo potencial\u201d) de baixa humidade para 15 estados nas regi\u00f5es Sudeste, Centro-Oeste e interior do Sudeste e Nordeste. Nessas regi\u00f5es, a umidade relativa do ar pode chegar a 12%.<\/p>\n<p>Para o Sul, o alerta \u00e9 para as tempestades que atingem a regi\u00e3o trazidas por uma frente fria, com chuvas intensas e ventos de at\u00e9 100km\/h. Tamb\u00e9m h\u00e1 possibilidade de queda de granizo e risco de cortes no fornecimento de energia el\u00e9trica, estragos em planta\u00e7\u00f5es, queda de \u00e1rvores e alagamentos.<\/p>\n<p><strong>Perigos e cuidados<\/strong><br \/>\nPara evitar casos de insola\u00e7\u00e3o e desidrata\u00e7\u00e3o, em raz\u00e3o das temperaturas elevadas e da baixa umidade do ar, os cuidados devem ser redobrados.<\/p>\n<p>Nos dois casos, os sintomas s\u00e3o parecidos: dores de cabe\u00e7a, tontura, n\u00e1usea, pele quente e seca, c\u00e2imbras, pulso r\u00e1pido, temperatura elevada, dist\u00farbios visuais e confus\u00e3o mental. Ao apresentar esses sinais, a pessoa deve solicitar ajuda, tentar refrescar o corpo em local protegido do sol e, se poss\u00edvel, colocar os p\u00e9s para o alto.<\/p>\n<p>Nesses dias de calor extremo, especialistas aconselham ingerir bastante l\u00edquido; comer frutas, legumes e vegetais; usar soro para hidratar nariz e olhos; utilizar protetor solar e vestir roupas leves, al\u00e9m de manter os ambientes ventilados.<\/p>\n<p><strong>Idosos<\/strong><br \/>\nOs cuidados devem ser redobrados com os idosos, mais vulner\u00e1veis \u00e0 desidrata\u00e7\u00e3o nas altas temperaturas. Neles, o calor extremo pode provocar sintomas que v\u00e3o desde confus\u00e3o mental, agita\u00e7\u00e3o, prostra\u00e7\u00e3o, tonturas e quedas, at\u00e9 efeitos na pele, como maior flacidez ou apar\u00eancia ressecada, e nas mucosas, que tamb\u00e9m ressecam e podem ficar descoradas.<\/p>\n<p>Para esses casos, a indica\u00e7\u00e3o \u00e9 a de procurar atendimento nas Unidades de Pronto Atendimento (UPAs), Assist\u00eancias M\u00e9dicas Ambulatoriais (AMAs) ou Unidades B\u00e1sicas de Sa\u00fade (UBSs), para passar por avalia\u00e7\u00e3o m\u00e9dica que decidir\u00e1 se a hidrata\u00e7\u00e3o deve ser intravenosa ou pode ser feita em casa.<\/p>\n","protected":false},"excerpt":{"rendered":"<p>Bras\u00edlia e outras cidades das regi\u00f5es Centro-Oeste e Sudeste est\u00e3o vivendo um fim de semana de alerta m\u00e1ximo pela onda de calor. As temperaturas podem chegar aos 44 graus, de acordo com o Instituto Nacional de Meteorologia (Inmet). Na sexta, 10, j\u00e1 havia o alerta de \u201cgrande perigo\u201d de inc\u00eandios florestais, o que significa que [&hellip;]<\/p>\n","protected":false},"author":2,"featured_media":310629,"comment_status":"closed","ping_status":"closed","sticky":false,"template":"","format":"standard","meta":{"_acf_changed":false,"footnotes":""},"categories":[161],"tags":[95],"class_list":["post-316750","post","type-post","status-publish","format-standard","has-post-thumbnail","hentry","category-quadradinho-em-foco","tag-capa"],"acf":[],"yoast_head":"<!-- This site is optimized with the Yoast SEO plugin v27.2 - https:\/\/yoast.com\/product\/yoast-seo-wordpress\/ -->\n<title>Onda de calor liga o &#039;alerta m\u00e1ximo&#039; de perigo em Bras\u00edlia - Notibras<\/title>\n<meta name=\"robots\" content=\"index, follow, max-snippet:-1, max-image-preview:large, max-video-preview:-1\" \/>\n<link rel=\"canonical\" href=\"https:\/\/www.notibras.com\/site\/onda-de-calor-liga-o-alerta-maximo-de-perigo-em-brasilia\/\" \/>\n<meta property=\"og:locale\" content=\"pt_BR\" \/>\n<meta property=\"og:type\" content=\"article\" \/>\n<meta property=\"og:title\" content=\"Onda de calor liga o &#039;alerta m\u00e1ximo&#039; de perigo em Bras\u00edlia - Notibras\" \/>\n<meta property=\"og:description\" content=\"Bras\u00edlia e outras cidades das regi\u00f5es Centro-Oeste e Sudeste est\u00e3o vivendo um fim de semana de alerta m\u00e1ximo pela onda de calor. As temperaturas podem chegar aos 44 graus, de acordo com o Instituto Nacional de Meteorologia (Inmet). Na sexta, 10, j\u00e1 havia o alerta de \u201cgrande perigo\u201d de inc\u00eandios florestais, o que significa que [&hellip;]\" \/>\n<meta property=\"og:url\" content=\"https:\/\/www.notibras.com\/site\/onda-de-calor-liga-o-alerta-maximo-de-perigo-em-brasilia\/\" \/>\n<meta property=\"og:site_name\" content=\"Notibras\" \/>\n<meta property=\"article:publisher\" content=\"https:\/\/www.facebook.com\/notibras\/\" \/>\n<meta property=\"article:published_time\" content=\"2023-11-11T20:15:04+00:00\" \/>\n<meta property=\"article:modified_time\" content=\"2023-11-11T22:43:38+00:00\" \/>\n<meta property=\"og:image\" content=\"https:\/\/www.notibras.com\/site\/wp-content\/uploads\/2023\/08\/seca_mcajr_abr2807221085.jpg\" \/>\n\t<meta property=\"og:image:width\" content=\"1170\" \/>\n\t<meta property=\"og:image:height\" content=\"700\" \/>\n\t<meta property=\"og:image:type\" content=\"image\/jpeg\" \/>\n<meta name=\"author\" content=\"Reda\u00e7\u00e3o\" \/>\n<meta name=\"twitter:card\" content=\"summary_large_image\" \/>\n<meta name=\"twitter:creator\" content=\"@Notibras\" \/>\n<meta name=\"twitter:site\" content=\"@Notibras\" \/>\n<meta name=\"twitter:label1\" content=\"Escrito por\" \/>\n\t<meta name=\"twitter:data1\" content=\"Reda\u00e7\u00e3o\" \/>\n\t<meta name=\"twitter:label2\" content=\"Est. tempo de leitura\" \/>\n\t<meta name=\"twitter:data2\" content=\"3 minutos\" \/>\n<script type=\"application\/ld+json\" class=\"yoast-schema-graph\">{\"@context\":\"https:\/\/schema.org\",\"@graph\":[{\"@type\":\"Article\",\"@id\":\"https:\/\/www.notibras.com\/site\/onda-de-calor-liga-o-alerta-maximo-de-perigo-em-brasilia\/#article\",\"isPartOf\":{\"@id\":\"https:\/\/www.notibras.com\/site\/onda-de-calor-liga-o-alerta-maximo-de-perigo-em-brasilia\/\"},\"author\":{\"name\":\"Reda\u00e7\u00e3o\",\"@id\":\"https:\/\/www.notibras.com\/site\/#\/schema\/person\/36ab0979449956132d3e5b517ea76ac8\"},\"headline\":\"Onda de calor liga o &#8216;alerta m\u00e1ximo&#8217; de perigo em Bras\u00edlia\",\"datePublished\":\"2023-11-11T20:15:04+00:00\",\"dateModified\":\"2023-11-11T22:43:38+00:00\",\"mainEntityOfPage\":{\"@id\":\"https:\/\/www.notibras.com\/site\/onda-de-calor-liga-o-alerta-maximo-de-perigo-em-brasilia\/\"},\"wordCount\":434,\"publisher\":{\"@id\":\"https:\/\/www.notibras.com\/site\/#organization\"},\"image\":{\"@id\":\"https:\/\/www.notibras.com\/site\/onda-de-calor-liga-o-alerta-maximo-de-perigo-em-brasilia\/#primaryimage\"},\"thumbnailUrl\":\"https:\/\/www.notibras.com\/site\/wp-content\/uploads\/2023\/08\/seca_mcajr_abr2807221085.jpg\",\"keywords\":[\"capa\"],\"articleSection\":[\"Quadradinho em Foco\"],\"inLanguage\":\"pt-BR\"},{\"@type\":\"WebPage\",\"@id\":\"https:\/\/www.notibras.com\/site\/onda-de-calor-liga-o-alerta-maximo-de-perigo-em-brasilia\/\",\"url\":\"https:\/\/www.notibras.com\/site\/onda-de-calor-liga-o-alerta-maximo-de-perigo-em-brasilia\/\",\"name\":\"Onda de calor liga o 'alerta m\u00e1ximo' de perigo em Bras\u00edlia - Notibras\",\"isPartOf\":{\"@id\":\"https:\/\/www.notibras.com\/site\/#website\"},\"primaryImageOfPage\":{\"@id\":\"https:\/\/www.notibras.com\/site\/onda-de-calor-liga-o-alerta-maximo-de-perigo-em-brasilia\/#primaryimage\"},\"image\":{\"@id\":\"https:\/\/www.notibras.com\/site\/onda-de-calor-liga-o-alerta-maximo-de-perigo-em-brasilia\/#primaryimage\"},\"thumbnailUrl\":\"https:\/\/www.notibras.com\/site\/wp-content\/uploads\/2023\/08\/seca_mcajr_abr2807221085.jpg\",\"datePublished\":\"2023-11-11T20:15:04+00:00\",\"dateModified\":\"2023-11-11T22:43:38+00:00\",\"breadcrumb\":{\"@id\":\"https:\/\/www.notibras.com\/site\/onda-de-calor-liga-o-alerta-maximo-de-perigo-em-brasilia\/#breadcrumb\"},\"inLanguage\":\"pt-BR\",\"potentialAction\":[{\"@type\":\"ReadAction\",\"target\":[\"https:\/\/www.notibras.com\/site\/onda-de-calor-liga-o-alerta-maximo-de-perigo-em-brasilia\/\"]}]},{\"@type\":\"ImageObject\",\"inLanguage\":\"pt-BR\",\"@id\":\"https:\/\/www.notibras.com\/site\/onda-de-calor-liga-o-alerta-maximo-de-perigo-em-brasilia\/#primaryimage\",\"url\":\"https:\/\/www.notibras.com\/site\/wp-content\/uploads\/2023\/08\/seca_mcajr_abr2807221085.jpg\",\"contentUrl\":\"https:\/\/www.notibras.com\/site\/wp-content\/uploads\/2023\/08\/seca_mcajr_abr2807221085.jpg\",\"width\":1170,\"height\":700,\"caption\":\"Tempo seco na capital federal com baixa umidade relativa do ar, Bras\u00edlia vive o per\u00edodo mais cr\u00edtico de seca.\"},{\"@type\":\"BreadcrumbList\",\"@id\":\"https:\/\/www.notibras.com\/site\/onda-de-calor-liga-o-alerta-maximo-de-perigo-em-brasilia\/#breadcrumb\",\"itemListElement\":[{\"@type\":\"ListItem\",\"position\":1,\"name\":\"In\u00edcio\",\"item\":\"https:\/\/www.notibras.com\/site\/\"},{\"@type\":\"ListItem\",\"position\":2,\"name\":\"Onda de calor liga o &#8216;alerta m\u00e1ximo&#8217; de perigo em Bras\u00edlia\"}]},{\"@type\":\"WebSite\",\"@id\":\"https:\/\/www.notibras.com\/site\/#website\",\"url\":\"https:\/\/www.notibras.com\/site\/\",\"name\":\"Notibras\",\"description\":\"Not\u00edcias de Bras\u00edlia, do Brasil e do Mundo\",\"publisher\":{\"@id\":\"https:\/\/www.notibras.com\/site\/#organization\"},\"potentialAction\":[{\"@type\":\"SearchAction\",\"target\":{\"@type\":\"EntryPoint\",\"urlTemplate\":\"https:\/\/www.notibras.com\/site\/?s={search_term_string}\"},\"query-input\":{\"@type\":\"PropertyValueSpecification\",\"valueRequired\":true,\"valueName\":\"search_term_string\"}}],\"inLanguage\":\"pt-BR\"},{\"@type\":\"Organization\",\"@id\":\"https:\/\/www.notibras.com\/site\/#organization\",\"name\":\"Grupo Notibras de Comunica\u00e7\u00e3o\",\"url\":\"https:\/\/www.notibras.com\/site\/\",\"logo\":{\"@type\":\"ImageObject\",\"inLanguage\":\"pt-BR\",\"@id\":\"https:\/\/www.notibras.com\/site\/#\/schema\/logo\/image\/\",\"url\":\"https:\/\/www.notibras.com\/site\/wp-content\/uploads\/2023\/01\/notibras23.png\",\"contentUrl\":\"https:\/\/www.notibras.com\/site\/wp-content\/uploads\/2023\/01\/notibras23.png\",\"width\":350,\"height\":87,\"caption\":\"Grupo Notibras de Comunica\u00e7\u00e3o\"},\"image\":{\"@id\":\"https:\/\/www.notibras.com\/site\/#\/schema\/logo\/image\/\"},\"sameAs\":[\"https:\/\/www.facebook.com\/notibras\/\",\"https:\/\/x.com\/Notibras\",\"https:\/\/www.instagram.com\/notibras\/\"]},{\"@type\":\"Person\",\"@id\":\"https:\/\/www.notibras.com\/site\/#\/schema\/person\/36ab0979449956132d3e5b517ea76ac8\",\"name\":\"Reda\u00e7\u00e3o\",\"image\":{\"@type\":\"ImageObject\",\"inLanguage\":\"pt-BR\",\"@id\":\"https:\/\/secure.gravatar.com\/avatar\/e0a867bdedb85fd243eadf09663511f96fc81e0720a4a42581f334ad4303aa6b?s=96&d=mm&r=g\",\"url\":\"https:\/\/secure.gravatar.com\/avatar\/e0a867bdedb85fd243eadf09663511f96fc81e0720a4a42581f334ad4303aa6b?s=96&d=mm&r=g\",\"contentUrl\":\"https:\/\/secure.gravatar.com\/avatar\/e0a867bdedb85fd243eadf09663511f96fc81e0720a4a42581f334ad4303aa6b?s=96&d=mm&r=g\",\"caption\":\"Reda\u00e7\u00e3o\"}}]}<\/script>\n<!-- \/ Yoast SEO plugin. -->","yoast_head_json":{"title":"Onda de calor liga o 'alerta m\u00e1ximo' de perigo em Bras\u00edlia - Notibras","robots":{"index":"index","follow":"follow","max-snippet":"max-snippet:-1","max-image-preview":"max-image-preview:large","max-video-preview":"max-video-preview:-1"},"canonical":"https:\/\/www.notibras.com\/site\/onda-de-calor-liga-o-alerta-maximo-de-perigo-em-brasilia\/","og_locale":"pt_BR","og_type":"article","og_title":"Onda de calor liga o 'alerta m\u00e1ximo' de perigo em Bras\u00edlia - Notibras","og_description":"Bras\u00edlia e outras cidades das regi\u00f5es Centro-Oeste e Sudeste est\u00e3o vivendo um fim de semana de alerta m\u00e1ximo pela onda de calor. As temperaturas podem chegar aos 44 graus, de acordo com o Instituto Nacional de Meteorologia (Inmet). Na sexta, 10, j\u00e1 havia o alerta de \u201cgrande perigo\u201d de inc\u00eandios florestais, o que significa que [&hellip;]","og_url":"https:\/\/www.notibras.com\/site\/onda-de-calor-liga-o-alerta-maximo-de-perigo-em-brasilia\/","og_site_name":"Notibras","article_publisher":"https:\/\/www.facebook.com\/notibras\/","article_published_time":"2023-11-11T20:15:04+00:00","article_modified_time":"2023-11-11T22:43:38+00:00","og_image":[{"width":1170,"height":700,"url":"https:\/\/www.notibras.com\/site\/wp-content\/uploads\/2023\/08\/seca_mcajr_abr2807221085.jpg","type":"image\/jpeg"}],"author":"Reda\u00e7\u00e3o","twitter_card":"summary_large_image","twitter_creator":"@Notibras","twitter_site":"@Notibras","twitter_misc":{"Escrito por":"Reda\u00e7\u00e3o","Est. tempo de leitura":"3 minutos"},"schema":{"@context":"https:\/\/schema.org","@graph":[{"@type":"Article","@id":"https:\/\/www.notibras.com\/site\/onda-de-calor-liga-o-alerta-maximo-de-perigo-em-brasilia\/#article","isPartOf":{"@id":"https:\/\/www.notibras.com\/site\/onda-de-calor-liga-o-alerta-maximo-de-perigo-em-brasilia\/"},"author":{"name":"Reda\u00e7\u00e3o","@id":"https:\/\/www.notibras.com\/site\/#\/schema\/person\/36ab0979449956132d3e5b517ea76ac8"},"headline":"Onda de calor liga o &#8216;alerta m\u00e1ximo&#8217; de perigo em Bras\u00edlia","datePublished":"2023-11-11T20:15:04+00:00","dateModified":"2023-11-11T22:43:38+00:00","mainEntityOfPage":{"@id":"https:\/\/www.notibras.com\/site\/onda-de-calor-liga-o-alerta-maximo-de-perigo-em-brasilia\/"},"wordCount":434,"publisher":{"@id":"https:\/\/www.notibras.com\/site\/#organization"},"image":{"@id":"https:\/\/www.notibras.com\/site\/onda-de-calor-liga-o-alerta-maximo-de-perigo-em-brasilia\/#primaryimage"},"thumbnailUrl":"https:\/\/www.notibras.com\/site\/wp-content\/uploads\/2023\/08\/seca_mcajr_abr2807221085.jpg","keywords":["capa"],"articleSection":["Quadradinho em Foco"],"inLanguage":"pt-BR"},{"@type":"WebPage","@id":"https:\/\/www.notibras.com\/site\/onda-de-calor-liga-o-alerta-maximo-de-perigo-em-brasilia\/","url":"https:\/\/www.notibras.com\/site\/onda-de-calor-liga-o-alerta-maximo-de-perigo-em-brasilia\/","name":"Onda de calor liga o 'alerta m\u00e1ximo' de perigo em Bras\u00edlia - Notibras","isPartOf":{"@id":"https:\/\/www.notibras.com\/site\/#website"},"primaryImageOfPage":{"@id":"https:\/\/www.notibras.com\/site\/onda-de-calor-liga-o-alerta-maximo-de-perigo-em-brasilia\/#primaryimage"},"image":{"@id":"https:\/\/www.notibras.com\/site\/onda-de-calor-liga-o-alerta-maximo-de-perigo-em-brasilia\/#primaryimage"},"thumbnailUrl":"https:\/\/www.notibras.com\/site\/wp-content\/uploads\/2023\/08\/seca_mcajr_abr2807221085.jpg","datePublished":"2023-11-11T20:15:04+00:00","dateModified":"2023-11-11T22:43:38+00:00","breadcrumb":{"@id":"https:\/\/www.notibras.com\/site\/onda-de-calor-liga-o-alerta-maximo-de-perigo-em-brasilia\/#breadcrumb"},"inLanguage":"pt-BR","potentialAction":[{"@type":"ReadAction","target":["https:\/\/www.notibras.com\/site\/onda-de-calor-liga-o-alerta-maximo-de-perigo-em-brasilia\/"]}]},{"@type":"ImageObject","inLanguage":"pt-BR","@id":"https:\/\/www.notibras.com\/site\/onda-de-calor-liga-o-alerta-maximo-de-perigo-em-brasilia\/#primaryimage","url":"https:\/\/www.notibras.com\/site\/wp-content\/uploads\/2023\/08\/seca_mcajr_abr2807221085.jpg","contentUrl":"https:\/\/www.notibras.com\/site\/wp-content\/uploads\/2023\/08\/seca_mcajr_abr2807221085.jpg","width":1170,"height":700,"caption":"Tempo seco na capital federal com baixa umidade relativa do ar, Bras\u00edlia vive o per\u00edodo mais cr\u00edtico de seca."},{"@type":"BreadcrumbList","@id":"https:\/\/www.notibras.com\/site\/onda-de-calor-liga-o-alerta-maximo-de-perigo-em-brasilia\/#breadcrumb","itemListElement":[{"@type":"ListItem","position":1,"name":"In\u00edcio","item":"https:\/\/www.notibras.com\/site\/"},{"@type":"ListItem","position":2,"name":"Onda de calor liga o &#8216;alerta m\u00e1ximo&#8217; de perigo em Bras\u00edlia"}]},{"@type":"WebSite","@id":"https:\/\/www.notibras.com\/site\/#website","url":"https:\/\/www.notibras.com\/site\/","name":"Notibras","description":"Not\u00edcias de Bras\u00edlia, do Brasil e do Mundo","publisher":{"@id":"https:\/\/www.notibras.com\/site\/#organization"},"potentialAction":[{"@type":"SearchAction","target":{"@type":"EntryPoint","urlTemplate":"https:\/\/www.notibras.com\/site\/?s={search_term_string}"},"query-input":{"@type":"PropertyValueSpecification","valueRequired":true,"valueName":"search_term_string"}}],"inLanguage":"pt-BR"},{"@type":"Organization","@id":"https:\/\/www.notibras.com\/site\/#organization","name":"Grupo Notibras de Comunica\u00e7\u00e3o","url":"https:\/\/www.notibras.com\/site\/","logo":{"@type":"ImageObject","inLanguage":"pt-BR","@id":"https:\/\/www.notibras.com\/site\/#\/schema\/logo\/image\/","url":"https:\/\/www.notibras.com\/site\/wp-content\/uploads\/2023\/01\/notibras23.png","contentUrl":"https:\/\/www.notibras.com\/site\/wp-content\/uploads\/2023\/01\/notibras23.png","width":350,"height":87,"caption":"Grupo Notibras de Comunica\u00e7\u00e3o"},"image":{"@id":"https:\/\/www.notibras.com\/site\/#\/schema\/logo\/image\/"},"sameAs":["https:\/\/www.facebook.com\/notibras\/","https:\/\/x.com\/Notibras","https:\/\/www.instagram.com\/notibras\/"]},{"@type":"Person","@id":"https:\/\/www.notibras.com\/site\/#\/schema\/person\/36ab0979449956132d3e5b517ea76ac8","name":"Reda\u00e7\u00e3o","image":{"@type":"ImageObject","inLanguage":"pt-BR","@id":"https:\/\/secure.gravatar.com\/avatar\/e0a867bdedb85fd243eadf09663511f96fc81e0720a4a42581f334ad4303aa6b?s=96&d=mm&r=g","url":"https:\/\/secure.gravatar.com\/avatar\/e0a867bdedb85fd243eadf09663511f96fc81e0720a4a42581f334ad4303aa6b?s=96&d=mm&r=g","contentUrl":"https:\/\/secure.gravatar.com\/avatar\/e0a867bdedb85fd243eadf09663511f96fc81e0720a4a42581f334ad4303aa6b?s=96&d=mm&r=g","caption":"Reda\u00e7\u00e3o"}}]}},"amp_enabled":true,"_links":{"self":[{"href":"https:\/\/www.notibras.com\/site\/wp-json\/wp\/v2\/posts\/316750","targetHints":{"allow":["GET"]}}],"collection":[{"href":"https:\/\/www.notibras.com\/site\/wp-json\/wp\/v2\/posts"}],"about":[{"href":"https:\/\/www.notibras.com\/site\/wp-json\/wp\/v2\/types\/post"}],"author":[{"embeddable":true,"href":"https:\/\/www.notibras.com\/site\/wp-json\/wp\/v2\/users\/2"}],"replies":[{"embeddable":true,"href":"https:\/\/www.notibras.com\/site\/wp-json\/wp\/v2\/comments?post=316750"}],"version-history":[{"count":3,"href":"https:\/\/www.notibras.com\/site\/wp-json\/wp\/v2\/posts\/316750\/revisions"}],"predecessor-version":[{"id":316753,"href":"https:\/\/www.notibras.com\/site\/wp-json\/wp\/v2\/posts\/316750\/revisions\/316753"}],"wp:featuredmedia":[{"embeddable":true,"href":"https:\/\/www.notibras.com\/site\/wp-json\/wp\/v2\/media\/310629"}],"wp:attachment":[{"href":"https:\/\/www.notibras.com\/site\/wp-json\/wp\/v2\/media?parent=316750"}],"wp:term":[{"taxonomy":"category","embeddable":true,"href":"https:\/\/www.notibras.com\/site\/wp-json\/wp\/v2\/categories?post=316750"},{"taxonomy":"post_tag","embeddable":true,"href":"https:\/\/www.notibras.com\/site\/wp-json\/wp\/v2\/tags?post=316750"}],"curies":[{"name":"wp","href":"https:\/\/api.w.org\/{rel}","templated":true}]}}