{"id":316777,"date":"2023-11-12T08:31:10","date_gmt":"2023-11-12T11:31:10","guid":{"rendered":"https:\/\/www.notibras.com\/site\/?p=316777"},"modified":"2023-11-12T08:34:28","modified_gmt":"2023-11-12T11:34:28","slug":"elismando-irado-sente-pena-do-tiao-moribundo","status":"publish","type":"post","link":"https:\/\/www.notibras.com\/site\/elismando-irado-sente-pena-do-tiao-moribundo\/","title":{"rendered":"Elismando, irado, sente pena do Ti\u00e3o moribundo"},"content":{"rendered":"<p>Sebasti\u00e3o fora chamado pelo nome de batismo apenas pela professora na \u00e9poca de escola ou, ent\u00e3o, quando a m\u00e3e queria lhe aplicar um corretivo, t\u00e3o costumeiro em tempos idos. Desde pequeno, todos o conheciam por Ti\u00e3o. E sempre foi assim, inclusive nos anos seguintes nos diversos empregos por onde havia passado.<\/p>\n<p>N\u00e3o que fosse mal funcion\u00e1rio, certamente diria sua av\u00f3, que sempre o protegia. Mas tamb\u00e9m n\u00e3o se pode afirmar que Ti\u00e3o se destacasse entre os demais. Talvez fosse simplesmente a falta de sorte ou, ent\u00e3o, o excesso de azar que perambulava pela vida daquele homem.<\/p>\n<p>Seja como for, a coisa n\u00e3o andava muito boa para o lado do Ti\u00e3o, que vivia deveras requisitado pelos credores do bairro. A situa\u00e7\u00e3o ficou ainda mais dr\u00e1stica quando a Doralice mandou o namorado, o Elismando, cobrar o caloteiro. N\u00e3o que o Ti\u00e3o fosse covarde, mas evitar encarar o Elismando era quest\u00e3o de sobreviv\u00eancia. \u00c9 que o amado da Doralice era o que se pode chamar de arm\u00e1rio dois por dois.<\/p>\n<p>Ti\u00e3o fugiu o quanto pode. Mandou dizer que na semana seguinte pagava o que devia, anunciou aos quatro cantos que a m\u00e3e estava acamada, mesmo que esta esbanjasse sa\u00fade nos bailes do clube da esquina, arranjou uma bengala e um par de \u00f3culos escuros e se fez de cego por quase um m\u00eas. As mentiras eram tantas, que acabou sendo pego quando teve a brilhante ideia de engessar a perna. Engessou a direita num dia, mas n\u00e3o aguentou a coceira provocada pelo gesso, que acabou arrancando aquilo tudo. N\u00e3o tardou, engessou novamente a perna, s\u00f3 que a esquerda.<\/p>\n<p>Elismando ficou t\u00e3o furioso com as artimanhas do Ti\u00e3o, que foi tomar satisfa\u00e7\u00e3o. Chegou esbaforido na casa do devedor. Tocou a campainha, mas esta estava quebrada. Tentou manter a calma e, ent\u00e3o, deu tr\u00eas leves toques na porta. Nada! Cheio de c\u00f3lera, esmurrou a porta, que quase veio ao ch\u00e3o.<\/p>\n<p>Finalmente, uma voz bem fraca veio l\u00e1 de dentro da casa. Era o Ti\u00e3o, que parecia doente. Elismando, todavia, estava decidido a n\u00e3o cair em mais uma mentira do pilantra. Percebeu que a porta estava destrancada e, sem pedir licen\u00e7a, entrou.<\/p>\n<p>O brutamontes queria porque queria esmurrar a face deslavada do Ti\u00e3o. Procura daqui, procura dali, ele acabou encontrando-o deitado na cama. Estava quase disposto a arranc\u00e1-lo daquele ber\u00e7o espl\u00eandido, quando percebeu um pratinho nas m\u00e3os tr\u00eamulas do gajo. Alguns gr\u00e3os de ra\u00e7\u00e3o, que eram levados, um a um, para a boca tristonha do Ti\u00e3o. Elismando, talvez envergonhado por ir cobrar a d\u00edvida daquele pobre coitado, quis saber o porqu\u00ea dele estar comendo comida de cachorro. E, diante da resposta que recebeu, at\u00e9 ofereceu mais dinheiro para o caloteiro.<\/p>\n<p>&#8211; Meu querido, na guerra, urubu \u00e9 frango.<\/p>\n","protected":false},"excerpt":{"rendered":"<p>Sebasti\u00e3o fora chamado pelo nome de batismo apenas pela professora na \u00e9poca de escola ou, ent\u00e3o, quando a m\u00e3e queria lhe aplicar um corretivo, t\u00e3o costumeiro em tempos idos. Desde pequeno, todos o conheciam por Ti\u00e3o. E sempre foi assim, inclusive nos anos seguintes nos diversos empregos por onde havia passado. N\u00e3o que fosse mal [&hellip;]<\/p>\n","protected":false},"author":2,"featured_media":316778,"comment_status":"closed","ping_status":"closed","sticky":false,"template":"","format":"standard","meta":{"_acf_changed":false,"footnotes":""},"categories":[161],"tags":[],"class_list":["post-316777","post","type-post","status-publish","format-standard","has-post-thumbnail","hentry","category-quadradinho-em-foco"],"acf":[],"yoast_head":"<!-- This site is optimized with the Yoast SEO plugin v27.2 - https:\/\/yoast.com\/product\/yoast-seo-wordpress\/ -->\n<title>Elismando, irado, sente pena do Ti\u00e3o moribundo - Notibras<\/title>\n<meta name=\"robots\" content=\"index, follow, max-snippet:-1, max-image-preview:large, max-video-preview:-1\" \/>\n<link rel=\"canonical\" href=\"https:\/\/www.notibras.com\/site\/elismando-irado-sente-pena-do-tiao-moribundo\/\" \/>\n<meta property=\"og:locale\" content=\"pt_BR\" \/>\n<meta property=\"og:type\" content=\"article\" \/>\n<meta property=\"og:title\" content=\"Elismando, irado, sente pena do Ti\u00e3o moribundo - Notibras\" \/>\n<meta property=\"og:description\" content=\"Sebasti\u00e3o fora chamado pelo nome de batismo apenas pela professora na \u00e9poca de escola ou, ent\u00e3o, quando a m\u00e3e queria lhe aplicar um corretivo, t\u00e3o costumeiro em tempos idos. Desde pequeno, todos o conheciam por Ti\u00e3o. E sempre foi assim, inclusive nos anos seguintes nos diversos empregos por onde havia passado. N\u00e3o que fosse mal [&hellip;]\" \/>\n<meta property=\"og:url\" content=\"https:\/\/www.notibras.com\/site\/elismando-irado-sente-pena-do-tiao-moribundo\/\" \/>\n<meta property=\"og:site_name\" content=\"Notibras\" \/>\n<meta property=\"article:publisher\" content=\"https:\/\/www.facebook.com\/notibras\/\" \/>\n<meta property=\"article:published_time\" content=\"2023-11-12T11:31:10+00:00\" \/>\n<meta property=\"article:modified_time\" content=\"2023-11-12T11:34:28+00:00\" \/>\n<meta property=\"og:image\" content=\"https:\/\/www.notibras.com\/site\/wp-content\/uploads\/2023\/11\/sonhar-com-briga-snapwire.jpg\" \/>\n\t<meta property=\"og:image:width\" content=\"1280\" \/>\n\t<meta property=\"og:image:height\" content=\"853\" \/>\n\t<meta property=\"og:image:type\" content=\"image\/jpeg\" \/>\n<meta name=\"author\" content=\"Reda\u00e7\u00e3o\" \/>\n<meta name=\"twitter:card\" content=\"summary_large_image\" \/>\n<meta name=\"twitter:creator\" content=\"@Notibras\" \/>\n<meta name=\"twitter:site\" content=\"@Notibras\" \/>\n<meta name=\"twitter:label1\" content=\"Escrito por\" \/>\n\t<meta name=\"twitter:data1\" content=\"Reda\u00e7\u00e3o\" \/>\n\t<meta name=\"twitter:label2\" content=\"Est. tempo de leitura\" \/>\n\t<meta name=\"twitter:data2\" content=\"3 minutos\" \/>\n<script type=\"application\/ld+json\" class=\"yoast-schema-graph\">{\"@context\":\"https:\/\/schema.org\",\"@graph\":[{\"@type\":\"Article\",\"@id\":\"https:\/\/www.notibras.com\/site\/elismando-irado-sente-pena-do-tiao-moribundo\/#article\",\"isPartOf\":{\"@id\":\"https:\/\/www.notibras.com\/site\/elismando-irado-sente-pena-do-tiao-moribundo\/\"},\"author\":{\"name\":\"Reda\u00e7\u00e3o\",\"@id\":\"https:\/\/www.notibras.com\/site\/#\/schema\/person\/36ab0979449956132d3e5b517ea76ac8\"},\"headline\":\"Elismando, irado, sente pena do Ti\u00e3o moribundo\",\"datePublished\":\"2023-11-12T11:31:10+00:00\",\"dateModified\":\"2023-11-12T11:34:28+00:00\",\"mainEntityOfPage\":{\"@id\":\"https:\/\/www.notibras.com\/site\/elismando-irado-sente-pena-do-tiao-moribundo\/\"},\"wordCount\":504,\"publisher\":{\"@id\":\"https:\/\/www.notibras.com\/site\/#organization\"},\"image\":{\"@id\":\"https:\/\/www.notibras.com\/site\/elismando-irado-sente-pena-do-tiao-moribundo\/#primaryimage\"},\"thumbnailUrl\":\"https:\/\/www.notibras.com\/site\/wp-content\/uploads\/2023\/11\/sonhar-com-briga-snapwire.jpg\",\"articleSection\":[\"Quadradinho em Foco\"],\"inLanguage\":\"pt-BR\"},{\"@type\":\"WebPage\",\"@id\":\"https:\/\/www.notibras.com\/site\/elismando-irado-sente-pena-do-tiao-moribundo\/\",\"url\":\"https:\/\/www.notibras.com\/site\/elismando-irado-sente-pena-do-tiao-moribundo\/\",\"name\":\"Elismando, irado, sente pena do Ti\u00e3o moribundo - Notibras\",\"isPartOf\":{\"@id\":\"https:\/\/www.notibras.com\/site\/#website\"},\"primaryImageOfPage\":{\"@id\":\"https:\/\/www.notibras.com\/site\/elismando-irado-sente-pena-do-tiao-moribundo\/#primaryimage\"},\"image\":{\"@id\":\"https:\/\/www.notibras.com\/site\/elismando-irado-sente-pena-do-tiao-moribundo\/#primaryimage\"},\"thumbnailUrl\":\"https:\/\/www.notibras.com\/site\/wp-content\/uploads\/2023\/11\/sonhar-com-briga-snapwire.jpg\",\"datePublished\":\"2023-11-12T11:31:10+00:00\",\"dateModified\":\"2023-11-12T11:34:28+00:00\",\"breadcrumb\":{\"@id\":\"https:\/\/www.notibras.com\/site\/elismando-irado-sente-pena-do-tiao-moribundo\/#breadcrumb\"},\"inLanguage\":\"pt-BR\",\"potentialAction\":[{\"@type\":\"ReadAction\",\"target\":[\"https:\/\/www.notibras.com\/site\/elismando-irado-sente-pena-do-tiao-moribundo\/\"]}]},{\"@type\":\"ImageObject\",\"inLanguage\":\"pt-BR\",\"@id\":\"https:\/\/www.notibras.com\/site\/elismando-irado-sente-pena-do-tiao-moribundo\/#primaryimage\",\"url\":\"https:\/\/www.notibras.com\/site\/wp-content\/uploads\/2023\/11\/sonhar-com-briga-snapwire.jpg\",\"contentUrl\":\"https:\/\/www.notibras.com\/site\/wp-content\/uploads\/2023\/11\/sonhar-com-briga-snapwire.jpg\",\"width\":1280,\"height\":853},{\"@type\":\"BreadcrumbList\",\"@id\":\"https:\/\/www.notibras.com\/site\/elismando-irado-sente-pena-do-tiao-moribundo\/#breadcrumb\",\"itemListElement\":[{\"@type\":\"ListItem\",\"position\":1,\"name\":\"In\u00edcio\",\"item\":\"https:\/\/www.notibras.com\/site\/\"},{\"@type\":\"ListItem\",\"position\":2,\"name\":\"Elismando, irado, sente pena do Ti\u00e3o moribundo\"}]},{\"@type\":\"WebSite\",\"@id\":\"https:\/\/www.notibras.com\/site\/#website\",\"url\":\"https:\/\/www.notibras.com\/site\/\",\"name\":\"Notibras\",\"description\":\"Not\u00edcias de Bras\u00edlia, do Brasil e do Mundo\",\"publisher\":{\"@id\":\"https:\/\/www.notibras.com\/site\/#organization\"},\"potentialAction\":[{\"@type\":\"SearchAction\",\"target\":{\"@type\":\"EntryPoint\",\"urlTemplate\":\"https:\/\/www.notibras.com\/site\/?s={search_term_string}\"},\"query-input\":{\"@type\":\"PropertyValueSpecification\",\"valueRequired\":true,\"valueName\":\"search_term_string\"}}],\"inLanguage\":\"pt-BR\"},{\"@type\":\"Organization\",\"@id\":\"https:\/\/www.notibras.com\/site\/#organization\",\"name\":\"Grupo Notibras de Comunica\u00e7\u00e3o\",\"url\":\"https:\/\/www.notibras.com\/site\/\",\"logo\":{\"@type\":\"ImageObject\",\"inLanguage\":\"pt-BR\",\"@id\":\"https:\/\/www.notibras.com\/site\/#\/schema\/logo\/image\/\",\"url\":\"https:\/\/www.notibras.com\/site\/wp-content\/uploads\/2023\/01\/notibras23.png\",\"contentUrl\":\"https:\/\/www.notibras.com\/site\/wp-content\/uploads\/2023\/01\/notibras23.png\",\"width\":350,\"height\":87,\"caption\":\"Grupo Notibras de Comunica\u00e7\u00e3o\"},\"image\":{\"@id\":\"https:\/\/www.notibras.com\/site\/#\/schema\/logo\/image\/\"},\"sameAs\":[\"https:\/\/www.facebook.com\/notibras\/\",\"https:\/\/x.com\/Notibras\",\"https:\/\/www.instagram.com\/notibras\/\"]},{\"@type\":\"Person\",\"@id\":\"https:\/\/www.notibras.com\/site\/#\/schema\/person\/36ab0979449956132d3e5b517ea76ac8\",\"name\":\"Reda\u00e7\u00e3o\",\"image\":{\"@type\":\"ImageObject\",\"inLanguage\":\"pt-BR\",\"@id\":\"https:\/\/secure.gravatar.com\/avatar\/e0a867bdedb85fd243eadf09663511f96fc81e0720a4a42581f334ad4303aa6b?s=96&d=mm&r=g\",\"url\":\"https:\/\/secure.gravatar.com\/avatar\/e0a867bdedb85fd243eadf09663511f96fc81e0720a4a42581f334ad4303aa6b?s=96&d=mm&r=g\",\"contentUrl\":\"https:\/\/secure.gravatar.com\/avatar\/e0a867bdedb85fd243eadf09663511f96fc81e0720a4a42581f334ad4303aa6b?s=96&d=mm&r=g\",\"caption\":\"Reda\u00e7\u00e3o\"}}]}<\/script>\n<!-- \/ Yoast SEO plugin. -->","yoast_head_json":{"title":"Elismando, irado, sente pena do Ti\u00e3o moribundo - Notibras","robots":{"index":"index","follow":"follow","max-snippet":"max-snippet:-1","max-image-preview":"max-image-preview:large","max-video-preview":"max-video-preview:-1"},"canonical":"https:\/\/www.notibras.com\/site\/elismando-irado-sente-pena-do-tiao-moribundo\/","og_locale":"pt_BR","og_type":"article","og_title":"Elismando, irado, sente pena do Ti\u00e3o moribundo - Notibras","og_description":"Sebasti\u00e3o fora chamado pelo nome de batismo apenas pela professora na \u00e9poca de escola ou, ent\u00e3o, quando a m\u00e3e queria lhe aplicar um corretivo, t\u00e3o costumeiro em tempos idos. Desde pequeno, todos o conheciam por Ti\u00e3o. E sempre foi assim, inclusive nos anos seguintes nos diversos empregos por onde havia passado. N\u00e3o que fosse mal [&hellip;]","og_url":"https:\/\/www.notibras.com\/site\/elismando-irado-sente-pena-do-tiao-moribundo\/","og_site_name":"Notibras","article_publisher":"https:\/\/www.facebook.com\/notibras\/","article_published_time":"2023-11-12T11:31:10+00:00","article_modified_time":"2023-11-12T11:34:28+00:00","og_image":[{"width":1280,"height":853,"url":"https:\/\/www.notibras.com\/site\/wp-content\/uploads\/2023\/11\/sonhar-com-briga-snapwire.jpg","type":"image\/jpeg"}],"author":"Reda\u00e7\u00e3o","twitter_card":"summary_large_image","twitter_creator":"@Notibras","twitter_site":"@Notibras","twitter_misc":{"Escrito por":"Reda\u00e7\u00e3o","Est. tempo de leitura":"3 minutos"},"schema":{"@context":"https:\/\/schema.org","@graph":[{"@type":"Article","@id":"https:\/\/www.notibras.com\/site\/elismando-irado-sente-pena-do-tiao-moribundo\/#article","isPartOf":{"@id":"https:\/\/www.notibras.com\/site\/elismando-irado-sente-pena-do-tiao-moribundo\/"},"author":{"name":"Reda\u00e7\u00e3o","@id":"https:\/\/www.notibras.com\/site\/#\/schema\/person\/36ab0979449956132d3e5b517ea76ac8"},"headline":"Elismando, irado, sente pena do Ti\u00e3o moribundo","datePublished":"2023-11-12T11:31:10+00:00","dateModified":"2023-11-12T11:34:28+00:00","mainEntityOfPage":{"@id":"https:\/\/www.notibras.com\/site\/elismando-irado-sente-pena-do-tiao-moribundo\/"},"wordCount":504,"publisher":{"@id":"https:\/\/www.notibras.com\/site\/#organization"},"image":{"@id":"https:\/\/www.notibras.com\/site\/elismando-irado-sente-pena-do-tiao-moribundo\/#primaryimage"},"thumbnailUrl":"https:\/\/www.notibras.com\/site\/wp-content\/uploads\/2023\/11\/sonhar-com-briga-snapwire.jpg","articleSection":["Quadradinho em Foco"],"inLanguage":"pt-BR"},{"@type":"WebPage","@id":"https:\/\/www.notibras.com\/site\/elismando-irado-sente-pena-do-tiao-moribundo\/","url":"https:\/\/www.notibras.com\/site\/elismando-irado-sente-pena-do-tiao-moribundo\/","name":"Elismando, irado, sente pena do Ti\u00e3o moribundo - Notibras","isPartOf":{"@id":"https:\/\/www.notibras.com\/site\/#website"},"primaryImageOfPage":{"@id":"https:\/\/www.notibras.com\/site\/elismando-irado-sente-pena-do-tiao-moribundo\/#primaryimage"},"image":{"@id":"https:\/\/www.notibras.com\/site\/elismando-irado-sente-pena-do-tiao-moribundo\/#primaryimage"},"thumbnailUrl":"https:\/\/www.notibras.com\/site\/wp-content\/uploads\/2023\/11\/sonhar-com-briga-snapwire.jpg","datePublished":"2023-11-12T11:31:10+00:00","dateModified":"2023-11-12T11:34:28+00:00","breadcrumb":{"@id":"https:\/\/www.notibras.com\/site\/elismando-irado-sente-pena-do-tiao-moribundo\/#breadcrumb"},"inLanguage":"pt-BR","potentialAction":[{"@type":"ReadAction","target":["https:\/\/www.notibras.com\/site\/elismando-irado-sente-pena-do-tiao-moribundo\/"]}]},{"@type":"ImageObject","inLanguage":"pt-BR","@id":"https:\/\/www.notibras.com\/site\/elismando-irado-sente-pena-do-tiao-moribundo\/#primaryimage","url":"https:\/\/www.notibras.com\/site\/wp-content\/uploads\/2023\/11\/sonhar-com-briga-snapwire.jpg","contentUrl":"https:\/\/www.notibras.com\/site\/wp-content\/uploads\/2023\/11\/sonhar-com-briga-snapwire.jpg","width":1280,"height":853},{"@type":"BreadcrumbList","@id":"https:\/\/www.notibras.com\/site\/elismando-irado-sente-pena-do-tiao-moribundo\/#breadcrumb","itemListElement":[{"@type":"ListItem","position":1,"name":"In\u00edcio","item":"https:\/\/www.notibras.com\/site\/"},{"@type":"ListItem","position":2,"name":"Elismando, irado, sente pena do Ti\u00e3o moribundo"}]},{"@type":"WebSite","@id":"https:\/\/www.notibras.com\/site\/#website","url":"https:\/\/www.notibras.com\/site\/","name":"Notibras","description":"Not\u00edcias de Bras\u00edlia, do Brasil e do Mundo","publisher":{"@id":"https:\/\/www.notibras.com\/site\/#organization"},"potentialAction":[{"@type":"SearchAction","target":{"@type":"EntryPoint","urlTemplate":"https:\/\/www.notibras.com\/site\/?s={search_term_string}"},"query-input":{"@type":"PropertyValueSpecification","valueRequired":true,"valueName":"search_term_string"}}],"inLanguage":"pt-BR"},{"@type":"Organization","@id":"https:\/\/www.notibras.com\/site\/#organization","name":"Grupo Notibras de Comunica\u00e7\u00e3o","url":"https:\/\/www.notibras.com\/site\/","logo":{"@type":"ImageObject","inLanguage":"pt-BR","@id":"https:\/\/www.notibras.com\/site\/#\/schema\/logo\/image\/","url":"https:\/\/www.notibras.com\/site\/wp-content\/uploads\/2023\/01\/notibras23.png","contentUrl":"https:\/\/www.notibras.com\/site\/wp-content\/uploads\/2023\/01\/notibras23.png","width":350,"height":87,"caption":"Grupo Notibras de Comunica\u00e7\u00e3o"},"image":{"@id":"https:\/\/www.notibras.com\/site\/#\/schema\/logo\/image\/"},"sameAs":["https:\/\/www.facebook.com\/notibras\/","https:\/\/x.com\/Notibras","https:\/\/www.instagram.com\/notibras\/"]},{"@type":"Person","@id":"https:\/\/www.notibras.com\/site\/#\/schema\/person\/36ab0979449956132d3e5b517ea76ac8","name":"Reda\u00e7\u00e3o","image":{"@type":"ImageObject","inLanguage":"pt-BR","@id":"https:\/\/secure.gravatar.com\/avatar\/e0a867bdedb85fd243eadf09663511f96fc81e0720a4a42581f334ad4303aa6b?s=96&d=mm&r=g","url":"https:\/\/secure.gravatar.com\/avatar\/e0a867bdedb85fd243eadf09663511f96fc81e0720a4a42581f334ad4303aa6b?s=96&d=mm&r=g","contentUrl":"https:\/\/secure.gravatar.com\/avatar\/e0a867bdedb85fd243eadf09663511f96fc81e0720a4a42581f334ad4303aa6b?s=96&d=mm&r=g","caption":"Reda\u00e7\u00e3o"}}]}},"amp_enabled":true,"_links":{"self":[{"href":"https:\/\/www.notibras.com\/site\/wp-json\/wp\/v2\/posts\/316777","targetHints":{"allow":["GET"]}}],"collection":[{"href":"https:\/\/www.notibras.com\/site\/wp-json\/wp\/v2\/posts"}],"about":[{"href":"https:\/\/www.notibras.com\/site\/wp-json\/wp\/v2\/types\/post"}],"author":[{"embeddable":true,"href":"https:\/\/www.notibras.com\/site\/wp-json\/wp\/v2\/users\/2"}],"replies":[{"embeddable":true,"href":"https:\/\/www.notibras.com\/site\/wp-json\/wp\/v2\/comments?post=316777"}],"version-history":[{"count":2,"href":"https:\/\/www.notibras.com\/site\/wp-json\/wp\/v2\/posts\/316777\/revisions"}],"predecessor-version":[{"id":316780,"href":"https:\/\/www.notibras.com\/site\/wp-json\/wp\/v2\/posts\/316777\/revisions\/316780"}],"wp:featuredmedia":[{"embeddable":true,"href":"https:\/\/www.notibras.com\/site\/wp-json\/wp\/v2\/media\/316778"}],"wp:attachment":[{"href":"https:\/\/www.notibras.com\/site\/wp-json\/wp\/v2\/media?parent=316777"}],"wp:term":[{"taxonomy":"category","embeddable":true,"href":"https:\/\/www.notibras.com\/site\/wp-json\/wp\/v2\/categories?post=316777"},{"taxonomy":"post_tag","embeddable":true,"href":"https:\/\/www.notibras.com\/site\/wp-json\/wp\/v2\/tags?post=316777"}],"curies":[{"name":"wp","href":"https:\/\/api.w.org\/{rel}","templated":true}]}}