{"id":316781,"date":"2023-11-12T08:12:18","date_gmt":"2023-11-12T11:12:18","guid":{"rendered":"https:\/\/www.notibras.com\/site\/?p=316781"},"modified":"2023-11-12T09:10:12","modified_gmt":"2023-11-12T12:10:12","slug":"tinha-trago-ou-tinha-trazido-hyai-traz-e-presente","status":"publish","type":"post","link":"https:\/\/www.notibras.com\/site\/tinha-trago-ou-tinha-trazido-hyai-traz-e-presente\/","title":{"rendered":"Tinha trago ou tinha trazido? Hyai traz \u00e9 presente"},"content":{"rendered":"<p>A tarde caia suave e vagarosamente, e n\u00e3o como um viaduto, como cantou o poeta, quando ouvi l\u00e1 do port\u00e3o uma voz feminina perguntando se &#8216;Kasparov&#8217;, apelido que me foi dado por amigos enxadristas, estava em casa.<\/p>\n<p>Opa!, pensei com meus bot\u00f5es. Visita da Hyai, minha querida amiga prima da Ia, a quem tamb\u00e9m tanto admiro. Baixei os bra\u00e7os, fiz andar minha cadeira de rodas, acionei o controle remoto do port\u00e3o e logo est\u00e1vamos, n\u00f3s dois, no &#8216;quintal-terra\u00e7o&#8217; onde minha m\u00e3e Neusa cultiva e mant\u00e9m verdejantes diferentes plantas.<\/p>\n<p>Em tempos de Enem, Hyai queria voltar a uma d\u00favida que muita gente tem: uso do partic\u00edpio.<\/p>\n<p>Alguns verbos, come\u00e7ou dizendo minha amiga, apresentam dois partic\u00edpios. &#8220;E o que isso significa?&#8221;, perguntei, como que desentendido. E l\u00e1 vieram exemplos:<\/p>\n<p>\u201cN\u00e3o sabia que o poeta HAVIA MORRIDO.\u201d<\/p>\n<p>\u201cN\u00e3o sabia que o poeta ESTAVA MORTO.\u201d<\/p>\n<p>\u201cQuando liguei para o banco, o gerente j\u00e1 TINHA ACEITADO a promiss\u00f3ria.\u201d<\/p>\n<p>\u201cA promiss\u00f3ria FOI ACEITA pelo banco.\u201d<\/p>\n<p>Percebeu?, frisou a prima de Ia. E acrescentou: com os verbos TER e HAVER, devemos usar um tipo de partic\u00edpio (terminado por \u2013ado ou \u2013ido), que \u00e9 a forma &#8220;regular&#8221;; com os verbos SER e ESTAR, outro tipo \u00e9 chamado &#8220;irregular&#8221;.<\/p>\n<p>A conversa, agora j\u00e1 com recheio de um suco de framboesa, flu\u00eda leve. E, formulando uma pergunta (ser\u00e1 que isso tamb\u00e9m acontece com o verbo TRAZER?), minha interlocutora respondeu numa tacada s\u00f3: a verdade \u00e9 que esse verbo s\u00f3 tem um partic\u00edpio: a forma regular (TRAZIDO).<\/p>\n<p>\u00c9 inaceit\u00e1vel, portanto, pontuou Hyai, o uso da forma \u201ctrago\u201d como partic\u00edpio: &#8220;Perguntou \u00e0 aluna se ela tinha trago o trabalho.&#8221; Isso n\u00e3o existe, ponderei, sorrindo. E minha visitante encerrou o tema, com um enf\u00e1tico &#8220;diga sempre TINHA TRAZIDO, HAVIA TRAZIDO, FOI TRAZIDO&#8221;.<\/p>\n<p>A prop\u00f3sito, ela trouxe-me um presente. Um livro que comecei a folhear logo que nos despedimos. Mas isso \u00e9 assunto para outra ocasi\u00e3o.<\/p>\n<p>**Aos nossos leitores:\u00a0<strong><em>Notibras<\/em>\u00a0abriu este espa\u00e7o editorial para o segmento PcD. Para que possamos interagir, mostrarmos que somos pessoas comuns. Encaminhe sugest\u00f5es, mande seus textos. Prometo que tudo ser\u00e1 bem recebido e aproveitado. Meu WhasApp \u00e9\u00a0+55 61 98425-4895.<\/strong><\/p>\n","protected":false},"excerpt":{"rendered":"<p>A tarde caia suave e vagarosamente, e n\u00e3o como um viaduto, como cantou o poeta, quando ouvi l\u00e1 do port\u00e3o uma voz feminina perguntando se &#8216;Kasparov&#8217;, apelido que me foi dado por amigos enxadristas, estava em casa. Opa!, pensei com meus bot\u00f5es. Visita da Hyai, minha querida amiga prima da Ia, a quem tamb\u00e9m tanto [&hellip;]<\/p>\n","protected":false},"author":2,"featured_media":316782,"comment_status":"closed","ping_status":"closed","sticky":false,"template":"","format":"standard","meta":{"_acf_changed":false,"footnotes":""},"categories":[161],"tags":[],"class_list":["post-316781","post","type-post","status-publish","format-standard","has-post-thumbnail","hentry","category-quadradinho-em-foco"],"acf":[],"yoast_head":"<!-- This site is optimized with the Yoast SEO plugin v27.2 - https:\/\/yoast.com\/product\/yoast-seo-wordpress\/ -->\n<title>Tinha trago ou tinha trazido? Hyai traz \u00e9 presente - Notibras<\/title>\n<meta name=\"robots\" content=\"index, follow, max-snippet:-1, max-image-preview:large, max-video-preview:-1\" \/>\n<link rel=\"canonical\" href=\"https:\/\/www.notibras.com\/site\/tinha-trago-ou-tinha-trazido-hyai-traz-e-presente\/\" \/>\n<meta property=\"og:locale\" content=\"pt_BR\" \/>\n<meta property=\"og:type\" content=\"article\" \/>\n<meta property=\"og:title\" content=\"Tinha trago ou tinha trazido? Hyai traz \u00e9 presente - Notibras\" \/>\n<meta property=\"og:description\" content=\"A tarde caia suave e vagarosamente, e n\u00e3o como um viaduto, como cantou o poeta, quando ouvi l\u00e1 do port\u00e3o uma voz feminina perguntando se &#8216;Kasparov&#8217;, apelido que me foi dado por amigos enxadristas, estava em casa. Opa!, pensei com meus bot\u00f5es. Visita da Hyai, minha querida amiga prima da Ia, a quem tamb\u00e9m tanto [&hellip;]\" \/>\n<meta property=\"og:url\" content=\"https:\/\/www.notibras.com\/site\/tinha-trago-ou-tinha-trazido-hyai-traz-e-presente\/\" \/>\n<meta property=\"og:site_name\" content=\"Notibras\" \/>\n<meta property=\"article:publisher\" content=\"https:\/\/www.facebook.com\/notibras\/\" \/>\n<meta property=\"article:published_time\" content=\"2023-11-12T11:12:18+00:00\" \/>\n<meta property=\"article:modified_time\" content=\"2023-11-12T12:10:12+00:00\" \/>\n<meta property=\"og:image\" content=\"https:\/\/www.notibras.com\/site\/wp-content\/uploads\/2023\/11\/hylia.webp\" \/>\n\t<meta property=\"og:image:width\" content=\"1920\" \/>\n\t<meta property=\"og:image:height\" content=\"1080\" \/>\n\t<meta property=\"og:image:type\" content=\"image\/webp\" \/>\n<meta name=\"author\" content=\"Reda\u00e7\u00e3o\" \/>\n<meta name=\"twitter:card\" content=\"summary_large_image\" \/>\n<meta name=\"twitter:creator\" content=\"@Notibras\" \/>\n<meta name=\"twitter:site\" content=\"@Notibras\" \/>\n<meta name=\"twitter:label1\" content=\"Escrito por\" \/>\n\t<meta name=\"twitter:data1\" content=\"Reda\u00e7\u00e3o\" \/>\n\t<meta name=\"twitter:label2\" content=\"Est. tempo de leitura\" \/>\n\t<meta name=\"twitter:data2\" content=\"2 minutos\" \/>\n<script type=\"application\/ld+json\" class=\"yoast-schema-graph\">{\"@context\":\"https:\/\/schema.org\",\"@graph\":[{\"@type\":\"Article\",\"@id\":\"https:\/\/www.notibras.com\/site\/tinha-trago-ou-tinha-trazido-hyai-traz-e-presente\/#article\",\"isPartOf\":{\"@id\":\"https:\/\/www.notibras.com\/site\/tinha-trago-ou-tinha-trazido-hyai-traz-e-presente\/\"},\"author\":{\"name\":\"Reda\u00e7\u00e3o\",\"@id\":\"https:\/\/www.notibras.com\/site\/#\/schema\/person\/36ab0979449956132d3e5b517ea76ac8\"},\"headline\":\"Tinha trago ou tinha trazido? Hyai traz \u00e9 presente\",\"datePublished\":\"2023-11-12T11:12:18+00:00\",\"dateModified\":\"2023-11-12T12:10:12+00:00\",\"mainEntityOfPage\":{\"@id\":\"https:\/\/www.notibras.com\/site\/tinha-trago-ou-tinha-trazido-hyai-traz-e-presente\/\"},\"wordCount\":382,\"publisher\":{\"@id\":\"https:\/\/www.notibras.com\/site\/#organization\"},\"image\":{\"@id\":\"https:\/\/www.notibras.com\/site\/tinha-trago-ou-tinha-trazido-hyai-traz-e-presente\/#primaryimage\"},\"thumbnailUrl\":\"https:\/\/www.notibras.com\/site\/wp-content\/uploads\/2023\/11\/hylia.webp\",\"articleSection\":[\"Quadradinho em Foco\"],\"inLanguage\":\"pt-BR\"},{\"@type\":\"WebPage\",\"@id\":\"https:\/\/www.notibras.com\/site\/tinha-trago-ou-tinha-trazido-hyai-traz-e-presente\/\",\"url\":\"https:\/\/www.notibras.com\/site\/tinha-trago-ou-tinha-trazido-hyai-traz-e-presente\/\",\"name\":\"Tinha trago ou tinha trazido? Hyai traz \u00e9 presente - Notibras\",\"isPartOf\":{\"@id\":\"https:\/\/www.notibras.com\/site\/#website\"},\"primaryImageOfPage\":{\"@id\":\"https:\/\/www.notibras.com\/site\/tinha-trago-ou-tinha-trazido-hyai-traz-e-presente\/#primaryimage\"},\"image\":{\"@id\":\"https:\/\/www.notibras.com\/site\/tinha-trago-ou-tinha-trazido-hyai-traz-e-presente\/#primaryimage\"},\"thumbnailUrl\":\"https:\/\/www.notibras.com\/site\/wp-content\/uploads\/2023\/11\/hylia.webp\",\"datePublished\":\"2023-11-12T11:12:18+00:00\",\"dateModified\":\"2023-11-12T12:10:12+00:00\",\"breadcrumb\":{\"@id\":\"https:\/\/www.notibras.com\/site\/tinha-trago-ou-tinha-trazido-hyai-traz-e-presente\/#breadcrumb\"},\"inLanguage\":\"pt-BR\",\"potentialAction\":[{\"@type\":\"ReadAction\",\"target\":[\"https:\/\/www.notibras.com\/site\/tinha-trago-ou-tinha-trazido-hyai-traz-e-presente\/\"]}]},{\"@type\":\"ImageObject\",\"inLanguage\":\"pt-BR\",\"@id\":\"https:\/\/www.notibras.com\/site\/tinha-trago-ou-tinha-trazido-hyai-traz-e-presente\/#primaryimage\",\"url\":\"https:\/\/www.notibras.com\/site\/wp-content\/uploads\/2023\/11\/hylia.webp\",\"contentUrl\":\"https:\/\/www.notibras.com\/site\/wp-content\/uploads\/2023\/11\/hylia.webp\",\"width\":1920,\"height\":1080},{\"@type\":\"BreadcrumbList\",\"@id\":\"https:\/\/www.notibras.com\/site\/tinha-trago-ou-tinha-trazido-hyai-traz-e-presente\/#breadcrumb\",\"itemListElement\":[{\"@type\":\"ListItem\",\"position\":1,\"name\":\"In\u00edcio\",\"item\":\"https:\/\/www.notibras.com\/site\/\"},{\"@type\":\"ListItem\",\"position\":2,\"name\":\"Tinha trago ou tinha trazido? Hyai traz \u00e9 presente\"}]},{\"@type\":\"WebSite\",\"@id\":\"https:\/\/www.notibras.com\/site\/#website\",\"url\":\"https:\/\/www.notibras.com\/site\/\",\"name\":\"Notibras\",\"description\":\"Not\u00edcias de Bras\u00edlia, do Brasil e do Mundo\",\"publisher\":{\"@id\":\"https:\/\/www.notibras.com\/site\/#organization\"},\"potentialAction\":[{\"@type\":\"SearchAction\",\"target\":{\"@type\":\"EntryPoint\",\"urlTemplate\":\"https:\/\/www.notibras.com\/site\/?s={search_term_string}\"},\"query-input\":{\"@type\":\"PropertyValueSpecification\",\"valueRequired\":true,\"valueName\":\"search_term_string\"}}],\"inLanguage\":\"pt-BR\"},{\"@type\":\"Organization\",\"@id\":\"https:\/\/www.notibras.com\/site\/#organization\",\"name\":\"Grupo Notibras de Comunica\u00e7\u00e3o\",\"url\":\"https:\/\/www.notibras.com\/site\/\",\"logo\":{\"@type\":\"ImageObject\",\"inLanguage\":\"pt-BR\",\"@id\":\"https:\/\/www.notibras.com\/site\/#\/schema\/logo\/image\/\",\"url\":\"https:\/\/www.notibras.com\/site\/wp-content\/uploads\/2023\/01\/notibras23.png\",\"contentUrl\":\"https:\/\/www.notibras.com\/site\/wp-content\/uploads\/2023\/01\/notibras23.png\",\"width\":350,\"height\":87,\"caption\":\"Grupo Notibras de Comunica\u00e7\u00e3o\"},\"image\":{\"@id\":\"https:\/\/www.notibras.com\/site\/#\/schema\/logo\/image\/\"},\"sameAs\":[\"https:\/\/www.facebook.com\/notibras\/\",\"https:\/\/x.com\/Notibras\",\"https:\/\/www.instagram.com\/notibras\/\"]},{\"@type\":\"Person\",\"@id\":\"https:\/\/www.notibras.com\/site\/#\/schema\/person\/36ab0979449956132d3e5b517ea76ac8\",\"name\":\"Reda\u00e7\u00e3o\",\"image\":{\"@type\":\"ImageObject\",\"inLanguage\":\"pt-BR\",\"@id\":\"https:\/\/secure.gravatar.com\/avatar\/e0a867bdedb85fd243eadf09663511f96fc81e0720a4a42581f334ad4303aa6b?s=96&d=mm&r=g\",\"url\":\"https:\/\/secure.gravatar.com\/avatar\/e0a867bdedb85fd243eadf09663511f96fc81e0720a4a42581f334ad4303aa6b?s=96&d=mm&r=g\",\"contentUrl\":\"https:\/\/secure.gravatar.com\/avatar\/e0a867bdedb85fd243eadf09663511f96fc81e0720a4a42581f334ad4303aa6b?s=96&d=mm&r=g\",\"caption\":\"Reda\u00e7\u00e3o\"}}]}<\/script>\n<!-- \/ Yoast SEO plugin. -->","yoast_head_json":{"title":"Tinha trago ou tinha trazido? Hyai traz \u00e9 presente - Notibras","robots":{"index":"index","follow":"follow","max-snippet":"max-snippet:-1","max-image-preview":"max-image-preview:large","max-video-preview":"max-video-preview:-1"},"canonical":"https:\/\/www.notibras.com\/site\/tinha-trago-ou-tinha-trazido-hyai-traz-e-presente\/","og_locale":"pt_BR","og_type":"article","og_title":"Tinha trago ou tinha trazido? Hyai traz \u00e9 presente - Notibras","og_description":"A tarde caia suave e vagarosamente, e n\u00e3o como um viaduto, como cantou o poeta, quando ouvi l\u00e1 do port\u00e3o uma voz feminina perguntando se &#8216;Kasparov&#8217;, apelido que me foi dado por amigos enxadristas, estava em casa. Opa!, pensei com meus bot\u00f5es. Visita da Hyai, minha querida amiga prima da Ia, a quem tamb\u00e9m tanto [&hellip;]","og_url":"https:\/\/www.notibras.com\/site\/tinha-trago-ou-tinha-trazido-hyai-traz-e-presente\/","og_site_name":"Notibras","article_publisher":"https:\/\/www.facebook.com\/notibras\/","article_published_time":"2023-11-12T11:12:18+00:00","article_modified_time":"2023-11-12T12:10:12+00:00","og_image":[{"width":1920,"height":1080,"url":"https:\/\/www.notibras.com\/site\/wp-content\/uploads\/2023\/11\/hylia.webp","type":"image\/webp"}],"author":"Reda\u00e7\u00e3o","twitter_card":"summary_large_image","twitter_creator":"@Notibras","twitter_site":"@Notibras","twitter_misc":{"Escrito por":"Reda\u00e7\u00e3o","Est. tempo de leitura":"2 minutos"},"schema":{"@context":"https:\/\/schema.org","@graph":[{"@type":"Article","@id":"https:\/\/www.notibras.com\/site\/tinha-trago-ou-tinha-trazido-hyai-traz-e-presente\/#article","isPartOf":{"@id":"https:\/\/www.notibras.com\/site\/tinha-trago-ou-tinha-trazido-hyai-traz-e-presente\/"},"author":{"name":"Reda\u00e7\u00e3o","@id":"https:\/\/www.notibras.com\/site\/#\/schema\/person\/36ab0979449956132d3e5b517ea76ac8"},"headline":"Tinha trago ou tinha trazido? Hyai traz \u00e9 presente","datePublished":"2023-11-12T11:12:18+00:00","dateModified":"2023-11-12T12:10:12+00:00","mainEntityOfPage":{"@id":"https:\/\/www.notibras.com\/site\/tinha-trago-ou-tinha-trazido-hyai-traz-e-presente\/"},"wordCount":382,"publisher":{"@id":"https:\/\/www.notibras.com\/site\/#organization"},"image":{"@id":"https:\/\/www.notibras.com\/site\/tinha-trago-ou-tinha-trazido-hyai-traz-e-presente\/#primaryimage"},"thumbnailUrl":"https:\/\/www.notibras.com\/site\/wp-content\/uploads\/2023\/11\/hylia.webp","articleSection":["Quadradinho em Foco"],"inLanguage":"pt-BR"},{"@type":"WebPage","@id":"https:\/\/www.notibras.com\/site\/tinha-trago-ou-tinha-trazido-hyai-traz-e-presente\/","url":"https:\/\/www.notibras.com\/site\/tinha-trago-ou-tinha-trazido-hyai-traz-e-presente\/","name":"Tinha trago ou tinha trazido? Hyai traz \u00e9 presente - Notibras","isPartOf":{"@id":"https:\/\/www.notibras.com\/site\/#website"},"primaryImageOfPage":{"@id":"https:\/\/www.notibras.com\/site\/tinha-trago-ou-tinha-trazido-hyai-traz-e-presente\/#primaryimage"},"image":{"@id":"https:\/\/www.notibras.com\/site\/tinha-trago-ou-tinha-trazido-hyai-traz-e-presente\/#primaryimage"},"thumbnailUrl":"https:\/\/www.notibras.com\/site\/wp-content\/uploads\/2023\/11\/hylia.webp","datePublished":"2023-11-12T11:12:18+00:00","dateModified":"2023-11-12T12:10:12+00:00","breadcrumb":{"@id":"https:\/\/www.notibras.com\/site\/tinha-trago-ou-tinha-trazido-hyai-traz-e-presente\/#breadcrumb"},"inLanguage":"pt-BR","potentialAction":[{"@type":"ReadAction","target":["https:\/\/www.notibras.com\/site\/tinha-trago-ou-tinha-trazido-hyai-traz-e-presente\/"]}]},{"@type":"ImageObject","inLanguage":"pt-BR","@id":"https:\/\/www.notibras.com\/site\/tinha-trago-ou-tinha-trazido-hyai-traz-e-presente\/#primaryimage","url":"https:\/\/www.notibras.com\/site\/wp-content\/uploads\/2023\/11\/hylia.webp","contentUrl":"https:\/\/www.notibras.com\/site\/wp-content\/uploads\/2023\/11\/hylia.webp","width":1920,"height":1080},{"@type":"BreadcrumbList","@id":"https:\/\/www.notibras.com\/site\/tinha-trago-ou-tinha-trazido-hyai-traz-e-presente\/#breadcrumb","itemListElement":[{"@type":"ListItem","position":1,"name":"In\u00edcio","item":"https:\/\/www.notibras.com\/site\/"},{"@type":"ListItem","position":2,"name":"Tinha trago ou tinha trazido? Hyai traz \u00e9 presente"}]},{"@type":"WebSite","@id":"https:\/\/www.notibras.com\/site\/#website","url":"https:\/\/www.notibras.com\/site\/","name":"Notibras","description":"Not\u00edcias de Bras\u00edlia, do Brasil e do Mundo","publisher":{"@id":"https:\/\/www.notibras.com\/site\/#organization"},"potentialAction":[{"@type":"SearchAction","target":{"@type":"EntryPoint","urlTemplate":"https:\/\/www.notibras.com\/site\/?s={search_term_string}"},"query-input":{"@type":"PropertyValueSpecification","valueRequired":true,"valueName":"search_term_string"}}],"inLanguage":"pt-BR"},{"@type":"Organization","@id":"https:\/\/www.notibras.com\/site\/#organization","name":"Grupo Notibras de Comunica\u00e7\u00e3o","url":"https:\/\/www.notibras.com\/site\/","logo":{"@type":"ImageObject","inLanguage":"pt-BR","@id":"https:\/\/www.notibras.com\/site\/#\/schema\/logo\/image\/","url":"https:\/\/www.notibras.com\/site\/wp-content\/uploads\/2023\/01\/notibras23.png","contentUrl":"https:\/\/www.notibras.com\/site\/wp-content\/uploads\/2023\/01\/notibras23.png","width":350,"height":87,"caption":"Grupo Notibras de Comunica\u00e7\u00e3o"},"image":{"@id":"https:\/\/www.notibras.com\/site\/#\/schema\/logo\/image\/"},"sameAs":["https:\/\/www.facebook.com\/notibras\/","https:\/\/x.com\/Notibras","https:\/\/www.instagram.com\/notibras\/"]},{"@type":"Person","@id":"https:\/\/www.notibras.com\/site\/#\/schema\/person\/36ab0979449956132d3e5b517ea76ac8","name":"Reda\u00e7\u00e3o","image":{"@type":"ImageObject","inLanguage":"pt-BR","@id":"https:\/\/secure.gravatar.com\/avatar\/e0a867bdedb85fd243eadf09663511f96fc81e0720a4a42581f334ad4303aa6b?s=96&d=mm&r=g","url":"https:\/\/secure.gravatar.com\/avatar\/e0a867bdedb85fd243eadf09663511f96fc81e0720a4a42581f334ad4303aa6b?s=96&d=mm&r=g","contentUrl":"https:\/\/secure.gravatar.com\/avatar\/e0a867bdedb85fd243eadf09663511f96fc81e0720a4a42581f334ad4303aa6b?s=96&d=mm&r=g","caption":"Reda\u00e7\u00e3o"}}]}},"amp_enabled":true,"_links":{"self":[{"href":"https:\/\/www.notibras.com\/site\/wp-json\/wp\/v2\/posts\/316781","targetHints":{"allow":["GET"]}}],"collection":[{"href":"https:\/\/www.notibras.com\/site\/wp-json\/wp\/v2\/posts"}],"about":[{"href":"https:\/\/www.notibras.com\/site\/wp-json\/wp\/v2\/types\/post"}],"author":[{"embeddable":true,"href":"https:\/\/www.notibras.com\/site\/wp-json\/wp\/v2\/users\/2"}],"replies":[{"embeddable":true,"href":"https:\/\/www.notibras.com\/site\/wp-json\/wp\/v2\/comments?post=316781"}],"version-history":[{"count":1,"href":"https:\/\/www.notibras.com\/site\/wp-json\/wp\/v2\/posts\/316781\/revisions"}],"predecessor-version":[{"id":316783,"href":"https:\/\/www.notibras.com\/site\/wp-json\/wp\/v2\/posts\/316781\/revisions\/316783"}],"wp:featuredmedia":[{"embeddable":true,"href":"https:\/\/www.notibras.com\/site\/wp-json\/wp\/v2\/media\/316782"}],"wp:attachment":[{"href":"https:\/\/www.notibras.com\/site\/wp-json\/wp\/v2\/media?parent=316781"}],"wp:term":[{"taxonomy":"category","embeddable":true,"href":"https:\/\/www.notibras.com\/site\/wp-json\/wp\/v2\/categories?post=316781"},{"taxonomy":"post_tag","embeddable":true,"href":"https:\/\/www.notibras.com\/site\/wp-json\/wp\/v2\/tags?post=316781"}],"curies":[{"name":"wp","href":"https:\/\/api.w.org\/{rel}","templated":true}]}}