{"id":316787,"date":"2023-11-12T07:49:51","date_gmt":"2023-11-12T10:49:51","guid":{"rendered":"https:\/\/www.notibras.com\/site\/?p=316787"},"modified":"2023-11-12T09:22:12","modified_gmt":"2023-11-12T12:22:12","slug":"hip-hop-sai-da-africa-para-abracar-o-mundo-com-seu-ritmo","status":"publish","type":"post","link":"https:\/\/www.notibras.com\/site\/hip-hop-sai-da-africa-para-abracar-o-mundo-com-seu-ritmo\/","title":{"rendered":"Hip hop sai da \u00c1frica para abra\u00e7ar o mundo com seu ritmo"},"content":{"rendered":"<p>Dos gri\u00f4s da \u00c1frica para o sul do Bronx e periferias em todo o mundo: a trajet\u00f3ria do hip hop completa 50 anos em 2023. A ideia de uma coletividade diasp\u00f3rica est\u00e1 presente desde o come\u00e7o da cultura, como contam personalidades hist\u00f3ricas do hip hop ouvidas pela Ag\u00eancia Brasil e pela TV Brasil para celebrar o Dia Mundial do Hip Hop neste 12 de novembro.<\/p>\n<p>Foi nesta data que o rapper estadunidense Afrika Bambaatta criou a organiza\u00e7\u00e3o n\u00e3o governamental (ONG) Universal Zulu Nation. A ONG, criada em 1973, al\u00e9m de realizar festas, organizava reuni\u00f5es com vistas a atrair os jovens e apresentar o hip hop como alternativa para as gangues e as drogas. Em agosto do mesmo ano, a realiza\u00e7\u00e3o da block party dos irm\u00e3os Cindy Campbell e Kool Herc \u00e9 considerada o pilar fundante da cultura hip hop.<\/p>\n<p>No Brasil, comunidades de centros urbanos de todo o pa\u00eds se comunicam nas diversas linguagens que comp\u00f5em a cultura hip hop e tem como pilares o grafite, breaking, DJ e MC. \u201cPra mim o sul do Bronx \u00e9 s\u00f3 uma met\u00e1fora, porque o sul do Bronx pode ser o Cap\u00e3o Redondo [zona sul paulistana], \u00e9 o Alto Jos\u00e9 do Pinho [em Recife], \u00e9 a periferia de S\u00e3o Lu\u00eds, a periferia de Manaus. \u00c9 a periferia de qualquer outra grande cidade do mundo\u201d, aponta o DJ Eug\u00eanio Lima, um dos pioneiros na capital paulista.<\/p>\n<p>\u201cO hip hop come\u00e7a dessa forma: a gente se reescrevendo, se entendendo como ser humano, como ser cultural. Os pr\u00f3prios quatro elementos do hip hop eram muito contestados como arte, como algo que pudesse prover algo: o break n\u00e3o era dan\u00e7a, o grafite n\u00e3o era arte visual, o DJ n\u00e3o era m\u00fasico, ent\u00e3o quem sobrava?\u201d, questiona o rapper brasiliense Gog.<\/p>\n<p>\u201c[O hip hop] traduziu no dia a dia o que as pessoas falavam de forma complexa e complicada. Todo mundo fala assim: \u2018Mano, voc\u00ea pode melhorar\u2019. Mas ningu\u00e9m fala assim: \u2018Vem comigo\u2019.\u201d<\/p>\n<p><strong>Constru\u00e7\u00e3o<\/strong><br \/>\nEm julho deste ano, a Constru\u00e7\u00e3o Nacional da Cultura Hip Hop, que re\u00fane representantes do movimento em todo o Brasil, oficializou ao Instituto do Patrim\u00f4nio Hist\u00f3rico e Art\u00edstico Nacional (Iphan) o pedido de registro do hip hop brasileiro como Patrim\u00f4nio Cultural do Brasil. Segundo o instituto, \u201co processo est\u00e1 agora na fase de verifica\u00e7\u00e3o e averigua\u00e7\u00e3o da documenta\u00e7\u00e3o inicial para que prossiga em tramita\u00e7\u00e3o no \u00e2mbito do Iphan nos pr\u00f3ximos anos\u201d.<\/p>\n<p>\u201cO hip hop brasileiro \u00e9 um hip hop que pauta a transforma\u00e7\u00e3o social da realidade e tem conquistado ao longo dos \u00faltimos 40 anos um processo de emancipa\u00e7\u00e3o cr\u00edtica e econ\u00f4mica para v\u00e1rias periferias do pa\u00eds\u201d, defende o rapper Rafa Rafuagi, facilitador geral da Constru\u00e7\u00e3o.<\/p>\n<p>O grupo tamb\u00e9m busca propor pol\u00edticas ao governo federal. Para o artista, o investimento no hip hop \u201cmuda a vida das pessoas na medida em que libera recursos e esses recursos v\u00e3o diretamente para dentro das periferias\u201d.<\/p>\n<p>Em 29 de novembro, durante o F\u00f3rum Global de Combate ao Racismo da Organiza\u00e7\u00e3o das Na\u00e7\u00f5es Unidas para a Educa\u00e7\u00e3o, a Ci\u00eancia e a Cultura (Unesco), em S\u00e3o Paulo, ser\u00e1 lan\u00e7ado o Semin\u00e1rio Internacional do Hip Hop, que ocorrer\u00e1 em agosto de 2024 em Nova York.<\/p>\n<p>\u201cA ideia do semin\u00e1rio \u00e9 replicar o que o Brasil fez quando entregou um invent\u00e1rio participativo para o Iphan, pedindo o reconhecimento como patrim\u00f4nio imaterial. A gente vai fazer um dossi\u00ea global do hip hop e a meta, depois de finalizado esse material, \u00e9 entregar para a Unesco\u201d, explica Rafuagi.<\/p>\n<p>Com a mesma ideia de um reconhecimento da sociedade ao hip hop, Porto Alegre ter\u00e1 em dezembro um museu dedicado \u00e0 cultura.<\/p>\n<p>\u201cN\u00f3s consideramos aqui o nosso ponto de refer\u00eancia, a primeira roda de breaking na Rua da Praia em 1983. Eu vinha desde 76, desde os meus 10 anos de idade, fazendo parte da cultura do soul e do funk, que era bem comum dentro das periferias de Porto Alegre\u201d, relembra DJ Nezzo.<\/p>\n<p>Ele conta que a entrada dele na cultura hip hop se deu com a tentativa de fazer scratches (efeitos de sons percussivos e r\u00edtmicos produzidos com a movimenta\u00e7\u00e3o do disco de vinil para frente e para tr\u00e1s).<\/p>\n<p><strong>Conex\u00f5es perif\u00e9ricas<\/strong><br \/>\nO rapper paulistano Rincon Sapi\u00eancia lembra que o hip hop \u00e9 uma cultura preta, mas que a presen\u00e7a na \u201cquebrada\u201d o fez tamb\u00e9m se conectar com latinos, imigrantes, LGBTQIAPN+, ind\u00edgenas, entre outras popula\u00e7\u00f5es vulnerabilizadas. \u201cEle sempre contemplou aqueles menos ouvidos, menos representados\u201d, destaca.<\/p>\n<p>\u00c9 o caso de Cida Arip\u00f3ria, pioneira do rap no Amazonas.<\/p>\n<p>\u201cAs m\u00fasicas que eu produzo, que eu escrevo, sempre t\u00eam um contexto social. Sempre trazem essa quest\u00e3o da luta das mulheres, a quest\u00e3o da luta principalmente da periferia e a quest\u00e3o dos povos origin\u00e1rios. A gente traz muito Amaz\u00f4nia nesse sentido, muito Manaus nas nossas letras, as nossas g\u00edrias, nosso jeito de falar\u201d, relata a artista.<\/p>\n<p>Na Pra\u00e7a do Cidad\u00e3o, na Ceil\u00e2ndia, regi\u00e3o administrativa do Distrito Federal, a integrante da Constru\u00e7\u00e3o Nacional da Cultura Hip Hop Cl\u00e1udia Maciel mostra a for\u00e7a da cultura hip hop para a comunidade.<\/p>\n<p>\u201cEsse espa\u00e7o \u00e9 uma ocupa\u00e7\u00e3o cultural. Aqui n\u00f3s temos de um lado aulas de dan\u00e7a de breaking, DJ. N\u00f3s estamos criando nossos meninos no hip hop. Dentro do hip hop, eles v\u00e3o conseguir afeto, v\u00e3o conseguir pol\u00edtica, v\u00e3o entender de meio ambiente, v\u00e3o saber o que \u00e9 um trabalho, v\u00e3o entender a arte\u201d, aponta Cl\u00e1udia.<\/p>\n","protected":false},"excerpt":{"rendered":"<p>Dos gri\u00f4s da \u00c1frica para o sul do Bronx e periferias em todo o mundo: a trajet\u00f3ria do hip hop completa 50 anos em 2023. A ideia de uma coletividade diasp\u00f3rica est\u00e1 presente desde o come\u00e7o da cultura, como contam personalidades hist\u00f3ricas do hip hop ouvidas pela Ag\u00eancia Brasil e pela TV Brasil para celebrar [&hellip;]<\/p>\n","protected":false},"author":2,"featured_media":316788,"comment_status":"closed","ping_status":"closed","sticky":false,"template":"","format":"standard","meta":{"_acf_changed":false,"footnotes":""},"categories":[161],"tags":[],"class_list":["post-316787","post","type-post","status-publish","format-standard","has-post-thumbnail","hentry","category-quadradinho-em-foco"],"acf":[],"yoast_head":"<!-- This site is optimized with the Yoast SEO plugin v27.2 - https:\/\/yoast.com\/product\/yoast-seo-wordpress\/ -->\n<title>Hip hop sai da \u00c1frica para abra\u00e7ar o mundo com seu ritmo - Notibras<\/title>\n<meta name=\"robots\" content=\"index, follow, max-snippet:-1, max-image-preview:large, max-video-preview:-1\" \/>\n<link rel=\"canonical\" href=\"https:\/\/www.notibras.com\/site\/hip-hop-sai-da-africa-para-abracar-o-mundo-com-seu-ritmo\/\" \/>\n<meta property=\"og:locale\" content=\"pt_BR\" \/>\n<meta property=\"og:type\" content=\"article\" \/>\n<meta property=\"og:title\" content=\"Hip hop sai da \u00c1frica para abra\u00e7ar o mundo com seu ritmo - Notibras\" \/>\n<meta property=\"og:description\" content=\"Dos gri\u00f4s da \u00c1frica para o sul do Bronx e periferias em todo o mundo: a trajet\u00f3ria do hip hop completa 50 anos em 2023. A ideia de uma coletividade diasp\u00f3rica est\u00e1 presente desde o come\u00e7o da cultura, como contam personalidades hist\u00f3ricas do hip hop ouvidas pela Ag\u00eancia Brasil e pela TV Brasil para celebrar [&hellip;]\" \/>\n<meta property=\"og:url\" content=\"https:\/\/www.notibras.com\/site\/hip-hop-sai-da-africa-para-abracar-o-mundo-com-seu-ritmo\/\" \/>\n<meta property=\"og:site_name\" content=\"Notibras\" \/>\n<meta property=\"article:publisher\" content=\"https:\/\/www.facebook.com\/notibras\/\" \/>\n<meta property=\"article:published_time\" content=\"2023-11-12T10:49:51+00:00\" \/>\n<meta property=\"article:modified_time\" content=\"2023-11-12T12:22:12+00:00\" \/>\n<meta property=\"og:image\" content=\"https:\/\/www.notibras.com\/site\/wp-content\/uploads\/2023\/11\/hip.hop_.webp\" \/>\n\t<meta property=\"og:image:width\" content=\"1170\" \/>\n\t<meta property=\"og:image:height\" content=\"700\" \/>\n\t<meta property=\"og:image:type\" content=\"image\/webp\" \/>\n<meta name=\"author\" content=\"Reda\u00e7\u00e3o\" \/>\n<meta name=\"twitter:card\" content=\"summary_large_image\" \/>\n<meta name=\"twitter:creator\" content=\"@Notibras\" \/>\n<meta name=\"twitter:site\" content=\"@Notibras\" \/>\n<meta name=\"twitter:label1\" content=\"Escrito por\" \/>\n\t<meta name=\"twitter:data1\" content=\"Reda\u00e7\u00e3o\" \/>\n\t<meta name=\"twitter:label2\" content=\"Est. tempo de leitura\" \/>\n\t<meta name=\"twitter:data2\" content=\"5 minutos\" \/>\n<script type=\"application\/ld+json\" class=\"yoast-schema-graph\">{\"@context\":\"https:\/\/schema.org\",\"@graph\":[{\"@type\":\"Article\",\"@id\":\"https:\/\/www.notibras.com\/site\/hip-hop-sai-da-africa-para-abracar-o-mundo-com-seu-ritmo\/#article\",\"isPartOf\":{\"@id\":\"https:\/\/www.notibras.com\/site\/hip-hop-sai-da-africa-para-abracar-o-mundo-com-seu-ritmo\/\"},\"author\":{\"name\":\"Reda\u00e7\u00e3o\",\"@id\":\"https:\/\/www.notibras.com\/site\/#\/schema\/person\/36ab0979449956132d3e5b517ea76ac8\"},\"headline\":\"Hip hop sai da \u00c1frica para abra\u00e7ar o mundo com seu ritmo\",\"datePublished\":\"2023-11-12T10:49:51+00:00\",\"dateModified\":\"2023-11-12T12:22:12+00:00\",\"mainEntityOfPage\":{\"@id\":\"https:\/\/www.notibras.com\/site\/hip-hop-sai-da-africa-para-abracar-o-mundo-com-seu-ritmo\/\"},\"wordCount\":975,\"publisher\":{\"@id\":\"https:\/\/www.notibras.com\/site\/#organization\"},\"image\":{\"@id\":\"https:\/\/www.notibras.com\/site\/hip-hop-sai-da-africa-para-abracar-o-mundo-com-seu-ritmo\/#primaryimage\"},\"thumbnailUrl\":\"https:\/\/www.notibras.com\/site\/wp-content\/uploads\/2023\/11\/hip.hop_.webp\",\"articleSection\":[\"Quadradinho em Foco\"],\"inLanguage\":\"pt-BR\"},{\"@type\":\"WebPage\",\"@id\":\"https:\/\/www.notibras.com\/site\/hip-hop-sai-da-africa-para-abracar-o-mundo-com-seu-ritmo\/\",\"url\":\"https:\/\/www.notibras.com\/site\/hip-hop-sai-da-africa-para-abracar-o-mundo-com-seu-ritmo\/\",\"name\":\"Hip hop sai da \u00c1frica para abra\u00e7ar o mundo com seu ritmo - Notibras\",\"isPartOf\":{\"@id\":\"https:\/\/www.notibras.com\/site\/#website\"},\"primaryImageOfPage\":{\"@id\":\"https:\/\/www.notibras.com\/site\/hip-hop-sai-da-africa-para-abracar-o-mundo-com-seu-ritmo\/#primaryimage\"},\"image\":{\"@id\":\"https:\/\/www.notibras.com\/site\/hip-hop-sai-da-africa-para-abracar-o-mundo-com-seu-ritmo\/#primaryimage\"},\"thumbnailUrl\":\"https:\/\/www.notibras.com\/site\/wp-content\/uploads\/2023\/11\/hip.hop_.webp\",\"datePublished\":\"2023-11-12T10:49:51+00:00\",\"dateModified\":\"2023-11-12T12:22:12+00:00\",\"breadcrumb\":{\"@id\":\"https:\/\/www.notibras.com\/site\/hip-hop-sai-da-africa-para-abracar-o-mundo-com-seu-ritmo\/#breadcrumb\"},\"inLanguage\":\"pt-BR\",\"potentialAction\":[{\"@type\":\"ReadAction\",\"target\":[\"https:\/\/www.notibras.com\/site\/hip-hop-sai-da-africa-para-abracar-o-mundo-com-seu-ritmo\/\"]}]},{\"@type\":\"ImageObject\",\"inLanguage\":\"pt-BR\",\"@id\":\"https:\/\/www.notibras.com\/site\/hip-hop-sai-da-africa-para-abracar-o-mundo-com-seu-ritmo\/#primaryimage\",\"url\":\"https:\/\/www.notibras.com\/site\/wp-content\/uploads\/2023\/11\/hip.hop_.webp\",\"contentUrl\":\"https:\/\/www.notibras.com\/site\/wp-content\/uploads\/2023\/11\/hip.hop_.webp\",\"width\":1170,\"height\":700},{\"@type\":\"BreadcrumbList\",\"@id\":\"https:\/\/www.notibras.com\/site\/hip-hop-sai-da-africa-para-abracar-o-mundo-com-seu-ritmo\/#breadcrumb\",\"itemListElement\":[{\"@type\":\"ListItem\",\"position\":1,\"name\":\"In\u00edcio\",\"item\":\"https:\/\/www.notibras.com\/site\/\"},{\"@type\":\"ListItem\",\"position\":2,\"name\":\"Hip hop sai da \u00c1frica para abra\u00e7ar o mundo com seu ritmo\"}]},{\"@type\":\"WebSite\",\"@id\":\"https:\/\/www.notibras.com\/site\/#website\",\"url\":\"https:\/\/www.notibras.com\/site\/\",\"name\":\"Notibras\",\"description\":\"Not\u00edcias de Bras\u00edlia, do Brasil e do Mundo\",\"publisher\":{\"@id\":\"https:\/\/www.notibras.com\/site\/#organization\"},\"potentialAction\":[{\"@type\":\"SearchAction\",\"target\":{\"@type\":\"EntryPoint\",\"urlTemplate\":\"https:\/\/www.notibras.com\/site\/?s={search_term_string}\"},\"query-input\":{\"@type\":\"PropertyValueSpecification\",\"valueRequired\":true,\"valueName\":\"search_term_string\"}}],\"inLanguage\":\"pt-BR\"},{\"@type\":\"Organization\",\"@id\":\"https:\/\/www.notibras.com\/site\/#organization\",\"name\":\"Grupo Notibras de Comunica\u00e7\u00e3o\",\"url\":\"https:\/\/www.notibras.com\/site\/\",\"logo\":{\"@type\":\"ImageObject\",\"inLanguage\":\"pt-BR\",\"@id\":\"https:\/\/www.notibras.com\/site\/#\/schema\/logo\/image\/\",\"url\":\"https:\/\/www.notibras.com\/site\/wp-content\/uploads\/2023\/01\/notibras23.png\",\"contentUrl\":\"https:\/\/www.notibras.com\/site\/wp-content\/uploads\/2023\/01\/notibras23.png\",\"width\":350,\"height\":87,\"caption\":\"Grupo Notibras de Comunica\u00e7\u00e3o\"},\"image\":{\"@id\":\"https:\/\/www.notibras.com\/site\/#\/schema\/logo\/image\/\"},\"sameAs\":[\"https:\/\/www.facebook.com\/notibras\/\",\"https:\/\/x.com\/Notibras\",\"https:\/\/www.instagram.com\/notibras\/\"]},{\"@type\":\"Person\",\"@id\":\"https:\/\/www.notibras.com\/site\/#\/schema\/person\/36ab0979449956132d3e5b517ea76ac8\",\"name\":\"Reda\u00e7\u00e3o\",\"image\":{\"@type\":\"ImageObject\",\"inLanguage\":\"pt-BR\",\"@id\":\"https:\/\/secure.gravatar.com\/avatar\/e0a867bdedb85fd243eadf09663511f96fc81e0720a4a42581f334ad4303aa6b?s=96&d=mm&r=g\",\"url\":\"https:\/\/secure.gravatar.com\/avatar\/e0a867bdedb85fd243eadf09663511f96fc81e0720a4a42581f334ad4303aa6b?s=96&d=mm&r=g\",\"contentUrl\":\"https:\/\/secure.gravatar.com\/avatar\/e0a867bdedb85fd243eadf09663511f96fc81e0720a4a42581f334ad4303aa6b?s=96&d=mm&r=g\",\"caption\":\"Reda\u00e7\u00e3o\"}}]}<\/script>\n<!-- \/ Yoast SEO plugin. -->","yoast_head_json":{"title":"Hip hop sai da \u00c1frica para abra\u00e7ar o mundo com seu ritmo - Notibras","robots":{"index":"index","follow":"follow","max-snippet":"max-snippet:-1","max-image-preview":"max-image-preview:large","max-video-preview":"max-video-preview:-1"},"canonical":"https:\/\/www.notibras.com\/site\/hip-hop-sai-da-africa-para-abracar-o-mundo-com-seu-ritmo\/","og_locale":"pt_BR","og_type":"article","og_title":"Hip hop sai da \u00c1frica para abra\u00e7ar o mundo com seu ritmo - Notibras","og_description":"Dos gri\u00f4s da \u00c1frica para o sul do Bronx e periferias em todo o mundo: a trajet\u00f3ria do hip hop completa 50 anos em 2023. A ideia de uma coletividade diasp\u00f3rica est\u00e1 presente desde o come\u00e7o da cultura, como contam personalidades hist\u00f3ricas do hip hop ouvidas pela Ag\u00eancia Brasil e pela TV Brasil para celebrar [&hellip;]","og_url":"https:\/\/www.notibras.com\/site\/hip-hop-sai-da-africa-para-abracar-o-mundo-com-seu-ritmo\/","og_site_name":"Notibras","article_publisher":"https:\/\/www.facebook.com\/notibras\/","article_published_time":"2023-11-12T10:49:51+00:00","article_modified_time":"2023-11-12T12:22:12+00:00","og_image":[{"width":1170,"height":700,"url":"https:\/\/www.notibras.com\/site\/wp-content\/uploads\/2023\/11\/hip.hop_.webp","type":"image\/webp"}],"author":"Reda\u00e7\u00e3o","twitter_card":"summary_large_image","twitter_creator":"@Notibras","twitter_site":"@Notibras","twitter_misc":{"Escrito por":"Reda\u00e7\u00e3o","Est. tempo de leitura":"5 minutos"},"schema":{"@context":"https:\/\/schema.org","@graph":[{"@type":"Article","@id":"https:\/\/www.notibras.com\/site\/hip-hop-sai-da-africa-para-abracar-o-mundo-com-seu-ritmo\/#article","isPartOf":{"@id":"https:\/\/www.notibras.com\/site\/hip-hop-sai-da-africa-para-abracar-o-mundo-com-seu-ritmo\/"},"author":{"name":"Reda\u00e7\u00e3o","@id":"https:\/\/www.notibras.com\/site\/#\/schema\/person\/36ab0979449956132d3e5b517ea76ac8"},"headline":"Hip hop sai da \u00c1frica para abra\u00e7ar o mundo com seu ritmo","datePublished":"2023-11-12T10:49:51+00:00","dateModified":"2023-11-12T12:22:12+00:00","mainEntityOfPage":{"@id":"https:\/\/www.notibras.com\/site\/hip-hop-sai-da-africa-para-abracar-o-mundo-com-seu-ritmo\/"},"wordCount":975,"publisher":{"@id":"https:\/\/www.notibras.com\/site\/#organization"},"image":{"@id":"https:\/\/www.notibras.com\/site\/hip-hop-sai-da-africa-para-abracar-o-mundo-com-seu-ritmo\/#primaryimage"},"thumbnailUrl":"https:\/\/www.notibras.com\/site\/wp-content\/uploads\/2023\/11\/hip.hop_.webp","articleSection":["Quadradinho em Foco"],"inLanguage":"pt-BR"},{"@type":"WebPage","@id":"https:\/\/www.notibras.com\/site\/hip-hop-sai-da-africa-para-abracar-o-mundo-com-seu-ritmo\/","url":"https:\/\/www.notibras.com\/site\/hip-hop-sai-da-africa-para-abracar-o-mundo-com-seu-ritmo\/","name":"Hip hop sai da \u00c1frica para abra\u00e7ar o mundo com seu ritmo - Notibras","isPartOf":{"@id":"https:\/\/www.notibras.com\/site\/#website"},"primaryImageOfPage":{"@id":"https:\/\/www.notibras.com\/site\/hip-hop-sai-da-africa-para-abracar-o-mundo-com-seu-ritmo\/#primaryimage"},"image":{"@id":"https:\/\/www.notibras.com\/site\/hip-hop-sai-da-africa-para-abracar-o-mundo-com-seu-ritmo\/#primaryimage"},"thumbnailUrl":"https:\/\/www.notibras.com\/site\/wp-content\/uploads\/2023\/11\/hip.hop_.webp","datePublished":"2023-11-12T10:49:51+00:00","dateModified":"2023-11-12T12:22:12+00:00","breadcrumb":{"@id":"https:\/\/www.notibras.com\/site\/hip-hop-sai-da-africa-para-abracar-o-mundo-com-seu-ritmo\/#breadcrumb"},"inLanguage":"pt-BR","potentialAction":[{"@type":"ReadAction","target":["https:\/\/www.notibras.com\/site\/hip-hop-sai-da-africa-para-abracar-o-mundo-com-seu-ritmo\/"]}]},{"@type":"ImageObject","inLanguage":"pt-BR","@id":"https:\/\/www.notibras.com\/site\/hip-hop-sai-da-africa-para-abracar-o-mundo-com-seu-ritmo\/#primaryimage","url":"https:\/\/www.notibras.com\/site\/wp-content\/uploads\/2023\/11\/hip.hop_.webp","contentUrl":"https:\/\/www.notibras.com\/site\/wp-content\/uploads\/2023\/11\/hip.hop_.webp","width":1170,"height":700},{"@type":"BreadcrumbList","@id":"https:\/\/www.notibras.com\/site\/hip-hop-sai-da-africa-para-abracar-o-mundo-com-seu-ritmo\/#breadcrumb","itemListElement":[{"@type":"ListItem","position":1,"name":"In\u00edcio","item":"https:\/\/www.notibras.com\/site\/"},{"@type":"ListItem","position":2,"name":"Hip hop sai da \u00c1frica para abra\u00e7ar o mundo com seu ritmo"}]},{"@type":"WebSite","@id":"https:\/\/www.notibras.com\/site\/#website","url":"https:\/\/www.notibras.com\/site\/","name":"Notibras","description":"Not\u00edcias de Bras\u00edlia, do Brasil e do Mundo","publisher":{"@id":"https:\/\/www.notibras.com\/site\/#organization"},"potentialAction":[{"@type":"SearchAction","target":{"@type":"EntryPoint","urlTemplate":"https:\/\/www.notibras.com\/site\/?s={search_term_string}"},"query-input":{"@type":"PropertyValueSpecification","valueRequired":true,"valueName":"search_term_string"}}],"inLanguage":"pt-BR"},{"@type":"Organization","@id":"https:\/\/www.notibras.com\/site\/#organization","name":"Grupo Notibras de Comunica\u00e7\u00e3o","url":"https:\/\/www.notibras.com\/site\/","logo":{"@type":"ImageObject","inLanguage":"pt-BR","@id":"https:\/\/www.notibras.com\/site\/#\/schema\/logo\/image\/","url":"https:\/\/www.notibras.com\/site\/wp-content\/uploads\/2023\/01\/notibras23.png","contentUrl":"https:\/\/www.notibras.com\/site\/wp-content\/uploads\/2023\/01\/notibras23.png","width":350,"height":87,"caption":"Grupo Notibras de Comunica\u00e7\u00e3o"},"image":{"@id":"https:\/\/www.notibras.com\/site\/#\/schema\/logo\/image\/"},"sameAs":["https:\/\/www.facebook.com\/notibras\/","https:\/\/x.com\/Notibras","https:\/\/www.instagram.com\/notibras\/"]},{"@type":"Person","@id":"https:\/\/www.notibras.com\/site\/#\/schema\/person\/36ab0979449956132d3e5b517ea76ac8","name":"Reda\u00e7\u00e3o","image":{"@type":"ImageObject","inLanguage":"pt-BR","@id":"https:\/\/secure.gravatar.com\/avatar\/e0a867bdedb85fd243eadf09663511f96fc81e0720a4a42581f334ad4303aa6b?s=96&d=mm&r=g","url":"https:\/\/secure.gravatar.com\/avatar\/e0a867bdedb85fd243eadf09663511f96fc81e0720a4a42581f334ad4303aa6b?s=96&d=mm&r=g","contentUrl":"https:\/\/secure.gravatar.com\/avatar\/e0a867bdedb85fd243eadf09663511f96fc81e0720a4a42581f334ad4303aa6b?s=96&d=mm&r=g","caption":"Reda\u00e7\u00e3o"}}]}},"amp_enabled":true,"_links":{"self":[{"href":"https:\/\/www.notibras.com\/site\/wp-json\/wp\/v2\/posts\/316787","targetHints":{"allow":["GET"]}}],"collection":[{"href":"https:\/\/www.notibras.com\/site\/wp-json\/wp\/v2\/posts"}],"about":[{"href":"https:\/\/www.notibras.com\/site\/wp-json\/wp\/v2\/types\/post"}],"author":[{"embeddable":true,"href":"https:\/\/www.notibras.com\/site\/wp-json\/wp\/v2\/users\/2"}],"replies":[{"embeddable":true,"href":"https:\/\/www.notibras.com\/site\/wp-json\/wp\/v2\/comments?post=316787"}],"version-history":[{"count":1,"href":"https:\/\/www.notibras.com\/site\/wp-json\/wp\/v2\/posts\/316787\/revisions"}],"predecessor-version":[{"id":316789,"href":"https:\/\/www.notibras.com\/site\/wp-json\/wp\/v2\/posts\/316787\/revisions\/316789"}],"wp:featuredmedia":[{"embeddable":true,"href":"https:\/\/www.notibras.com\/site\/wp-json\/wp\/v2\/media\/316788"}],"wp:attachment":[{"href":"https:\/\/www.notibras.com\/site\/wp-json\/wp\/v2\/media?parent=316787"}],"wp:term":[{"taxonomy":"category","embeddable":true,"href":"https:\/\/www.notibras.com\/site\/wp-json\/wp\/v2\/categories?post=316787"},{"taxonomy":"post_tag","embeddable":true,"href":"https:\/\/www.notibras.com\/site\/wp-json\/wp\/v2\/tags?post=316787"}],"curies":[{"name":"wp","href":"https:\/\/api.w.org\/{rel}","templated":true}]}}