{"id":316804,"date":"2023-11-12T00:00:46","date_gmt":"2023-11-12T03:00:46","guid":{"rendered":"https:\/\/www.notibras.com\/site\/?p=316804"},"modified":"2023-11-12T10:42:47","modified_gmt":"2023-11-12T13:42:47","slug":"guara-recebe-residencial-maestro-claudio-cohen","status":"publish","type":"post","link":"https:\/\/www.notibras.com\/site\/guara-recebe-residencial-maestro-claudio-cohen\/","title":{"rendered":"Guar\u00e1 recebe Residencial Maestro Cl\u00e1udio Cohen"},"content":{"rendered":"<p>A PaulOOctavio entregou aos compradores, neste s\u00e1bado (11), o Residencial Maestro Cl\u00e1udio Cohen, na QI 33, do Guar\u00e1 II. A solenidade de inaugura\u00e7\u00e3o do edif\u00edcio contou com a presen\u00e7a do homenageado, al\u00e9m de amigos e interessados em adquirir um im\u00f3vel no local.<\/p>\n<p>A cerim\u00f4nia de entrega do residencial contou com a apresenta\u00e7\u00e3o especial do quinteto de cordas do Teatro Nacional, sob a reg\u00eancia do homenageado. Os presentes puderam ouvir grandes pe\u00e7as da m\u00fasica cl\u00e1ssica e popular brasileira, como \u201cEine kleine Nachtmusik\u201d, de Wolfgang Amadeus Mozart, e \u201cTico-tico no fub\u00e1\u201d, de Zequinha de Abreu.<\/p>\n<p>O empres\u00e1rio Paulo Oct\u00e1vio agradeceu o trabalho de toda equipe envolvida na constru\u00e7\u00e3o do empreendimento e rememorou a trajet\u00f3ria de Cl\u00e1udio Cohen na m\u00fasica, arte na qual se que iniciou aos 5 anos, at\u00e9 chegar ao comando da Orquestra do Teatro Nacional Cl\u00e1udio Santoro, em 2011, depois de ser seu violinista principal. \u201cA m\u00fasica tem uma import\u00e2ncia fundamental na nossa vida e por isso n\u00f3s, da PaulOOctavio, ficamos felizes em homenagear o maestro por tudo que ele faz por Bras\u00edlia\u201d, complementou o empres\u00e1rio.<\/p>\n<p>O maestro Cl\u00e1udio Cohen se disse honrado com a homenagem, feita pela PaulOOctavio. \u201cFiquei muito feliz e honrado em ser homenageado com este bel\u00edssimo empreendimento, de excelente qualidade, localiza\u00e7\u00e3o privilegiada e uma vista impressionante\u201d, comentou. Ele tamb\u00e9m destacou a import\u00e2ncia do reconhecimento que o empreendimento faz com a cultura da cidade. \u201cQuando um artista recebe uma homenagem grandiosa como esta, e t\u00e3o relevante para a cidade, n\u00f3s ficamos muito felizes, e a PaulOOctavio tem esse compromisso de homenagear a classe art\u00edstica da cidade\u201d, completou, ladeado pela esposa Fabiane e pelo filho e filho, Rafael. No evento estiveram presente v\u00e1rias autoridades, como o embaixador da Cor\u00e9ia do Sul, Lim Ki-mo, e o presidente da CEB Distribui\u00e7\u00e3o, Edison Garcia, entre outros.<\/p>\n<p>Os futuros moradores do residencial tamb\u00e9m foram comemorar a entrega do empreendimento e destacaram o que levou a escolha do im\u00f3vel. \u201cO pr\u00e9dio nos chamou a aten\u00e7\u00e3o por estar em uma \u00e1rea totalmente residencial aqui no Guar\u00e1 e tamb\u00e9m por ser um condom\u00ednio com apenas duas torres, al\u00e9m de toda a tecnologia e qualidade que sabemos que a PaulOOctavio oferece. Ent\u00e3o, ficamos muito satisfeitos e felizes com a escolha que fizemos\u201d, contou Artur Magalh\u00e3es, primeiro comprador do Residencial Maestro Cl\u00e1udio Cohen.<\/p>\n<p><strong>O empreendimento<\/strong><br \/>\nO edif\u00edcio tem apartamentos de 4 quartos, com at\u00e9 3 vagas na garagem, e metragens que variam de 127m\u00b2 a 190m\u00b2, al\u00e9m de coberturas lineares de 256m\u00b2 a 258m\u00b2, com spa, churrasqueira, sauna, entre outros detalhes.<\/p>\n<p>Com excelente localiza\u00e7\u00e3o, pr\u00f3ximo as vias de acesso do Guar\u00e1 e do ParkShopping, o pr\u00e9dio disp\u00f5e de \u00e1rea de lazer completa com espa\u00e7o fitness, sal\u00e3o de festas, espa\u00e7o gourmet, piscinas adulto e infantil, churrasqueira, sala de relax com ducha, sauna, terra\u00e7o, jardins, playground e brinquedoteca com frald\u00e1rio, e os apartamentos contam detalhes como nichos nos banheiros, detector de vazamento de g\u00e1s, infraestrutura para lava-lou\u00e7as e \u00e1gua quente nas unidades com aquecedor de passagem individual.<\/p>\n","protected":false},"excerpt":{"rendered":"<p>A PaulOOctavio entregou aos compradores, neste s\u00e1bado (11), o Residencial Maestro Cl\u00e1udio Cohen, na QI 33, do Guar\u00e1 II. A solenidade de inaugura\u00e7\u00e3o do edif\u00edcio contou com a presen\u00e7a do homenageado, al\u00e9m de amigos e interessados em adquirir um im\u00f3vel no local. A cerim\u00f4nia de entrega do residencial contou com a apresenta\u00e7\u00e3o especial do quinteto [&hellip;]<\/p>\n","protected":false},"author":2,"featured_media":316805,"comment_status":"closed","ping_status":"closed","sticky":false,"template":"","format":"standard","meta":{"_acf_changed":false,"footnotes":""},"categories":[161],"tags":[],"class_list":["post-316804","post","type-post","status-publish","format-standard","has-post-thumbnail","hentry","category-quadradinho-em-foco"],"acf":[],"yoast_head":"<!-- This site is optimized with the Yoast SEO plugin v27.2 - https:\/\/yoast.com\/product\/yoast-seo-wordpress\/ -->\n<title>Guar\u00e1 recebe Residencial Maestro Cl\u00e1udio Cohen - Notibras<\/title>\n<meta name=\"robots\" content=\"index, follow, max-snippet:-1, max-image-preview:large, max-video-preview:-1\" \/>\n<link rel=\"canonical\" href=\"https:\/\/www.notibras.com\/site\/guara-recebe-residencial-maestro-claudio-cohen\/\" \/>\n<meta property=\"og:locale\" content=\"pt_BR\" \/>\n<meta property=\"og:type\" content=\"article\" \/>\n<meta property=\"og:title\" content=\"Guar\u00e1 recebe Residencial Maestro Cl\u00e1udio Cohen - Notibras\" \/>\n<meta property=\"og:description\" content=\"A PaulOOctavio entregou aos compradores, neste s\u00e1bado (11), o Residencial Maestro Cl\u00e1udio Cohen, na QI 33, do Guar\u00e1 II. A solenidade de inaugura\u00e7\u00e3o do edif\u00edcio contou com a presen\u00e7a do homenageado, al\u00e9m de amigos e interessados em adquirir um im\u00f3vel no local. A cerim\u00f4nia de entrega do residencial contou com a apresenta\u00e7\u00e3o especial do quinteto [&hellip;]\" \/>\n<meta property=\"og:url\" content=\"https:\/\/www.notibras.com\/site\/guara-recebe-residencial-maestro-claudio-cohen\/\" \/>\n<meta property=\"og:site_name\" content=\"Notibras\" \/>\n<meta property=\"article:publisher\" content=\"https:\/\/www.facebook.com\/notibras\/\" \/>\n<meta property=\"article:published_time\" content=\"2023-11-12T03:00:46+00:00\" \/>\n<meta property=\"article:modified_time\" content=\"2023-11-12T13:42:47+00:00\" \/>\n<meta property=\"og:image\" content=\"https:\/\/www.notibras.com\/site\/wp-content\/uploads\/2023\/11\/97d72614-c8a7-42e7-be35-dda14f299d32.jpeg\" \/>\n\t<meta property=\"og:image:width\" content=\"1600\" \/>\n\t<meta property=\"og:image:height\" content=\"1066\" \/>\n\t<meta property=\"og:image:type\" content=\"image\/jpeg\" \/>\n<meta name=\"author\" content=\"Reda\u00e7\u00e3o\" \/>\n<meta name=\"twitter:card\" content=\"summary_large_image\" \/>\n<meta name=\"twitter:creator\" content=\"@Notibras\" \/>\n<meta name=\"twitter:site\" content=\"@Notibras\" \/>\n<meta name=\"twitter:label1\" content=\"Escrito por\" \/>\n\t<meta name=\"twitter:data1\" content=\"Reda\u00e7\u00e3o\" \/>\n\t<meta name=\"twitter:label2\" content=\"Est. tempo de leitura\" \/>\n\t<meta name=\"twitter:data2\" content=\"3 minutos\" \/>\n<script type=\"application\/ld+json\" class=\"yoast-schema-graph\">{\"@context\":\"https:\/\/schema.org\",\"@graph\":[{\"@type\":\"Article\",\"@id\":\"https:\/\/www.notibras.com\/site\/guara-recebe-residencial-maestro-claudio-cohen\/#article\",\"isPartOf\":{\"@id\":\"https:\/\/www.notibras.com\/site\/guara-recebe-residencial-maestro-claudio-cohen\/\"},\"author\":{\"name\":\"Reda\u00e7\u00e3o\",\"@id\":\"https:\/\/www.notibras.com\/site\/#\/schema\/person\/36ab0979449956132d3e5b517ea76ac8\"},\"headline\":\"Guar\u00e1 recebe Residencial Maestro Cl\u00e1udio Cohen\",\"datePublished\":\"2023-11-12T03:00:46+00:00\",\"dateModified\":\"2023-11-12T13:42:47+00:00\",\"mainEntityOfPage\":{\"@id\":\"https:\/\/www.notibras.com\/site\/guara-recebe-residencial-maestro-claudio-cohen\/\"},\"wordCount\":548,\"publisher\":{\"@id\":\"https:\/\/www.notibras.com\/site\/#organization\"},\"image\":{\"@id\":\"https:\/\/www.notibras.com\/site\/guara-recebe-residencial-maestro-claudio-cohen\/#primaryimage\"},\"thumbnailUrl\":\"https:\/\/www.notibras.com\/site\/wp-content\/uploads\/2023\/11\/97d72614-c8a7-42e7-be35-dda14f299d32.jpeg\",\"articleSection\":[\"Quadradinho em Foco\"],\"inLanguage\":\"pt-BR\"},{\"@type\":\"WebPage\",\"@id\":\"https:\/\/www.notibras.com\/site\/guara-recebe-residencial-maestro-claudio-cohen\/\",\"url\":\"https:\/\/www.notibras.com\/site\/guara-recebe-residencial-maestro-claudio-cohen\/\",\"name\":\"Guar\u00e1 recebe Residencial Maestro Cl\u00e1udio Cohen - Notibras\",\"isPartOf\":{\"@id\":\"https:\/\/www.notibras.com\/site\/#website\"},\"primaryImageOfPage\":{\"@id\":\"https:\/\/www.notibras.com\/site\/guara-recebe-residencial-maestro-claudio-cohen\/#primaryimage\"},\"image\":{\"@id\":\"https:\/\/www.notibras.com\/site\/guara-recebe-residencial-maestro-claudio-cohen\/#primaryimage\"},\"thumbnailUrl\":\"https:\/\/www.notibras.com\/site\/wp-content\/uploads\/2023\/11\/97d72614-c8a7-42e7-be35-dda14f299d32.jpeg\",\"datePublished\":\"2023-11-12T03:00:46+00:00\",\"dateModified\":\"2023-11-12T13:42:47+00:00\",\"breadcrumb\":{\"@id\":\"https:\/\/www.notibras.com\/site\/guara-recebe-residencial-maestro-claudio-cohen\/#breadcrumb\"},\"inLanguage\":\"pt-BR\",\"potentialAction\":[{\"@type\":\"ReadAction\",\"target\":[\"https:\/\/www.notibras.com\/site\/guara-recebe-residencial-maestro-claudio-cohen\/\"]}]},{\"@type\":\"ImageObject\",\"inLanguage\":\"pt-BR\",\"@id\":\"https:\/\/www.notibras.com\/site\/guara-recebe-residencial-maestro-claudio-cohen\/#primaryimage\",\"url\":\"https:\/\/www.notibras.com\/site\/wp-content\/uploads\/2023\/11\/97d72614-c8a7-42e7-be35-dda14f299d32.jpeg\",\"contentUrl\":\"https:\/\/www.notibras.com\/site\/wp-content\/uploads\/2023\/11\/97d72614-c8a7-42e7-be35-dda14f299d32.jpeg\",\"width\":1600,\"height\":1066},{\"@type\":\"BreadcrumbList\",\"@id\":\"https:\/\/www.notibras.com\/site\/guara-recebe-residencial-maestro-claudio-cohen\/#breadcrumb\",\"itemListElement\":[{\"@type\":\"ListItem\",\"position\":1,\"name\":\"In\u00edcio\",\"item\":\"https:\/\/www.notibras.com\/site\/\"},{\"@type\":\"ListItem\",\"position\":2,\"name\":\"Guar\u00e1 recebe Residencial Maestro Cl\u00e1udio Cohen\"}]},{\"@type\":\"WebSite\",\"@id\":\"https:\/\/www.notibras.com\/site\/#website\",\"url\":\"https:\/\/www.notibras.com\/site\/\",\"name\":\"Notibras\",\"description\":\"Not\u00edcias de Bras\u00edlia, do Brasil e do Mundo\",\"publisher\":{\"@id\":\"https:\/\/www.notibras.com\/site\/#organization\"},\"potentialAction\":[{\"@type\":\"SearchAction\",\"target\":{\"@type\":\"EntryPoint\",\"urlTemplate\":\"https:\/\/www.notibras.com\/site\/?s={search_term_string}\"},\"query-input\":{\"@type\":\"PropertyValueSpecification\",\"valueRequired\":true,\"valueName\":\"search_term_string\"}}],\"inLanguage\":\"pt-BR\"},{\"@type\":\"Organization\",\"@id\":\"https:\/\/www.notibras.com\/site\/#organization\",\"name\":\"Grupo Notibras de Comunica\u00e7\u00e3o\",\"url\":\"https:\/\/www.notibras.com\/site\/\",\"logo\":{\"@type\":\"ImageObject\",\"inLanguage\":\"pt-BR\",\"@id\":\"https:\/\/www.notibras.com\/site\/#\/schema\/logo\/image\/\",\"url\":\"https:\/\/www.notibras.com\/site\/wp-content\/uploads\/2023\/01\/notibras23.png\",\"contentUrl\":\"https:\/\/www.notibras.com\/site\/wp-content\/uploads\/2023\/01\/notibras23.png\",\"width\":350,\"height\":87,\"caption\":\"Grupo Notibras de Comunica\u00e7\u00e3o\"},\"image\":{\"@id\":\"https:\/\/www.notibras.com\/site\/#\/schema\/logo\/image\/\"},\"sameAs\":[\"https:\/\/www.facebook.com\/notibras\/\",\"https:\/\/x.com\/Notibras\",\"https:\/\/www.instagram.com\/notibras\/\"]},{\"@type\":\"Person\",\"@id\":\"https:\/\/www.notibras.com\/site\/#\/schema\/person\/36ab0979449956132d3e5b517ea76ac8\",\"name\":\"Reda\u00e7\u00e3o\",\"image\":{\"@type\":\"ImageObject\",\"inLanguage\":\"pt-BR\",\"@id\":\"https:\/\/secure.gravatar.com\/avatar\/e0a867bdedb85fd243eadf09663511f96fc81e0720a4a42581f334ad4303aa6b?s=96&d=mm&r=g\",\"url\":\"https:\/\/secure.gravatar.com\/avatar\/e0a867bdedb85fd243eadf09663511f96fc81e0720a4a42581f334ad4303aa6b?s=96&d=mm&r=g\",\"contentUrl\":\"https:\/\/secure.gravatar.com\/avatar\/e0a867bdedb85fd243eadf09663511f96fc81e0720a4a42581f334ad4303aa6b?s=96&d=mm&r=g\",\"caption\":\"Reda\u00e7\u00e3o\"}}]}<\/script>\n<!-- \/ Yoast SEO plugin. -->","yoast_head_json":{"title":"Guar\u00e1 recebe Residencial Maestro Cl\u00e1udio Cohen - Notibras","robots":{"index":"index","follow":"follow","max-snippet":"max-snippet:-1","max-image-preview":"max-image-preview:large","max-video-preview":"max-video-preview:-1"},"canonical":"https:\/\/www.notibras.com\/site\/guara-recebe-residencial-maestro-claudio-cohen\/","og_locale":"pt_BR","og_type":"article","og_title":"Guar\u00e1 recebe Residencial Maestro Cl\u00e1udio Cohen - Notibras","og_description":"A PaulOOctavio entregou aos compradores, neste s\u00e1bado (11), o Residencial Maestro Cl\u00e1udio Cohen, na QI 33, do Guar\u00e1 II. A solenidade de inaugura\u00e7\u00e3o do edif\u00edcio contou com a presen\u00e7a do homenageado, al\u00e9m de amigos e interessados em adquirir um im\u00f3vel no local. A cerim\u00f4nia de entrega do residencial contou com a apresenta\u00e7\u00e3o especial do quinteto [&hellip;]","og_url":"https:\/\/www.notibras.com\/site\/guara-recebe-residencial-maestro-claudio-cohen\/","og_site_name":"Notibras","article_publisher":"https:\/\/www.facebook.com\/notibras\/","article_published_time":"2023-11-12T03:00:46+00:00","article_modified_time":"2023-11-12T13:42:47+00:00","og_image":[{"width":1600,"height":1066,"url":"https:\/\/www.notibras.com\/site\/wp-content\/uploads\/2023\/11\/97d72614-c8a7-42e7-be35-dda14f299d32.jpeg","type":"image\/jpeg"}],"author":"Reda\u00e7\u00e3o","twitter_card":"summary_large_image","twitter_creator":"@Notibras","twitter_site":"@Notibras","twitter_misc":{"Escrito por":"Reda\u00e7\u00e3o","Est. tempo de leitura":"3 minutos"},"schema":{"@context":"https:\/\/schema.org","@graph":[{"@type":"Article","@id":"https:\/\/www.notibras.com\/site\/guara-recebe-residencial-maestro-claudio-cohen\/#article","isPartOf":{"@id":"https:\/\/www.notibras.com\/site\/guara-recebe-residencial-maestro-claudio-cohen\/"},"author":{"name":"Reda\u00e7\u00e3o","@id":"https:\/\/www.notibras.com\/site\/#\/schema\/person\/36ab0979449956132d3e5b517ea76ac8"},"headline":"Guar\u00e1 recebe Residencial Maestro Cl\u00e1udio Cohen","datePublished":"2023-11-12T03:00:46+00:00","dateModified":"2023-11-12T13:42:47+00:00","mainEntityOfPage":{"@id":"https:\/\/www.notibras.com\/site\/guara-recebe-residencial-maestro-claudio-cohen\/"},"wordCount":548,"publisher":{"@id":"https:\/\/www.notibras.com\/site\/#organization"},"image":{"@id":"https:\/\/www.notibras.com\/site\/guara-recebe-residencial-maestro-claudio-cohen\/#primaryimage"},"thumbnailUrl":"https:\/\/www.notibras.com\/site\/wp-content\/uploads\/2023\/11\/97d72614-c8a7-42e7-be35-dda14f299d32.jpeg","articleSection":["Quadradinho em Foco"],"inLanguage":"pt-BR"},{"@type":"WebPage","@id":"https:\/\/www.notibras.com\/site\/guara-recebe-residencial-maestro-claudio-cohen\/","url":"https:\/\/www.notibras.com\/site\/guara-recebe-residencial-maestro-claudio-cohen\/","name":"Guar\u00e1 recebe Residencial Maestro Cl\u00e1udio Cohen - Notibras","isPartOf":{"@id":"https:\/\/www.notibras.com\/site\/#website"},"primaryImageOfPage":{"@id":"https:\/\/www.notibras.com\/site\/guara-recebe-residencial-maestro-claudio-cohen\/#primaryimage"},"image":{"@id":"https:\/\/www.notibras.com\/site\/guara-recebe-residencial-maestro-claudio-cohen\/#primaryimage"},"thumbnailUrl":"https:\/\/www.notibras.com\/site\/wp-content\/uploads\/2023\/11\/97d72614-c8a7-42e7-be35-dda14f299d32.jpeg","datePublished":"2023-11-12T03:00:46+00:00","dateModified":"2023-11-12T13:42:47+00:00","breadcrumb":{"@id":"https:\/\/www.notibras.com\/site\/guara-recebe-residencial-maestro-claudio-cohen\/#breadcrumb"},"inLanguage":"pt-BR","potentialAction":[{"@type":"ReadAction","target":["https:\/\/www.notibras.com\/site\/guara-recebe-residencial-maestro-claudio-cohen\/"]}]},{"@type":"ImageObject","inLanguage":"pt-BR","@id":"https:\/\/www.notibras.com\/site\/guara-recebe-residencial-maestro-claudio-cohen\/#primaryimage","url":"https:\/\/www.notibras.com\/site\/wp-content\/uploads\/2023\/11\/97d72614-c8a7-42e7-be35-dda14f299d32.jpeg","contentUrl":"https:\/\/www.notibras.com\/site\/wp-content\/uploads\/2023\/11\/97d72614-c8a7-42e7-be35-dda14f299d32.jpeg","width":1600,"height":1066},{"@type":"BreadcrumbList","@id":"https:\/\/www.notibras.com\/site\/guara-recebe-residencial-maestro-claudio-cohen\/#breadcrumb","itemListElement":[{"@type":"ListItem","position":1,"name":"In\u00edcio","item":"https:\/\/www.notibras.com\/site\/"},{"@type":"ListItem","position":2,"name":"Guar\u00e1 recebe Residencial Maestro Cl\u00e1udio Cohen"}]},{"@type":"WebSite","@id":"https:\/\/www.notibras.com\/site\/#website","url":"https:\/\/www.notibras.com\/site\/","name":"Notibras","description":"Not\u00edcias de Bras\u00edlia, do Brasil e do Mundo","publisher":{"@id":"https:\/\/www.notibras.com\/site\/#organization"},"potentialAction":[{"@type":"SearchAction","target":{"@type":"EntryPoint","urlTemplate":"https:\/\/www.notibras.com\/site\/?s={search_term_string}"},"query-input":{"@type":"PropertyValueSpecification","valueRequired":true,"valueName":"search_term_string"}}],"inLanguage":"pt-BR"},{"@type":"Organization","@id":"https:\/\/www.notibras.com\/site\/#organization","name":"Grupo Notibras de Comunica\u00e7\u00e3o","url":"https:\/\/www.notibras.com\/site\/","logo":{"@type":"ImageObject","inLanguage":"pt-BR","@id":"https:\/\/www.notibras.com\/site\/#\/schema\/logo\/image\/","url":"https:\/\/www.notibras.com\/site\/wp-content\/uploads\/2023\/01\/notibras23.png","contentUrl":"https:\/\/www.notibras.com\/site\/wp-content\/uploads\/2023\/01\/notibras23.png","width":350,"height":87,"caption":"Grupo Notibras de Comunica\u00e7\u00e3o"},"image":{"@id":"https:\/\/www.notibras.com\/site\/#\/schema\/logo\/image\/"},"sameAs":["https:\/\/www.facebook.com\/notibras\/","https:\/\/x.com\/Notibras","https:\/\/www.instagram.com\/notibras\/"]},{"@type":"Person","@id":"https:\/\/www.notibras.com\/site\/#\/schema\/person\/36ab0979449956132d3e5b517ea76ac8","name":"Reda\u00e7\u00e3o","image":{"@type":"ImageObject","inLanguage":"pt-BR","@id":"https:\/\/secure.gravatar.com\/avatar\/e0a867bdedb85fd243eadf09663511f96fc81e0720a4a42581f334ad4303aa6b?s=96&d=mm&r=g","url":"https:\/\/secure.gravatar.com\/avatar\/e0a867bdedb85fd243eadf09663511f96fc81e0720a4a42581f334ad4303aa6b?s=96&d=mm&r=g","contentUrl":"https:\/\/secure.gravatar.com\/avatar\/e0a867bdedb85fd243eadf09663511f96fc81e0720a4a42581f334ad4303aa6b?s=96&d=mm&r=g","caption":"Reda\u00e7\u00e3o"}}]}},"amp_enabled":true,"_links":{"self":[{"href":"https:\/\/www.notibras.com\/site\/wp-json\/wp\/v2\/posts\/316804","targetHints":{"allow":["GET"]}}],"collection":[{"href":"https:\/\/www.notibras.com\/site\/wp-json\/wp\/v2\/posts"}],"about":[{"href":"https:\/\/www.notibras.com\/site\/wp-json\/wp\/v2\/types\/post"}],"author":[{"embeddable":true,"href":"https:\/\/www.notibras.com\/site\/wp-json\/wp\/v2\/users\/2"}],"replies":[{"embeddable":true,"href":"https:\/\/www.notibras.com\/site\/wp-json\/wp\/v2\/comments?post=316804"}],"version-history":[{"count":1,"href":"https:\/\/www.notibras.com\/site\/wp-json\/wp\/v2\/posts\/316804\/revisions"}],"predecessor-version":[{"id":316806,"href":"https:\/\/www.notibras.com\/site\/wp-json\/wp\/v2\/posts\/316804\/revisions\/316806"}],"wp:featuredmedia":[{"embeddable":true,"href":"https:\/\/www.notibras.com\/site\/wp-json\/wp\/v2\/media\/316805"}],"wp:attachment":[{"href":"https:\/\/www.notibras.com\/site\/wp-json\/wp\/v2\/media?parent=316804"}],"wp:term":[{"taxonomy":"category","embeddable":true,"href":"https:\/\/www.notibras.com\/site\/wp-json\/wp\/v2\/categories?post=316804"},{"taxonomy":"post_tag","embeddable":true,"href":"https:\/\/www.notibras.com\/site\/wp-json\/wp\/v2\/tags?post=316804"}],"curies":[{"name":"wp","href":"https:\/\/api.w.org\/{rel}","templated":true}]}}