{"id":316854,"date":"2023-11-13T00:00:00","date_gmt":"2023-11-13T03:00:00","guid":{"rendered":"https:\/\/www.notibras.com\/site\/?p=316854"},"modified":"2023-11-13T05:58:37","modified_gmt":"2023-11-13T08:58:37","slug":"pessoas-com-deficiencia-querem-entrar-no-mercado-criativo","status":"publish","type":"post","link":"https:\/\/www.notibras.com\/site\/pessoas-com-deficiencia-querem-entrar-no-mercado-criativo\/","title":{"rendered":"Pessoas com defici\u00eancia querem entrar no mercado criativo"},"content":{"rendered":"<p>Artistas com defici\u00eancia que participam do Terceiro Mercado das Ind\u00fastrias Criativas do Brasil (MICBR) querem estimular o conv\u00edvio entre eles para inclus\u00e3o no mercado criativo. O encontro terminpu no domingo (12).<\/p>\n<p>O cearense Jo\u00e3o Paulo Lima, da \u00e1rea de dan\u00e7a e ativista dos direitos das pessoas com defici\u00eancia, ressalta a import\u00e2ncia de pensar a acessibilidade n\u00e3o como um produto, mas como um direito humano.<\/p>\n<p>\u201cO grande desafio \u00e9 perceber a acessibilidade como um direito humano, para todos. Ela facilita a rela\u00e7\u00e3o de pessoas com e sem defici\u00eancia, de entendimento da pol\u00edtica, da arte, da cultura em si. A luta precisa ser em conjunto&#8221;. Para ele, defender a acessibilidade a essas pol\u00edticas de editais, de espa\u00e7os e inserir as pessoas com defici\u00eancia \u00e9 necess\u00e1rio para melhorar a inclus\u00e3o\u201d, afirma.<\/p>\n<p>Jo\u00e3o Paulo Lima lembra que o preconceito nunca vai deixar de ser uma barreira, que se soma \u00e0 falta de recursos &#8211; at\u00e9 porque dependendo da defici\u00eancia \u00e9 preciso recurso diferenciado.<\/p>\n<p>Ariadne Andico, que vive no interior de S\u00e3o Paulo, tem paralisia cerebral e trabalha com a atividade de palha\u00e7o. Ela conta que foi convidada, pela primeira vez, para falar sobre seu processo criativo no MICBR. Para ela, \u00e9 fundamental a conviv\u00eancia, o encontro acess\u00edvel para todos, pessoas com e sem defici\u00eancia.<\/p>\n<p>\u201c\u00c9 uma mudan\u00e7a de perspectiva, que parte de uma pessoa que convive com artistas com defici\u00eancia, ent\u00e3o \u00e9 pequena, ainda h\u00e1 muito ch\u00e3o para afirmar que \u00e9 uma mudan\u00e7a. \u00c9 uma fagulha de mudan\u00e7a, porque \u00e9 muito necess\u00e1rio ainda falar sobre [pessoas com defici\u00eancia]. Eu entendo o fato de a gente ser convidado sempre para falar sobre a defici\u00eancia porque a gente est\u00e1 neste momento de processo de mudan\u00e7a, ao mesmo tempo de conviv\u00eancia. Acredito muito no encontro como possibilidade de transforma\u00e7\u00e3o. E nesse sentido estou feliz demais de ocupar esse espa\u00e7o, mesmo frente \u00e0s limita\u00e7\u00f5es. \u00c9 muito gostoso estar falando da minha arte e n\u00e3o s\u00f3 da minha defici\u00eancia\u201d.<\/p>\n<p><strong>Invisibilidade<\/strong><br \/>\nSocorro Lima, professora, pesquisadora e artista da dan\u00e7a de Bel\u00e9m (PA), tem defici\u00eancia visual. Ela diz que mesmo que as pessoas com defici\u00eancia estejam produzindo, ainda h\u00e1 grande invisibilidade do segmento.<\/p>\n<p>\u201cA gente \u00e9 invis\u00edvel, como se n\u00e3o existisse. N\u00e3o tem um olhar como pessoas mesmo. E somos pessoas capazes. Temos a nossa hist\u00f3ria, os nossos trabalhos, nossos projetos. Mas n\u00e3o somos vistas como pessoas e sim como empecilhos, como o que d\u00e1 trabalho\u201d, afirma Socorro.<\/p>\n<p><strong>MICBR<\/strong><br \/>\nOs artistas com defici\u00eancia reclamaram da pouca acessibilidade do MICBR, realizado no Centro de Conven\u00e7\u00f5es do Hangar, em Bel\u00e9m, o maior da capital paraense. O Minist\u00e9rio da Cultura afirma que a mesa de debate sobre acessibilidade foi realizada com objetivo de escutar as pessoas.<\/p>\n<p>Andrea Guimar\u00e3es, diretora de Desenvolvimento Econ\u00f4mico da Cultura do minist\u00e9rio, afirma que houve preocupa\u00e7\u00e3o da organiza\u00e7\u00e3o do evento de se preparar para receber as pessoas com defici\u00eancia.<\/p>\n<p>&#8220;Reconhecemos que h\u00e1 um processo de melhorar essas quest\u00f5es, mas existe uma lacuna. Os espa\u00e7os n\u00e3o s\u00e3o constru\u00eddos pensando nisso, \u00e0s vezes eles s\u00e3o adaptados posteriormente. Nossa inten\u00e7\u00e3o de trazer uma mesa de debates, trazer essas pessoas, de dar voz, \u00e9 justamente nos prepararmos para receb\u00ea-las cada vez melhor&#8221;, diz Andrea.<\/p>\n<p>Segundo o minist\u00e9rio houve avalia\u00e7\u00e3o para prever as necessidades espec\u00edficas das pessoas com defici\u00eancia no evento, reuni\u00f5es com o Centro de Conven\u00e7\u00f5es Hangar para analisar as condi\u00e7\u00f5es de acessibilidade, como elevador, rampas, espa\u00e7os adaptados e tradu\u00e7\u00e3o de libras, por exemplo.<\/p>\n","protected":false},"excerpt":{"rendered":"<p>Artistas com defici\u00eancia que participam do Terceiro Mercado das Ind\u00fastrias Criativas do Brasil (MICBR) querem estimular o conv\u00edvio entre eles para inclus\u00e3o no mercado criativo. O encontro terminpu no domingo (12). O cearense Jo\u00e3o Paulo Lima, da \u00e1rea de dan\u00e7a e ativista dos direitos das pessoas com defici\u00eancia, ressalta a import\u00e2ncia de pensar a acessibilidade [&hellip;]<\/p>\n","protected":false},"author":2,"featured_media":316855,"comment_status":"closed","ping_status":"closed","sticky":false,"template":"","format":"standard","meta":{"_acf_changed":false,"footnotes":""},"categories":[161],"tags":[],"class_list":["post-316854","post","type-post","status-publish","format-standard","has-post-thumbnail","hentry","category-quadradinho-em-foco"],"acf":[],"yoast_head":"<!-- This site is optimized with the Yoast SEO plugin v27.2 - https:\/\/yoast.com\/product\/yoast-seo-wordpress\/ -->\n<title>Pessoas com defici\u00eancia querem entrar no mercado criativo - Notibras<\/title>\n<meta name=\"robots\" content=\"index, follow, max-snippet:-1, max-image-preview:large, max-video-preview:-1\" \/>\n<link rel=\"canonical\" href=\"https:\/\/www.notibras.com\/site\/pessoas-com-deficiencia-querem-entrar-no-mercado-criativo\/\" \/>\n<meta property=\"og:locale\" content=\"pt_BR\" \/>\n<meta property=\"og:type\" content=\"article\" \/>\n<meta property=\"og:title\" content=\"Pessoas com defici\u00eancia querem entrar no mercado criativo - Notibras\" \/>\n<meta property=\"og:description\" content=\"Artistas com defici\u00eancia que participam do Terceiro Mercado das Ind\u00fastrias Criativas do Brasil (MICBR) querem estimular o conv\u00edvio entre eles para inclus\u00e3o no mercado criativo. O encontro terminpu no domingo (12). O cearense Jo\u00e3o Paulo Lima, da \u00e1rea de dan\u00e7a e ativista dos direitos das pessoas com defici\u00eancia, ressalta a import\u00e2ncia de pensar a acessibilidade [&hellip;]\" \/>\n<meta property=\"og:url\" content=\"https:\/\/www.notibras.com\/site\/pessoas-com-deficiencia-querem-entrar-no-mercado-criativo\/\" \/>\n<meta property=\"og:site_name\" content=\"Notibras\" \/>\n<meta property=\"article:publisher\" content=\"https:\/\/www.facebook.com\/notibras\/\" \/>\n<meta property=\"article:published_time\" content=\"2023-11-13T03:00:00+00:00\" \/>\n<meta property=\"article:modified_time\" content=\"2023-11-13T08:58:37+00:00\" \/>\n<meta property=\"og:image\" content=\"https:\/\/www.notibras.com\/site\/wp-content\/uploads\/2023\/11\/pdc.in_.webp\" \/>\n\t<meta property=\"og:image:width\" content=\"1170\" \/>\n\t<meta property=\"og:image:height\" content=\"700\" \/>\n\t<meta property=\"og:image:type\" content=\"image\/webp\" \/>\n<meta name=\"author\" content=\"Reda\u00e7\u00e3o\" \/>\n<meta name=\"twitter:card\" content=\"summary_large_image\" \/>\n<meta name=\"twitter:creator\" content=\"@Notibras\" \/>\n<meta name=\"twitter:site\" content=\"@Notibras\" \/>\n<meta name=\"twitter:label1\" content=\"Escrito por\" \/>\n\t<meta name=\"twitter:data1\" content=\"Reda\u00e7\u00e3o\" \/>\n\t<meta name=\"twitter:label2\" content=\"Est. tempo de leitura\" \/>\n\t<meta name=\"twitter:data2\" content=\"4 minutos\" \/>\n<script type=\"application\/ld+json\" class=\"yoast-schema-graph\">{\"@context\":\"https:\/\/schema.org\",\"@graph\":[{\"@type\":\"Article\",\"@id\":\"https:\/\/www.notibras.com\/site\/pessoas-com-deficiencia-querem-entrar-no-mercado-criativo\/#article\",\"isPartOf\":{\"@id\":\"https:\/\/www.notibras.com\/site\/pessoas-com-deficiencia-querem-entrar-no-mercado-criativo\/\"},\"author\":{\"name\":\"Reda\u00e7\u00e3o\",\"@id\":\"https:\/\/www.notibras.com\/site\/#\/schema\/person\/36ab0979449956132d3e5b517ea76ac8\"},\"headline\":\"Pessoas com defici\u00eancia querem entrar no mercado criativo\",\"datePublished\":\"2023-11-13T03:00:00+00:00\",\"dateModified\":\"2023-11-13T08:58:37+00:00\",\"mainEntityOfPage\":{\"@id\":\"https:\/\/www.notibras.com\/site\/pessoas-com-deficiencia-querem-entrar-no-mercado-criativo\/\"},\"wordCount\":631,\"publisher\":{\"@id\":\"https:\/\/www.notibras.com\/site\/#organization\"},\"image\":{\"@id\":\"https:\/\/www.notibras.com\/site\/pessoas-com-deficiencia-querem-entrar-no-mercado-criativo\/#primaryimage\"},\"thumbnailUrl\":\"https:\/\/www.notibras.com\/site\/wp-content\/uploads\/2023\/11\/pdc.in_.webp\",\"articleSection\":[\"Quadradinho em Foco\"],\"inLanguage\":\"pt-BR\"},{\"@type\":\"WebPage\",\"@id\":\"https:\/\/www.notibras.com\/site\/pessoas-com-deficiencia-querem-entrar-no-mercado-criativo\/\",\"url\":\"https:\/\/www.notibras.com\/site\/pessoas-com-deficiencia-querem-entrar-no-mercado-criativo\/\",\"name\":\"Pessoas com defici\u00eancia querem entrar no mercado criativo - Notibras\",\"isPartOf\":{\"@id\":\"https:\/\/www.notibras.com\/site\/#website\"},\"primaryImageOfPage\":{\"@id\":\"https:\/\/www.notibras.com\/site\/pessoas-com-deficiencia-querem-entrar-no-mercado-criativo\/#primaryimage\"},\"image\":{\"@id\":\"https:\/\/www.notibras.com\/site\/pessoas-com-deficiencia-querem-entrar-no-mercado-criativo\/#primaryimage\"},\"thumbnailUrl\":\"https:\/\/www.notibras.com\/site\/wp-content\/uploads\/2023\/11\/pdc.in_.webp\",\"datePublished\":\"2023-11-13T03:00:00+00:00\",\"dateModified\":\"2023-11-13T08:58:37+00:00\",\"breadcrumb\":{\"@id\":\"https:\/\/www.notibras.com\/site\/pessoas-com-deficiencia-querem-entrar-no-mercado-criativo\/#breadcrumb\"},\"inLanguage\":\"pt-BR\",\"potentialAction\":[{\"@type\":\"ReadAction\",\"target\":[\"https:\/\/www.notibras.com\/site\/pessoas-com-deficiencia-querem-entrar-no-mercado-criativo\/\"]}]},{\"@type\":\"ImageObject\",\"inLanguage\":\"pt-BR\",\"@id\":\"https:\/\/www.notibras.com\/site\/pessoas-com-deficiencia-querem-entrar-no-mercado-criativo\/#primaryimage\",\"url\":\"https:\/\/www.notibras.com\/site\/wp-content\/uploads\/2023\/11\/pdc.in_.webp\",\"contentUrl\":\"https:\/\/www.notibras.com\/site\/wp-content\/uploads\/2023\/11\/pdc.in_.webp\",\"width\":1170,\"height\":700},{\"@type\":\"BreadcrumbList\",\"@id\":\"https:\/\/www.notibras.com\/site\/pessoas-com-deficiencia-querem-entrar-no-mercado-criativo\/#breadcrumb\",\"itemListElement\":[{\"@type\":\"ListItem\",\"position\":1,\"name\":\"In\u00edcio\",\"item\":\"https:\/\/www.notibras.com\/site\/\"},{\"@type\":\"ListItem\",\"position\":2,\"name\":\"Pessoas com defici\u00eancia querem entrar no mercado criativo\"}]},{\"@type\":\"WebSite\",\"@id\":\"https:\/\/www.notibras.com\/site\/#website\",\"url\":\"https:\/\/www.notibras.com\/site\/\",\"name\":\"Notibras\",\"description\":\"Not\u00edcias de Bras\u00edlia, do Brasil e do Mundo\",\"publisher\":{\"@id\":\"https:\/\/www.notibras.com\/site\/#organization\"},\"potentialAction\":[{\"@type\":\"SearchAction\",\"target\":{\"@type\":\"EntryPoint\",\"urlTemplate\":\"https:\/\/www.notibras.com\/site\/?s={search_term_string}\"},\"query-input\":{\"@type\":\"PropertyValueSpecification\",\"valueRequired\":true,\"valueName\":\"search_term_string\"}}],\"inLanguage\":\"pt-BR\"},{\"@type\":\"Organization\",\"@id\":\"https:\/\/www.notibras.com\/site\/#organization\",\"name\":\"Grupo Notibras de Comunica\u00e7\u00e3o\",\"url\":\"https:\/\/www.notibras.com\/site\/\",\"logo\":{\"@type\":\"ImageObject\",\"inLanguage\":\"pt-BR\",\"@id\":\"https:\/\/www.notibras.com\/site\/#\/schema\/logo\/image\/\",\"url\":\"https:\/\/www.notibras.com\/site\/wp-content\/uploads\/2023\/01\/notibras23.png\",\"contentUrl\":\"https:\/\/www.notibras.com\/site\/wp-content\/uploads\/2023\/01\/notibras23.png\",\"width\":350,\"height\":87,\"caption\":\"Grupo Notibras de Comunica\u00e7\u00e3o\"},\"image\":{\"@id\":\"https:\/\/www.notibras.com\/site\/#\/schema\/logo\/image\/\"},\"sameAs\":[\"https:\/\/www.facebook.com\/notibras\/\",\"https:\/\/x.com\/Notibras\",\"https:\/\/www.instagram.com\/notibras\/\"]},{\"@type\":\"Person\",\"@id\":\"https:\/\/www.notibras.com\/site\/#\/schema\/person\/36ab0979449956132d3e5b517ea76ac8\",\"name\":\"Reda\u00e7\u00e3o\",\"image\":{\"@type\":\"ImageObject\",\"inLanguage\":\"pt-BR\",\"@id\":\"https:\/\/secure.gravatar.com\/avatar\/e0a867bdedb85fd243eadf09663511f96fc81e0720a4a42581f334ad4303aa6b?s=96&d=mm&r=g\",\"url\":\"https:\/\/secure.gravatar.com\/avatar\/e0a867bdedb85fd243eadf09663511f96fc81e0720a4a42581f334ad4303aa6b?s=96&d=mm&r=g\",\"contentUrl\":\"https:\/\/secure.gravatar.com\/avatar\/e0a867bdedb85fd243eadf09663511f96fc81e0720a4a42581f334ad4303aa6b?s=96&d=mm&r=g\",\"caption\":\"Reda\u00e7\u00e3o\"}}]}<\/script>\n<!-- \/ Yoast SEO plugin. -->","yoast_head_json":{"title":"Pessoas com defici\u00eancia querem entrar no mercado criativo - Notibras","robots":{"index":"index","follow":"follow","max-snippet":"max-snippet:-1","max-image-preview":"max-image-preview:large","max-video-preview":"max-video-preview:-1"},"canonical":"https:\/\/www.notibras.com\/site\/pessoas-com-deficiencia-querem-entrar-no-mercado-criativo\/","og_locale":"pt_BR","og_type":"article","og_title":"Pessoas com defici\u00eancia querem entrar no mercado criativo - Notibras","og_description":"Artistas com defici\u00eancia que participam do Terceiro Mercado das Ind\u00fastrias Criativas do Brasil (MICBR) querem estimular o conv\u00edvio entre eles para inclus\u00e3o no mercado criativo. O encontro terminpu no domingo (12). O cearense Jo\u00e3o Paulo Lima, da \u00e1rea de dan\u00e7a e ativista dos direitos das pessoas com defici\u00eancia, ressalta a import\u00e2ncia de pensar a acessibilidade [&hellip;]","og_url":"https:\/\/www.notibras.com\/site\/pessoas-com-deficiencia-querem-entrar-no-mercado-criativo\/","og_site_name":"Notibras","article_publisher":"https:\/\/www.facebook.com\/notibras\/","article_published_time":"2023-11-13T03:00:00+00:00","article_modified_time":"2023-11-13T08:58:37+00:00","og_image":[{"width":1170,"height":700,"url":"https:\/\/www.notibras.com\/site\/wp-content\/uploads\/2023\/11\/pdc.in_.webp","type":"image\/webp"}],"author":"Reda\u00e7\u00e3o","twitter_card":"summary_large_image","twitter_creator":"@Notibras","twitter_site":"@Notibras","twitter_misc":{"Escrito por":"Reda\u00e7\u00e3o","Est. tempo de leitura":"4 minutos"},"schema":{"@context":"https:\/\/schema.org","@graph":[{"@type":"Article","@id":"https:\/\/www.notibras.com\/site\/pessoas-com-deficiencia-querem-entrar-no-mercado-criativo\/#article","isPartOf":{"@id":"https:\/\/www.notibras.com\/site\/pessoas-com-deficiencia-querem-entrar-no-mercado-criativo\/"},"author":{"name":"Reda\u00e7\u00e3o","@id":"https:\/\/www.notibras.com\/site\/#\/schema\/person\/36ab0979449956132d3e5b517ea76ac8"},"headline":"Pessoas com defici\u00eancia querem entrar no mercado criativo","datePublished":"2023-11-13T03:00:00+00:00","dateModified":"2023-11-13T08:58:37+00:00","mainEntityOfPage":{"@id":"https:\/\/www.notibras.com\/site\/pessoas-com-deficiencia-querem-entrar-no-mercado-criativo\/"},"wordCount":631,"publisher":{"@id":"https:\/\/www.notibras.com\/site\/#organization"},"image":{"@id":"https:\/\/www.notibras.com\/site\/pessoas-com-deficiencia-querem-entrar-no-mercado-criativo\/#primaryimage"},"thumbnailUrl":"https:\/\/www.notibras.com\/site\/wp-content\/uploads\/2023\/11\/pdc.in_.webp","articleSection":["Quadradinho em Foco"],"inLanguage":"pt-BR"},{"@type":"WebPage","@id":"https:\/\/www.notibras.com\/site\/pessoas-com-deficiencia-querem-entrar-no-mercado-criativo\/","url":"https:\/\/www.notibras.com\/site\/pessoas-com-deficiencia-querem-entrar-no-mercado-criativo\/","name":"Pessoas com defici\u00eancia querem entrar no mercado criativo - Notibras","isPartOf":{"@id":"https:\/\/www.notibras.com\/site\/#website"},"primaryImageOfPage":{"@id":"https:\/\/www.notibras.com\/site\/pessoas-com-deficiencia-querem-entrar-no-mercado-criativo\/#primaryimage"},"image":{"@id":"https:\/\/www.notibras.com\/site\/pessoas-com-deficiencia-querem-entrar-no-mercado-criativo\/#primaryimage"},"thumbnailUrl":"https:\/\/www.notibras.com\/site\/wp-content\/uploads\/2023\/11\/pdc.in_.webp","datePublished":"2023-11-13T03:00:00+00:00","dateModified":"2023-11-13T08:58:37+00:00","breadcrumb":{"@id":"https:\/\/www.notibras.com\/site\/pessoas-com-deficiencia-querem-entrar-no-mercado-criativo\/#breadcrumb"},"inLanguage":"pt-BR","potentialAction":[{"@type":"ReadAction","target":["https:\/\/www.notibras.com\/site\/pessoas-com-deficiencia-querem-entrar-no-mercado-criativo\/"]}]},{"@type":"ImageObject","inLanguage":"pt-BR","@id":"https:\/\/www.notibras.com\/site\/pessoas-com-deficiencia-querem-entrar-no-mercado-criativo\/#primaryimage","url":"https:\/\/www.notibras.com\/site\/wp-content\/uploads\/2023\/11\/pdc.in_.webp","contentUrl":"https:\/\/www.notibras.com\/site\/wp-content\/uploads\/2023\/11\/pdc.in_.webp","width":1170,"height":700},{"@type":"BreadcrumbList","@id":"https:\/\/www.notibras.com\/site\/pessoas-com-deficiencia-querem-entrar-no-mercado-criativo\/#breadcrumb","itemListElement":[{"@type":"ListItem","position":1,"name":"In\u00edcio","item":"https:\/\/www.notibras.com\/site\/"},{"@type":"ListItem","position":2,"name":"Pessoas com defici\u00eancia querem entrar no mercado criativo"}]},{"@type":"WebSite","@id":"https:\/\/www.notibras.com\/site\/#website","url":"https:\/\/www.notibras.com\/site\/","name":"Notibras","description":"Not\u00edcias de Bras\u00edlia, do Brasil e do Mundo","publisher":{"@id":"https:\/\/www.notibras.com\/site\/#organization"},"potentialAction":[{"@type":"SearchAction","target":{"@type":"EntryPoint","urlTemplate":"https:\/\/www.notibras.com\/site\/?s={search_term_string}"},"query-input":{"@type":"PropertyValueSpecification","valueRequired":true,"valueName":"search_term_string"}}],"inLanguage":"pt-BR"},{"@type":"Organization","@id":"https:\/\/www.notibras.com\/site\/#organization","name":"Grupo Notibras de Comunica\u00e7\u00e3o","url":"https:\/\/www.notibras.com\/site\/","logo":{"@type":"ImageObject","inLanguage":"pt-BR","@id":"https:\/\/www.notibras.com\/site\/#\/schema\/logo\/image\/","url":"https:\/\/www.notibras.com\/site\/wp-content\/uploads\/2023\/01\/notibras23.png","contentUrl":"https:\/\/www.notibras.com\/site\/wp-content\/uploads\/2023\/01\/notibras23.png","width":350,"height":87,"caption":"Grupo Notibras de Comunica\u00e7\u00e3o"},"image":{"@id":"https:\/\/www.notibras.com\/site\/#\/schema\/logo\/image\/"},"sameAs":["https:\/\/www.facebook.com\/notibras\/","https:\/\/x.com\/Notibras","https:\/\/www.instagram.com\/notibras\/"]},{"@type":"Person","@id":"https:\/\/www.notibras.com\/site\/#\/schema\/person\/36ab0979449956132d3e5b517ea76ac8","name":"Reda\u00e7\u00e3o","image":{"@type":"ImageObject","inLanguage":"pt-BR","@id":"https:\/\/secure.gravatar.com\/avatar\/e0a867bdedb85fd243eadf09663511f96fc81e0720a4a42581f334ad4303aa6b?s=96&d=mm&r=g","url":"https:\/\/secure.gravatar.com\/avatar\/e0a867bdedb85fd243eadf09663511f96fc81e0720a4a42581f334ad4303aa6b?s=96&d=mm&r=g","contentUrl":"https:\/\/secure.gravatar.com\/avatar\/e0a867bdedb85fd243eadf09663511f96fc81e0720a4a42581f334ad4303aa6b?s=96&d=mm&r=g","caption":"Reda\u00e7\u00e3o"}}]}},"amp_enabled":true,"_links":{"self":[{"href":"https:\/\/www.notibras.com\/site\/wp-json\/wp\/v2\/posts\/316854","targetHints":{"allow":["GET"]}}],"collection":[{"href":"https:\/\/www.notibras.com\/site\/wp-json\/wp\/v2\/posts"}],"about":[{"href":"https:\/\/www.notibras.com\/site\/wp-json\/wp\/v2\/types\/post"}],"author":[{"embeddable":true,"href":"https:\/\/www.notibras.com\/site\/wp-json\/wp\/v2\/users\/2"}],"replies":[{"embeddable":true,"href":"https:\/\/www.notibras.com\/site\/wp-json\/wp\/v2\/comments?post=316854"}],"version-history":[{"count":1,"href":"https:\/\/www.notibras.com\/site\/wp-json\/wp\/v2\/posts\/316854\/revisions"}],"predecessor-version":[{"id":316856,"href":"https:\/\/www.notibras.com\/site\/wp-json\/wp\/v2\/posts\/316854\/revisions\/316856"}],"wp:featuredmedia":[{"embeddable":true,"href":"https:\/\/www.notibras.com\/site\/wp-json\/wp\/v2\/media\/316855"}],"wp:attachment":[{"href":"https:\/\/www.notibras.com\/site\/wp-json\/wp\/v2\/media?parent=316854"}],"wp:term":[{"taxonomy":"category","embeddable":true,"href":"https:\/\/www.notibras.com\/site\/wp-json\/wp\/v2\/categories?post=316854"},{"taxonomy":"post_tag","embeddable":true,"href":"https:\/\/www.notibras.com\/site\/wp-json\/wp\/v2\/tags?post=316854"}],"curies":[{"name":"wp","href":"https:\/\/api.w.org\/{rel}","templated":true}]}}