{"id":316857,"date":"2023-11-13T00:01:52","date_gmt":"2023-11-13T03:01:52","guid":{"rendered":"https:\/\/www.notibras.com\/site\/?p=316857"},"modified":"2023-11-13T06:09:57","modified_gmt":"2023-11-13T09:09:57","slug":"revista-em-quadrinhos-combate-fake-news-da-vacinacao","status":"publish","type":"post","link":"https:\/\/www.notibras.com\/site\/revista-em-quadrinhos-combate-fake-news-da-vacinacao\/","title":{"rendered":"Revista em quadrinhos combate fake news da vacina\u00e7\u00e3o"},"content":{"rendered":"<p>Em parceria com a Sociedade Brasileira de Pediatria (SBP) e o Instituto Quest\u00e3o de Ci\u00eancia (IQC), o Instituto Cultural Mauricio de Sousa editou a revista em quadrinhos Fake News da Vacina\u00e7\u00e3o, que esclarece como as not\u00edcias falsas geram a hesita\u00e7\u00e3o vacinal nos pais e respons\u00e1veis pelas crian\u00e7as.<\/p>\n<p>A publica\u00e7\u00e3o j\u00e1 est\u00e1 dispon\u00edvel em vers\u00e3o digital nos sites da SBP e do IQC. Ao longo de 20 p\u00e1ginas, a revista explica a origem das fake news das vacinas, como elas se espalham e suas graves consequ\u00eancias, como o risco de reaparecimento de doen\u00e7as extintas no Brasil, entre as quais o sarampo e a poliomielite.<\/p>\n<p>Toda informa\u00e7\u00e3o \u00e9 dada de maneira l\u00fadica, que inclui passatempos e um roteiro em que o tema da hesita\u00e7\u00e3o vacinal \u00e9 debatido entre os personagens Cebolinha, Fernando e Luca e seus familiares, destacando o papel do pediatra que esclarece sobre o funcionamento das vacinas e sua import\u00e2ncia para prevenir doen\u00e7as.<\/p>\n<p>A revista em quadrinhos retrata situa\u00e7\u00f5es que, infelizmente, acabaram se tornando comuns hoje em dia. Em uma delas, os pais de Fernando decidem n\u00e3o vacinar o filho por terem visto \u201cna internet\u201d que isso pode ser \u201cmuito perigoso\u201d e \u201cfazer mal\u201d para a sa\u00fade do filho. Ao sair para uma partida de basquete com Cebolinha, Fernando conhece Luca, personagem que usa cadeira de rodas. O menino conta como seus pais, ao darem ouvidos a \u201cboatos sobre as vacinas\u201d, deixaram-no vulner\u00e1vel \u00e0 poliomielite.<\/p>\n<p>Conhecida tamb\u00e9m como paralisia infantil, a poliomielite foi erradicada h\u00e1 quase 35 anos no Brasil, mas tem voltado a preocupar os pediatras devido \u00e0 queda na cobertura vacinal.<\/p>\n<p><strong>Estudo in\u00e9dito<\/strong><br \/>\nRecentemente, a SBP e o IQC apresentaram um estudo in\u00e9dito com 1.000 pediatras brasileiros para compreender a vis\u00e3o dos especialistas a respeito da vacina\u00e7\u00e3o e das fake news. A pesquisa revela que o medo de poss\u00edveis eventos adversos (19,76%) aliado \u00e0 falta de confian\u00e7a nas vacinas (19,27%) s\u00e3o, atualmente, os principais motivos que levam pais e respons\u00e1veis a negligenciar a vacina\u00e7\u00e3o de crian\u00e7as e adolescentes.<\/p>\n<p>O presidente do Departamento Cient\u00edfico de Imuniza\u00e7\u00f5es da SBP, Renato Kfouri, disse que em tempos de mitos espalhados pela internet, \u00e9 essencial proteger as fam\u00edlias brasileiras ampliando o acesso ao conhecimento cient\u00edfico, por meio de fontes seguras. \u201cN\u00e3o vacinar \u00e9 um ato grave, pois coloca crian\u00e7as e adolescentes sob risco desnecess\u00e1rio\u201d.<\/p>\n<p>Segundo Kfouri, est\u00e1 mais do que comprovado que as vacinas s\u00e3o seguras e eficazes para evitar doen\u00e7as. \u201cAo longo da hist\u00f3ria, milhares de vidas foram salvas por conta da imuniza\u00e7\u00e3o em massa da popula\u00e7\u00e3o brasileira\u201d.<\/p>\n<p>O presidente da SBP, Cl\u00f3vis Francisco Constantino, disse que manter a vacina\u00e7\u00e3o em dia \u00e9 um dever de todo cidad\u00e3o com a sa\u00fade p\u00fablica do pa\u00eds. \u201cVacinar n\u00e3o \u00e9 uma simples quest\u00e3o de op\u00e7\u00e3o individual. \u00c9 um compromisso c\u00edvico coletivo. Quando a gente vacina nossos filhos, estamos protegendo n\u00e3o somente a eles, mas tamb\u00e9m diminuindo as chances de transmiss\u00e3o de doen\u00e7as para toda a comunidade em volta, inclusive aqueles que realmente n\u00e3o podem se vacinar, como beb\u00eas, que demoram v\u00e1rios meses at\u00e9 poder tomar algumas das vacinas e podem sofrer consequ\u00eancias graves caso peguem doen\u00e7as como o sarampo, inclusive a morte. Entender e espalhar essa mensagem \u00e9 miss\u00e3o de todos n\u00f3s\u201d.<\/p>\n<p>O diretor executivo do Instituto Mauricio de Sousa, Amauri Sousa, disse que ao alertar sobre a import\u00e2ncia de manter a caderneta de vacina\u00e7\u00e3o atualizada, a institui\u00e7\u00e3o atua em defesa dos direitos da crian\u00e7a, \u201ccomo fazemos h\u00e1 muitos anos, iniciando com a edi\u00e7\u00e3o em quadrinhos do Estatuto da Crian\u00e7a e do Adolescente, do qual j\u00e1 foram distribu\u00eddos mais de 30 milh\u00f5es de exemplares\u201d.<\/p>\n<p><strong>Aliados<\/strong><br \/>\nNa avalia\u00e7\u00e3o do doutor em microbiologia e diretor de Educa\u00e7\u00e3o do IQC, Luiz Almeida, as crian\u00e7as podem ser aliadas importantes no combate \u00e0s fake news, tendo em vista que a desinforma\u00e7\u00e3o n\u00e3o \u00e9 uma mentira inocente, mas pode ser combatida por diferentes iniciativas e linguagens, baseadas na ci\u00eancia, a exemplo da revista em quadrinhos rec\u00e9m-lan\u00e7ada, que alerta para as consequ\u00eancias terr\u00edveis das fake news.<\/p>\n<p>\u201cA publica\u00e7\u00e3o cria um c\u00edrculo virtuoso, na medida em que pode ser usado pelos pediatras para informar \u00e0s crian\u00e7as e seus familiares sobre o benef\u00edcio e a seguran\u00e7a das vacinas\u201d, manifestou.<\/p>\n<p>A presidente do IQC, Natalia Pasternak, professora de Comunica\u00e7\u00e3o de Ci\u00eancia na Universidade de Columbia, avaliou que a parceria com o Instituto Mauricio de Sousa contribui para levar as mensagens da ci\u00eancia para toda a sociedade, de maneira descomplicada e acess\u00edvel.<\/p>\n","protected":false},"excerpt":{"rendered":"<p>Em parceria com a Sociedade Brasileira de Pediatria (SBP) e o Instituto Quest\u00e3o de Ci\u00eancia (IQC), o Instituto Cultural Mauricio de Sousa editou a revista em quadrinhos Fake News da Vacina\u00e7\u00e3o, que esclarece como as not\u00edcias falsas geram a hesita\u00e7\u00e3o vacinal nos pais e respons\u00e1veis pelas crian\u00e7as. A publica\u00e7\u00e3o j\u00e1 est\u00e1 dispon\u00edvel em vers\u00e3o digital [&hellip;]<\/p>\n","protected":false},"author":2,"featured_media":316858,"comment_status":"closed","ping_status":"closed","sticky":false,"template":"","format":"standard","meta":{"_acf_changed":false,"footnotes":""},"categories":[161],"tags":[],"class_list":["post-316857","post","type-post","status-publish","format-standard","has-post-thumbnail","hentry","category-quadradinho-em-foco"],"acf":[],"yoast_head":"<!-- This site is optimized with the Yoast SEO plugin v27.2 - https:\/\/yoast.com\/product\/yoast-seo-wordpress\/ -->\n<title>Revista em quadrinhos combate fake news da vacina\u00e7\u00e3o - Notibras<\/title>\n<meta name=\"robots\" content=\"index, follow, max-snippet:-1, max-image-preview:large, max-video-preview:-1\" \/>\n<link rel=\"canonical\" href=\"https:\/\/www.notibras.com\/site\/revista-em-quadrinhos-combate-fake-news-da-vacinacao\/\" \/>\n<meta property=\"og:locale\" content=\"pt_BR\" \/>\n<meta property=\"og:type\" content=\"article\" \/>\n<meta property=\"og:title\" content=\"Revista em quadrinhos combate fake news da vacina\u00e7\u00e3o - Notibras\" \/>\n<meta property=\"og:description\" content=\"Em parceria com a Sociedade Brasileira de Pediatria (SBP) e o Instituto Quest\u00e3o de Ci\u00eancia (IQC), o Instituto Cultural Mauricio de Sousa editou a revista em quadrinhos Fake News da Vacina\u00e7\u00e3o, que esclarece como as not\u00edcias falsas geram a hesita\u00e7\u00e3o vacinal nos pais e respons\u00e1veis pelas crian\u00e7as. A publica\u00e7\u00e3o j\u00e1 est\u00e1 dispon\u00edvel em vers\u00e3o digital [&hellip;]\" \/>\n<meta property=\"og:url\" content=\"https:\/\/www.notibras.com\/site\/revista-em-quadrinhos-combate-fake-news-da-vacinacao\/\" \/>\n<meta property=\"og:site_name\" content=\"Notibras\" \/>\n<meta property=\"article:publisher\" content=\"https:\/\/www.facebook.com\/notibras\/\" \/>\n<meta property=\"article:published_time\" content=\"2023-11-13T03:01:52+00:00\" \/>\n<meta property=\"article:modified_time\" content=\"2023-11-13T09:09:57+00:00\" \/>\n<meta property=\"og:image\" content=\"https:\/\/www.notibras.com\/site\/wp-content\/uploads\/2023\/11\/ha.fake_.webp\" \/>\n\t<meta property=\"og:image:width\" content=\"1170\" \/>\n\t<meta property=\"og:image:height\" content=\"700\" \/>\n\t<meta property=\"og:image:type\" content=\"image\/webp\" \/>\n<meta name=\"author\" content=\"Reda\u00e7\u00e3o\" \/>\n<meta name=\"twitter:card\" content=\"summary_large_image\" \/>\n<meta name=\"twitter:creator\" content=\"@Notibras\" \/>\n<meta name=\"twitter:site\" content=\"@Notibras\" \/>\n<meta name=\"twitter:label1\" content=\"Escrito por\" \/>\n\t<meta name=\"twitter:data1\" content=\"Reda\u00e7\u00e3o\" \/>\n\t<meta name=\"twitter:label2\" content=\"Est. tempo de leitura\" \/>\n\t<meta name=\"twitter:data2\" content=\"5 minutos\" \/>\n<script type=\"application\/ld+json\" class=\"yoast-schema-graph\">{\"@context\":\"https:\/\/schema.org\",\"@graph\":[{\"@type\":\"Article\",\"@id\":\"https:\/\/www.notibras.com\/site\/revista-em-quadrinhos-combate-fake-news-da-vacinacao\/#article\",\"isPartOf\":{\"@id\":\"https:\/\/www.notibras.com\/site\/revista-em-quadrinhos-combate-fake-news-da-vacinacao\/\"},\"author\":{\"name\":\"Reda\u00e7\u00e3o\",\"@id\":\"https:\/\/www.notibras.com\/site\/#\/schema\/person\/36ab0979449956132d3e5b517ea76ac8\"},\"headline\":\"Revista em quadrinhos combate fake news da vacina\u00e7\u00e3o\",\"datePublished\":\"2023-11-13T03:01:52+00:00\",\"dateModified\":\"2023-11-13T09:09:57+00:00\",\"mainEntityOfPage\":{\"@id\":\"https:\/\/www.notibras.com\/site\/revista-em-quadrinhos-combate-fake-news-da-vacinacao\/\"},\"wordCount\":810,\"publisher\":{\"@id\":\"https:\/\/www.notibras.com\/site\/#organization\"},\"image\":{\"@id\":\"https:\/\/www.notibras.com\/site\/revista-em-quadrinhos-combate-fake-news-da-vacinacao\/#primaryimage\"},\"thumbnailUrl\":\"https:\/\/www.notibras.com\/site\/wp-content\/uploads\/2023\/11\/ha.fake_.webp\",\"articleSection\":[\"Quadradinho em Foco\"],\"inLanguage\":\"pt-BR\"},{\"@type\":\"WebPage\",\"@id\":\"https:\/\/www.notibras.com\/site\/revista-em-quadrinhos-combate-fake-news-da-vacinacao\/\",\"url\":\"https:\/\/www.notibras.com\/site\/revista-em-quadrinhos-combate-fake-news-da-vacinacao\/\",\"name\":\"Revista em quadrinhos combate fake news da vacina\u00e7\u00e3o - Notibras\",\"isPartOf\":{\"@id\":\"https:\/\/www.notibras.com\/site\/#website\"},\"primaryImageOfPage\":{\"@id\":\"https:\/\/www.notibras.com\/site\/revista-em-quadrinhos-combate-fake-news-da-vacinacao\/#primaryimage\"},\"image\":{\"@id\":\"https:\/\/www.notibras.com\/site\/revista-em-quadrinhos-combate-fake-news-da-vacinacao\/#primaryimage\"},\"thumbnailUrl\":\"https:\/\/www.notibras.com\/site\/wp-content\/uploads\/2023\/11\/ha.fake_.webp\",\"datePublished\":\"2023-11-13T03:01:52+00:00\",\"dateModified\":\"2023-11-13T09:09:57+00:00\",\"breadcrumb\":{\"@id\":\"https:\/\/www.notibras.com\/site\/revista-em-quadrinhos-combate-fake-news-da-vacinacao\/#breadcrumb\"},\"inLanguage\":\"pt-BR\",\"potentialAction\":[{\"@type\":\"ReadAction\",\"target\":[\"https:\/\/www.notibras.com\/site\/revista-em-quadrinhos-combate-fake-news-da-vacinacao\/\"]}]},{\"@type\":\"ImageObject\",\"inLanguage\":\"pt-BR\",\"@id\":\"https:\/\/www.notibras.com\/site\/revista-em-quadrinhos-combate-fake-news-da-vacinacao\/#primaryimage\",\"url\":\"https:\/\/www.notibras.com\/site\/wp-content\/uploads\/2023\/11\/ha.fake_.webp\",\"contentUrl\":\"https:\/\/www.notibras.com\/site\/wp-content\/uploads\/2023\/11\/ha.fake_.webp\",\"width\":1170,\"height\":700},{\"@type\":\"BreadcrumbList\",\"@id\":\"https:\/\/www.notibras.com\/site\/revista-em-quadrinhos-combate-fake-news-da-vacinacao\/#breadcrumb\",\"itemListElement\":[{\"@type\":\"ListItem\",\"position\":1,\"name\":\"In\u00edcio\",\"item\":\"https:\/\/www.notibras.com\/site\/\"},{\"@type\":\"ListItem\",\"position\":2,\"name\":\"Revista em quadrinhos combate fake news da vacina\u00e7\u00e3o\"}]},{\"@type\":\"WebSite\",\"@id\":\"https:\/\/www.notibras.com\/site\/#website\",\"url\":\"https:\/\/www.notibras.com\/site\/\",\"name\":\"Notibras\",\"description\":\"Not\u00edcias de Bras\u00edlia, do Brasil e do Mundo\",\"publisher\":{\"@id\":\"https:\/\/www.notibras.com\/site\/#organization\"},\"potentialAction\":[{\"@type\":\"SearchAction\",\"target\":{\"@type\":\"EntryPoint\",\"urlTemplate\":\"https:\/\/www.notibras.com\/site\/?s={search_term_string}\"},\"query-input\":{\"@type\":\"PropertyValueSpecification\",\"valueRequired\":true,\"valueName\":\"search_term_string\"}}],\"inLanguage\":\"pt-BR\"},{\"@type\":\"Organization\",\"@id\":\"https:\/\/www.notibras.com\/site\/#organization\",\"name\":\"Grupo Notibras de Comunica\u00e7\u00e3o\",\"url\":\"https:\/\/www.notibras.com\/site\/\",\"logo\":{\"@type\":\"ImageObject\",\"inLanguage\":\"pt-BR\",\"@id\":\"https:\/\/www.notibras.com\/site\/#\/schema\/logo\/image\/\",\"url\":\"https:\/\/www.notibras.com\/site\/wp-content\/uploads\/2023\/01\/notibras23.png\",\"contentUrl\":\"https:\/\/www.notibras.com\/site\/wp-content\/uploads\/2023\/01\/notibras23.png\",\"width\":350,\"height\":87,\"caption\":\"Grupo Notibras de Comunica\u00e7\u00e3o\"},\"image\":{\"@id\":\"https:\/\/www.notibras.com\/site\/#\/schema\/logo\/image\/\"},\"sameAs\":[\"https:\/\/www.facebook.com\/notibras\/\",\"https:\/\/x.com\/Notibras\",\"https:\/\/www.instagram.com\/notibras\/\"]},{\"@type\":\"Person\",\"@id\":\"https:\/\/www.notibras.com\/site\/#\/schema\/person\/36ab0979449956132d3e5b517ea76ac8\",\"name\":\"Reda\u00e7\u00e3o\",\"image\":{\"@type\":\"ImageObject\",\"inLanguage\":\"pt-BR\",\"@id\":\"https:\/\/secure.gravatar.com\/avatar\/e0a867bdedb85fd243eadf09663511f96fc81e0720a4a42581f334ad4303aa6b?s=96&d=mm&r=g\",\"url\":\"https:\/\/secure.gravatar.com\/avatar\/e0a867bdedb85fd243eadf09663511f96fc81e0720a4a42581f334ad4303aa6b?s=96&d=mm&r=g\",\"contentUrl\":\"https:\/\/secure.gravatar.com\/avatar\/e0a867bdedb85fd243eadf09663511f96fc81e0720a4a42581f334ad4303aa6b?s=96&d=mm&r=g\",\"caption\":\"Reda\u00e7\u00e3o\"}}]}<\/script>\n<!-- \/ Yoast SEO plugin. -->","yoast_head_json":{"title":"Revista em quadrinhos combate fake news da vacina\u00e7\u00e3o - Notibras","robots":{"index":"index","follow":"follow","max-snippet":"max-snippet:-1","max-image-preview":"max-image-preview:large","max-video-preview":"max-video-preview:-1"},"canonical":"https:\/\/www.notibras.com\/site\/revista-em-quadrinhos-combate-fake-news-da-vacinacao\/","og_locale":"pt_BR","og_type":"article","og_title":"Revista em quadrinhos combate fake news da vacina\u00e7\u00e3o - Notibras","og_description":"Em parceria com a Sociedade Brasileira de Pediatria (SBP) e o Instituto Quest\u00e3o de Ci\u00eancia (IQC), o Instituto Cultural Mauricio de Sousa editou a revista em quadrinhos Fake News da Vacina\u00e7\u00e3o, que esclarece como as not\u00edcias falsas geram a hesita\u00e7\u00e3o vacinal nos pais e respons\u00e1veis pelas crian\u00e7as. A publica\u00e7\u00e3o j\u00e1 est\u00e1 dispon\u00edvel em vers\u00e3o digital [&hellip;]","og_url":"https:\/\/www.notibras.com\/site\/revista-em-quadrinhos-combate-fake-news-da-vacinacao\/","og_site_name":"Notibras","article_publisher":"https:\/\/www.facebook.com\/notibras\/","article_published_time":"2023-11-13T03:01:52+00:00","article_modified_time":"2023-11-13T09:09:57+00:00","og_image":[{"width":1170,"height":700,"url":"https:\/\/www.notibras.com\/site\/wp-content\/uploads\/2023\/11\/ha.fake_.webp","type":"image\/webp"}],"author":"Reda\u00e7\u00e3o","twitter_card":"summary_large_image","twitter_creator":"@Notibras","twitter_site":"@Notibras","twitter_misc":{"Escrito por":"Reda\u00e7\u00e3o","Est. tempo de leitura":"5 minutos"},"schema":{"@context":"https:\/\/schema.org","@graph":[{"@type":"Article","@id":"https:\/\/www.notibras.com\/site\/revista-em-quadrinhos-combate-fake-news-da-vacinacao\/#article","isPartOf":{"@id":"https:\/\/www.notibras.com\/site\/revista-em-quadrinhos-combate-fake-news-da-vacinacao\/"},"author":{"name":"Reda\u00e7\u00e3o","@id":"https:\/\/www.notibras.com\/site\/#\/schema\/person\/36ab0979449956132d3e5b517ea76ac8"},"headline":"Revista em quadrinhos combate fake news da vacina\u00e7\u00e3o","datePublished":"2023-11-13T03:01:52+00:00","dateModified":"2023-11-13T09:09:57+00:00","mainEntityOfPage":{"@id":"https:\/\/www.notibras.com\/site\/revista-em-quadrinhos-combate-fake-news-da-vacinacao\/"},"wordCount":810,"publisher":{"@id":"https:\/\/www.notibras.com\/site\/#organization"},"image":{"@id":"https:\/\/www.notibras.com\/site\/revista-em-quadrinhos-combate-fake-news-da-vacinacao\/#primaryimage"},"thumbnailUrl":"https:\/\/www.notibras.com\/site\/wp-content\/uploads\/2023\/11\/ha.fake_.webp","articleSection":["Quadradinho em Foco"],"inLanguage":"pt-BR"},{"@type":"WebPage","@id":"https:\/\/www.notibras.com\/site\/revista-em-quadrinhos-combate-fake-news-da-vacinacao\/","url":"https:\/\/www.notibras.com\/site\/revista-em-quadrinhos-combate-fake-news-da-vacinacao\/","name":"Revista em quadrinhos combate fake news da vacina\u00e7\u00e3o - Notibras","isPartOf":{"@id":"https:\/\/www.notibras.com\/site\/#website"},"primaryImageOfPage":{"@id":"https:\/\/www.notibras.com\/site\/revista-em-quadrinhos-combate-fake-news-da-vacinacao\/#primaryimage"},"image":{"@id":"https:\/\/www.notibras.com\/site\/revista-em-quadrinhos-combate-fake-news-da-vacinacao\/#primaryimage"},"thumbnailUrl":"https:\/\/www.notibras.com\/site\/wp-content\/uploads\/2023\/11\/ha.fake_.webp","datePublished":"2023-11-13T03:01:52+00:00","dateModified":"2023-11-13T09:09:57+00:00","breadcrumb":{"@id":"https:\/\/www.notibras.com\/site\/revista-em-quadrinhos-combate-fake-news-da-vacinacao\/#breadcrumb"},"inLanguage":"pt-BR","potentialAction":[{"@type":"ReadAction","target":["https:\/\/www.notibras.com\/site\/revista-em-quadrinhos-combate-fake-news-da-vacinacao\/"]}]},{"@type":"ImageObject","inLanguage":"pt-BR","@id":"https:\/\/www.notibras.com\/site\/revista-em-quadrinhos-combate-fake-news-da-vacinacao\/#primaryimage","url":"https:\/\/www.notibras.com\/site\/wp-content\/uploads\/2023\/11\/ha.fake_.webp","contentUrl":"https:\/\/www.notibras.com\/site\/wp-content\/uploads\/2023\/11\/ha.fake_.webp","width":1170,"height":700},{"@type":"BreadcrumbList","@id":"https:\/\/www.notibras.com\/site\/revista-em-quadrinhos-combate-fake-news-da-vacinacao\/#breadcrumb","itemListElement":[{"@type":"ListItem","position":1,"name":"In\u00edcio","item":"https:\/\/www.notibras.com\/site\/"},{"@type":"ListItem","position":2,"name":"Revista em quadrinhos combate fake news da vacina\u00e7\u00e3o"}]},{"@type":"WebSite","@id":"https:\/\/www.notibras.com\/site\/#website","url":"https:\/\/www.notibras.com\/site\/","name":"Notibras","description":"Not\u00edcias de Bras\u00edlia, do Brasil e do Mundo","publisher":{"@id":"https:\/\/www.notibras.com\/site\/#organization"},"potentialAction":[{"@type":"SearchAction","target":{"@type":"EntryPoint","urlTemplate":"https:\/\/www.notibras.com\/site\/?s={search_term_string}"},"query-input":{"@type":"PropertyValueSpecification","valueRequired":true,"valueName":"search_term_string"}}],"inLanguage":"pt-BR"},{"@type":"Organization","@id":"https:\/\/www.notibras.com\/site\/#organization","name":"Grupo Notibras de Comunica\u00e7\u00e3o","url":"https:\/\/www.notibras.com\/site\/","logo":{"@type":"ImageObject","inLanguage":"pt-BR","@id":"https:\/\/www.notibras.com\/site\/#\/schema\/logo\/image\/","url":"https:\/\/www.notibras.com\/site\/wp-content\/uploads\/2023\/01\/notibras23.png","contentUrl":"https:\/\/www.notibras.com\/site\/wp-content\/uploads\/2023\/01\/notibras23.png","width":350,"height":87,"caption":"Grupo Notibras de Comunica\u00e7\u00e3o"},"image":{"@id":"https:\/\/www.notibras.com\/site\/#\/schema\/logo\/image\/"},"sameAs":["https:\/\/www.facebook.com\/notibras\/","https:\/\/x.com\/Notibras","https:\/\/www.instagram.com\/notibras\/"]},{"@type":"Person","@id":"https:\/\/www.notibras.com\/site\/#\/schema\/person\/36ab0979449956132d3e5b517ea76ac8","name":"Reda\u00e7\u00e3o","image":{"@type":"ImageObject","inLanguage":"pt-BR","@id":"https:\/\/secure.gravatar.com\/avatar\/e0a867bdedb85fd243eadf09663511f96fc81e0720a4a42581f334ad4303aa6b?s=96&d=mm&r=g","url":"https:\/\/secure.gravatar.com\/avatar\/e0a867bdedb85fd243eadf09663511f96fc81e0720a4a42581f334ad4303aa6b?s=96&d=mm&r=g","contentUrl":"https:\/\/secure.gravatar.com\/avatar\/e0a867bdedb85fd243eadf09663511f96fc81e0720a4a42581f334ad4303aa6b?s=96&d=mm&r=g","caption":"Reda\u00e7\u00e3o"}}]}},"amp_enabled":true,"_links":{"self":[{"href":"https:\/\/www.notibras.com\/site\/wp-json\/wp\/v2\/posts\/316857","targetHints":{"allow":["GET"]}}],"collection":[{"href":"https:\/\/www.notibras.com\/site\/wp-json\/wp\/v2\/posts"}],"about":[{"href":"https:\/\/www.notibras.com\/site\/wp-json\/wp\/v2\/types\/post"}],"author":[{"embeddable":true,"href":"https:\/\/www.notibras.com\/site\/wp-json\/wp\/v2\/users\/2"}],"replies":[{"embeddable":true,"href":"https:\/\/www.notibras.com\/site\/wp-json\/wp\/v2\/comments?post=316857"}],"version-history":[{"count":1,"href":"https:\/\/www.notibras.com\/site\/wp-json\/wp\/v2\/posts\/316857\/revisions"}],"predecessor-version":[{"id":316859,"href":"https:\/\/www.notibras.com\/site\/wp-json\/wp\/v2\/posts\/316857\/revisions\/316859"}],"wp:featuredmedia":[{"embeddable":true,"href":"https:\/\/www.notibras.com\/site\/wp-json\/wp\/v2\/media\/316858"}],"wp:attachment":[{"href":"https:\/\/www.notibras.com\/site\/wp-json\/wp\/v2\/media?parent=316857"}],"wp:term":[{"taxonomy":"category","embeddable":true,"href":"https:\/\/www.notibras.com\/site\/wp-json\/wp\/v2\/categories?post=316857"},{"taxonomy":"post_tag","embeddable":true,"href":"https:\/\/www.notibras.com\/site\/wp-json\/wp\/v2\/tags?post=316857"}],"curies":[{"name":"wp","href":"https:\/\/api.w.org\/{rel}","templated":true}]}}