{"id":316860,"date":"2023-11-13T00:02:15","date_gmt":"2023-11-13T03:02:15","guid":{"rendered":"https:\/\/www.notibras.com\/site\/?p=316860"},"modified":"2023-11-13T06:15:39","modified_gmt":"2023-11-13T09:15:39","slug":"ultimo-carro-de-juscelino-volta-ao-memorial-jk","status":"publish","type":"post","link":"https:\/\/www.notibras.com\/site\/ultimo-carro-de-juscelino-volta-ao-memorial-jk\/","title":{"rendered":"\u00daltimo carro de Juscelino volta ao Memorial JK"},"content":{"rendered":"<p>Ap\u00f3s tr\u00eas meses de reformas, que devolveram sua cor e vigor originais, o Ford Galaxie 500, ano 1974, est\u00e1 de volta ao Memorial JK. \u00daltimo carro do presidente que construiu Bras\u00edlia, ele passou por uma pintura e repara\u00e7\u00e3o completa antes de ser reintegrado \u00e0 sua tradicional vitrine, localizada na sa\u00edda dos fundos do museu que reverencia a vida de Juscelino Kubitschek e sua maior obra: o surgimento de uma capital e de um novo Brasil em apenas cinco anos.<\/p>\n<p>O ex-presidente ficaria orgulhoso com o que foi feito. Com a ajuda dos membros do Veteran Car Bras\u00edlia, que providenciou as pe\u00e7as, os membros do 16\u00b0 Batalh\u00e3o Log\u00edstico fizeram uma meticulosa restaura\u00e7\u00e3o, que deixou o carro pronto para reviver seus bons tempos de asfalto. N\u00e3o repetiu o trajeto entre a Fazendinha de Luzi\u00e2nia e Bras\u00edlia, que era tradicionalmente feito por Juscelino. Mas circulou por locais que n\u00e3o existiam \u00e0 \u00e9poca, como a Ponte JK.<\/p>\n<p>Passou por ela ap\u00f3s desfilar, acompanhado por mais de 350 carros antigos, pelo Eixo Monumental, com o subtenente Claudir Fernandes ao volante. A responsabilidade do militar era grande, j\u00e1 que levava ao lado Andr\u00e9 Oct\u00e1vio Kubitschek, vice-presidente do Memorial JK, bisneto do ex-presidente e empres\u00e1rio. No banco traseiro, o preferido de Juscelino, pelo amplo espa\u00e7o que permitia bons cochilos, estavam Anna Christina Kubitschek, presidente do museu e m\u00e3e de Andr\u00e9, e o empres\u00e1rio Paulo Oct\u00e1vio, tamb\u00e9m dirigente do Memorial e pai do jovem executivo.<\/p>\n<p>Na volta, uma parada estrat\u00e9gica em frente ao Pal\u00e1cio do Planalto, carregada do simbolismo necess\u00e1rio para estas ocasi\u00f5es especiais. Ap\u00f3s as fotos com a fam\u00edlia Kubitschek, o final do trajeto era a frente do Memorial JK, onde ocorreu a solenidade de entrega do autom\u00f3vel \u2013 simples e objetiva, como manda o roteiro dos eventos em que o Ex\u00e9rcito Brasileiro participa.<\/p>\n<p>Ap\u00f3s as chaves serem devolvidas \u00e0 Anna Christna Kubitschek pelo general de divis\u00e3o Ricardo Piai Carmona, representante do Ex\u00e9rcito na solenidade, coube \u00e0 diretoria do Memorial condecorar personalidades que tornaram poss\u00edvel a nova restaura\u00e7\u00e3o: o pr\u00f3prio general; o tenente-coronel Tib\u00e9rio Ferreira Figueiredo, comandante do 16\u00b0 Batalh\u00e3o de Log\u00edstica; Nelisson Hoewell, presidente do Veteran Car de Bras\u00edlia; Flavio Nogueira Noronha, coordenador da recupera\u00e7\u00e3o do carro; e Edenilton Silva Pacheco, da Mec\u00e2nica Tech, um dos apoiadores da restaura\u00e7\u00e3o. Todos receberam a Medalha do M\u00e9rito Memorial JK.<\/p>\n<p>Para o general Carmona, a participa\u00e7\u00e3o do Ex\u00e9rcito na recupera\u00e7\u00e3o do Ford Galaxie 500 foi uma satisfa\u00e7\u00e3o para o Comando Militar do Planalto. \u201cCelebramos a reedi\u00e7\u00e3o da restaura\u00e7\u00e3o do carro que pertenceu ao ex-presidente. Sua primeira recupera\u00e7\u00e3o total foi realizada em 2010, tamb\u00e9m pelo 16\u00b0 Batalh\u00e3o Log\u00edstico, que realizou posteriores revis\u00f5es pontuais aqui\u201d, discursou. \u201cAp\u00f3s 13 anos em sua c\u00fapula de vidro, a gest\u00e3o do Memorial JK entendeu que seria necess\u00e1ria uma recupera\u00e7\u00e3o nas partes mec\u00e2nica e el\u00e9trica e na pintura do carro, sendo, mais uma vez, assinado um protocolo de inten\u00e7\u00f5es com o Ex\u00e9rcito Brasileiro\u201d, completou.<\/p>\n<p>\u201cO presidente Juscelino Kubitschek foi um verdadeiro estadista e vision\u00e1rio, sendo respons\u00e1vel pela idealiza\u00e7\u00e3o e constru\u00e7\u00e3o de Bras\u00edlia na d\u00e9cada de 1950, enquanto esteve na presid\u00eancia de nosso Pa\u00eds. Cremos que, ap\u00f3s a restaura\u00e7\u00e3o promovida pelo Ex\u00e9rcito Brasileiro, por meio 16\u00b0 Batalh\u00e3o Log\u00edstico, temos uma rela\u00e7\u00e3o de proximidade entre este Memorial, a sociedade e a nossa institui\u00e7\u00e3o, em um salutar conv\u00eanio, cujo objetivo primordial \u00e9 a preserva\u00e7\u00e3o da hist\u00f3ria nacional e dos elementos f\u00edsicos e imateriais que a envolvem\u201d, concluiu o general.<\/p>\n<p>Representante do Memoriai JK, Andr\u00e9 Oct\u00e1vio Kubitschek agradeceu aos esfor\u00e7os do Ex\u00e9rcito. \u201cHoje, o ve\u00edculo que pertenceu ao meu bisav\u00f4 retorna ao acervo. Usado pelo ex-presidente em seus \u00faltimos anos de vida, o Ford Galaxie n\u00e3o s\u00f3 representa a lembran\u00e7a do grande estadista, mas simboliza o esp\u00edrito empreendedor e desenvolvimentista de JK, que alavancou nossa ind\u00fastria nacional, o que gerou empregos e fomentou nossa economia\u201d, avaliou.<\/p>\n<p>\u201cEste Ford Galaxie pode ser considerado um herdeiro das realiza\u00e7\u00f5es econ\u00f4micas de JK. Hoje, comemoramos n\u00e3o apenas a revitaliza\u00e7\u00e3o de um objeto hist\u00f3rico, mas relembramos momentos importantes, derivados da pol\u00edtica econ\u00f4mica da gest\u00e3o Juscelino Kubitschek. Este \u00e9 um momento de reflex\u00e3o pelos avan\u00e7os, conquistas e realiza\u00e7\u00f5es que o Brasil atingiu por meio do Plano de Metas de JK, que proporcionou um salto econ\u00f4mico, humano e social, alavancando nosso Pa\u00eds, atraindo empresas e neg\u00f3cios e gerando emprego e renda para milh\u00f5es de brasileiros. Este \u00e9 o legado do meu bisav\u00f4 e o carro simboliza uma parte deste mandato, que fez o Brasil ter 50 anos de progresso em cinco de governo\u201d, concluiu.<\/p>\n","protected":false},"excerpt":{"rendered":"<p>Ap\u00f3s tr\u00eas meses de reformas, que devolveram sua cor e vigor originais, o Ford Galaxie 500, ano 1974, est\u00e1 de volta ao Memorial JK. \u00daltimo carro do presidente que construiu Bras\u00edlia, ele passou por uma pintura e repara\u00e7\u00e3o completa antes de ser reintegrado \u00e0 sua tradicional vitrine, localizada na sa\u00edda dos fundos do museu que [&hellip;]<\/p>\n","protected":false},"author":2,"featured_media":316861,"comment_status":"closed","ping_status":"closed","sticky":false,"template":"","format":"standard","meta":{"_acf_changed":false,"footnotes":""},"categories":[161],"tags":[],"class_list":["post-316860","post","type-post","status-publish","format-standard","has-post-thumbnail","hentry","category-quadradinho-em-foco"],"acf":[],"yoast_head":"<!-- This site is optimized with the Yoast SEO plugin v27.2 - https:\/\/yoast.com\/product\/yoast-seo-wordpress\/ -->\n<title>\u00daltimo carro de Juscelino volta ao Memorial JK - Notibras<\/title>\n<meta name=\"robots\" content=\"index, follow, max-snippet:-1, max-image-preview:large, max-video-preview:-1\" \/>\n<link rel=\"canonical\" href=\"https:\/\/www.notibras.com\/site\/ultimo-carro-de-juscelino-volta-ao-memorial-jk\/\" \/>\n<meta property=\"og:locale\" content=\"pt_BR\" \/>\n<meta property=\"og:type\" content=\"article\" \/>\n<meta property=\"og:title\" content=\"\u00daltimo carro de Juscelino volta ao Memorial JK - Notibras\" \/>\n<meta property=\"og:description\" content=\"Ap\u00f3s tr\u00eas meses de reformas, que devolveram sua cor e vigor originais, o Ford Galaxie 500, ano 1974, est\u00e1 de volta ao Memorial JK. \u00daltimo carro do presidente que construiu Bras\u00edlia, ele passou por uma pintura e repara\u00e7\u00e3o completa antes de ser reintegrado \u00e0 sua tradicional vitrine, localizada na sa\u00edda dos fundos do museu que [&hellip;]\" \/>\n<meta property=\"og:url\" content=\"https:\/\/www.notibras.com\/site\/ultimo-carro-de-juscelino-volta-ao-memorial-jk\/\" \/>\n<meta property=\"og:site_name\" content=\"Notibras\" \/>\n<meta property=\"article:publisher\" content=\"https:\/\/www.facebook.com\/notibras\/\" \/>\n<meta property=\"article:published_time\" content=\"2023-11-13T03:02:15+00:00\" \/>\n<meta property=\"article:modified_time\" content=\"2023-11-13T09:15:39+00:00\" \/>\n<meta property=\"og:image\" content=\"https:\/\/www.notibras.com\/site\/wp-content\/uploads\/2023\/11\/e1e74dfd-7f5c-4d30-83a5-15aeacfea23b.jpeg\" \/>\n\t<meta property=\"og:image:width\" content=\"1600\" \/>\n\t<meta property=\"og:image:height\" content=\"1066\" \/>\n\t<meta property=\"og:image:type\" content=\"image\/jpeg\" \/>\n<meta name=\"author\" content=\"Reda\u00e7\u00e3o\" \/>\n<meta name=\"twitter:card\" content=\"summary_large_image\" \/>\n<meta name=\"twitter:creator\" content=\"@Notibras\" \/>\n<meta name=\"twitter:site\" content=\"@Notibras\" \/>\n<meta name=\"twitter:label1\" content=\"Escrito por\" \/>\n\t<meta name=\"twitter:data1\" content=\"Reda\u00e7\u00e3o\" \/>\n\t<meta name=\"twitter:label2\" content=\"Est. tempo de leitura\" \/>\n\t<meta name=\"twitter:data2\" content=\"5 minutos\" \/>\n<script type=\"application\/ld+json\" class=\"yoast-schema-graph\">{\"@context\":\"https:\/\/schema.org\",\"@graph\":[{\"@type\":\"Article\",\"@id\":\"https:\/\/www.notibras.com\/site\/ultimo-carro-de-juscelino-volta-ao-memorial-jk\/#article\",\"isPartOf\":{\"@id\":\"https:\/\/www.notibras.com\/site\/ultimo-carro-de-juscelino-volta-ao-memorial-jk\/\"},\"author\":{\"name\":\"Reda\u00e7\u00e3o\",\"@id\":\"https:\/\/www.notibras.com\/site\/#\/schema\/person\/36ab0979449956132d3e5b517ea76ac8\"},\"headline\":\"\u00daltimo carro de Juscelino volta ao Memorial JK\",\"datePublished\":\"2023-11-13T03:02:15+00:00\",\"dateModified\":\"2023-11-13T09:15:39+00:00\",\"mainEntityOfPage\":{\"@id\":\"https:\/\/www.notibras.com\/site\/ultimo-carro-de-juscelino-volta-ao-memorial-jk\/\"},\"wordCount\":831,\"publisher\":{\"@id\":\"https:\/\/www.notibras.com\/site\/#organization\"},\"image\":{\"@id\":\"https:\/\/www.notibras.com\/site\/ultimo-carro-de-juscelino-volta-ao-memorial-jk\/#primaryimage\"},\"thumbnailUrl\":\"https:\/\/www.notibras.com\/site\/wp-content\/uploads\/2023\/11\/e1e74dfd-7f5c-4d30-83a5-15aeacfea23b.jpeg\",\"articleSection\":[\"Quadradinho em Foco\"],\"inLanguage\":\"pt-BR\"},{\"@type\":\"WebPage\",\"@id\":\"https:\/\/www.notibras.com\/site\/ultimo-carro-de-juscelino-volta-ao-memorial-jk\/\",\"url\":\"https:\/\/www.notibras.com\/site\/ultimo-carro-de-juscelino-volta-ao-memorial-jk\/\",\"name\":\"\u00daltimo carro de Juscelino volta ao Memorial JK - Notibras\",\"isPartOf\":{\"@id\":\"https:\/\/www.notibras.com\/site\/#website\"},\"primaryImageOfPage\":{\"@id\":\"https:\/\/www.notibras.com\/site\/ultimo-carro-de-juscelino-volta-ao-memorial-jk\/#primaryimage\"},\"image\":{\"@id\":\"https:\/\/www.notibras.com\/site\/ultimo-carro-de-juscelino-volta-ao-memorial-jk\/#primaryimage\"},\"thumbnailUrl\":\"https:\/\/www.notibras.com\/site\/wp-content\/uploads\/2023\/11\/e1e74dfd-7f5c-4d30-83a5-15aeacfea23b.jpeg\",\"datePublished\":\"2023-11-13T03:02:15+00:00\",\"dateModified\":\"2023-11-13T09:15:39+00:00\",\"breadcrumb\":{\"@id\":\"https:\/\/www.notibras.com\/site\/ultimo-carro-de-juscelino-volta-ao-memorial-jk\/#breadcrumb\"},\"inLanguage\":\"pt-BR\",\"potentialAction\":[{\"@type\":\"ReadAction\",\"target\":[\"https:\/\/www.notibras.com\/site\/ultimo-carro-de-juscelino-volta-ao-memorial-jk\/\"]}]},{\"@type\":\"ImageObject\",\"inLanguage\":\"pt-BR\",\"@id\":\"https:\/\/www.notibras.com\/site\/ultimo-carro-de-juscelino-volta-ao-memorial-jk\/#primaryimage\",\"url\":\"https:\/\/www.notibras.com\/site\/wp-content\/uploads\/2023\/11\/e1e74dfd-7f5c-4d30-83a5-15aeacfea23b.jpeg\",\"contentUrl\":\"https:\/\/www.notibras.com\/site\/wp-content\/uploads\/2023\/11\/e1e74dfd-7f5c-4d30-83a5-15aeacfea23b.jpeg\",\"width\":1600,\"height\":1066},{\"@type\":\"BreadcrumbList\",\"@id\":\"https:\/\/www.notibras.com\/site\/ultimo-carro-de-juscelino-volta-ao-memorial-jk\/#breadcrumb\",\"itemListElement\":[{\"@type\":\"ListItem\",\"position\":1,\"name\":\"In\u00edcio\",\"item\":\"https:\/\/www.notibras.com\/site\/\"},{\"@type\":\"ListItem\",\"position\":2,\"name\":\"\u00daltimo carro de Juscelino volta ao Memorial JK\"}]},{\"@type\":\"WebSite\",\"@id\":\"https:\/\/www.notibras.com\/site\/#website\",\"url\":\"https:\/\/www.notibras.com\/site\/\",\"name\":\"Notibras\",\"description\":\"Not\u00edcias de Bras\u00edlia, do Brasil e do Mundo\",\"publisher\":{\"@id\":\"https:\/\/www.notibras.com\/site\/#organization\"},\"potentialAction\":[{\"@type\":\"SearchAction\",\"target\":{\"@type\":\"EntryPoint\",\"urlTemplate\":\"https:\/\/www.notibras.com\/site\/?s={search_term_string}\"},\"query-input\":{\"@type\":\"PropertyValueSpecification\",\"valueRequired\":true,\"valueName\":\"search_term_string\"}}],\"inLanguage\":\"pt-BR\"},{\"@type\":\"Organization\",\"@id\":\"https:\/\/www.notibras.com\/site\/#organization\",\"name\":\"Grupo Notibras de Comunica\u00e7\u00e3o\",\"url\":\"https:\/\/www.notibras.com\/site\/\",\"logo\":{\"@type\":\"ImageObject\",\"inLanguage\":\"pt-BR\",\"@id\":\"https:\/\/www.notibras.com\/site\/#\/schema\/logo\/image\/\",\"url\":\"https:\/\/www.notibras.com\/site\/wp-content\/uploads\/2023\/01\/notibras23.png\",\"contentUrl\":\"https:\/\/www.notibras.com\/site\/wp-content\/uploads\/2023\/01\/notibras23.png\",\"width\":350,\"height\":87,\"caption\":\"Grupo Notibras de Comunica\u00e7\u00e3o\"},\"image\":{\"@id\":\"https:\/\/www.notibras.com\/site\/#\/schema\/logo\/image\/\"},\"sameAs\":[\"https:\/\/www.facebook.com\/notibras\/\",\"https:\/\/x.com\/Notibras\",\"https:\/\/www.instagram.com\/notibras\/\"]},{\"@type\":\"Person\",\"@id\":\"https:\/\/www.notibras.com\/site\/#\/schema\/person\/36ab0979449956132d3e5b517ea76ac8\",\"name\":\"Reda\u00e7\u00e3o\",\"image\":{\"@type\":\"ImageObject\",\"inLanguage\":\"pt-BR\",\"@id\":\"https:\/\/secure.gravatar.com\/avatar\/e0a867bdedb85fd243eadf09663511f96fc81e0720a4a42581f334ad4303aa6b?s=96&d=mm&r=g\",\"url\":\"https:\/\/secure.gravatar.com\/avatar\/e0a867bdedb85fd243eadf09663511f96fc81e0720a4a42581f334ad4303aa6b?s=96&d=mm&r=g\",\"contentUrl\":\"https:\/\/secure.gravatar.com\/avatar\/e0a867bdedb85fd243eadf09663511f96fc81e0720a4a42581f334ad4303aa6b?s=96&d=mm&r=g\",\"caption\":\"Reda\u00e7\u00e3o\"}}]}<\/script>\n<!-- \/ Yoast SEO plugin. -->","yoast_head_json":{"title":"\u00daltimo carro de Juscelino volta ao Memorial JK - Notibras","robots":{"index":"index","follow":"follow","max-snippet":"max-snippet:-1","max-image-preview":"max-image-preview:large","max-video-preview":"max-video-preview:-1"},"canonical":"https:\/\/www.notibras.com\/site\/ultimo-carro-de-juscelino-volta-ao-memorial-jk\/","og_locale":"pt_BR","og_type":"article","og_title":"\u00daltimo carro de Juscelino volta ao Memorial JK - Notibras","og_description":"Ap\u00f3s tr\u00eas meses de reformas, que devolveram sua cor e vigor originais, o Ford Galaxie 500, ano 1974, est\u00e1 de volta ao Memorial JK. \u00daltimo carro do presidente que construiu Bras\u00edlia, ele passou por uma pintura e repara\u00e7\u00e3o completa antes de ser reintegrado \u00e0 sua tradicional vitrine, localizada na sa\u00edda dos fundos do museu que [&hellip;]","og_url":"https:\/\/www.notibras.com\/site\/ultimo-carro-de-juscelino-volta-ao-memorial-jk\/","og_site_name":"Notibras","article_publisher":"https:\/\/www.facebook.com\/notibras\/","article_published_time":"2023-11-13T03:02:15+00:00","article_modified_time":"2023-11-13T09:15:39+00:00","og_image":[{"width":1600,"height":1066,"url":"https:\/\/www.notibras.com\/site\/wp-content\/uploads\/2023\/11\/e1e74dfd-7f5c-4d30-83a5-15aeacfea23b.jpeg","type":"image\/jpeg"}],"author":"Reda\u00e7\u00e3o","twitter_card":"summary_large_image","twitter_creator":"@Notibras","twitter_site":"@Notibras","twitter_misc":{"Escrito por":"Reda\u00e7\u00e3o","Est. tempo de leitura":"5 minutos"},"schema":{"@context":"https:\/\/schema.org","@graph":[{"@type":"Article","@id":"https:\/\/www.notibras.com\/site\/ultimo-carro-de-juscelino-volta-ao-memorial-jk\/#article","isPartOf":{"@id":"https:\/\/www.notibras.com\/site\/ultimo-carro-de-juscelino-volta-ao-memorial-jk\/"},"author":{"name":"Reda\u00e7\u00e3o","@id":"https:\/\/www.notibras.com\/site\/#\/schema\/person\/36ab0979449956132d3e5b517ea76ac8"},"headline":"\u00daltimo carro de Juscelino volta ao Memorial JK","datePublished":"2023-11-13T03:02:15+00:00","dateModified":"2023-11-13T09:15:39+00:00","mainEntityOfPage":{"@id":"https:\/\/www.notibras.com\/site\/ultimo-carro-de-juscelino-volta-ao-memorial-jk\/"},"wordCount":831,"publisher":{"@id":"https:\/\/www.notibras.com\/site\/#organization"},"image":{"@id":"https:\/\/www.notibras.com\/site\/ultimo-carro-de-juscelino-volta-ao-memorial-jk\/#primaryimage"},"thumbnailUrl":"https:\/\/www.notibras.com\/site\/wp-content\/uploads\/2023\/11\/e1e74dfd-7f5c-4d30-83a5-15aeacfea23b.jpeg","articleSection":["Quadradinho em Foco"],"inLanguage":"pt-BR"},{"@type":"WebPage","@id":"https:\/\/www.notibras.com\/site\/ultimo-carro-de-juscelino-volta-ao-memorial-jk\/","url":"https:\/\/www.notibras.com\/site\/ultimo-carro-de-juscelino-volta-ao-memorial-jk\/","name":"\u00daltimo carro de Juscelino volta ao Memorial JK - Notibras","isPartOf":{"@id":"https:\/\/www.notibras.com\/site\/#website"},"primaryImageOfPage":{"@id":"https:\/\/www.notibras.com\/site\/ultimo-carro-de-juscelino-volta-ao-memorial-jk\/#primaryimage"},"image":{"@id":"https:\/\/www.notibras.com\/site\/ultimo-carro-de-juscelino-volta-ao-memorial-jk\/#primaryimage"},"thumbnailUrl":"https:\/\/www.notibras.com\/site\/wp-content\/uploads\/2023\/11\/e1e74dfd-7f5c-4d30-83a5-15aeacfea23b.jpeg","datePublished":"2023-11-13T03:02:15+00:00","dateModified":"2023-11-13T09:15:39+00:00","breadcrumb":{"@id":"https:\/\/www.notibras.com\/site\/ultimo-carro-de-juscelino-volta-ao-memorial-jk\/#breadcrumb"},"inLanguage":"pt-BR","potentialAction":[{"@type":"ReadAction","target":["https:\/\/www.notibras.com\/site\/ultimo-carro-de-juscelino-volta-ao-memorial-jk\/"]}]},{"@type":"ImageObject","inLanguage":"pt-BR","@id":"https:\/\/www.notibras.com\/site\/ultimo-carro-de-juscelino-volta-ao-memorial-jk\/#primaryimage","url":"https:\/\/www.notibras.com\/site\/wp-content\/uploads\/2023\/11\/e1e74dfd-7f5c-4d30-83a5-15aeacfea23b.jpeg","contentUrl":"https:\/\/www.notibras.com\/site\/wp-content\/uploads\/2023\/11\/e1e74dfd-7f5c-4d30-83a5-15aeacfea23b.jpeg","width":1600,"height":1066},{"@type":"BreadcrumbList","@id":"https:\/\/www.notibras.com\/site\/ultimo-carro-de-juscelino-volta-ao-memorial-jk\/#breadcrumb","itemListElement":[{"@type":"ListItem","position":1,"name":"In\u00edcio","item":"https:\/\/www.notibras.com\/site\/"},{"@type":"ListItem","position":2,"name":"\u00daltimo carro de Juscelino volta ao Memorial JK"}]},{"@type":"WebSite","@id":"https:\/\/www.notibras.com\/site\/#website","url":"https:\/\/www.notibras.com\/site\/","name":"Notibras","description":"Not\u00edcias de Bras\u00edlia, do Brasil e do Mundo","publisher":{"@id":"https:\/\/www.notibras.com\/site\/#organization"},"potentialAction":[{"@type":"SearchAction","target":{"@type":"EntryPoint","urlTemplate":"https:\/\/www.notibras.com\/site\/?s={search_term_string}"},"query-input":{"@type":"PropertyValueSpecification","valueRequired":true,"valueName":"search_term_string"}}],"inLanguage":"pt-BR"},{"@type":"Organization","@id":"https:\/\/www.notibras.com\/site\/#organization","name":"Grupo Notibras de Comunica\u00e7\u00e3o","url":"https:\/\/www.notibras.com\/site\/","logo":{"@type":"ImageObject","inLanguage":"pt-BR","@id":"https:\/\/www.notibras.com\/site\/#\/schema\/logo\/image\/","url":"https:\/\/www.notibras.com\/site\/wp-content\/uploads\/2023\/01\/notibras23.png","contentUrl":"https:\/\/www.notibras.com\/site\/wp-content\/uploads\/2023\/01\/notibras23.png","width":350,"height":87,"caption":"Grupo Notibras de Comunica\u00e7\u00e3o"},"image":{"@id":"https:\/\/www.notibras.com\/site\/#\/schema\/logo\/image\/"},"sameAs":["https:\/\/www.facebook.com\/notibras\/","https:\/\/x.com\/Notibras","https:\/\/www.instagram.com\/notibras\/"]},{"@type":"Person","@id":"https:\/\/www.notibras.com\/site\/#\/schema\/person\/36ab0979449956132d3e5b517ea76ac8","name":"Reda\u00e7\u00e3o","image":{"@type":"ImageObject","inLanguage":"pt-BR","@id":"https:\/\/secure.gravatar.com\/avatar\/e0a867bdedb85fd243eadf09663511f96fc81e0720a4a42581f334ad4303aa6b?s=96&d=mm&r=g","url":"https:\/\/secure.gravatar.com\/avatar\/e0a867bdedb85fd243eadf09663511f96fc81e0720a4a42581f334ad4303aa6b?s=96&d=mm&r=g","contentUrl":"https:\/\/secure.gravatar.com\/avatar\/e0a867bdedb85fd243eadf09663511f96fc81e0720a4a42581f334ad4303aa6b?s=96&d=mm&r=g","caption":"Reda\u00e7\u00e3o"}}]}},"amp_enabled":true,"_links":{"self":[{"href":"https:\/\/www.notibras.com\/site\/wp-json\/wp\/v2\/posts\/316860","targetHints":{"allow":["GET"]}}],"collection":[{"href":"https:\/\/www.notibras.com\/site\/wp-json\/wp\/v2\/posts"}],"about":[{"href":"https:\/\/www.notibras.com\/site\/wp-json\/wp\/v2\/types\/post"}],"author":[{"embeddable":true,"href":"https:\/\/www.notibras.com\/site\/wp-json\/wp\/v2\/users\/2"}],"replies":[{"embeddable":true,"href":"https:\/\/www.notibras.com\/site\/wp-json\/wp\/v2\/comments?post=316860"}],"version-history":[{"count":1,"href":"https:\/\/www.notibras.com\/site\/wp-json\/wp\/v2\/posts\/316860\/revisions"}],"predecessor-version":[{"id":316862,"href":"https:\/\/www.notibras.com\/site\/wp-json\/wp\/v2\/posts\/316860\/revisions\/316862"}],"wp:featuredmedia":[{"embeddable":true,"href":"https:\/\/www.notibras.com\/site\/wp-json\/wp\/v2\/media\/316861"}],"wp:attachment":[{"href":"https:\/\/www.notibras.com\/site\/wp-json\/wp\/v2\/media?parent=316860"}],"wp:term":[{"taxonomy":"category","embeddable":true,"href":"https:\/\/www.notibras.com\/site\/wp-json\/wp\/v2\/categories?post=316860"},{"taxonomy":"post_tag","embeddable":true,"href":"https:\/\/www.notibras.com\/site\/wp-json\/wp\/v2\/tags?post=316860"}],"curies":[{"name":"wp","href":"https:\/\/api.w.org\/{rel}","templated":true}]}}