{"id":316863,"date":"2023-11-13T06:37:52","date_gmt":"2023-11-13T09:37:52","guid":{"rendered":"https:\/\/www.notibras.com\/site\/?p=316863"},"modified":"2023-11-13T06:37:52","modified_gmt":"2023-11-13T09:37:52","slug":"busca-por-reliquia-vira-obsessao-de-quem-quer-o-santo-graal","status":"publish","type":"post","link":"https:\/\/www.notibras.com\/site\/busca-por-reliquia-vira-obsessao-de-quem-quer-o-santo-graal\/","title":{"rendered":"Busca por rel\u00edquia vira obsess\u00e3o de quem quer o Santo Graal"},"content":{"rendered":"<p>Por muitos anos andei pelos antiqu\u00e1rios da cidade procurando. Aos s\u00e1bados acordava cedo e ia a Copacabana, ao centro, a S\u00e3o Crist\u00f3v\u00e3o e mesmo aos sub\u00farbios em busca de algo que n\u00e3o sabia exatamente o que era. Nessa busca incessante por um item desconhecido, definitivo, \u00fanico, ia comprando e colecionando outras coisas. Rel\u00f3gios, estatuetas, espelhos, m\u00f3veis, baralhos, m\u00e1quinas, discos, instrumentos musicais, joias, livros, quadros, \u00e1lbuns de fotografia com rostos desconhecidos e j\u00e1 long\u00ednquos. Minha sala, aos poucos, se transformara num museu, depois expandido para os outros c\u00f4modos do velho apartamento em Botafogo de onde, em alguns dias, via pela grande janela da sala o p\u00f4r-do-sol e a lua aparecendo ao mesmo tempo, por detr\u00e1s do grande mar e da linha caprichosamente desenhada pelas montanhas.<\/p>\n<p>Havia muitos anos que eu estava s\u00f3. Vi\u00favo, minha \u00fanica filha morava fora do pa\u00eds com seu marido e um filho, neto que eu ainda n\u00e3o havia conseguido conhecer. At\u00e9 a passagem a\u00e9rea ela havia insistido em me mandar, mas eu n\u00e3o renovara o passaporte. Sou relapso nessas burocracias da vida&#8230; O passaporte estava vencido, a habilita\u00e7\u00e3o estava vencida, as vacinas, os exames m\u00e9dicos e mesmo alguns boletos que se acumulavam numa pequena travessa de porcelana sobre o aparador da saleta cont\u00edgua ao hall de entrada. E n\u00e3o \u00e9 falta de dinheiro. \u00c9 s\u00f3 pregui\u00e7a mesmo. Uma pregui\u00e7a incontrol\u00e1vel de desempenhar esse papel boboca do cotidiano. Prefiro me concentrar nas coisas grandes: aguardar o sol se p\u00f4r na sexta-feira sabendo que, no dia seguinte, acordarei bem cedo, vestirei minha cal\u00e7a branca de linho, uma camisa bem leve, um chap\u00e9u Panam\u00e1 na cabe\u00e7a e sairei pela cidade em busca do que preciso, pelos antiqu\u00e1rios, pelas ruelas, pelas feiras, a bordo do meu velho autom\u00f3vel, torcendo para que a blitz n\u00e3o me pare, porque o licenciamento tamb\u00e9m est\u00e1 atrasado h\u00e1 tempos.<\/p>\n<p>Vou em busca do qu\u00ea? N\u00e3o sei, mas vou. Mas saio. Mas compro. Mas catalogo. Mas guardo.<\/p>\n<p>Outro dia acordei mais tarde que o habitual. Olhei para fora e o dia estava impressionantemente belo. Nenhuma nuvem no c\u00e9u. Cheguei mais perto da janela da sala e senti, j\u00e1 \u00e0quela hora, o bafo quente do Rio de Janeiro. Os raios de sol davam um colorido todo especial \u00e0 paisagem, mas fazia um calor cruel. Mesmo assim n\u00e3o deixaria de sair para o meu garimpo. Podia ser naquele dia, podia ser em outro, eu havia de achar o que procurava, embora n\u00e3o soubesse definir a preciosidade prestes a ser encontrada em qualquer lojinha, num canto empoeirado e esquecido.<\/p>\n<p>O calor e a hora circunscreveram minha busca \u00e0s proximidades. Iria \u00e0 Pra\u00e7a XV, onde aos s\u00e1bados h\u00e1 o tradicional bricabraque a c\u00e9u aberto t\u00e3o apreciado pelos cariocas.<\/p>\n<p>Andei pelas barracas, cumprimentei alguns comerciantes j\u00e1 conhecidos, interessei-me por muitas coisas e levei para casa uma pequena moeda de ouro com a ef\u00edgie de Pedro II, um abajur com uma bailarina estranha e bela e um antigo quadro a \u00f3leo, cujo vendedor me garantiu ser do s\u00e9culo XVIII, representando algum arcebispo antigo e esquecido que vivera na cidade de Diamantina. Arrependi-me por, neste dia, haver deixado para tr\u00e1s uma caneca que parecia antiqu\u00edssima, com uma cena buc\u00f3lica gravada em delicados tra\u00e7os ocres. No fundo, a palavra \u201cporcellana\u201d, escrita \u00e0 moda antiga, denunciava a idade do objeto. O remorso de colecionador foi amenizado por lembrar que, diversas vezes, vi os itens se repetindo em intermin\u00e1veis feiras ou, ent\u00e3o, mesmo que vendidos, n\u00e3o raramente eles retornavam, \u00e0s vezes pelas m\u00e3os de outros vendedores que os ofereciam como novidades. Fora assim com um velho projetor de filmes Path\u00e9 manual, todo restauradinho, que deixei passar meses atr\u00e1s e, poucas feiras depois, estava sendo vendido em outra barraca, 1\/3 mais caro. Comprei-o, l\u00f3gico, depois de breve pechincha trazer o item ao pre\u00e7o original. O projetor nunca foi usado por mim, mas decora lindamente um nicho, antes vazio, pr\u00f3ximo ao meu lavabo.<\/p>\n<p>Os dias passavam iguais. O id\u00edlio era aos s\u00e1bados. Os domingos eram solit\u00e1rios e pregui\u00e7osos, permeados de almo\u00e7os num bar pr\u00f3ximo e, at\u00e9 o cair da noite, a insossa programa\u00e7\u00e3o da televis\u00e3o. Durante a semana ainda precisava desempenhar o meu papel na vida comum. Ia ao escrit\u00f3rio, no centro, perto do Passeio P\u00fablico, para comandar uma equipe de advogados. Exercia a profiss\u00e3o havia 35 anos, estava numa posi\u00e7\u00e3o de destaque, era reconhecido e tinha bons clientes, mas o que eu mais queria era sair dali, ser an\u00f4nimo, esquecido. Concentrar-me por inteiro na busca. A busca era a raz\u00e3o do meu sacrif\u00edcio di\u00e1rio.<\/p>\n<p>Numa quarta-feira qualquer, voltava de uma sustenta\u00e7\u00e3o oral perante uma c\u00e2mara do tribunal quando, farto do escrit\u00f3rio e do seu ambiente, disse que iria embora mais cedo. Apenas para a informa\u00e7\u00e3o dos colegas, porque o patr\u00e3o era eu mesmo. E sa\u00ed. Mas, em vez de me dirigir para casa, fui para a parte velha do centro. Estacionei meu carro por ali e comecei a andar a p\u00e9 pelas diversas lojas de antiguidades da regi\u00e3o. Numa delas, pr\u00f3xima da Rua do Lavradio, num sobrado, eu encontrei, sem querer, a pe\u00e7a \u00fanica que faltava na cole\u00e7\u00e3o. A consagra\u00e7\u00e3o de toda uma vida. O Santo Graal dos meus objetos de estima\u00e7\u00e3o. Era de metal, com uma cor que s\u00f3 o tempo poderia ter dado. A origem era remota e incerta, mas estava ali, na minha frente, ao alcance das minhas m\u00e3os. Quase n\u00e3o a percebi sobre uma mesinha de canto, entre uma pilha de revistas antigas e ao lado de quadros e outros objetos amontoados. Mas ao encontr\u00e1-la senti algo imposs\u00edvel de descrever e que jamais vivenciei de novo. A recompensa de anos. Sem d\u00favida, o \u00faltimo item que compraria. Tive esta certeza naquele instante, embora h\u00e1 alguns momentos eu n\u00e3o soubesse sequer de sua exist\u00eancia.<\/p>\n<p>Chamei o lojista e perguntei: quanto custa isto? Ele falou despretensiosamente: doze mil reais. Um valor e tanto, pensei. Mas valia cada centavo. Doze mil fariam falta? Talvez, mas em caso de necessidade poderia vender algumas pe\u00e7as do acervo, cobrir o rombo.<\/p>\n<p>Acomodei minha nova aquisi\u00e7\u00e3o no banco de tr\u00e1s do carro, com toda a seguran\u00e7a. Andei devagar pelas ruas em dire\u00e7\u00e3o ao Aterro e fui olhando a paisagem, o c\u00e9u azul e as outras cores enquanto me sentia estranhamente feliz, com a sensa\u00e7\u00e3o de haver cumprido uma miss\u00e3o. Se houvesse Deus, e se Ele me tivesse posto sobre a Terra, teria sido para chegar at\u00e9 aquele momento \u00fanico. N\u00e3o obstante, tive tamb\u00e9m um pouco de medo e inseguran\u00e7a. Passou pela minha cabe\u00e7a se a sensa\u00e7\u00e3o n\u00e3o se esgotaria pelo fato da compra em si. Comprar n\u00e3o seria melhor do que possuir para sempre? Continuaria a me sentir \u00fanico, especial, privilegiado pelo fato de ter a coisa, ou precisaria continuar a busca e ir atr\u00e1s de outros objetos para recome\u00e7ar o ciclo?<\/p>\n<p>A proximidade com o meu pr\u00e9dio esbateu qualquer racioc\u00ednio mais profundo da mente. Importava agora subir ao apartamento e achar um lugar de destaque para instalar devidamente minha nova aquisi\u00e7\u00e3o, onde ela pudesse ser exibida e, ao mesmo tempo, pudesse exercer a fun\u00e7\u00e3o para a qual fora criada. Eis a quest\u00e3o: colocaria na sala, ou no quarto, mais pr\u00f3xima de mim, para que eu pudesse ficar olhando para ela na hora que acordasse, e que fosse a \u00faltima imagem a guardar antes de dormir?<\/p>\n<p>Optei pela sala, ao centro de um grande m\u00f3vel de jacarand\u00e1 marchetado por delicados fios de ouro, encostado \u00e0 parede ornada por um quadro que retrata minha bem amada esposa h\u00e1 tanto tempo morta, que mandara fazer alguns anos ap\u00f3s o nosso casamento, por um artista que conhec\u00edamos e que pintava retratos. Na \u00e9poca ele at\u00e9 insistiu em fazer o meu tamb\u00e9m, mas desejei eternizar apenas a ela em sua juventude e beleza. Juventude que durou para sempre, porque ela morreu cedo, antes dos 30 anos, com uma doen\u00e7a rara at\u00e9 hoje mal esclarecida, deixando-me a filha ainda na primeira inf\u00e2ncia, a quem consegui criar e educar para se tornar uma mulher adulta bem resolvida, din\u00e2mica e independente.<\/p>\n<p>Finalmente entronizei-a em seu lugar, e mal podia esperar a noite para coloc\u00e1-la em funcionamento e entender exatamente o seu simples mas criativo mecanismo. Fiquei ali, sentado numa poltrona, quase hipnotizado em sua presen\u00e7a majestosa. Aguardando. Aguardando.<\/p>\n<p>A Parte II ser\u00e1 publicada na ter\u00e7a, 14<\/p>\n","protected":false},"excerpt":{"rendered":"<p>Por muitos anos andei pelos antiqu\u00e1rios da cidade procurando. Aos s\u00e1bados acordava cedo e ia a Copacabana, ao centro, a S\u00e3o Crist\u00f3v\u00e3o e mesmo aos sub\u00farbios em busca de algo que n\u00e3o sabia exatamente o que era. Nessa busca incessante por um item desconhecido, definitivo, \u00fanico, ia comprando e colecionando outras coisas. Rel\u00f3gios, estatuetas, espelhos, [&hellip;]<\/p>\n","protected":false},"author":2,"featured_media":316864,"comment_status":"closed","ping_status":"closed","sticky":false,"template":"","format":"standard","meta":{"_acf_changed":false,"footnotes":""},"categories":[161],"tags":[],"class_list":["post-316863","post","type-post","status-publish","format-standard","has-post-thumbnail","hentry","category-quadradinho-em-foco"],"acf":[],"yoast_head":"<!-- This site is optimized with the Yoast SEO plugin v27.2 - https:\/\/yoast.com\/product\/yoast-seo-wordpress\/ -->\n<title>Busca por rel\u00edquia vira obsess\u00e3o de quem quer o Santo Graal - Notibras<\/title>\n<meta name=\"robots\" content=\"index, follow, max-snippet:-1, max-image-preview:large, max-video-preview:-1\" \/>\n<link rel=\"canonical\" href=\"https:\/\/www.notibras.com\/site\/busca-por-reliquia-vira-obsessao-de-quem-quer-o-santo-graal\/\" \/>\n<meta property=\"og:locale\" content=\"pt_BR\" \/>\n<meta property=\"og:type\" content=\"article\" \/>\n<meta property=\"og:title\" content=\"Busca por rel\u00edquia vira obsess\u00e3o de quem quer o Santo Graal - Notibras\" \/>\n<meta property=\"og:description\" content=\"Por muitos anos andei pelos antiqu\u00e1rios da cidade procurando. Aos s\u00e1bados acordava cedo e ia a Copacabana, ao centro, a S\u00e3o Crist\u00f3v\u00e3o e mesmo aos sub\u00farbios em busca de algo que n\u00e3o sabia exatamente o que era. Nessa busca incessante por um item desconhecido, definitivo, \u00fanico, ia comprando e colecionando outras coisas. Rel\u00f3gios, estatuetas, espelhos, [&hellip;]\" \/>\n<meta property=\"og:url\" content=\"https:\/\/www.notibras.com\/site\/busca-por-reliquia-vira-obsessao-de-quem-quer-o-santo-graal\/\" \/>\n<meta property=\"og:site_name\" content=\"Notibras\" \/>\n<meta property=\"article:publisher\" content=\"https:\/\/www.facebook.com\/notibras\/\" \/>\n<meta property=\"article:published_time\" content=\"2023-11-13T09:37:52+00:00\" \/>\n<meta property=\"og:image\" content=\"https:\/\/www.notibras.com\/site\/wp-content\/uploads\/2023\/11\/1_000_32ea24b-26039850.jpg\" \/>\n\t<meta property=\"og:image:width\" content=\"675\" \/>\n\t<meta property=\"og:image:height\" content=\"450\" \/>\n\t<meta property=\"og:image:type\" content=\"image\/jpeg\" \/>\n<meta name=\"author\" content=\"Reda\u00e7\u00e3o\" \/>\n<meta name=\"twitter:card\" content=\"summary_large_image\" \/>\n<meta name=\"twitter:creator\" content=\"@Notibras\" \/>\n<meta name=\"twitter:site\" content=\"@Notibras\" \/>\n<meta name=\"twitter:label1\" content=\"Escrito por\" \/>\n\t<meta name=\"twitter:data1\" content=\"Reda\u00e7\u00e3o\" \/>\n\t<meta name=\"twitter:label2\" content=\"Est. tempo de leitura\" \/>\n\t<meta name=\"twitter:data2\" content=\"8 minutos\" \/>\n<script type=\"application\/ld+json\" class=\"yoast-schema-graph\">{\"@context\":\"https:\/\/schema.org\",\"@graph\":[{\"@type\":\"Article\",\"@id\":\"https:\/\/www.notibras.com\/site\/busca-por-reliquia-vira-obsessao-de-quem-quer-o-santo-graal\/#article\",\"isPartOf\":{\"@id\":\"https:\/\/www.notibras.com\/site\/busca-por-reliquia-vira-obsessao-de-quem-quer-o-santo-graal\/\"},\"author\":{\"name\":\"Reda\u00e7\u00e3o\",\"@id\":\"https:\/\/www.notibras.com\/site\/#\/schema\/person\/36ab0979449956132d3e5b517ea76ac8\"},\"headline\":\"Busca por rel\u00edquia vira obsess\u00e3o de quem quer o Santo Graal\",\"datePublished\":\"2023-11-13T09:37:52+00:00\",\"mainEntityOfPage\":{\"@id\":\"https:\/\/www.notibras.com\/site\/busca-por-reliquia-vira-obsessao-de-quem-quer-o-santo-graal\/\"},\"wordCount\":1494,\"publisher\":{\"@id\":\"https:\/\/www.notibras.com\/site\/#organization\"},\"image\":{\"@id\":\"https:\/\/www.notibras.com\/site\/busca-por-reliquia-vira-obsessao-de-quem-quer-o-santo-graal\/#primaryimage\"},\"thumbnailUrl\":\"https:\/\/www.notibras.com\/site\/wp-content\/uploads\/2023\/11\/1_000_32ea24b-26039850.jpg\",\"articleSection\":[\"Quadradinho em Foco\"],\"inLanguage\":\"pt-BR\"},{\"@type\":\"WebPage\",\"@id\":\"https:\/\/www.notibras.com\/site\/busca-por-reliquia-vira-obsessao-de-quem-quer-o-santo-graal\/\",\"url\":\"https:\/\/www.notibras.com\/site\/busca-por-reliquia-vira-obsessao-de-quem-quer-o-santo-graal\/\",\"name\":\"Busca por rel\u00edquia vira obsess\u00e3o de quem quer o Santo Graal - Notibras\",\"isPartOf\":{\"@id\":\"https:\/\/www.notibras.com\/site\/#website\"},\"primaryImageOfPage\":{\"@id\":\"https:\/\/www.notibras.com\/site\/busca-por-reliquia-vira-obsessao-de-quem-quer-o-santo-graal\/#primaryimage\"},\"image\":{\"@id\":\"https:\/\/www.notibras.com\/site\/busca-por-reliquia-vira-obsessao-de-quem-quer-o-santo-graal\/#primaryimage\"},\"thumbnailUrl\":\"https:\/\/www.notibras.com\/site\/wp-content\/uploads\/2023\/11\/1_000_32ea24b-26039850.jpg\",\"datePublished\":\"2023-11-13T09:37:52+00:00\",\"breadcrumb\":{\"@id\":\"https:\/\/www.notibras.com\/site\/busca-por-reliquia-vira-obsessao-de-quem-quer-o-santo-graal\/#breadcrumb\"},\"inLanguage\":\"pt-BR\",\"potentialAction\":[{\"@type\":\"ReadAction\",\"target\":[\"https:\/\/www.notibras.com\/site\/busca-por-reliquia-vira-obsessao-de-quem-quer-o-santo-graal\/\"]}]},{\"@type\":\"ImageObject\",\"inLanguage\":\"pt-BR\",\"@id\":\"https:\/\/www.notibras.com\/site\/busca-por-reliquia-vira-obsessao-de-quem-quer-o-santo-graal\/#primaryimage\",\"url\":\"https:\/\/www.notibras.com\/site\/wp-content\/uploads\/2023\/11\/1_000_32ea24b-26039850.jpg\",\"contentUrl\":\"https:\/\/www.notibras.com\/site\/wp-content\/uploads\/2023\/11\/1_000_32ea24b-26039850.jpg\",\"width\":675,\"height\":450},{\"@type\":\"BreadcrumbList\",\"@id\":\"https:\/\/www.notibras.com\/site\/busca-por-reliquia-vira-obsessao-de-quem-quer-o-santo-graal\/#breadcrumb\",\"itemListElement\":[{\"@type\":\"ListItem\",\"position\":1,\"name\":\"In\u00edcio\",\"item\":\"https:\/\/www.notibras.com\/site\/\"},{\"@type\":\"ListItem\",\"position\":2,\"name\":\"Busca por rel\u00edquia vira obsess\u00e3o de quem quer o Santo Graal\"}]},{\"@type\":\"WebSite\",\"@id\":\"https:\/\/www.notibras.com\/site\/#website\",\"url\":\"https:\/\/www.notibras.com\/site\/\",\"name\":\"Notibras\",\"description\":\"Not\u00edcias de Bras\u00edlia, do Brasil e do Mundo\",\"publisher\":{\"@id\":\"https:\/\/www.notibras.com\/site\/#organization\"},\"potentialAction\":[{\"@type\":\"SearchAction\",\"target\":{\"@type\":\"EntryPoint\",\"urlTemplate\":\"https:\/\/www.notibras.com\/site\/?s={search_term_string}\"},\"query-input\":{\"@type\":\"PropertyValueSpecification\",\"valueRequired\":true,\"valueName\":\"search_term_string\"}}],\"inLanguage\":\"pt-BR\"},{\"@type\":\"Organization\",\"@id\":\"https:\/\/www.notibras.com\/site\/#organization\",\"name\":\"Grupo Notibras de Comunica\u00e7\u00e3o\",\"url\":\"https:\/\/www.notibras.com\/site\/\",\"logo\":{\"@type\":\"ImageObject\",\"inLanguage\":\"pt-BR\",\"@id\":\"https:\/\/www.notibras.com\/site\/#\/schema\/logo\/image\/\",\"url\":\"https:\/\/www.notibras.com\/site\/wp-content\/uploads\/2023\/01\/notibras23.png\",\"contentUrl\":\"https:\/\/www.notibras.com\/site\/wp-content\/uploads\/2023\/01\/notibras23.png\",\"width\":350,\"height\":87,\"caption\":\"Grupo Notibras de Comunica\u00e7\u00e3o\"},\"image\":{\"@id\":\"https:\/\/www.notibras.com\/site\/#\/schema\/logo\/image\/\"},\"sameAs\":[\"https:\/\/www.facebook.com\/notibras\/\",\"https:\/\/x.com\/Notibras\",\"https:\/\/www.instagram.com\/notibras\/\"]},{\"@type\":\"Person\",\"@id\":\"https:\/\/www.notibras.com\/site\/#\/schema\/person\/36ab0979449956132d3e5b517ea76ac8\",\"name\":\"Reda\u00e7\u00e3o\",\"image\":{\"@type\":\"ImageObject\",\"inLanguage\":\"pt-BR\",\"@id\":\"https:\/\/secure.gravatar.com\/avatar\/e0a867bdedb85fd243eadf09663511f96fc81e0720a4a42581f334ad4303aa6b?s=96&d=mm&r=g\",\"url\":\"https:\/\/secure.gravatar.com\/avatar\/e0a867bdedb85fd243eadf09663511f96fc81e0720a4a42581f334ad4303aa6b?s=96&d=mm&r=g\",\"contentUrl\":\"https:\/\/secure.gravatar.com\/avatar\/e0a867bdedb85fd243eadf09663511f96fc81e0720a4a42581f334ad4303aa6b?s=96&d=mm&r=g\",\"caption\":\"Reda\u00e7\u00e3o\"}}]}<\/script>\n<!-- \/ Yoast SEO plugin. -->","yoast_head_json":{"title":"Busca por rel\u00edquia vira obsess\u00e3o de quem quer o Santo Graal - Notibras","robots":{"index":"index","follow":"follow","max-snippet":"max-snippet:-1","max-image-preview":"max-image-preview:large","max-video-preview":"max-video-preview:-1"},"canonical":"https:\/\/www.notibras.com\/site\/busca-por-reliquia-vira-obsessao-de-quem-quer-o-santo-graal\/","og_locale":"pt_BR","og_type":"article","og_title":"Busca por rel\u00edquia vira obsess\u00e3o de quem quer o Santo Graal - Notibras","og_description":"Por muitos anos andei pelos antiqu\u00e1rios da cidade procurando. Aos s\u00e1bados acordava cedo e ia a Copacabana, ao centro, a S\u00e3o Crist\u00f3v\u00e3o e mesmo aos sub\u00farbios em busca de algo que n\u00e3o sabia exatamente o que era. Nessa busca incessante por um item desconhecido, definitivo, \u00fanico, ia comprando e colecionando outras coisas. Rel\u00f3gios, estatuetas, espelhos, [&hellip;]","og_url":"https:\/\/www.notibras.com\/site\/busca-por-reliquia-vira-obsessao-de-quem-quer-o-santo-graal\/","og_site_name":"Notibras","article_publisher":"https:\/\/www.facebook.com\/notibras\/","article_published_time":"2023-11-13T09:37:52+00:00","og_image":[{"width":675,"height":450,"url":"https:\/\/www.notibras.com\/site\/wp-content\/uploads\/2023\/11\/1_000_32ea24b-26039850.jpg","type":"image\/jpeg"}],"author":"Reda\u00e7\u00e3o","twitter_card":"summary_large_image","twitter_creator":"@Notibras","twitter_site":"@Notibras","twitter_misc":{"Escrito por":"Reda\u00e7\u00e3o","Est. tempo de leitura":"8 minutos"},"schema":{"@context":"https:\/\/schema.org","@graph":[{"@type":"Article","@id":"https:\/\/www.notibras.com\/site\/busca-por-reliquia-vira-obsessao-de-quem-quer-o-santo-graal\/#article","isPartOf":{"@id":"https:\/\/www.notibras.com\/site\/busca-por-reliquia-vira-obsessao-de-quem-quer-o-santo-graal\/"},"author":{"name":"Reda\u00e7\u00e3o","@id":"https:\/\/www.notibras.com\/site\/#\/schema\/person\/36ab0979449956132d3e5b517ea76ac8"},"headline":"Busca por rel\u00edquia vira obsess\u00e3o de quem quer o Santo Graal","datePublished":"2023-11-13T09:37:52+00:00","mainEntityOfPage":{"@id":"https:\/\/www.notibras.com\/site\/busca-por-reliquia-vira-obsessao-de-quem-quer-o-santo-graal\/"},"wordCount":1494,"publisher":{"@id":"https:\/\/www.notibras.com\/site\/#organization"},"image":{"@id":"https:\/\/www.notibras.com\/site\/busca-por-reliquia-vira-obsessao-de-quem-quer-o-santo-graal\/#primaryimage"},"thumbnailUrl":"https:\/\/www.notibras.com\/site\/wp-content\/uploads\/2023\/11\/1_000_32ea24b-26039850.jpg","articleSection":["Quadradinho em Foco"],"inLanguage":"pt-BR"},{"@type":"WebPage","@id":"https:\/\/www.notibras.com\/site\/busca-por-reliquia-vira-obsessao-de-quem-quer-o-santo-graal\/","url":"https:\/\/www.notibras.com\/site\/busca-por-reliquia-vira-obsessao-de-quem-quer-o-santo-graal\/","name":"Busca por rel\u00edquia vira obsess\u00e3o de quem quer o Santo Graal - Notibras","isPartOf":{"@id":"https:\/\/www.notibras.com\/site\/#website"},"primaryImageOfPage":{"@id":"https:\/\/www.notibras.com\/site\/busca-por-reliquia-vira-obsessao-de-quem-quer-o-santo-graal\/#primaryimage"},"image":{"@id":"https:\/\/www.notibras.com\/site\/busca-por-reliquia-vira-obsessao-de-quem-quer-o-santo-graal\/#primaryimage"},"thumbnailUrl":"https:\/\/www.notibras.com\/site\/wp-content\/uploads\/2023\/11\/1_000_32ea24b-26039850.jpg","datePublished":"2023-11-13T09:37:52+00:00","breadcrumb":{"@id":"https:\/\/www.notibras.com\/site\/busca-por-reliquia-vira-obsessao-de-quem-quer-o-santo-graal\/#breadcrumb"},"inLanguage":"pt-BR","potentialAction":[{"@type":"ReadAction","target":["https:\/\/www.notibras.com\/site\/busca-por-reliquia-vira-obsessao-de-quem-quer-o-santo-graal\/"]}]},{"@type":"ImageObject","inLanguage":"pt-BR","@id":"https:\/\/www.notibras.com\/site\/busca-por-reliquia-vira-obsessao-de-quem-quer-o-santo-graal\/#primaryimage","url":"https:\/\/www.notibras.com\/site\/wp-content\/uploads\/2023\/11\/1_000_32ea24b-26039850.jpg","contentUrl":"https:\/\/www.notibras.com\/site\/wp-content\/uploads\/2023\/11\/1_000_32ea24b-26039850.jpg","width":675,"height":450},{"@type":"BreadcrumbList","@id":"https:\/\/www.notibras.com\/site\/busca-por-reliquia-vira-obsessao-de-quem-quer-o-santo-graal\/#breadcrumb","itemListElement":[{"@type":"ListItem","position":1,"name":"In\u00edcio","item":"https:\/\/www.notibras.com\/site\/"},{"@type":"ListItem","position":2,"name":"Busca por rel\u00edquia vira obsess\u00e3o de quem quer o Santo Graal"}]},{"@type":"WebSite","@id":"https:\/\/www.notibras.com\/site\/#website","url":"https:\/\/www.notibras.com\/site\/","name":"Notibras","description":"Not\u00edcias de Bras\u00edlia, do Brasil e do Mundo","publisher":{"@id":"https:\/\/www.notibras.com\/site\/#organization"},"potentialAction":[{"@type":"SearchAction","target":{"@type":"EntryPoint","urlTemplate":"https:\/\/www.notibras.com\/site\/?s={search_term_string}"},"query-input":{"@type":"PropertyValueSpecification","valueRequired":true,"valueName":"search_term_string"}}],"inLanguage":"pt-BR"},{"@type":"Organization","@id":"https:\/\/www.notibras.com\/site\/#organization","name":"Grupo Notibras de Comunica\u00e7\u00e3o","url":"https:\/\/www.notibras.com\/site\/","logo":{"@type":"ImageObject","inLanguage":"pt-BR","@id":"https:\/\/www.notibras.com\/site\/#\/schema\/logo\/image\/","url":"https:\/\/www.notibras.com\/site\/wp-content\/uploads\/2023\/01\/notibras23.png","contentUrl":"https:\/\/www.notibras.com\/site\/wp-content\/uploads\/2023\/01\/notibras23.png","width":350,"height":87,"caption":"Grupo Notibras de Comunica\u00e7\u00e3o"},"image":{"@id":"https:\/\/www.notibras.com\/site\/#\/schema\/logo\/image\/"},"sameAs":["https:\/\/www.facebook.com\/notibras\/","https:\/\/x.com\/Notibras","https:\/\/www.instagram.com\/notibras\/"]},{"@type":"Person","@id":"https:\/\/www.notibras.com\/site\/#\/schema\/person\/36ab0979449956132d3e5b517ea76ac8","name":"Reda\u00e7\u00e3o","image":{"@type":"ImageObject","inLanguage":"pt-BR","@id":"https:\/\/secure.gravatar.com\/avatar\/e0a867bdedb85fd243eadf09663511f96fc81e0720a4a42581f334ad4303aa6b?s=96&d=mm&r=g","url":"https:\/\/secure.gravatar.com\/avatar\/e0a867bdedb85fd243eadf09663511f96fc81e0720a4a42581f334ad4303aa6b?s=96&d=mm&r=g","contentUrl":"https:\/\/secure.gravatar.com\/avatar\/e0a867bdedb85fd243eadf09663511f96fc81e0720a4a42581f334ad4303aa6b?s=96&d=mm&r=g","caption":"Reda\u00e7\u00e3o"}}]}},"amp_enabled":true,"_links":{"self":[{"href":"https:\/\/www.notibras.com\/site\/wp-json\/wp\/v2\/posts\/316863","targetHints":{"allow":["GET"]}}],"collection":[{"href":"https:\/\/www.notibras.com\/site\/wp-json\/wp\/v2\/posts"}],"about":[{"href":"https:\/\/www.notibras.com\/site\/wp-json\/wp\/v2\/types\/post"}],"author":[{"embeddable":true,"href":"https:\/\/www.notibras.com\/site\/wp-json\/wp\/v2\/users\/2"}],"replies":[{"embeddable":true,"href":"https:\/\/www.notibras.com\/site\/wp-json\/wp\/v2\/comments?post=316863"}],"version-history":[{"count":1,"href":"https:\/\/www.notibras.com\/site\/wp-json\/wp\/v2\/posts\/316863\/revisions"}],"predecessor-version":[{"id":316865,"href":"https:\/\/www.notibras.com\/site\/wp-json\/wp\/v2\/posts\/316863\/revisions\/316865"}],"wp:featuredmedia":[{"embeddable":true,"href":"https:\/\/www.notibras.com\/site\/wp-json\/wp\/v2\/media\/316864"}],"wp:attachment":[{"href":"https:\/\/www.notibras.com\/site\/wp-json\/wp\/v2\/media?parent=316863"}],"wp:term":[{"taxonomy":"category","embeddable":true,"href":"https:\/\/www.notibras.com\/site\/wp-json\/wp\/v2\/categories?post=316863"},{"taxonomy":"post_tag","embeddable":true,"href":"https:\/\/www.notibras.com\/site\/wp-json\/wp\/v2\/tags?post=316863"}],"curies":[{"name":"wp","href":"https:\/\/api.w.org\/{rel}","templated":true}]}}