{"id":316866,"date":"2023-11-13T07:02:12","date_gmt":"2023-11-13T10:02:12","guid":{"rendered":"https:\/\/www.notibras.com\/site\/?p=316866"},"modified":"2023-11-13T07:02:12","modified_gmt":"2023-11-13T10:02:12","slug":"clima-de-suspense-por-conta-de-uma-anagua","status":"publish","type":"post","link":"https:\/\/www.notibras.com\/site\/clima-de-suspense-por-conta-de-uma-anagua\/","title":{"rendered":"Clima de suspense por conta de uma an\u00e1gua"},"content":{"rendered":"<p>N\u00e3o foi muito antes de contemplar meus primeiros pelos debaixo do nariz. Talvez, pelo longo espa\u00e7o temporal, esteja cometendo uma pequena falha de meses ou, pode at\u00e9 ser, alguns anos. Na verdade, tais detalhes s\u00e3o irrelevantes. Certamente, n\u00e3o havia chegado aos 20. Ou n\u00e3o.<\/p>\n<p>L\u00e1 estava diante da porta da casa da Matilda, j\u00e1 uma velha naquela \u00e9poca. Hoje, bem sei, ela est\u00e1 h\u00e1 pelo menos 30 anos deitada no S\u00e3o Jo\u00e3o Batista, endere\u00e7o eterno de tantos famosos, al\u00e9m de um n\u00famero infinito de meros mortais. Seja como for, a soberba de alguns parece ter sido em v\u00e3o, j\u00e1 que todos, no final, se igualaram.<\/p>\n<p>Provavelmente, voc\u00ea, que aqui me l\u00ea, deve estar agoniado diante de tanta enrola\u00e7\u00e3o. Que seja! Vou desembuchar, antes que perca mais um leitor, que, at\u00e9 onde consta, n\u00e3o s\u00e3o muitos. Estava ali por conta de uma encomenda. Digo, uma an\u00e1gua.<\/p>\n<p>Dei dois toques sutis na carcomida porta de madeira, o suficiente para me fazer anunciado. N\u00e3o demorou, Matilda veio me atender. Fui recebido com um largo sorriso. A idosa, que h\u00e1 pouco havia trocado a dentadura, andava sorridente. Motivo outro, diziam \u00e0 boca pequena, era por causa de um primo do falecido marido. Como n\u00e3o entendia dessas coisas naqueles idos ou, ent\u00e3o, meu olhar estava mais preocupado com as pernas torneadas da Sandrinha, n\u00e3o posso dizer que sim ou que n\u00e3o.<\/p>\n<p>A velha me convidou para entrar. Havia duas outras senhoras na ampla sala. A gordinha, eu conhecia. N\u00e3o me recordo do seu nome. Elaine ou Eliane ou algo assim. Elisa? Pode ser. N\u00e3o importa. A outra, uma mulher de apar\u00eancia elegante, nunca havia visto. Bem que poderia ser capa de alguma revista de artistas. Exagero ou realidade, n\u00e3o posso afirmar, mas \u00e9 como me recordo dos seus tra\u00e7os.<\/p>\n<p>&#8211; Um instante, Betinho.<\/p>\n<p>Matilda foi at\u00e9 um c\u00f4modo da casa, enquanto a fiquei aguardando em p\u00e9. A gorda e a artista me fitavam de cima a baixo, como se estivessem escolhendo o pr\u00f3ximo modelito. Meu rosto come\u00e7ou a pegar fogo, com certeza completamente vermelho, como ainda acontece sempre que fico envergonhado por algo.<\/p>\n<p>N\u00e3o sei quanto tempo depois a velha voltou com um pacote. No entanto, pareceu-me uma eternidade. A minha vontade era sair correndo dali. Mas a bonitona, que continuava me encarando com aqueles olhos enormes, quis saber quem eu era.<\/p>\n<p>&#8211; \u00c9 o Betinho, filho da Mariana, que mora no final da rua.<\/p>\n<p>Se eu disse alguma coisa, n\u00e3o me lembro, mas bem sei que ela n\u00e3o tirava aqueles olhos de mim. O rosto, frio como o de uma loira platinada de Hitchcock, come\u00e7ou a me provocar calafrios. E, antes que eu pudesse fazer algo, eis que algu\u00e9m deu dois toques na porta, o suficiente para que Matilda fosse ver quem era.<\/p>\n<p>Solange, antiga moradora do bairro, entrou toda sorridente. Matilda me entregou o pacote com a an\u00e1gua da minha m\u00e3e, enquanto aproveitei a porta aberta e sa\u00ed, mas n\u00e3o antes de escutar o seguinte interl\u00fadio, que ainda hoje me corr\u00f3i de curiosidade.<\/p>\n<p>&#8211; Solange, vou passar um cafezinho.<\/p>\n<p>&#8211; N\u00e3o precisa, Matilda. Vim aqui apenas para lhe deixar esse vestido para ajustar.<\/p>\n<p>&#8211; Mas voc\u00ea aceita uma fofoca?<\/p>\n<p><strong>Nota da Reda\u00e7\u00e3o<\/strong>: O conto &#8220;Tudo por conta de uma an\u00e1gua&#8221; faz parte da Colet\u00e2nea de Contista 2023 da editora Persona.<\/p>\n","protected":false},"excerpt":{"rendered":"<p>N\u00e3o foi muito antes de contemplar meus primeiros pelos debaixo do nariz. Talvez, pelo longo espa\u00e7o temporal, esteja cometendo uma pequena falha de meses ou, pode at\u00e9 ser, alguns anos. Na verdade, tais detalhes s\u00e3o irrelevantes. Certamente, n\u00e3o havia chegado aos 20. Ou n\u00e3o. L\u00e1 estava diante da porta da casa da Matilda, j\u00e1 uma [&hellip;]<\/p>\n","protected":false},"author":2,"featured_media":316867,"comment_status":"closed","ping_status":"closed","sticky":false,"template":"","format":"standard","meta":{"_acf_changed":false,"footnotes":""},"categories":[161],"tags":[],"class_list":["post-316866","post","type-post","status-publish","format-standard","has-post-thumbnail","hentry","category-quadradinho-em-foco"],"acf":[],"yoast_head":"<!-- This site is optimized with the Yoast SEO plugin v27.2 - https:\/\/yoast.com\/product\/yoast-seo-wordpress\/ -->\n<title>Clima de suspense por conta de uma an\u00e1gua - Notibras<\/title>\n<meta name=\"robots\" content=\"index, follow, max-snippet:-1, max-image-preview:large, max-video-preview:-1\" \/>\n<link rel=\"canonical\" href=\"https:\/\/www.notibras.com\/site\/clima-de-suspense-por-conta-de-uma-anagua\/\" \/>\n<meta property=\"og:locale\" content=\"pt_BR\" \/>\n<meta property=\"og:type\" content=\"article\" \/>\n<meta property=\"og:title\" content=\"Clima de suspense por conta de uma an\u00e1gua - Notibras\" \/>\n<meta property=\"og:description\" content=\"N\u00e3o foi muito antes de contemplar meus primeiros pelos debaixo do nariz. Talvez, pelo longo espa\u00e7o temporal, esteja cometendo uma pequena falha de meses ou, pode at\u00e9 ser, alguns anos. Na verdade, tais detalhes s\u00e3o irrelevantes. Certamente, n\u00e3o havia chegado aos 20. Ou n\u00e3o. L\u00e1 estava diante da porta da casa da Matilda, j\u00e1 uma [&hellip;]\" \/>\n<meta property=\"og:url\" content=\"https:\/\/www.notibras.com\/site\/clima-de-suspense-por-conta-de-uma-anagua\/\" \/>\n<meta property=\"og:site_name\" content=\"Notibras\" \/>\n<meta property=\"article:publisher\" content=\"https:\/\/www.facebook.com\/notibras\/\" \/>\n<meta property=\"article:published_time\" content=\"2023-11-13T10:02:12+00:00\" \/>\n<meta property=\"og:image\" content=\"https:\/\/www.notibras.com\/site\/wp-content\/uploads\/2023\/11\/saiote-infantil-anagua-armacao-tam-pp-saiote.jpg\" \/>\n\t<meta property=\"og:image:width\" content=\"600\" \/>\n\t<meta property=\"og:image:height\" content=\"380\" \/>\n\t<meta property=\"og:image:type\" content=\"image\/jpeg\" \/>\n<meta name=\"author\" content=\"Reda\u00e7\u00e3o\" \/>\n<meta name=\"twitter:card\" content=\"summary_large_image\" \/>\n<meta name=\"twitter:creator\" content=\"@Notibras\" \/>\n<meta name=\"twitter:site\" content=\"@Notibras\" \/>\n<meta name=\"twitter:label1\" content=\"Escrito por\" \/>\n\t<meta name=\"twitter:data1\" content=\"Reda\u00e7\u00e3o\" \/>\n\t<meta name=\"twitter:label2\" content=\"Est. tempo de leitura\" \/>\n\t<meta name=\"twitter:data2\" content=\"3 minutos\" \/>\n<script type=\"application\/ld+json\" class=\"yoast-schema-graph\">{\"@context\":\"https:\/\/schema.org\",\"@graph\":[{\"@type\":\"Article\",\"@id\":\"https:\/\/www.notibras.com\/site\/clima-de-suspense-por-conta-de-uma-anagua\/#article\",\"isPartOf\":{\"@id\":\"https:\/\/www.notibras.com\/site\/clima-de-suspense-por-conta-de-uma-anagua\/\"},\"author\":{\"name\":\"Reda\u00e7\u00e3o\",\"@id\":\"https:\/\/www.notibras.com\/site\/#\/schema\/person\/36ab0979449956132d3e5b517ea76ac8\"},\"headline\":\"Clima de suspense por conta de uma an\u00e1gua\",\"datePublished\":\"2023-11-13T10:02:12+00:00\",\"mainEntityOfPage\":{\"@id\":\"https:\/\/www.notibras.com\/site\/clima-de-suspense-por-conta-de-uma-anagua\/\"},\"wordCount\":592,\"publisher\":{\"@id\":\"https:\/\/www.notibras.com\/site\/#organization\"},\"image\":{\"@id\":\"https:\/\/www.notibras.com\/site\/clima-de-suspense-por-conta-de-uma-anagua\/#primaryimage\"},\"thumbnailUrl\":\"https:\/\/www.notibras.com\/site\/wp-content\/uploads\/2023\/11\/saiote-infantil-anagua-armacao-tam-pp-saiote.jpg\",\"articleSection\":[\"Quadradinho em Foco\"],\"inLanguage\":\"pt-BR\"},{\"@type\":\"WebPage\",\"@id\":\"https:\/\/www.notibras.com\/site\/clima-de-suspense-por-conta-de-uma-anagua\/\",\"url\":\"https:\/\/www.notibras.com\/site\/clima-de-suspense-por-conta-de-uma-anagua\/\",\"name\":\"Clima de suspense por conta de uma an\u00e1gua - Notibras\",\"isPartOf\":{\"@id\":\"https:\/\/www.notibras.com\/site\/#website\"},\"primaryImageOfPage\":{\"@id\":\"https:\/\/www.notibras.com\/site\/clima-de-suspense-por-conta-de-uma-anagua\/#primaryimage\"},\"image\":{\"@id\":\"https:\/\/www.notibras.com\/site\/clima-de-suspense-por-conta-de-uma-anagua\/#primaryimage\"},\"thumbnailUrl\":\"https:\/\/www.notibras.com\/site\/wp-content\/uploads\/2023\/11\/saiote-infantil-anagua-armacao-tam-pp-saiote.jpg\",\"datePublished\":\"2023-11-13T10:02:12+00:00\",\"breadcrumb\":{\"@id\":\"https:\/\/www.notibras.com\/site\/clima-de-suspense-por-conta-de-uma-anagua\/#breadcrumb\"},\"inLanguage\":\"pt-BR\",\"potentialAction\":[{\"@type\":\"ReadAction\",\"target\":[\"https:\/\/www.notibras.com\/site\/clima-de-suspense-por-conta-de-uma-anagua\/\"]}]},{\"@type\":\"ImageObject\",\"inLanguage\":\"pt-BR\",\"@id\":\"https:\/\/www.notibras.com\/site\/clima-de-suspense-por-conta-de-uma-anagua\/#primaryimage\",\"url\":\"https:\/\/www.notibras.com\/site\/wp-content\/uploads\/2023\/11\/saiote-infantil-anagua-armacao-tam-pp-saiote.jpg\",\"contentUrl\":\"https:\/\/www.notibras.com\/site\/wp-content\/uploads\/2023\/11\/saiote-infantil-anagua-armacao-tam-pp-saiote.jpg\",\"width\":600,\"height\":380},{\"@type\":\"BreadcrumbList\",\"@id\":\"https:\/\/www.notibras.com\/site\/clima-de-suspense-por-conta-de-uma-anagua\/#breadcrumb\",\"itemListElement\":[{\"@type\":\"ListItem\",\"position\":1,\"name\":\"In\u00edcio\",\"item\":\"https:\/\/www.notibras.com\/site\/\"},{\"@type\":\"ListItem\",\"position\":2,\"name\":\"Clima de suspense por conta de uma an\u00e1gua\"}]},{\"@type\":\"WebSite\",\"@id\":\"https:\/\/www.notibras.com\/site\/#website\",\"url\":\"https:\/\/www.notibras.com\/site\/\",\"name\":\"Notibras\",\"description\":\"Not\u00edcias de Bras\u00edlia, do Brasil e do Mundo\",\"publisher\":{\"@id\":\"https:\/\/www.notibras.com\/site\/#organization\"},\"potentialAction\":[{\"@type\":\"SearchAction\",\"target\":{\"@type\":\"EntryPoint\",\"urlTemplate\":\"https:\/\/www.notibras.com\/site\/?s={search_term_string}\"},\"query-input\":{\"@type\":\"PropertyValueSpecification\",\"valueRequired\":true,\"valueName\":\"search_term_string\"}}],\"inLanguage\":\"pt-BR\"},{\"@type\":\"Organization\",\"@id\":\"https:\/\/www.notibras.com\/site\/#organization\",\"name\":\"Grupo Notibras de Comunica\u00e7\u00e3o\",\"url\":\"https:\/\/www.notibras.com\/site\/\",\"logo\":{\"@type\":\"ImageObject\",\"inLanguage\":\"pt-BR\",\"@id\":\"https:\/\/www.notibras.com\/site\/#\/schema\/logo\/image\/\",\"url\":\"https:\/\/www.notibras.com\/site\/wp-content\/uploads\/2023\/01\/notibras23.png\",\"contentUrl\":\"https:\/\/www.notibras.com\/site\/wp-content\/uploads\/2023\/01\/notibras23.png\",\"width\":350,\"height\":87,\"caption\":\"Grupo Notibras de Comunica\u00e7\u00e3o\"},\"image\":{\"@id\":\"https:\/\/www.notibras.com\/site\/#\/schema\/logo\/image\/\"},\"sameAs\":[\"https:\/\/www.facebook.com\/notibras\/\",\"https:\/\/x.com\/Notibras\",\"https:\/\/www.instagram.com\/notibras\/\"]},{\"@type\":\"Person\",\"@id\":\"https:\/\/www.notibras.com\/site\/#\/schema\/person\/36ab0979449956132d3e5b517ea76ac8\",\"name\":\"Reda\u00e7\u00e3o\",\"image\":{\"@type\":\"ImageObject\",\"inLanguage\":\"pt-BR\",\"@id\":\"https:\/\/secure.gravatar.com\/avatar\/e0a867bdedb85fd243eadf09663511f96fc81e0720a4a42581f334ad4303aa6b?s=96&d=mm&r=g\",\"url\":\"https:\/\/secure.gravatar.com\/avatar\/e0a867bdedb85fd243eadf09663511f96fc81e0720a4a42581f334ad4303aa6b?s=96&d=mm&r=g\",\"contentUrl\":\"https:\/\/secure.gravatar.com\/avatar\/e0a867bdedb85fd243eadf09663511f96fc81e0720a4a42581f334ad4303aa6b?s=96&d=mm&r=g\",\"caption\":\"Reda\u00e7\u00e3o\"}}]}<\/script>\n<!-- \/ Yoast SEO plugin. -->","yoast_head_json":{"title":"Clima de suspense por conta de uma an\u00e1gua - Notibras","robots":{"index":"index","follow":"follow","max-snippet":"max-snippet:-1","max-image-preview":"max-image-preview:large","max-video-preview":"max-video-preview:-1"},"canonical":"https:\/\/www.notibras.com\/site\/clima-de-suspense-por-conta-de-uma-anagua\/","og_locale":"pt_BR","og_type":"article","og_title":"Clima de suspense por conta de uma an\u00e1gua - Notibras","og_description":"N\u00e3o foi muito antes de contemplar meus primeiros pelos debaixo do nariz. Talvez, pelo longo espa\u00e7o temporal, esteja cometendo uma pequena falha de meses ou, pode at\u00e9 ser, alguns anos. Na verdade, tais detalhes s\u00e3o irrelevantes. Certamente, n\u00e3o havia chegado aos 20. Ou n\u00e3o. L\u00e1 estava diante da porta da casa da Matilda, j\u00e1 uma [&hellip;]","og_url":"https:\/\/www.notibras.com\/site\/clima-de-suspense-por-conta-de-uma-anagua\/","og_site_name":"Notibras","article_publisher":"https:\/\/www.facebook.com\/notibras\/","article_published_time":"2023-11-13T10:02:12+00:00","og_image":[{"width":600,"height":380,"url":"https:\/\/www.notibras.com\/site\/wp-content\/uploads\/2023\/11\/saiote-infantil-anagua-armacao-tam-pp-saiote.jpg","type":"image\/jpeg"}],"author":"Reda\u00e7\u00e3o","twitter_card":"summary_large_image","twitter_creator":"@Notibras","twitter_site":"@Notibras","twitter_misc":{"Escrito por":"Reda\u00e7\u00e3o","Est. tempo de leitura":"3 minutos"},"schema":{"@context":"https:\/\/schema.org","@graph":[{"@type":"Article","@id":"https:\/\/www.notibras.com\/site\/clima-de-suspense-por-conta-de-uma-anagua\/#article","isPartOf":{"@id":"https:\/\/www.notibras.com\/site\/clima-de-suspense-por-conta-de-uma-anagua\/"},"author":{"name":"Reda\u00e7\u00e3o","@id":"https:\/\/www.notibras.com\/site\/#\/schema\/person\/36ab0979449956132d3e5b517ea76ac8"},"headline":"Clima de suspense por conta de uma an\u00e1gua","datePublished":"2023-11-13T10:02:12+00:00","mainEntityOfPage":{"@id":"https:\/\/www.notibras.com\/site\/clima-de-suspense-por-conta-de-uma-anagua\/"},"wordCount":592,"publisher":{"@id":"https:\/\/www.notibras.com\/site\/#organization"},"image":{"@id":"https:\/\/www.notibras.com\/site\/clima-de-suspense-por-conta-de-uma-anagua\/#primaryimage"},"thumbnailUrl":"https:\/\/www.notibras.com\/site\/wp-content\/uploads\/2023\/11\/saiote-infantil-anagua-armacao-tam-pp-saiote.jpg","articleSection":["Quadradinho em Foco"],"inLanguage":"pt-BR"},{"@type":"WebPage","@id":"https:\/\/www.notibras.com\/site\/clima-de-suspense-por-conta-de-uma-anagua\/","url":"https:\/\/www.notibras.com\/site\/clima-de-suspense-por-conta-de-uma-anagua\/","name":"Clima de suspense por conta de uma an\u00e1gua - Notibras","isPartOf":{"@id":"https:\/\/www.notibras.com\/site\/#website"},"primaryImageOfPage":{"@id":"https:\/\/www.notibras.com\/site\/clima-de-suspense-por-conta-de-uma-anagua\/#primaryimage"},"image":{"@id":"https:\/\/www.notibras.com\/site\/clima-de-suspense-por-conta-de-uma-anagua\/#primaryimage"},"thumbnailUrl":"https:\/\/www.notibras.com\/site\/wp-content\/uploads\/2023\/11\/saiote-infantil-anagua-armacao-tam-pp-saiote.jpg","datePublished":"2023-11-13T10:02:12+00:00","breadcrumb":{"@id":"https:\/\/www.notibras.com\/site\/clima-de-suspense-por-conta-de-uma-anagua\/#breadcrumb"},"inLanguage":"pt-BR","potentialAction":[{"@type":"ReadAction","target":["https:\/\/www.notibras.com\/site\/clima-de-suspense-por-conta-de-uma-anagua\/"]}]},{"@type":"ImageObject","inLanguage":"pt-BR","@id":"https:\/\/www.notibras.com\/site\/clima-de-suspense-por-conta-de-uma-anagua\/#primaryimage","url":"https:\/\/www.notibras.com\/site\/wp-content\/uploads\/2023\/11\/saiote-infantil-anagua-armacao-tam-pp-saiote.jpg","contentUrl":"https:\/\/www.notibras.com\/site\/wp-content\/uploads\/2023\/11\/saiote-infantil-anagua-armacao-tam-pp-saiote.jpg","width":600,"height":380},{"@type":"BreadcrumbList","@id":"https:\/\/www.notibras.com\/site\/clima-de-suspense-por-conta-de-uma-anagua\/#breadcrumb","itemListElement":[{"@type":"ListItem","position":1,"name":"In\u00edcio","item":"https:\/\/www.notibras.com\/site\/"},{"@type":"ListItem","position":2,"name":"Clima de suspense por conta de uma an\u00e1gua"}]},{"@type":"WebSite","@id":"https:\/\/www.notibras.com\/site\/#website","url":"https:\/\/www.notibras.com\/site\/","name":"Notibras","description":"Not\u00edcias de Bras\u00edlia, do Brasil e do Mundo","publisher":{"@id":"https:\/\/www.notibras.com\/site\/#organization"},"potentialAction":[{"@type":"SearchAction","target":{"@type":"EntryPoint","urlTemplate":"https:\/\/www.notibras.com\/site\/?s={search_term_string}"},"query-input":{"@type":"PropertyValueSpecification","valueRequired":true,"valueName":"search_term_string"}}],"inLanguage":"pt-BR"},{"@type":"Organization","@id":"https:\/\/www.notibras.com\/site\/#organization","name":"Grupo Notibras de Comunica\u00e7\u00e3o","url":"https:\/\/www.notibras.com\/site\/","logo":{"@type":"ImageObject","inLanguage":"pt-BR","@id":"https:\/\/www.notibras.com\/site\/#\/schema\/logo\/image\/","url":"https:\/\/www.notibras.com\/site\/wp-content\/uploads\/2023\/01\/notibras23.png","contentUrl":"https:\/\/www.notibras.com\/site\/wp-content\/uploads\/2023\/01\/notibras23.png","width":350,"height":87,"caption":"Grupo Notibras de Comunica\u00e7\u00e3o"},"image":{"@id":"https:\/\/www.notibras.com\/site\/#\/schema\/logo\/image\/"},"sameAs":["https:\/\/www.facebook.com\/notibras\/","https:\/\/x.com\/Notibras","https:\/\/www.instagram.com\/notibras\/"]},{"@type":"Person","@id":"https:\/\/www.notibras.com\/site\/#\/schema\/person\/36ab0979449956132d3e5b517ea76ac8","name":"Reda\u00e7\u00e3o","image":{"@type":"ImageObject","inLanguage":"pt-BR","@id":"https:\/\/secure.gravatar.com\/avatar\/e0a867bdedb85fd243eadf09663511f96fc81e0720a4a42581f334ad4303aa6b?s=96&d=mm&r=g","url":"https:\/\/secure.gravatar.com\/avatar\/e0a867bdedb85fd243eadf09663511f96fc81e0720a4a42581f334ad4303aa6b?s=96&d=mm&r=g","contentUrl":"https:\/\/secure.gravatar.com\/avatar\/e0a867bdedb85fd243eadf09663511f96fc81e0720a4a42581f334ad4303aa6b?s=96&d=mm&r=g","caption":"Reda\u00e7\u00e3o"}}]}},"amp_enabled":true,"_links":{"self":[{"href":"https:\/\/www.notibras.com\/site\/wp-json\/wp\/v2\/posts\/316866","targetHints":{"allow":["GET"]}}],"collection":[{"href":"https:\/\/www.notibras.com\/site\/wp-json\/wp\/v2\/posts"}],"about":[{"href":"https:\/\/www.notibras.com\/site\/wp-json\/wp\/v2\/types\/post"}],"author":[{"embeddable":true,"href":"https:\/\/www.notibras.com\/site\/wp-json\/wp\/v2\/users\/2"}],"replies":[{"embeddable":true,"href":"https:\/\/www.notibras.com\/site\/wp-json\/wp\/v2\/comments?post=316866"}],"version-history":[{"count":1,"href":"https:\/\/www.notibras.com\/site\/wp-json\/wp\/v2\/posts\/316866\/revisions"}],"predecessor-version":[{"id":316868,"href":"https:\/\/www.notibras.com\/site\/wp-json\/wp\/v2\/posts\/316866\/revisions\/316868"}],"wp:featuredmedia":[{"embeddable":true,"href":"https:\/\/www.notibras.com\/site\/wp-json\/wp\/v2\/media\/316867"}],"wp:attachment":[{"href":"https:\/\/www.notibras.com\/site\/wp-json\/wp\/v2\/media?parent=316866"}],"wp:term":[{"taxonomy":"category","embeddable":true,"href":"https:\/\/www.notibras.com\/site\/wp-json\/wp\/v2\/categories?post=316866"},{"taxonomy":"post_tag","embeddable":true,"href":"https:\/\/www.notibras.com\/site\/wp-json\/wp\/v2\/tags?post=316866"}],"curies":[{"name":"wp","href":"https:\/\/api.w.org\/{rel}","templated":true}]}}