{"id":316902,"date":"2023-11-14T05:28:30","date_gmt":"2023-11-14T08:28:30","guid":{"rendered":"https:\/\/www.notibras.com\/site\/?p=316902"},"modified":"2023-11-14T05:38:25","modified_gmt":"2023-11-14T08:38:25","slug":"rede-publica-tira-merenda-e-da-uma-mistura-de-acucar-e-farinha","status":"publish","type":"post","link":"https:\/\/www.notibras.com\/site\/rede-publica-tira-merenda-e-da-uma-mistura-de-acucar-e-farinha\/","title":{"rendered":"Rede p\u00fablica tira merenda e d\u00e1 uma mistura de a\u00e7\u00facar e farinha"},"content":{"rendered":"<p>H\u00e1 uma forte suspeita de que as crian\u00e7as matriculadas nas escolas da rede p\u00fablica do Distrito Federal n\u00e3o estejam recebendo a merenda escolar como manda a lei. Feita a den\u00fancia, o Tribunal de Contas decidiu promover uma auditoria e deu prazo de 15 dias para que a Secretaria de Educa\u00e7\u00e3o se manifeste.<\/p>\n<p>At\u00e9 o que se sabe, n\u00e3o est\u00e3o sendo devidamente aplicados os recursos do Plano Nacional de Alimenta\u00e7\u00e3o Escolar. V\u00e1rias escolas est\u00e3o sendo fiscalizadas sobre esse suposto desabastecimento. A inspe\u00e7\u00e3o tamb\u00e9m verificar\u00e1 falhas estruturais em cozinhas e refeit\u00f3rios. O processo no TCDF tem o n\u00famero 00600-00009979\/2023-16-e.<\/p>\n<p>O PNAE inclui a oferta de refei\u00e7\u00f5es que contemplem as necessidades nutricionais dos alunos durante o per\u00edodo letivo, al\u00e9m de a\u00e7\u00f5es de educa\u00e7\u00e3o alimentar e nutricional. Os recursos s\u00e3o repassados pela Uni\u00e3o, por meio do Fundo Nacional de Desenvolvimento da Educa\u00e7\u00e3o.<\/p>\n<p>De acordo com a lei que regula o Plano Nacional de Alimenta\u00e7\u00e3o Escolar, uma parcela de 30% dos valores deve ser destinada \u00e0 compra de g\u00eaneros aliment\u00edcios diretamente do Programa de Agricultura Familiar. Mas, segundo o Conselho de Alimenta\u00e7\u00e3o Escolar, a Secretaria de Educa\u00e7\u00e3o n\u00e3o estaria fazendo a correta destina\u00e7\u00e3o do dinheiro. A suspeita \u00e9 a de que a &#8216;comida&#8217; seja comprada na rede atacadista.<\/p>\n<p>Os auditores do Tribunal de Contas tamb\u00e9m investigar\u00e3o um hist\u00f3rico de falta de alimenta\u00e7\u00e3o escolar e falhas estruturais. J\u00e1 foi constatado que h\u00e1 escolas que n\u00e3o t\u00eam merenda para oferecer aos alunos de um dia para outro. Nesses casos, as crian\u00e7as s\u00e3o &#8216;entupidas&#8217; com biscoitos e uma mistura de farinha com a\u00e7\u00facar.<\/p>\n","protected":false},"excerpt":{"rendered":"<p>H\u00e1 uma forte suspeita de que as crian\u00e7as matriculadas nas escolas da rede p\u00fablica do Distrito Federal n\u00e3o estejam recebendo a merenda escolar como manda a lei. Feita a den\u00fancia, o Tribunal de Contas decidiu promover uma auditoria e deu prazo de 15 dias para que a Secretaria de Educa\u00e7\u00e3o se manifeste. At\u00e9 o que [&hellip;]<\/p>\n","protected":false},"author":2,"featured_media":316903,"comment_status":"closed","ping_status":"closed","sticky":false,"template":"","format":"standard","meta":{"_acf_changed":false,"footnotes":""},"categories":[161],"tags":[95],"class_list":["post-316902","post","type-post","status-publish","format-standard","has-post-thumbnail","hentry","category-quadradinho-em-foco","tag-capa"],"acf":[],"yoast_head":"<!-- This site is optimized with the Yoast SEO plugin v27.2 - https:\/\/yoast.com\/product\/yoast-seo-wordpress\/ -->\n<title>Rede p\u00fablica tira merenda e d\u00e1 uma mistura de a\u00e7\u00facar e farinha - Notibras<\/title>\n<meta name=\"robots\" content=\"index, follow, max-snippet:-1, max-image-preview:large, max-video-preview:-1\" \/>\n<link rel=\"canonical\" href=\"https:\/\/www.notibras.com\/site\/rede-publica-tira-merenda-e-da-uma-mistura-de-acucar-e-farinha\/\" \/>\n<meta property=\"og:locale\" content=\"pt_BR\" \/>\n<meta property=\"og:type\" content=\"article\" \/>\n<meta property=\"og:title\" content=\"Rede p\u00fablica tira merenda e d\u00e1 uma mistura de a\u00e7\u00facar e farinha - Notibras\" \/>\n<meta property=\"og:description\" content=\"H\u00e1 uma forte suspeita de que as crian\u00e7as matriculadas nas escolas da rede p\u00fablica do Distrito Federal n\u00e3o estejam recebendo a merenda escolar como manda a lei. Feita a den\u00fancia, o Tribunal de Contas decidiu promover uma auditoria e deu prazo de 15 dias para que a Secretaria de Educa\u00e7\u00e3o se manifeste. At\u00e9 o que [&hellip;]\" \/>\n<meta property=\"og:url\" content=\"https:\/\/www.notibras.com\/site\/rede-publica-tira-merenda-e-da-uma-mistura-de-acucar-e-farinha\/\" \/>\n<meta property=\"og:site_name\" content=\"Notibras\" \/>\n<meta property=\"article:publisher\" content=\"https:\/\/www.facebook.com\/notibras\/\" \/>\n<meta property=\"article:published_time\" content=\"2023-11-14T08:28:30+00:00\" \/>\n<meta property=\"article:modified_time\" content=\"2023-11-14T08:38:25+00:00\" \/>\n<meta property=\"og:image\" content=\"https:\/\/www.notibras.com\/site\/wp-content\/uploads\/2023\/11\/merenda.falta_.webp\" \/>\n\t<meta property=\"og:image:width\" content=\"770\" \/>\n\t<meta property=\"og:image:height\" content=\"513\" \/>\n\t<meta property=\"og:image:type\" content=\"image\/webp\" \/>\n<meta name=\"author\" content=\"Reda\u00e7\u00e3o\" \/>\n<meta name=\"twitter:card\" content=\"summary_large_image\" \/>\n<meta name=\"twitter:creator\" content=\"@Notibras\" \/>\n<meta name=\"twitter:site\" content=\"@Notibras\" \/>\n<meta name=\"twitter:label1\" content=\"Escrito por\" \/>\n\t<meta name=\"twitter:data1\" content=\"Reda\u00e7\u00e3o\" \/>\n\t<meta name=\"twitter:label2\" content=\"Est. tempo de leitura\" \/>\n\t<meta name=\"twitter:data2\" content=\"2 minutos\" \/>\n<script type=\"application\/ld+json\" class=\"yoast-schema-graph\">{\"@context\":\"https:\/\/schema.org\",\"@graph\":[{\"@type\":\"Article\",\"@id\":\"https:\/\/www.notibras.com\/site\/rede-publica-tira-merenda-e-da-uma-mistura-de-acucar-e-farinha\/#article\",\"isPartOf\":{\"@id\":\"https:\/\/www.notibras.com\/site\/rede-publica-tira-merenda-e-da-uma-mistura-de-acucar-e-farinha\/\"},\"author\":{\"name\":\"Reda\u00e7\u00e3o\",\"@id\":\"https:\/\/www.notibras.com\/site\/#\/schema\/person\/36ab0979449956132d3e5b517ea76ac8\"},\"headline\":\"Rede p\u00fablica tira merenda e d\u00e1 uma mistura de a\u00e7\u00facar e farinha\",\"datePublished\":\"2023-11-14T08:28:30+00:00\",\"dateModified\":\"2023-11-14T08:38:25+00:00\",\"mainEntityOfPage\":{\"@id\":\"https:\/\/www.notibras.com\/site\/rede-publica-tira-merenda-e-da-uma-mistura-de-acucar-e-farinha\/\"},\"wordCount\":305,\"publisher\":{\"@id\":\"https:\/\/www.notibras.com\/site\/#organization\"},\"image\":{\"@id\":\"https:\/\/www.notibras.com\/site\/rede-publica-tira-merenda-e-da-uma-mistura-de-acucar-e-farinha\/#primaryimage\"},\"thumbnailUrl\":\"https:\/\/www.notibras.com\/site\/wp-content\/uploads\/2023\/11\/merenda.falta_.webp\",\"keywords\":[\"capa\"],\"articleSection\":[\"Quadradinho em Foco\"],\"inLanguage\":\"pt-BR\"},{\"@type\":\"WebPage\",\"@id\":\"https:\/\/www.notibras.com\/site\/rede-publica-tira-merenda-e-da-uma-mistura-de-acucar-e-farinha\/\",\"url\":\"https:\/\/www.notibras.com\/site\/rede-publica-tira-merenda-e-da-uma-mistura-de-acucar-e-farinha\/\",\"name\":\"Rede p\u00fablica tira merenda e d\u00e1 uma mistura de a\u00e7\u00facar e farinha - Notibras\",\"isPartOf\":{\"@id\":\"https:\/\/www.notibras.com\/site\/#website\"},\"primaryImageOfPage\":{\"@id\":\"https:\/\/www.notibras.com\/site\/rede-publica-tira-merenda-e-da-uma-mistura-de-acucar-e-farinha\/#primaryimage\"},\"image\":{\"@id\":\"https:\/\/www.notibras.com\/site\/rede-publica-tira-merenda-e-da-uma-mistura-de-acucar-e-farinha\/#primaryimage\"},\"thumbnailUrl\":\"https:\/\/www.notibras.com\/site\/wp-content\/uploads\/2023\/11\/merenda.falta_.webp\",\"datePublished\":\"2023-11-14T08:28:30+00:00\",\"dateModified\":\"2023-11-14T08:38:25+00:00\",\"breadcrumb\":{\"@id\":\"https:\/\/www.notibras.com\/site\/rede-publica-tira-merenda-e-da-uma-mistura-de-acucar-e-farinha\/#breadcrumb\"},\"inLanguage\":\"pt-BR\",\"potentialAction\":[{\"@type\":\"ReadAction\",\"target\":[\"https:\/\/www.notibras.com\/site\/rede-publica-tira-merenda-e-da-uma-mistura-de-acucar-e-farinha\/\"]}]},{\"@type\":\"ImageObject\",\"inLanguage\":\"pt-BR\",\"@id\":\"https:\/\/www.notibras.com\/site\/rede-publica-tira-merenda-e-da-uma-mistura-de-acucar-e-farinha\/#primaryimage\",\"url\":\"https:\/\/www.notibras.com\/site\/wp-content\/uploads\/2023\/11\/merenda.falta_.webp\",\"contentUrl\":\"https:\/\/www.notibras.com\/site\/wp-content\/uploads\/2023\/11\/merenda.falta_.webp\",\"width\":770,\"height\":513},{\"@type\":\"BreadcrumbList\",\"@id\":\"https:\/\/www.notibras.com\/site\/rede-publica-tira-merenda-e-da-uma-mistura-de-acucar-e-farinha\/#breadcrumb\",\"itemListElement\":[{\"@type\":\"ListItem\",\"position\":1,\"name\":\"In\u00edcio\",\"item\":\"https:\/\/www.notibras.com\/site\/\"},{\"@type\":\"ListItem\",\"position\":2,\"name\":\"Rede p\u00fablica tira merenda e d\u00e1 uma mistura de a\u00e7\u00facar e farinha\"}]},{\"@type\":\"WebSite\",\"@id\":\"https:\/\/www.notibras.com\/site\/#website\",\"url\":\"https:\/\/www.notibras.com\/site\/\",\"name\":\"Notibras\",\"description\":\"Not\u00edcias de Bras\u00edlia, do Brasil e do Mundo\",\"publisher\":{\"@id\":\"https:\/\/www.notibras.com\/site\/#organization\"},\"potentialAction\":[{\"@type\":\"SearchAction\",\"target\":{\"@type\":\"EntryPoint\",\"urlTemplate\":\"https:\/\/www.notibras.com\/site\/?s={search_term_string}\"},\"query-input\":{\"@type\":\"PropertyValueSpecification\",\"valueRequired\":true,\"valueName\":\"search_term_string\"}}],\"inLanguage\":\"pt-BR\"},{\"@type\":\"Organization\",\"@id\":\"https:\/\/www.notibras.com\/site\/#organization\",\"name\":\"Grupo Notibras de Comunica\u00e7\u00e3o\",\"url\":\"https:\/\/www.notibras.com\/site\/\",\"logo\":{\"@type\":\"ImageObject\",\"inLanguage\":\"pt-BR\",\"@id\":\"https:\/\/www.notibras.com\/site\/#\/schema\/logo\/image\/\",\"url\":\"https:\/\/www.notibras.com\/site\/wp-content\/uploads\/2023\/01\/notibras23.png\",\"contentUrl\":\"https:\/\/www.notibras.com\/site\/wp-content\/uploads\/2023\/01\/notibras23.png\",\"width\":350,\"height\":87,\"caption\":\"Grupo Notibras de Comunica\u00e7\u00e3o\"},\"image\":{\"@id\":\"https:\/\/www.notibras.com\/site\/#\/schema\/logo\/image\/\"},\"sameAs\":[\"https:\/\/www.facebook.com\/notibras\/\",\"https:\/\/x.com\/Notibras\",\"https:\/\/www.instagram.com\/notibras\/\"]},{\"@type\":\"Person\",\"@id\":\"https:\/\/www.notibras.com\/site\/#\/schema\/person\/36ab0979449956132d3e5b517ea76ac8\",\"name\":\"Reda\u00e7\u00e3o\",\"image\":{\"@type\":\"ImageObject\",\"inLanguage\":\"pt-BR\",\"@id\":\"https:\/\/secure.gravatar.com\/avatar\/e0a867bdedb85fd243eadf09663511f96fc81e0720a4a42581f334ad4303aa6b?s=96&d=mm&r=g\",\"url\":\"https:\/\/secure.gravatar.com\/avatar\/e0a867bdedb85fd243eadf09663511f96fc81e0720a4a42581f334ad4303aa6b?s=96&d=mm&r=g\",\"contentUrl\":\"https:\/\/secure.gravatar.com\/avatar\/e0a867bdedb85fd243eadf09663511f96fc81e0720a4a42581f334ad4303aa6b?s=96&d=mm&r=g\",\"caption\":\"Reda\u00e7\u00e3o\"}}]}<\/script>\n<!-- \/ Yoast SEO plugin. -->","yoast_head_json":{"title":"Rede p\u00fablica tira merenda e d\u00e1 uma mistura de a\u00e7\u00facar e farinha - Notibras","robots":{"index":"index","follow":"follow","max-snippet":"max-snippet:-1","max-image-preview":"max-image-preview:large","max-video-preview":"max-video-preview:-1"},"canonical":"https:\/\/www.notibras.com\/site\/rede-publica-tira-merenda-e-da-uma-mistura-de-acucar-e-farinha\/","og_locale":"pt_BR","og_type":"article","og_title":"Rede p\u00fablica tira merenda e d\u00e1 uma mistura de a\u00e7\u00facar e farinha - Notibras","og_description":"H\u00e1 uma forte suspeita de que as crian\u00e7as matriculadas nas escolas da rede p\u00fablica do Distrito Federal n\u00e3o estejam recebendo a merenda escolar como manda a lei. Feita a den\u00fancia, o Tribunal de Contas decidiu promover uma auditoria e deu prazo de 15 dias para que a Secretaria de Educa\u00e7\u00e3o se manifeste. At\u00e9 o que [&hellip;]","og_url":"https:\/\/www.notibras.com\/site\/rede-publica-tira-merenda-e-da-uma-mistura-de-acucar-e-farinha\/","og_site_name":"Notibras","article_publisher":"https:\/\/www.facebook.com\/notibras\/","article_published_time":"2023-11-14T08:28:30+00:00","article_modified_time":"2023-11-14T08:38:25+00:00","og_image":[{"width":770,"height":513,"url":"https:\/\/www.notibras.com\/site\/wp-content\/uploads\/2023\/11\/merenda.falta_.webp","type":"image\/webp"}],"author":"Reda\u00e7\u00e3o","twitter_card":"summary_large_image","twitter_creator":"@Notibras","twitter_site":"@Notibras","twitter_misc":{"Escrito por":"Reda\u00e7\u00e3o","Est. tempo de leitura":"2 minutos"},"schema":{"@context":"https:\/\/schema.org","@graph":[{"@type":"Article","@id":"https:\/\/www.notibras.com\/site\/rede-publica-tira-merenda-e-da-uma-mistura-de-acucar-e-farinha\/#article","isPartOf":{"@id":"https:\/\/www.notibras.com\/site\/rede-publica-tira-merenda-e-da-uma-mistura-de-acucar-e-farinha\/"},"author":{"name":"Reda\u00e7\u00e3o","@id":"https:\/\/www.notibras.com\/site\/#\/schema\/person\/36ab0979449956132d3e5b517ea76ac8"},"headline":"Rede p\u00fablica tira merenda e d\u00e1 uma mistura de a\u00e7\u00facar e farinha","datePublished":"2023-11-14T08:28:30+00:00","dateModified":"2023-11-14T08:38:25+00:00","mainEntityOfPage":{"@id":"https:\/\/www.notibras.com\/site\/rede-publica-tira-merenda-e-da-uma-mistura-de-acucar-e-farinha\/"},"wordCount":305,"publisher":{"@id":"https:\/\/www.notibras.com\/site\/#organization"},"image":{"@id":"https:\/\/www.notibras.com\/site\/rede-publica-tira-merenda-e-da-uma-mistura-de-acucar-e-farinha\/#primaryimage"},"thumbnailUrl":"https:\/\/www.notibras.com\/site\/wp-content\/uploads\/2023\/11\/merenda.falta_.webp","keywords":["capa"],"articleSection":["Quadradinho em Foco"],"inLanguage":"pt-BR"},{"@type":"WebPage","@id":"https:\/\/www.notibras.com\/site\/rede-publica-tira-merenda-e-da-uma-mistura-de-acucar-e-farinha\/","url":"https:\/\/www.notibras.com\/site\/rede-publica-tira-merenda-e-da-uma-mistura-de-acucar-e-farinha\/","name":"Rede p\u00fablica tira merenda e d\u00e1 uma mistura de a\u00e7\u00facar e farinha - Notibras","isPartOf":{"@id":"https:\/\/www.notibras.com\/site\/#website"},"primaryImageOfPage":{"@id":"https:\/\/www.notibras.com\/site\/rede-publica-tira-merenda-e-da-uma-mistura-de-acucar-e-farinha\/#primaryimage"},"image":{"@id":"https:\/\/www.notibras.com\/site\/rede-publica-tira-merenda-e-da-uma-mistura-de-acucar-e-farinha\/#primaryimage"},"thumbnailUrl":"https:\/\/www.notibras.com\/site\/wp-content\/uploads\/2023\/11\/merenda.falta_.webp","datePublished":"2023-11-14T08:28:30+00:00","dateModified":"2023-11-14T08:38:25+00:00","breadcrumb":{"@id":"https:\/\/www.notibras.com\/site\/rede-publica-tira-merenda-e-da-uma-mistura-de-acucar-e-farinha\/#breadcrumb"},"inLanguage":"pt-BR","potentialAction":[{"@type":"ReadAction","target":["https:\/\/www.notibras.com\/site\/rede-publica-tira-merenda-e-da-uma-mistura-de-acucar-e-farinha\/"]}]},{"@type":"ImageObject","inLanguage":"pt-BR","@id":"https:\/\/www.notibras.com\/site\/rede-publica-tira-merenda-e-da-uma-mistura-de-acucar-e-farinha\/#primaryimage","url":"https:\/\/www.notibras.com\/site\/wp-content\/uploads\/2023\/11\/merenda.falta_.webp","contentUrl":"https:\/\/www.notibras.com\/site\/wp-content\/uploads\/2023\/11\/merenda.falta_.webp","width":770,"height":513},{"@type":"BreadcrumbList","@id":"https:\/\/www.notibras.com\/site\/rede-publica-tira-merenda-e-da-uma-mistura-de-acucar-e-farinha\/#breadcrumb","itemListElement":[{"@type":"ListItem","position":1,"name":"In\u00edcio","item":"https:\/\/www.notibras.com\/site\/"},{"@type":"ListItem","position":2,"name":"Rede p\u00fablica tira merenda e d\u00e1 uma mistura de a\u00e7\u00facar e farinha"}]},{"@type":"WebSite","@id":"https:\/\/www.notibras.com\/site\/#website","url":"https:\/\/www.notibras.com\/site\/","name":"Notibras","description":"Not\u00edcias de Bras\u00edlia, do Brasil e do Mundo","publisher":{"@id":"https:\/\/www.notibras.com\/site\/#organization"},"potentialAction":[{"@type":"SearchAction","target":{"@type":"EntryPoint","urlTemplate":"https:\/\/www.notibras.com\/site\/?s={search_term_string}"},"query-input":{"@type":"PropertyValueSpecification","valueRequired":true,"valueName":"search_term_string"}}],"inLanguage":"pt-BR"},{"@type":"Organization","@id":"https:\/\/www.notibras.com\/site\/#organization","name":"Grupo Notibras de Comunica\u00e7\u00e3o","url":"https:\/\/www.notibras.com\/site\/","logo":{"@type":"ImageObject","inLanguage":"pt-BR","@id":"https:\/\/www.notibras.com\/site\/#\/schema\/logo\/image\/","url":"https:\/\/www.notibras.com\/site\/wp-content\/uploads\/2023\/01\/notibras23.png","contentUrl":"https:\/\/www.notibras.com\/site\/wp-content\/uploads\/2023\/01\/notibras23.png","width":350,"height":87,"caption":"Grupo Notibras de Comunica\u00e7\u00e3o"},"image":{"@id":"https:\/\/www.notibras.com\/site\/#\/schema\/logo\/image\/"},"sameAs":["https:\/\/www.facebook.com\/notibras\/","https:\/\/x.com\/Notibras","https:\/\/www.instagram.com\/notibras\/"]},{"@type":"Person","@id":"https:\/\/www.notibras.com\/site\/#\/schema\/person\/36ab0979449956132d3e5b517ea76ac8","name":"Reda\u00e7\u00e3o","image":{"@type":"ImageObject","inLanguage":"pt-BR","@id":"https:\/\/secure.gravatar.com\/avatar\/e0a867bdedb85fd243eadf09663511f96fc81e0720a4a42581f334ad4303aa6b?s=96&d=mm&r=g","url":"https:\/\/secure.gravatar.com\/avatar\/e0a867bdedb85fd243eadf09663511f96fc81e0720a4a42581f334ad4303aa6b?s=96&d=mm&r=g","contentUrl":"https:\/\/secure.gravatar.com\/avatar\/e0a867bdedb85fd243eadf09663511f96fc81e0720a4a42581f334ad4303aa6b?s=96&d=mm&r=g","caption":"Reda\u00e7\u00e3o"}}]}},"amp_enabled":true,"_links":{"self":[{"href":"https:\/\/www.notibras.com\/site\/wp-json\/wp\/v2\/posts\/316902","targetHints":{"allow":["GET"]}}],"collection":[{"href":"https:\/\/www.notibras.com\/site\/wp-json\/wp\/v2\/posts"}],"about":[{"href":"https:\/\/www.notibras.com\/site\/wp-json\/wp\/v2\/types\/post"}],"author":[{"embeddable":true,"href":"https:\/\/www.notibras.com\/site\/wp-json\/wp\/v2\/users\/2"}],"replies":[{"embeddable":true,"href":"https:\/\/www.notibras.com\/site\/wp-json\/wp\/v2\/comments?post=316902"}],"version-history":[{"count":6,"href":"https:\/\/www.notibras.com\/site\/wp-json\/wp\/v2\/posts\/316902\/revisions"}],"predecessor-version":[{"id":316909,"href":"https:\/\/www.notibras.com\/site\/wp-json\/wp\/v2\/posts\/316902\/revisions\/316909"}],"wp:featuredmedia":[{"embeddable":true,"href":"https:\/\/www.notibras.com\/site\/wp-json\/wp\/v2\/media\/316903"}],"wp:attachment":[{"href":"https:\/\/www.notibras.com\/site\/wp-json\/wp\/v2\/media?parent=316902"}],"wp:term":[{"taxonomy":"category","embeddable":true,"href":"https:\/\/www.notibras.com\/site\/wp-json\/wp\/v2\/categories?post=316902"},{"taxonomy":"post_tag","embeddable":true,"href":"https:\/\/www.notibras.com\/site\/wp-json\/wp\/v2\/tags?post=316902"}],"curies":[{"name":"wp","href":"https:\/\/api.w.org\/{rel}","templated":true}]}}