{"id":316919,"date":"2023-11-14T00:01:39","date_gmt":"2023-11-14T03:01:39","guid":{"rendered":"https:\/\/www.notibras.com\/site\/?p=316919"},"modified":"2023-11-14T06:10:36","modified_gmt":"2023-11-14T09:10:36","slug":"depois-do-caos-da-guerra-temporada-de-paz-no-hotel-da-fab","status":"publish","type":"post","link":"https:\/\/www.notibras.com\/site\/depois-do-caos-da-guerra-temporada-de-paz-no-hotel-da-fab\/","title":{"rendered":"Depois do caos da guerra, temporada de paz no hotel da FAB"},"content":{"rendered":"<p>O grupo de 32 pessoas que chegou de Gaza na noite desta segunda-feira (13) ficar\u00e1 hospedado em instala\u00e7\u00f5es na Base A\u00e9rea de Bras\u00edlia. De acordo com a For\u00e7a A\u00e9rea Brasileira (FAB), a hospedagem foi solicitada pela Secretaria Nacional de Justi\u00e7a. Os quartos s\u00e3o equipados com camas individuais, televis\u00e3o, mesa e cadeiras.<\/p>\n<p>\u201cAl\u00e9m disso, ser\u00e1 oferecida alimenta\u00e7\u00e3o com card\u00e1pio adequado \u00e0s necessidades dos repatriados durante todo o per\u00edodo de estada, bem como o grupo tamb\u00e9m poder\u00e1 utilizar, caso necess\u00e1rio, os servi\u00e7os de sa\u00fade do Hospital de For\u00e7a A\u00e9rea de Bras\u00edlia (HFAB)\u201d, informa.<\/p>\n<p>Os repatriados receber\u00e3o atendimento da For\u00e7a A\u00e9rea Brasileira (FAB), como a disponibiliza\u00e7\u00e3o de hospedagem nas instala\u00e7\u00f5es da BABR, de acordo com o que foi solicitado pela Secretaria Nacional de Justi\u00e7a. Foto: FAB\/Gov.BR<br \/>\nRepatriados receber\u00e3o atendimento da FAB e ficar\u00e3o hospedados na Base A\u00e9rea &#8211; Fab\/Gov.Br<br \/>\nSegundo a Presid\u00eancia da Rep\u00fablica, os repatriados ficar\u00e3o hospedados dois dias na estrutura da Base A\u00e9rea.<\/p>\n<p>O secret\u00e1rio nacional de Justi\u00e7a, Augusto de Arruda Botelho, informou que uma parte do grupo ir\u00e1, nos pr\u00f3ximos dias, para outras partes do pa\u00eds onde est\u00e3o familiares. Outros, que n\u00e3o t\u00eam onde ficar, ser\u00e3o abrigados no interior de S\u00e3o Paulo, em instala\u00e7\u00f5es preparadas para acolhimento de refugiados.<\/p>\n<p>\u201cEstamos preparados para o tempo que for necess\u00e1rio, para que essas pessoas possam se integrar ao pa\u00eds. N\u00e3o h\u00e1 prazo limite fixado. Estamos prontos para receb\u00ea-los da melhor forma. Eles ficar\u00e3o em um local com longa experi\u00eancia de acolhimento de refugiados da forma mais completa, mais digna, sem prazo\u201d, afirmou Arruda Botelho, em publica\u00e7\u00e3o da Presid\u00eancia da Rep\u00fablica.<\/p>\n<p>O voo com os repatriados dever\u00e1 chegar \u00e0 capital federal por volta das 23h30 (hor\u00e1rio local). A aeronave VC-2 (Embraer 190) decolou do Cairo, capital do Egito, \u00e0s 6h51 (hor\u00e1rio de Bras\u00edlia) desta segunda-feira, com paradas previstas em Las Palmas, na Espanha, e na Base A\u00e9rea do Recife, antes de pousar na Base A\u00e9rea de Bras\u00edlia.<\/p>\n<p>O grupo \u00e9 formado por 17 crian\u00e7as, nove mulheres e seis homens, sendo 22 brasileiros e dez palestinos familiares dos brasileiros, que estavam h\u00e1 mais de um m\u00eas aguardando pela sa\u00edda da zona de conflito entre Israel e Hamas.<\/p>\n<p>Desde o in\u00edcio da guerra no Oriente M\u00e9dio, o governo brasileiro, por meio da Opera\u00e7\u00e3o Voltando em Paz, resgatou 14.77 pessoas (1.462, 11 palestinos, tr\u00eas bolivianas e uma jordaniana) e 53 animais dom\u00e9sticos. O voo de hoje \u00e9 o d\u00e9cimo da opera\u00e7\u00e3o.<\/p>\n","protected":false},"excerpt":{"rendered":"<p>O grupo de 32 pessoas que chegou de Gaza na noite desta segunda-feira (13) ficar\u00e1 hospedado em instala\u00e7\u00f5es na Base A\u00e9rea de Bras\u00edlia. De acordo com a For\u00e7a A\u00e9rea Brasileira (FAB), a hospedagem foi solicitada pela Secretaria Nacional de Justi\u00e7a. Os quartos s\u00e3o equipados com camas individuais, televis\u00e3o, mesa e cadeiras. \u201cAl\u00e9m disso, ser\u00e1 oferecida [&hellip;]<\/p>\n","protected":false},"author":2,"featured_media":316920,"comment_status":"closed","ping_status":"closed","sticky":false,"template":"","format":"standard","meta":{"_acf_changed":false,"footnotes":""},"categories":[161],"tags":[95],"class_list":["post-316919","post","type-post","status-publish","format-standard","has-post-thumbnail","hentry","category-quadradinho-em-foco","tag-capa"],"acf":[],"yoast_head":"<!-- This site is optimized with the Yoast SEO plugin v27.2 - https:\/\/yoast.com\/product\/yoast-seo-wordpress\/ -->\n<title>Depois do caos da guerra, temporada de paz no hotel da FAB - Notibras<\/title>\n<meta name=\"robots\" content=\"index, follow, max-snippet:-1, max-image-preview:large, max-video-preview:-1\" \/>\n<link rel=\"canonical\" href=\"https:\/\/www.notibras.com\/site\/depois-do-caos-da-guerra-temporada-de-paz-no-hotel-da-fab\/\" \/>\n<meta property=\"og:locale\" content=\"pt_BR\" \/>\n<meta property=\"og:type\" content=\"article\" \/>\n<meta property=\"og:title\" content=\"Depois do caos da guerra, temporada de paz no hotel da FAB - Notibras\" \/>\n<meta property=\"og:description\" content=\"O grupo de 32 pessoas que chegou de Gaza na noite desta segunda-feira (13) ficar\u00e1 hospedado em instala\u00e7\u00f5es na Base A\u00e9rea de Bras\u00edlia. De acordo com a For\u00e7a A\u00e9rea Brasileira (FAB), a hospedagem foi solicitada pela Secretaria Nacional de Justi\u00e7a. Os quartos s\u00e3o equipados com camas individuais, televis\u00e3o, mesa e cadeiras. \u201cAl\u00e9m disso, ser\u00e1 oferecida [&hellip;]\" \/>\n<meta property=\"og:url\" content=\"https:\/\/www.notibras.com\/site\/depois-do-caos-da-guerra-temporada-de-paz-no-hotel-da-fab\/\" \/>\n<meta property=\"og:site_name\" content=\"Notibras\" \/>\n<meta property=\"article:publisher\" content=\"https:\/\/www.facebook.com\/notibras\/\" \/>\n<meta property=\"article:published_time\" content=\"2023-11-14T03:01:39+00:00\" \/>\n<meta property=\"article:modified_time\" content=\"2023-11-14T09:10:36+00:00\" \/>\n<meta property=\"og:image\" content=\"https:\/\/www.notibras.com\/site\/wp-content\/uploads\/2023\/11\/caos.fab_.webp\" \/>\n\t<meta property=\"og:image:width\" content=\"1170\" \/>\n\t<meta property=\"og:image:height\" content=\"700\" \/>\n\t<meta property=\"og:image:type\" content=\"image\/webp\" \/>\n<meta name=\"author\" content=\"Reda\u00e7\u00e3o\" \/>\n<meta name=\"twitter:card\" content=\"summary_large_image\" \/>\n<meta name=\"twitter:creator\" content=\"@Notibras\" \/>\n<meta name=\"twitter:site\" content=\"@Notibras\" \/>\n<meta name=\"twitter:label1\" content=\"Escrito por\" \/>\n\t<meta name=\"twitter:data1\" content=\"Reda\u00e7\u00e3o\" \/>\n\t<meta name=\"twitter:label2\" content=\"Est. tempo de leitura\" \/>\n\t<meta name=\"twitter:data2\" content=\"3 minutos\" \/>\n<script type=\"application\/ld+json\" class=\"yoast-schema-graph\">{\"@context\":\"https:\/\/schema.org\",\"@graph\":[{\"@type\":\"Article\",\"@id\":\"https:\/\/www.notibras.com\/site\/depois-do-caos-da-guerra-temporada-de-paz-no-hotel-da-fab\/#article\",\"isPartOf\":{\"@id\":\"https:\/\/www.notibras.com\/site\/depois-do-caos-da-guerra-temporada-de-paz-no-hotel-da-fab\/\"},\"author\":{\"name\":\"Reda\u00e7\u00e3o\",\"@id\":\"https:\/\/www.notibras.com\/site\/#\/schema\/person\/36ab0979449956132d3e5b517ea76ac8\"},\"headline\":\"Depois do caos da guerra, temporada de paz no hotel da FAB\",\"datePublished\":\"2023-11-14T03:01:39+00:00\",\"dateModified\":\"2023-11-14T09:10:36+00:00\",\"mainEntityOfPage\":{\"@id\":\"https:\/\/www.notibras.com\/site\/depois-do-caos-da-guerra-temporada-de-paz-no-hotel-da-fab\/\"},\"wordCount\":465,\"publisher\":{\"@id\":\"https:\/\/www.notibras.com\/site\/#organization\"},\"image\":{\"@id\":\"https:\/\/www.notibras.com\/site\/depois-do-caos-da-guerra-temporada-de-paz-no-hotel-da-fab\/#primaryimage\"},\"thumbnailUrl\":\"https:\/\/www.notibras.com\/site\/wp-content\/uploads\/2023\/11\/caos.fab_.webp\",\"keywords\":[\"capa\"],\"articleSection\":[\"Quadradinho em Foco\"],\"inLanguage\":\"pt-BR\"},{\"@type\":\"WebPage\",\"@id\":\"https:\/\/www.notibras.com\/site\/depois-do-caos-da-guerra-temporada-de-paz-no-hotel-da-fab\/\",\"url\":\"https:\/\/www.notibras.com\/site\/depois-do-caos-da-guerra-temporada-de-paz-no-hotel-da-fab\/\",\"name\":\"Depois do caos da guerra, temporada de paz no hotel da FAB - Notibras\",\"isPartOf\":{\"@id\":\"https:\/\/www.notibras.com\/site\/#website\"},\"primaryImageOfPage\":{\"@id\":\"https:\/\/www.notibras.com\/site\/depois-do-caos-da-guerra-temporada-de-paz-no-hotel-da-fab\/#primaryimage\"},\"image\":{\"@id\":\"https:\/\/www.notibras.com\/site\/depois-do-caos-da-guerra-temporada-de-paz-no-hotel-da-fab\/#primaryimage\"},\"thumbnailUrl\":\"https:\/\/www.notibras.com\/site\/wp-content\/uploads\/2023\/11\/caos.fab_.webp\",\"datePublished\":\"2023-11-14T03:01:39+00:00\",\"dateModified\":\"2023-11-14T09:10:36+00:00\",\"breadcrumb\":{\"@id\":\"https:\/\/www.notibras.com\/site\/depois-do-caos-da-guerra-temporada-de-paz-no-hotel-da-fab\/#breadcrumb\"},\"inLanguage\":\"pt-BR\",\"potentialAction\":[{\"@type\":\"ReadAction\",\"target\":[\"https:\/\/www.notibras.com\/site\/depois-do-caos-da-guerra-temporada-de-paz-no-hotel-da-fab\/\"]}]},{\"@type\":\"ImageObject\",\"inLanguage\":\"pt-BR\",\"@id\":\"https:\/\/www.notibras.com\/site\/depois-do-caos-da-guerra-temporada-de-paz-no-hotel-da-fab\/#primaryimage\",\"url\":\"https:\/\/www.notibras.com\/site\/wp-content\/uploads\/2023\/11\/caos.fab_.webp\",\"contentUrl\":\"https:\/\/www.notibras.com\/site\/wp-content\/uploads\/2023\/11\/caos.fab_.webp\",\"width\":1170,\"height\":700},{\"@type\":\"BreadcrumbList\",\"@id\":\"https:\/\/www.notibras.com\/site\/depois-do-caos-da-guerra-temporada-de-paz-no-hotel-da-fab\/#breadcrumb\",\"itemListElement\":[{\"@type\":\"ListItem\",\"position\":1,\"name\":\"In\u00edcio\",\"item\":\"https:\/\/www.notibras.com\/site\/\"},{\"@type\":\"ListItem\",\"position\":2,\"name\":\"Depois do caos da guerra, temporada de paz no hotel da FAB\"}]},{\"@type\":\"WebSite\",\"@id\":\"https:\/\/www.notibras.com\/site\/#website\",\"url\":\"https:\/\/www.notibras.com\/site\/\",\"name\":\"Notibras\",\"description\":\"Not\u00edcias de Bras\u00edlia, do Brasil e do Mundo\",\"publisher\":{\"@id\":\"https:\/\/www.notibras.com\/site\/#organization\"},\"potentialAction\":[{\"@type\":\"SearchAction\",\"target\":{\"@type\":\"EntryPoint\",\"urlTemplate\":\"https:\/\/www.notibras.com\/site\/?s={search_term_string}\"},\"query-input\":{\"@type\":\"PropertyValueSpecification\",\"valueRequired\":true,\"valueName\":\"search_term_string\"}}],\"inLanguage\":\"pt-BR\"},{\"@type\":\"Organization\",\"@id\":\"https:\/\/www.notibras.com\/site\/#organization\",\"name\":\"Grupo Notibras de Comunica\u00e7\u00e3o\",\"url\":\"https:\/\/www.notibras.com\/site\/\",\"logo\":{\"@type\":\"ImageObject\",\"inLanguage\":\"pt-BR\",\"@id\":\"https:\/\/www.notibras.com\/site\/#\/schema\/logo\/image\/\",\"url\":\"https:\/\/www.notibras.com\/site\/wp-content\/uploads\/2023\/01\/notibras23.png\",\"contentUrl\":\"https:\/\/www.notibras.com\/site\/wp-content\/uploads\/2023\/01\/notibras23.png\",\"width\":350,\"height\":87,\"caption\":\"Grupo Notibras de Comunica\u00e7\u00e3o\"},\"image\":{\"@id\":\"https:\/\/www.notibras.com\/site\/#\/schema\/logo\/image\/\"},\"sameAs\":[\"https:\/\/www.facebook.com\/notibras\/\",\"https:\/\/x.com\/Notibras\",\"https:\/\/www.instagram.com\/notibras\/\"]},{\"@type\":\"Person\",\"@id\":\"https:\/\/www.notibras.com\/site\/#\/schema\/person\/36ab0979449956132d3e5b517ea76ac8\",\"name\":\"Reda\u00e7\u00e3o\",\"image\":{\"@type\":\"ImageObject\",\"inLanguage\":\"pt-BR\",\"@id\":\"https:\/\/secure.gravatar.com\/avatar\/e0a867bdedb85fd243eadf09663511f96fc81e0720a4a42581f334ad4303aa6b?s=96&d=mm&r=g\",\"url\":\"https:\/\/secure.gravatar.com\/avatar\/e0a867bdedb85fd243eadf09663511f96fc81e0720a4a42581f334ad4303aa6b?s=96&d=mm&r=g\",\"contentUrl\":\"https:\/\/secure.gravatar.com\/avatar\/e0a867bdedb85fd243eadf09663511f96fc81e0720a4a42581f334ad4303aa6b?s=96&d=mm&r=g\",\"caption\":\"Reda\u00e7\u00e3o\"}}]}<\/script>\n<!-- \/ Yoast SEO plugin. -->","yoast_head_json":{"title":"Depois do caos da guerra, temporada de paz no hotel da FAB - Notibras","robots":{"index":"index","follow":"follow","max-snippet":"max-snippet:-1","max-image-preview":"max-image-preview:large","max-video-preview":"max-video-preview:-1"},"canonical":"https:\/\/www.notibras.com\/site\/depois-do-caos-da-guerra-temporada-de-paz-no-hotel-da-fab\/","og_locale":"pt_BR","og_type":"article","og_title":"Depois do caos da guerra, temporada de paz no hotel da FAB - Notibras","og_description":"O grupo de 32 pessoas que chegou de Gaza na noite desta segunda-feira (13) ficar\u00e1 hospedado em instala\u00e7\u00f5es na Base A\u00e9rea de Bras\u00edlia. De acordo com a For\u00e7a A\u00e9rea Brasileira (FAB), a hospedagem foi solicitada pela Secretaria Nacional de Justi\u00e7a. Os quartos s\u00e3o equipados com camas individuais, televis\u00e3o, mesa e cadeiras. \u201cAl\u00e9m disso, ser\u00e1 oferecida [&hellip;]","og_url":"https:\/\/www.notibras.com\/site\/depois-do-caos-da-guerra-temporada-de-paz-no-hotel-da-fab\/","og_site_name":"Notibras","article_publisher":"https:\/\/www.facebook.com\/notibras\/","article_published_time":"2023-11-14T03:01:39+00:00","article_modified_time":"2023-11-14T09:10:36+00:00","og_image":[{"width":1170,"height":700,"url":"https:\/\/www.notibras.com\/site\/wp-content\/uploads\/2023\/11\/caos.fab_.webp","type":"image\/webp"}],"author":"Reda\u00e7\u00e3o","twitter_card":"summary_large_image","twitter_creator":"@Notibras","twitter_site":"@Notibras","twitter_misc":{"Escrito por":"Reda\u00e7\u00e3o","Est. tempo de leitura":"3 minutos"},"schema":{"@context":"https:\/\/schema.org","@graph":[{"@type":"Article","@id":"https:\/\/www.notibras.com\/site\/depois-do-caos-da-guerra-temporada-de-paz-no-hotel-da-fab\/#article","isPartOf":{"@id":"https:\/\/www.notibras.com\/site\/depois-do-caos-da-guerra-temporada-de-paz-no-hotel-da-fab\/"},"author":{"name":"Reda\u00e7\u00e3o","@id":"https:\/\/www.notibras.com\/site\/#\/schema\/person\/36ab0979449956132d3e5b517ea76ac8"},"headline":"Depois do caos da guerra, temporada de paz no hotel da FAB","datePublished":"2023-11-14T03:01:39+00:00","dateModified":"2023-11-14T09:10:36+00:00","mainEntityOfPage":{"@id":"https:\/\/www.notibras.com\/site\/depois-do-caos-da-guerra-temporada-de-paz-no-hotel-da-fab\/"},"wordCount":465,"publisher":{"@id":"https:\/\/www.notibras.com\/site\/#organization"},"image":{"@id":"https:\/\/www.notibras.com\/site\/depois-do-caos-da-guerra-temporada-de-paz-no-hotel-da-fab\/#primaryimage"},"thumbnailUrl":"https:\/\/www.notibras.com\/site\/wp-content\/uploads\/2023\/11\/caos.fab_.webp","keywords":["capa"],"articleSection":["Quadradinho em Foco"],"inLanguage":"pt-BR"},{"@type":"WebPage","@id":"https:\/\/www.notibras.com\/site\/depois-do-caos-da-guerra-temporada-de-paz-no-hotel-da-fab\/","url":"https:\/\/www.notibras.com\/site\/depois-do-caos-da-guerra-temporada-de-paz-no-hotel-da-fab\/","name":"Depois do caos da guerra, temporada de paz no hotel da FAB - Notibras","isPartOf":{"@id":"https:\/\/www.notibras.com\/site\/#website"},"primaryImageOfPage":{"@id":"https:\/\/www.notibras.com\/site\/depois-do-caos-da-guerra-temporada-de-paz-no-hotel-da-fab\/#primaryimage"},"image":{"@id":"https:\/\/www.notibras.com\/site\/depois-do-caos-da-guerra-temporada-de-paz-no-hotel-da-fab\/#primaryimage"},"thumbnailUrl":"https:\/\/www.notibras.com\/site\/wp-content\/uploads\/2023\/11\/caos.fab_.webp","datePublished":"2023-11-14T03:01:39+00:00","dateModified":"2023-11-14T09:10:36+00:00","breadcrumb":{"@id":"https:\/\/www.notibras.com\/site\/depois-do-caos-da-guerra-temporada-de-paz-no-hotel-da-fab\/#breadcrumb"},"inLanguage":"pt-BR","potentialAction":[{"@type":"ReadAction","target":["https:\/\/www.notibras.com\/site\/depois-do-caos-da-guerra-temporada-de-paz-no-hotel-da-fab\/"]}]},{"@type":"ImageObject","inLanguage":"pt-BR","@id":"https:\/\/www.notibras.com\/site\/depois-do-caos-da-guerra-temporada-de-paz-no-hotel-da-fab\/#primaryimage","url":"https:\/\/www.notibras.com\/site\/wp-content\/uploads\/2023\/11\/caos.fab_.webp","contentUrl":"https:\/\/www.notibras.com\/site\/wp-content\/uploads\/2023\/11\/caos.fab_.webp","width":1170,"height":700},{"@type":"BreadcrumbList","@id":"https:\/\/www.notibras.com\/site\/depois-do-caos-da-guerra-temporada-de-paz-no-hotel-da-fab\/#breadcrumb","itemListElement":[{"@type":"ListItem","position":1,"name":"In\u00edcio","item":"https:\/\/www.notibras.com\/site\/"},{"@type":"ListItem","position":2,"name":"Depois do caos da guerra, temporada de paz no hotel da FAB"}]},{"@type":"WebSite","@id":"https:\/\/www.notibras.com\/site\/#website","url":"https:\/\/www.notibras.com\/site\/","name":"Notibras","description":"Not\u00edcias de Bras\u00edlia, do Brasil e do Mundo","publisher":{"@id":"https:\/\/www.notibras.com\/site\/#organization"},"potentialAction":[{"@type":"SearchAction","target":{"@type":"EntryPoint","urlTemplate":"https:\/\/www.notibras.com\/site\/?s={search_term_string}"},"query-input":{"@type":"PropertyValueSpecification","valueRequired":true,"valueName":"search_term_string"}}],"inLanguage":"pt-BR"},{"@type":"Organization","@id":"https:\/\/www.notibras.com\/site\/#organization","name":"Grupo Notibras de Comunica\u00e7\u00e3o","url":"https:\/\/www.notibras.com\/site\/","logo":{"@type":"ImageObject","inLanguage":"pt-BR","@id":"https:\/\/www.notibras.com\/site\/#\/schema\/logo\/image\/","url":"https:\/\/www.notibras.com\/site\/wp-content\/uploads\/2023\/01\/notibras23.png","contentUrl":"https:\/\/www.notibras.com\/site\/wp-content\/uploads\/2023\/01\/notibras23.png","width":350,"height":87,"caption":"Grupo Notibras de Comunica\u00e7\u00e3o"},"image":{"@id":"https:\/\/www.notibras.com\/site\/#\/schema\/logo\/image\/"},"sameAs":["https:\/\/www.facebook.com\/notibras\/","https:\/\/x.com\/Notibras","https:\/\/www.instagram.com\/notibras\/"]},{"@type":"Person","@id":"https:\/\/www.notibras.com\/site\/#\/schema\/person\/36ab0979449956132d3e5b517ea76ac8","name":"Reda\u00e7\u00e3o","image":{"@type":"ImageObject","inLanguage":"pt-BR","@id":"https:\/\/secure.gravatar.com\/avatar\/e0a867bdedb85fd243eadf09663511f96fc81e0720a4a42581f334ad4303aa6b?s=96&d=mm&r=g","url":"https:\/\/secure.gravatar.com\/avatar\/e0a867bdedb85fd243eadf09663511f96fc81e0720a4a42581f334ad4303aa6b?s=96&d=mm&r=g","contentUrl":"https:\/\/secure.gravatar.com\/avatar\/e0a867bdedb85fd243eadf09663511f96fc81e0720a4a42581f334ad4303aa6b?s=96&d=mm&r=g","caption":"Reda\u00e7\u00e3o"}}]}},"amp_enabled":true,"_links":{"self":[{"href":"https:\/\/www.notibras.com\/site\/wp-json\/wp\/v2\/posts\/316919","targetHints":{"allow":["GET"]}}],"collection":[{"href":"https:\/\/www.notibras.com\/site\/wp-json\/wp\/v2\/posts"}],"about":[{"href":"https:\/\/www.notibras.com\/site\/wp-json\/wp\/v2\/types\/post"}],"author":[{"embeddable":true,"href":"https:\/\/www.notibras.com\/site\/wp-json\/wp\/v2\/users\/2"}],"replies":[{"embeddable":true,"href":"https:\/\/www.notibras.com\/site\/wp-json\/wp\/v2\/comments?post=316919"}],"version-history":[{"count":1,"href":"https:\/\/www.notibras.com\/site\/wp-json\/wp\/v2\/posts\/316919\/revisions"}],"predecessor-version":[{"id":316921,"href":"https:\/\/www.notibras.com\/site\/wp-json\/wp\/v2\/posts\/316919\/revisions\/316921"}],"wp:featuredmedia":[{"embeddable":true,"href":"https:\/\/www.notibras.com\/site\/wp-json\/wp\/v2\/media\/316920"}],"wp:attachment":[{"href":"https:\/\/www.notibras.com\/site\/wp-json\/wp\/v2\/media?parent=316919"}],"wp:term":[{"taxonomy":"category","embeddable":true,"href":"https:\/\/www.notibras.com\/site\/wp-json\/wp\/v2\/categories?post=316919"},{"taxonomy":"post_tag","embeddable":true,"href":"https:\/\/www.notibras.com\/site\/wp-json\/wp\/v2\/tags?post=316919"}],"curies":[{"name":"wp","href":"https:\/\/api.w.org\/{rel}","templated":true}]}}