{"id":316922,"date":"2023-11-14T07:02:35","date_gmt":"2023-11-14T10:02:35","guid":{"rendered":"https:\/\/www.notibras.com\/site\/?p=316922"},"modified":"2023-11-14T07:22:36","modified_gmt":"2023-11-14T10:22:36","slug":"ceu-que-encanta-brasilia-nao-e-so-de-menestreis","status":"publish","type":"post","link":"https:\/\/www.notibras.com\/site\/ceu-que-encanta-brasilia-nao-e-so-de-menestreis\/","title":{"rendered":"C\u00e9u que encanta Bras\u00edlia n\u00e3o \u00e9 s\u00f3 de menestr\u00e9is"},"content":{"rendered":"<p>Bem antes de Vicente Celestino soltar sua voz cantando que &#8220;a noite estava assim enluarada (..)&#8221;, o c\u00e9u de Bras\u00edlia e toda a sua beleza extasiante j\u00e1 existiam, embora a cidade sequer tivesse sido desenhada por Oscar Niemeyer e L\u00facio Costa. A lembran\u00e7a de um dos mais brilhantes int\u00e9rpretes da MPB me veio \u00e0 cabe\u00e7a na noite de domingo, 12, quando a voz l\u00e1 da sacada, como a de um trovador, perguntou, alto e bom som, se &#8216;Kasparov&#8217; &#8211; apelido carinhoso com que fui presenteado -, estava em casa. Era meu amigo enxadrista.<\/p>\n<p>&#8211; N\u00e3o vim para jogar uma partida&#8217;, antecipou-se sorrindo. Queria &#8216;jogar conversa fora&#8217;. Na cal\u00e7ada, ele de p\u00e9, eu sentado em minha extens\u00e3o das pernas, olhamos para o alto. E l\u00e1 estava aquele c\u00e9u cheio de luzes, algumas pr\u00f3ximas, outras bem mais distantes, mas todas imposs\u00edveis de pegarmos com as m\u00e3os. \u00c9 o c\u00e9u noturno de Bras\u00edlia, t\u00e3o cantado pelos poetas, que a todos nos encanta.<\/p>\n<p>O tempo passou, o calor amainou, uma suave brisa soprou e despedimo-nos. Liguei meu notebook, imaginei-me poeta, acionei Tico e Teco, e comecei a escrever. &#8220;Ao fim e ao cabo&#8221;, como costuma registrar em seus textos meu companheiro de <strong>Notibras<\/strong>\u00a0Mathuzal\u00e9m Jr, saiu o que pode ser lido a seguir. Espero que o leitor goste. E que um deles me conven\u00e7a a candidatar-me a uma cadeira (mesmo que de rodas) na Academia Brasileira de Letras.<\/p>\n<p><strong>C\u00e9u de Bras\u00edlia\/A cidade acalmou\/Logo depois das dez, nas janelas, a fria luz da televis\u00e3o, divertindo as fam\u00edlias\/Saio pela noite, andando nas ruas\/L\u00e1 vou eu pelo ar nas asas do avi\u00e3o, me esquecendo da solid\u00e3o\/Da cidade grande, do mundo dos homens\/Num voo maluco, que eu vou inventando\/E voo at\u00e9 ver nascer o mato, o sol da manh\u00e3\/As folhas, os rios, o azul\/Beleza bonita de ver\/Nada existe como o azul sem manchas do c\u00e9u do planalto central\/E o horizonte imenso, aberto, sugerindo mil dire\u00e7\u00f5es\/E eu nem quero saber se foi bebedeira louca ou lucidez.<\/strong><\/p>\n<p>**Aos nossos leitores:\u00a0<strong><em>Notibras<\/em>\u00a0abriu este espa\u00e7o editorial para o segmento PcD. Para que possamos interagir, mostrarmos que somos pessoas comuns. Encaminhe sugest\u00f5es, mande seus textos. Prometo que tudo ser\u00e1 bem recebido e aproveitado. Meu WhasApp \u00e9\u00a0+55 61 98425-4895.<\/strong><\/p>\n","protected":false},"excerpt":{"rendered":"<p>Bem antes de Vicente Celestino soltar sua voz cantando que &#8220;a noite estava assim enluarada (..)&#8221;, o c\u00e9u de Bras\u00edlia e toda a sua beleza extasiante j\u00e1 existiam, embora a cidade sequer tivesse sido desenhada por Oscar Niemeyer e L\u00facio Costa. A lembran\u00e7a de um dos mais brilhantes int\u00e9rpretes da MPB me veio \u00e0 cabe\u00e7a [&hellip;]<\/p>\n","protected":false},"author":2,"featured_media":316923,"comment_status":"closed","ping_status":"closed","sticky":false,"template":"","format":"standard","meta":{"_acf_changed":false,"footnotes":""},"categories":[161],"tags":[],"class_list":["post-316922","post","type-post","status-publish","format-standard","has-post-thumbnail","hentry","category-quadradinho-em-foco"],"acf":[],"yoast_head":"<!-- This site is optimized with the Yoast SEO plugin v27.2 - https:\/\/yoast.com\/product\/yoast-seo-wordpress\/ -->\n<title>C\u00e9u que encanta Bras\u00edlia n\u00e3o \u00e9 s\u00f3 de menestr\u00e9is - Notibras<\/title>\n<meta name=\"robots\" content=\"index, follow, max-snippet:-1, max-image-preview:large, max-video-preview:-1\" \/>\n<link rel=\"canonical\" href=\"https:\/\/www.notibras.com\/site\/ceu-que-encanta-brasilia-nao-e-so-de-menestreis\/\" \/>\n<meta property=\"og:locale\" content=\"pt_BR\" \/>\n<meta property=\"og:type\" content=\"article\" \/>\n<meta property=\"og:title\" content=\"C\u00e9u que encanta Bras\u00edlia n\u00e3o \u00e9 s\u00f3 de menestr\u00e9is - Notibras\" \/>\n<meta property=\"og:description\" content=\"Bem antes de Vicente Celestino soltar sua voz cantando que &#8220;a noite estava assim enluarada (..)&#8221;, o c\u00e9u de Bras\u00edlia e toda a sua beleza extasiante j\u00e1 existiam, embora a cidade sequer tivesse sido desenhada por Oscar Niemeyer e L\u00facio Costa. A lembran\u00e7a de um dos mais brilhantes int\u00e9rpretes da MPB me veio \u00e0 cabe\u00e7a [&hellip;]\" \/>\n<meta property=\"og:url\" content=\"https:\/\/www.notibras.com\/site\/ceu-que-encanta-brasilia-nao-e-so-de-menestreis\/\" \/>\n<meta property=\"og:site_name\" content=\"Notibras\" \/>\n<meta property=\"article:publisher\" content=\"https:\/\/www.facebook.com\/notibras\/\" \/>\n<meta property=\"article:published_time\" content=\"2023-11-14T10:02:35+00:00\" \/>\n<meta property=\"article:modified_time\" content=\"2023-11-14T10:22:36+00:00\" \/>\n<meta property=\"og:image\" content=\"https:\/\/www.notibras.com\/site\/wp-content\/uploads\/2023\/11\/ceubsb.webp\" \/>\n\t<meta property=\"og:image:width\" content=\"770\" \/>\n\t<meta property=\"og:image:height\" content=\"513\" \/>\n\t<meta property=\"og:image:type\" content=\"image\/webp\" \/>\n<meta name=\"author\" content=\"Reda\u00e7\u00e3o\" \/>\n<meta name=\"twitter:card\" content=\"summary_large_image\" \/>\n<meta name=\"twitter:creator\" content=\"@Notibras\" \/>\n<meta name=\"twitter:site\" content=\"@Notibras\" \/>\n<meta name=\"twitter:label1\" content=\"Escrito por\" \/>\n\t<meta name=\"twitter:data1\" content=\"Reda\u00e7\u00e3o\" \/>\n\t<meta name=\"twitter:label2\" content=\"Est. tempo de leitura\" \/>\n\t<meta name=\"twitter:data2\" content=\"3 minutos\" \/>\n<script type=\"application\/ld+json\" class=\"yoast-schema-graph\">{\"@context\":\"https:\/\/schema.org\",\"@graph\":[{\"@type\":\"Article\",\"@id\":\"https:\/\/www.notibras.com\/site\/ceu-que-encanta-brasilia-nao-e-so-de-menestreis\/#article\",\"isPartOf\":{\"@id\":\"https:\/\/www.notibras.com\/site\/ceu-que-encanta-brasilia-nao-e-so-de-menestreis\/\"},\"author\":{\"name\":\"Reda\u00e7\u00e3o\",\"@id\":\"https:\/\/www.notibras.com\/site\/#\/schema\/person\/36ab0979449956132d3e5b517ea76ac8\"},\"headline\":\"C\u00e9u que encanta Bras\u00edlia n\u00e3o \u00e9 s\u00f3 de menestr\u00e9is\",\"datePublished\":\"2023-11-14T10:02:35+00:00\",\"dateModified\":\"2023-11-14T10:22:36+00:00\",\"mainEntityOfPage\":{\"@id\":\"https:\/\/www.notibras.com\/site\/ceu-que-encanta-brasilia-nao-e-so-de-menestreis\/\"},\"wordCount\":412,\"publisher\":{\"@id\":\"https:\/\/www.notibras.com\/site\/#organization\"},\"image\":{\"@id\":\"https:\/\/www.notibras.com\/site\/ceu-que-encanta-brasilia-nao-e-so-de-menestreis\/#primaryimage\"},\"thumbnailUrl\":\"https:\/\/www.notibras.com\/site\/wp-content\/uploads\/2023\/11\/ceubsb.webp\",\"articleSection\":[\"Quadradinho em Foco\"],\"inLanguage\":\"pt-BR\"},{\"@type\":\"WebPage\",\"@id\":\"https:\/\/www.notibras.com\/site\/ceu-que-encanta-brasilia-nao-e-so-de-menestreis\/\",\"url\":\"https:\/\/www.notibras.com\/site\/ceu-que-encanta-brasilia-nao-e-so-de-menestreis\/\",\"name\":\"C\u00e9u que encanta Bras\u00edlia n\u00e3o \u00e9 s\u00f3 de menestr\u00e9is - Notibras\",\"isPartOf\":{\"@id\":\"https:\/\/www.notibras.com\/site\/#website\"},\"primaryImageOfPage\":{\"@id\":\"https:\/\/www.notibras.com\/site\/ceu-que-encanta-brasilia-nao-e-so-de-menestreis\/#primaryimage\"},\"image\":{\"@id\":\"https:\/\/www.notibras.com\/site\/ceu-que-encanta-brasilia-nao-e-so-de-menestreis\/#primaryimage\"},\"thumbnailUrl\":\"https:\/\/www.notibras.com\/site\/wp-content\/uploads\/2023\/11\/ceubsb.webp\",\"datePublished\":\"2023-11-14T10:02:35+00:00\",\"dateModified\":\"2023-11-14T10:22:36+00:00\",\"breadcrumb\":{\"@id\":\"https:\/\/www.notibras.com\/site\/ceu-que-encanta-brasilia-nao-e-so-de-menestreis\/#breadcrumb\"},\"inLanguage\":\"pt-BR\",\"potentialAction\":[{\"@type\":\"ReadAction\",\"target\":[\"https:\/\/www.notibras.com\/site\/ceu-que-encanta-brasilia-nao-e-so-de-menestreis\/\"]}]},{\"@type\":\"ImageObject\",\"inLanguage\":\"pt-BR\",\"@id\":\"https:\/\/www.notibras.com\/site\/ceu-que-encanta-brasilia-nao-e-so-de-menestreis\/#primaryimage\",\"url\":\"https:\/\/www.notibras.com\/site\/wp-content\/uploads\/2023\/11\/ceubsb.webp\",\"contentUrl\":\"https:\/\/www.notibras.com\/site\/wp-content\/uploads\/2023\/11\/ceubsb.webp\",\"width\":770,\"height\":513},{\"@type\":\"BreadcrumbList\",\"@id\":\"https:\/\/www.notibras.com\/site\/ceu-que-encanta-brasilia-nao-e-so-de-menestreis\/#breadcrumb\",\"itemListElement\":[{\"@type\":\"ListItem\",\"position\":1,\"name\":\"In\u00edcio\",\"item\":\"https:\/\/www.notibras.com\/site\/\"},{\"@type\":\"ListItem\",\"position\":2,\"name\":\"C\u00e9u que encanta Bras\u00edlia n\u00e3o \u00e9 s\u00f3 de menestr\u00e9is\"}]},{\"@type\":\"WebSite\",\"@id\":\"https:\/\/www.notibras.com\/site\/#website\",\"url\":\"https:\/\/www.notibras.com\/site\/\",\"name\":\"Notibras\",\"description\":\"Not\u00edcias de Bras\u00edlia, do Brasil e do Mundo\",\"publisher\":{\"@id\":\"https:\/\/www.notibras.com\/site\/#organization\"},\"potentialAction\":[{\"@type\":\"SearchAction\",\"target\":{\"@type\":\"EntryPoint\",\"urlTemplate\":\"https:\/\/www.notibras.com\/site\/?s={search_term_string}\"},\"query-input\":{\"@type\":\"PropertyValueSpecification\",\"valueRequired\":true,\"valueName\":\"search_term_string\"}}],\"inLanguage\":\"pt-BR\"},{\"@type\":\"Organization\",\"@id\":\"https:\/\/www.notibras.com\/site\/#organization\",\"name\":\"Grupo Notibras de Comunica\u00e7\u00e3o\",\"url\":\"https:\/\/www.notibras.com\/site\/\",\"logo\":{\"@type\":\"ImageObject\",\"inLanguage\":\"pt-BR\",\"@id\":\"https:\/\/www.notibras.com\/site\/#\/schema\/logo\/image\/\",\"url\":\"https:\/\/www.notibras.com\/site\/wp-content\/uploads\/2023\/01\/notibras23.png\",\"contentUrl\":\"https:\/\/www.notibras.com\/site\/wp-content\/uploads\/2023\/01\/notibras23.png\",\"width\":350,\"height\":87,\"caption\":\"Grupo Notibras de Comunica\u00e7\u00e3o\"},\"image\":{\"@id\":\"https:\/\/www.notibras.com\/site\/#\/schema\/logo\/image\/\"},\"sameAs\":[\"https:\/\/www.facebook.com\/notibras\/\",\"https:\/\/x.com\/Notibras\",\"https:\/\/www.instagram.com\/notibras\/\"]},{\"@type\":\"Person\",\"@id\":\"https:\/\/www.notibras.com\/site\/#\/schema\/person\/36ab0979449956132d3e5b517ea76ac8\",\"name\":\"Reda\u00e7\u00e3o\",\"image\":{\"@type\":\"ImageObject\",\"inLanguage\":\"pt-BR\",\"@id\":\"https:\/\/secure.gravatar.com\/avatar\/e0a867bdedb85fd243eadf09663511f96fc81e0720a4a42581f334ad4303aa6b?s=96&d=mm&r=g\",\"url\":\"https:\/\/secure.gravatar.com\/avatar\/e0a867bdedb85fd243eadf09663511f96fc81e0720a4a42581f334ad4303aa6b?s=96&d=mm&r=g\",\"contentUrl\":\"https:\/\/secure.gravatar.com\/avatar\/e0a867bdedb85fd243eadf09663511f96fc81e0720a4a42581f334ad4303aa6b?s=96&d=mm&r=g\",\"caption\":\"Reda\u00e7\u00e3o\"}}]}<\/script>\n<!-- \/ Yoast SEO plugin. -->","yoast_head_json":{"title":"C\u00e9u que encanta Bras\u00edlia n\u00e3o \u00e9 s\u00f3 de menestr\u00e9is - Notibras","robots":{"index":"index","follow":"follow","max-snippet":"max-snippet:-1","max-image-preview":"max-image-preview:large","max-video-preview":"max-video-preview:-1"},"canonical":"https:\/\/www.notibras.com\/site\/ceu-que-encanta-brasilia-nao-e-so-de-menestreis\/","og_locale":"pt_BR","og_type":"article","og_title":"C\u00e9u que encanta Bras\u00edlia n\u00e3o \u00e9 s\u00f3 de menestr\u00e9is - Notibras","og_description":"Bem antes de Vicente Celestino soltar sua voz cantando que &#8220;a noite estava assim enluarada (..)&#8221;, o c\u00e9u de Bras\u00edlia e toda a sua beleza extasiante j\u00e1 existiam, embora a cidade sequer tivesse sido desenhada por Oscar Niemeyer e L\u00facio Costa. A lembran\u00e7a de um dos mais brilhantes int\u00e9rpretes da MPB me veio \u00e0 cabe\u00e7a [&hellip;]","og_url":"https:\/\/www.notibras.com\/site\/ceu-que-encanta-brasilia-nao-e-so-de-menestreis\/","og_site_name":"Notibras","article_publisher":"https:\/\/www.facebook.com\/notibras\/","article_published_time":"2023-11-14T10:02:35+00:00","article_modified_time":"2023-11-14T10:22:36+00:00","og_image":[{"width":770,"height":513,"url":"https:\/\/www.notibras.com\/site\/wp-content\/uploads\/2023\/11\/ceubsb.webp","type":"image\/webp"}],"author":"Reda\u00e7\u00e3o","twitter_card":"summary_large_image","twitter_creator":"@Notibras","twitter_site":"@Notibras","twitter_misc":{"Escrito por":"Reda\u00e7\u00e3o","Est. tempo de leitura":"3 minutos"},"schema":{"@context":"https:\/\/schema.org","@graph":[{"@type":"Article","@id":"https:\/\/www.notibras.com\/site\/ceu-que-encanta-brasilia-nao-e-so-de-menestreis\/#article","isPartOf":{"@id":"https:\/\/www.notibras.com\/site\/ceu-que-encanta-brasilia-nao-e-so-de-menestreis\/"},"author":{"name":"Reda\u00e7\u00e3o","@id":"https:\/\/www.notibras.com\/site\/#\/schema\/person\/36ab0979449956132d3e5b517ea76ac8"},"headline":"C\u00e9u que encanta Bras\u00edlia n\u00e3o \u00e9 s\u00f3 de menestr\u00e9is","datePublished":"2023-11-14T10:02:35+00:00","dateModified":"2023-11-14T10:22:36+00:00","mainEntityOfPage":{"@id":"https:\/\/www.notibras.com\/site\/ceu-que-encanta-brasilia-nao-e-so-de-menestreis\/"},"wordCount":412,"publisher":{"@id":"https:\/\/www.notibras.com\/site\/#organization"},"image":{"@id":"https:\/\/www.notibras.com\/site\/ceu-que-encanta-brasilia-nao-e-so-de-menestreis\/#primaryimage"},"thumbnailUrl":"https:\/\/www.notibras.com\/site\/wp-content\/uploads\/2023\/11\/ceubsb.webp","articleSection":["Quadradinho em Foco"],"inLanguage":"pt-BR"},{"@type":"WebPage","@id":"https:\/\/www.notibras.com\/site\/ceu-que-encanta-brasilia-nao-e-so-de-menestreis\/","url":"https:\/\/www.notibras.com\/site\/ceu-que-encanta-brasilia-nao-e-so-de-menestreis\/","name":"C\u00e9u que encanta Bras\u00edlia n\u00e3o \u00e9 s\u00f3 de menestr\u00e9is - Notibras","isPartOf":{"@id":"https:\/\/www.notibras.com\/site\/#website"},"primaryImageOfPage":{"@id":"https:\/\/www.notibras.com\/site\/ceu-que-encanta-brasilia-nao-e-so-de-menestreis\/#primaryimage"},"image":{"@id":"https:\/\/www.notibras.com\/site\/ceu-que-encanta-brasilia-nao-e-so-de-menestreis\/#primaryimage"},"thumbnailUrl":"https:\/\/www.notibras.com\/site\/wp-content\/uploads\/2023\/11\/ceubsb.webp","datePublished":"2023-11-14T10:02:35+00:00","dateModified":"2023-11-14T10:22:36+00:00","breadcrumb":{"@id":"https:\/\/www.notibras.com\/site\/ceu-que-encanta-brasilia-nao-e-so-de-menestreis\/#breadcrumb"},"inLanguage":"pt-BR","potentialAction":[{"@type":"ReadAction","target":["https:\/\/www.notibras.com\/site\/ceu-que-encanta-brasilia-nao-e-so-de-menestreis\/"]}]},{"@type":"ImageObject","inLanguage":"pt-BR","@id":"https:\/\/www.notibras.com\/site\/ceu-que-encanta-brasilia-nao-e-so-de-menestreis\/#primaryimage","url":"https:\/\/www.notibras.com\/site\/wp-content\/uploads\/2023\/11\/ceubsb.webp","contentUrl":"https:\/\/www.notibras.com\/site\/wp-content\/uploads\/2023\/11\/ceubsb.webp","width":770,"height":513},{"@type":"BreadcrumbList","@id":"https:\/\/www.notibras.com\/site\/ceu-que-encanta-brasilia-nao-e-so-de-menestreis\/#breadcrumb","itemListElement":[{"@type":"ListItem","position":1,"name":"In\u00edcio","item":"https:\/\/www.notibras.com\/site\/"},{"@type":"ListItem","position":2,"name":"C\u00e9u que encanta Bras\u00edlia n\u00e3o \u00e9 s\u00f3 de menestr\u00e9is"}]},{"@type":"WebSite","@id":"https:\/\/www.notibras.com\/site\/#website","url":"https:\/\/www.notibras.com\/site\/","name":"Notibras","description":"Not\u00edcias de Bras\u00edlia, do Brasil e do Mundo","publisher":{"@id":"https:\/\/www.notibras.com\/site\/#organization"},"potentialAction":[{"@type":"SearchAction","target":{"@type":"EntryPoint","urlTemplate":"https:\/\/www.notibras.com\/site\/?s={search_term_string}"},"query-input":{"@type":"PropertyValueSpecification","valueRequired":true,"valueName":"search_term_string"}}],"inLanguage":"pt-BR"},{"@type":"Organization","@id":"https:\/\/www.notibras.com\/site\/#organization","name":"Grupo Notibras de Comunica\u00e7\u00e3o","url":"https:\/\/www.notibras.com\/site\/","logo":{"@type":"ImageObject","inLanguage":"pt-BR","@id":"https:\/\/www.notibras.com\/site\/#\/schema\/logo\/image\/","url":"https:\/\/www.notibras.com\/site\/wp-content\/uploads\/2023\/01\/notibras23.png","contentUrl":"https:\/\/www.notibras.com\/site\/wp-content\/uploads\/2023\/01\/notibras23.png","width":350,"height":87,"caption":"Grupo Notibras de Comunica\u00e7\u00e3o"},"image":{"@id":"https:\/\/www.notibras.com\/site\/#\/schema\/logo\/image\/"},"sameAs":["https:\/\/www.facebook.com\/notibras\/","https:\/\/x.com\/Notibras","https:\/\/www.instagram.com\/notibras\/"]},{"@type":"Person","@id":"https:\/\/www.notibras.com\/site\/#\/schema\/person\/36ab0979449956132d3e5b517ea76ac8","name":"Reda\u00e7\u00e3o","image":{"@type":"ImageObject","inLanguage":"pt-BR","@id":"https:\/\/secure.gravatar.com\/avatar\/e0a867bdedb85fd243eadf09663511f96fc81e0720a4a42581f334ad4303aa6b?s=96&d=mm&r=g","url":"https:\/\/secure.gravatar.com\/avatar\/e0a867bdedb85fd243eadf09663511f96fc81e0720a4a42581f334ad4303aa6b?s=96&d=mm&r=g","contentUrl":"https:\/\/secure.gravatar.com\/avatar\/e0a867bdedb85fd243eadf09663511f96fc81e0720a4a42581f334ad4303aa6b?s=96&d=mm&r=g","caption":"Reda\u00e7\u00e3o"}}]}},"amp_enabled":true,"_links":{"self":[{"href":"https:\/\/www.notibras.com\/site\/wp-json\/wp\/v2\/posts\/316922","targetHints":{"allow":["GET"]}}],"collection":[{"href":"https:\/\/www.notibras.com\/site\/wp-json\/wp\/v2\/posts"}],"about":[{"href":"https:\/\/www.notibras.com\/site\/wp-json\/wp\/v2\/types\/post"}],"author":[{"embeddable":true,"href":"https:\/\/www.notibras.com\/site\/wp-json\/wp\/v2\/users\/2"}],"replies":[{"embeddable":true,"href":"https:\/\/www.notibras.com\/site\/wp-json\/wp\/v2\/comments?post=316922"}],"version-history":[{"count":2,"href":"https:\/\/www.notibras.com\/site\/wp-json\/wp\/v2\/posts\/316922\/revisions"}],"predecessor-version":[{"id":316927,"href":"https:\/\/www.notibras.com\/site\/wp-json\/wp\/v2\/posts\/316922\/revisions\/316927"}],"wp:featuredmedia":[{"embeddable":true,"href":"https:\/\/www.notibras.com\/site\/wp-json\/wp\/v2\/media\/316923"}],"wp:attachment":[{"href":"https:\/\/www.notibras.com\/site\/wp-json\/wp\/v2\/media?parent=316922"}],"wp:term":[{"taxonomy":"category","embeddable":true,"href":"https:\/\/www.notibras.com\/site\/wp-json\/wp\/v2\/categories?post=316922"},{"taxonomy":"post_tag","embeddable":true,"href":"https:\/\/www.notibras.com\/site\/wp-json\/wp\/v2\/tags?post=316922"}],"curies":[{"name":"wp","href":"https:\/\/api.w.org\/{rel}","templated":true}]}}