{"id":316925,"date":"2023-11-14T07:01:51","date_gmt":"2023-11-14T10:01:51","guid":{"rendered":"https:\/\/www.notibras.com\/site\/?p=316925"},"modified":"2023-11-14T07:43:37","modified_gmt":"2023-11-14T10:43:37","slug":"genio-ouve-recusa-de-volta-ao-passado-e-vai-embora","status":"publish","type":"post","link":"https:\/\/www.notibras.com\/site\/genio-ouve-recusa-de-volta-ao-passado-e-vai-embora\/","title":{"rendered":"G\u00eanio ouve recusa de volta ao passado e vai embora"},"content":{"rendered":"<p>Fitei-a por todo o fim da tarde at\u00e9 o in\u00edcio da noite. J\u00e1 havia separado o necess\u00e1rio para o seu funcionamento. O \u00f3leo e os f\u00f3sforos. Num dado momento, cumpri o ritual. No primeiro compartimento da l\u00e2mpada, que se assemelhava a uma bacia de metal virada para baixo, a pequena tampa de encaixe de um biquinho foi removida e, dali de dentro, puxei um pouco o pavio feito de linha de algod\u00e3o. No extremo oposto, um reservat\u00f3rio de tampa rosqueada foi aberto para colocar o \u00f3leo. Acima daquela parte, um outro compartimento, pontiagudo, tinha em seu corpo cil\u00edndrico uma esfera de vidro acoplada a uma plataforma met\u00e1lica. Do centro da esfera, que possu\u00eda pequena abertura lateral, sa\u00eda tamb\u00e9m um pavio para a chama que a iluminava por dentro, o que certamente projetaria no ambiente uma linda luz azul.<\/p>\n<p>O \u00f3leo, ao ser queimado, aquecia uma serpentina que, por um mecanismo interno, fazia a plataforma sobre a qual se prendia a esfera de vidro girar. Assim, al\u00e9m da luz azul, os desenhos abstratos no pr\u00f3prio vidro tamb\u00e9m se amplificavam, tra\u00e7ando marcas m\u00e1gicas em volta. Demorava alguns minutos para que o efeito acontecesse.<\/p>\n<p>Fiquei esperando. Lentamente o sistema aqueceu depois de acesas as duas chamas e, de repente, o c\u00f4modo, j\u00e1 iluminado pela luz t\u00eanue e noturna, come\u00e7ou a girar, girar, girar, tr\u00f4pego daquela claridade azul confusa. Era, ao mesmo tempo, um efeito m\u00e1gico e inc\u00f4modo, como a evocar a magia do distante oriente, da P\u00e9rsia ou do Azerbaij\u00e3o \u2013 era incerta a origem do ins\u00f3lito aparelho.<\/p>\n<p>E eu me detive ali, agora em presen\u00e7a apenas da luz azul e dura, hipnotizado, sonolento, tonto, vendo como as coisas a minha volta mudavam de cor, para mudarem de forma e at\u00e9 de natureza. Era como se tudo houvesse ganhado vida e movimento, por efeito da esfera acesa e girante. Comecei a passar mal, a sentir os sentidos me faltarem, deixei-me cair numa poltrona e, posso jurar, conservando os olhos semiabertos, vi sair da chama de dentro da esfera algo como uma forma humana, pequena, que se p\u00f4s de p\u00e9 ao lado do m\u00f3vel em que se apoiava a l\u00e2mpada e, aos poucos, foi crescendo e se adensando, at\u00e9 poder ser distinguida perfeitamente como um homem. Um homem alto, de vestes ex\u00f3ticas, com uma barba e bigode finos, um nariz aquilino com uma joia na columela. A pele dele era estranha e me provocava arrepios, porque era decididamente azul. Um azul do mesmo tom que a luz da l\u00e2mpada que continuava a girar.<\/p>\n<p>Ele chegou perto de mim e eu, que pensava haver dormido e sonhado por um instante, procurei me conservar em vig\u00edlia para melhor apreciar e procurar entender aquele fen\u00f4meno. N\u00e3o sei se me deu medo ou mera curiosidade. O ser azul se aproximava ainda mais e, quando procurei acordar da madorna, percebi estar bem l\u00facido. E ele falou para mim:<\/p>\n<p>\u201cSou Ahriman, o esp\u00edrito que ficou s\u00e9culos preso nesta l\u00e2mpada. Vim porque me chamastes. Vou te conceder reviver tua vida inteira, sabendo, no entanto, o que sabes hoje. Este \u00e9 o \u00fanico presente que posso dar-te, antes que me afaste da l\u00e2mpada e v\u00e1 correr novamente o mundo. A condi\u00e7\u00e3o \u00e9 que a deixes acesa at\u00e9 eu estar longe.\u201d<\/p>\n<p>Eu s\u00f3 podia estar louco. Uma tontura e um abatimento, mais fortes que minha raz\u00e3o, me mantiveram preso \u00e0 poltrona, cujas fibras agora como que feriam meu corpo. Senti-me nu, apesar de estar vestido, e o ar ao meu redor era gelado e denso. Perguntei ao estranho que se apresentara:<\/p>\n<p>\u201cComo assim? O que voc\u00ea me oferece pode ser sublime e horr\u00edvel. Qual ser\u00e1 a consequ\u00eancia da minha aceita\u00e7\u00e3o ou recusa?\u201d<\/p>\n<p>Respondeu-me:<\/p>\n<p>\u201c\u00c9s absolutamente livre para escolher. Se n\u00e3o o quiseres, viver\u00e1s at\u00e9 a morte inevit\u00e1vel e marcada. Se quiseres, no entanto, ser\u00e1 tudo igual. Tua vida est\u00e1 escrita. N\u00e3o podes mudar tua condi\u00e7\u00e3o de hoje, mas nada ser\u00e1 surpresa. Dou-te a oportunidade para reviver tudo. Tuas dores e teus amores. A vida \u00e9 um mist\u00e9rio e uma aventura enquanto se desenrola, mas se \u00e9 repetida, torna-se previs\u00edvel e tediosa. Tens de responder r\u00e1pido, enquanto a esfera gira.\u201d<\/p>\n<p>Com o resto de raz\u00e3o que me assistia, comecei a pensar na oferta do esp\u00edrito m\u00e1gico. Reviver a minha vida toda com a consci\u00eancia que eu tenho hoje, sabedor de todos os fatos que me aconteceriam. Que tentadora proposta! Repetir todas as emo\u00e7\u00f5es e amores da minha vida. Rever meus av\u00f3s na inf\u00e2ncia vivida na grande casa suburbana onde passava os dias antes de come\u00e7ar a escola. A aten\u00e7\u00e3o dos meus pais, as primeiras li\u00e7\u00f5es, os amigos da adolesc\u00eancia, os amores, a emo\u00e7\u00e3o que senti quando conheci aquela que viria a ser minha esposa. O nascimento de minha filha, cada realiza\u00e7\u00e3o profissional, as conquistas materiais e os sucessos no tribunal. Tudo aquilo me empolgou e me deu como uma inje\u00e7\u00e3o de vida e de perspectiva.<\/p>\n<p>Minha hist\u00f3ria n\u00e3o se resumia a ocorr\u00eancias esparsas, mas era composta de longos dias que estavam ali prontos a serem revividos, sabendo como se sucederiam, qual seria o resultado das minhas diversas a\u00e7\u00f5es. Eu, quis saber do g\u00eanio, seria obrigado a repeti-las?<\/p>\n<p>\u201cSentir\u00e1s como um \u00edmpeto a te guiar. N\u00e3o te afastar\u00e1s do que fizestes. Era tudo para ser como foi. Eu disse: estava escrito\u201d \u2013 respondeu-me o estranho visitante.<\/p>\n<p>Se era assim, se era apenas isso, eu fiquei receoso de aceitar a oferta da entidade azul. Afinal, com a conviv\u00eancia com meus av\u00f3s viriam tamb\u00e9m as broncas que recebi deles quando subia em \u00e1rvores ou me demorava a vir jantar. Depois eles morreriam, um seguido do outro, na pen\u00faria em que viveram nos seus \u00faltimos anos, e viria a casa suburbana a se deteriorar at\u00e9 ser vendida e demolida de forma inclemente para a constru\u00e7\u00e3o de um edif\u00edcio sem-gra\u00e7a. As vezes em que as li\u00e7\u00f5es escolares me intimidaram e a dificuldade sempre presente na matem\u00e1tica, a ang\u00fastia que sentia durante as provas. As brigas com amigos da adolesc\u00eancia, antes t\u00e3o queridos, e os rumos diversos que cada um tomou na vida a ponto de nos distanciarmos e n\u00e3o guardarmos mais qualquer rela\u00e7\u00e3o. Os amores que me fizeram sofrer, at\u00e9 o que trouxe o sofrimento final da solid\u00e3o que j\u00e1 dura tantos anos. Rever a esposa traria tamb\u00e9m de volta a sua doen\u00e7a, v\u00ea-la definhando na cama, os m\u00e9dicos desesperan\u00e7osos quando os tratamentos j\u00e1 n\u00e3o traziam qualquer resultado pr\u00e1tico \u2013 apenas repetidos padecimentos. O nascimento de minha filha, seguido de seu crescimento, faria com que eu revivesse cada preocupa\u00e7\u00e3o, cada d\u00favida frente ao seu desenvolvimento, entendendo que n\u00e3o h\u00e1 f\u00f3rmula pronta para a cria\u00e7\u00e3o de filhos. O quadro seria pior ap\u00f3s a morte da esposa, quando me senti sozinho, desnorteado e, por alguns momentos, pensei em desistir das tarefas, acomet\u00ea-las a outros que fossem mais capazes que eu. At\u00e9 alcan\u00e7ar a solidez de meu escrit\u00f3rio, sentiria novamente muitas decep\u00e7\u00f5es com os clientes que reclamavam de coisas que estavam totalmente fora de meu alcance, das rescis\u00f5es contratuais inesperadas, daqueles a quem me dedicava no trabalho e n\u00e3o me davam, no tempo certo, o devido reconhecimento ou retribui\u00e7\u00e3o. Todas as realiza\u00e7\u00f5es profissionais viriam acompanhadas tamb\u00e9m das vezes em que fracassei, no direito ou nas rela\u00e7\u00f5es humanas, por conta das imprevisibilidades da vida. As conquistas materiais implicariam em realizar, de novo, todos os trabalhos extenuantes, repetir as horas em que n\u00e3o podia me dedicar a mais nada, a n\u00e3o ser ganhar a vida enquanto, no fundo, tinha um sentimento inc\u00f4modo de que a perdia, afastando-me da minha verdadeira ess\u00eancia. Os sucessos no tribunal me fariam reviver tamb\u00e9m os fracassos, quando a lei ou os ju\u00edzes foram injustos para compreender a situa\u00e7\u00e3o das pessoas que a mim confiavam sua vida, sua liberdade ou seu patrim\u00f4nio. Cada antiguidade comprada seria previamente sabida, esvaziando o ato da expectativa e da procura de qualquer emo\u00e7\u00e3o. At\u00e9 mesmo saberia, desde a tenra idade, do momento em que iria encontrar a l\u00e2mpada cuja luz azul se projetava agora em minha sala.<\/p>\n<p>Decididamente recusei a oferta do esp\u00edrito misterioso. Suas fei\u00e7\u00f5es se conservaram imp\u00e1vidas, n\u00e3o demonstrando qualquer rea\u00e7\u00e3o \u00e0 minha recusa. Aos poucos ele se afastou sem dizer nada. Foi se integrando \u00e0 luz azul da l\u00e2mpada, se desfazendo, se tornando cada vez mais unido a ela at\u00e9 que, num dos giros da esfera de vidro, tornou-se indistinto das formas ins\u00f3litas que ela projetava. Sumiu. Eu ainda fiquei largado naquela poltrona por muitas horas, esquecido de mim mesmo, apenas pensando na experi\u00eancia noturna at\u00e9 acordar de manh\u00e3, dolorido da posi\u00e7\u00e3o em que me mantive, sem saber ao certo se tudo aquilo fora um del\u00edrio, um sonho, ou se realmente me passou.<\/p>\n<p>Levantei-me pronto para encarar mais um dia que seria diferente de todos os dias passados, uma surpresa completa, planejando come\u00e7ar a escrever um tratado definitivo e revolucion\u00e1rio sobre as consequ\u00eancias jur\u00eddicas da ressurrei\u00e7\u00e3o dos mortos.<\/p>\n","protected":false},"excerpt":{"rendered":"<p>Fitei-a por todo o fim da tarde at\u00e9 o in\u00edcio da noite. J\u00e1 havia separado o necess\u00e1rio para o seu funcionamento. O \u00f3leo e os f\u00f3sforos. Num dado momento, cumpri o ritual. No primeiro compartimento da l\u00e2mpada, que se assemelhava a uma bacia de metal virada para baixo, a pequena tampa de encaixe de um [&hellip;]<\/p>\n","protected":false},"author":2,"featured_media":316929,"comment_status":"closed","ping_status":"closed","sticky":false,"template":"","format":"standard","meta":{"_acf_changed":false,"footnotes":""},"categories":[161],"tags":[],"class_list":["post-316925","post","type-post","status-publish","format-standard","has-post-thumbnail","hentry","category-quadradinho-em-foco"],"acf":[],"yoast_head":"<!-- This site is optimized with the Yoast SEO plugin v27.2 - https:\/\/yoast.com\/product\/yoast-seo-wordpress\/ -->\n<title>G\u00eanio ouve recusa de volta ao passado e vai embora - Notibras<\/title>\n<meta name=\"robots\" content=\"index, follow, max-snippet:-1, max-image-preview:large, max-video-preview:-1\" \/>\n<link rel=\"canonical\" href=\"https:\/\/www.notibras.com\/site\/genio-ouve-recusa-de-volta-ao-passado-e-vai-embora\/\" \/>\n<meta property=\"og:locale\" content=\"pt_BR\" \/>\n<meta property=\"og:type\" content=\"article\" \/>\n<meta property=\"og:title\" content=\"G\u00eanio ouve recusa de volta ao passado e vai embora - Notibras\" \/>\n<meta property=\"og:description\" content=\"Fitei-a por todo o fim da tarde at\u00e9 o in\u00edcio da noite. J\u00e1 havia separado o necess\u00e1rio para o seu funcionamento. O \u00f3leo e os f\u00f3sforos. Num dado momento, cumpri o ritual. No primeiro compartimento da l\u00e2mpada, que se assemelhava a uma bacia de metal virada para baixo, a pequena tampa de encaixe de um [&hellip;]\" \/>\n<meta property=\"og:url\" content=\"https:\/\/www.notibras.com\/site\/genio-ouve-recusa-de-volta-ao-passado-e-vai-embora\/\" \/>\n<meta property=\"og:site_name\" content=\"Notibras\" \/>\n<meta property=\"article:publisher\" content=\"https:\/\/www.facebook.com\/notibras\/\" \/>\n<meta property=\"article:published_time\" content=\"2023-11-14T10:01:51+00:00\" \/>\n<meta property=\"article:modified_time\" content=\"2023-11-14T10:43:37+00:00\" \/>\n<meta property=\"og:image\" content=\"https:\/\/www.notibras.com\/site\/wp-content\/uploads\/2023\/11\/tumblr_4eb36416f49d1caaa91c2fad12c84e21_71229ce9_1280.jpg\" \/>\n\t<meta property=\"og:image:width\" content=\"1000\" \/>\n\t<meta property=\"og:image:height\" content=\"900\" \/>\n\t<meta property=\"og:image:type\" content=\"image\/jpeg\" \/>\n<meta name=\"author\" content=\"Reda\u00e7\u00e3o\" \/>\n<meta name=\"twitter:card\" content=\"summary_large_image\" \/>\n<meta name=\"twitter:creator\" content=\"@Notibras\" \/>\n<meta name=\"twitter:site\" content=\"@Notibras\" \/>\n<meta name=\"twitter:label1\" content=\"Escrito por\" \/>\n\t<meta name=\"twitter:data1\" content=\"Reda\u00e7\u00e3o\" \/>\n\t<meta name=\"twitter:label2\" content=\"Est. tempo de leitura\" \/>\n\t<meta name=\"twitter:data2\" content=\"9 minutos\" \/>\n<script type=\"application\/ld+json\" class=\"yoast-schema-graph\">{\"@context\":\"https:\/\/schema.org\",\"@graph\":[{\"@type\":\"Article\",\"@id\":\"https:\/\/www.notibras.com\/site\/genio-ouve-recusa-de-volta-ao-passado-e-vai-embora\/#article\",\"isPartOf\":{\"@id\":\"https:\/\/www.notibras.com\/site\/genio-ouve-recusa-de-volta-ao-passado-e-vai-embora\/\"},\"author\":{\"name\":\"Reda\u00e7\u00e3o\",\"@id\":\"https:\/\/www.notibras.com\/site\/#\/schema\/person\/36ab0979449956132d3e5b517ea76ac8\"},\"headline\":\"G\u00eanio ouve recusa de volta ao passado e vai embora\",\"datePublished\":\"2023-11-14T10:01:51+00:00\",\"dateModified\":\"2023-11-14T10:43:37+00:00\",\"mainEntityOfPage\":{\"@id\":\"https:\/\/www.notibras.com\/site\/genio-ouve-recusa-de-volta-ao-passado-e-vai-embora\/\"},\"wordCount\":1605,\"publisher\":{\"@id\":\"https:\/\/www.notibras.com\/site\/#organization\"},\"image\":{\"@id\":\"https:\/\/www.notibras.com\/site\/genio-ouve-recusa-de-volta-ao-passado-e-vai-embora\/#primaryimage\"},\"thumbnailUrl\":\"https:\/\/www.notibras.com\/site\/wp-content\/uploads\/2023\/11\/tumblr_4eb36416f49d1caaa91c2fad12c84e21_71229ce9_1280.jpg\",\"articleSection\":[\"Quadradinho em Foco\"],\"inLanguage\":\"pt-BR\"},{\"@type\":\"WebPage\",\"@id\":\"https:\/\/www.notibras.com\/site\/genio-ouve-recusa-de-volta-ao-passado-e-vai-embora\/\",\"url\":\"https:\/\/www.notibras.com\/site\/genio-ouve-recusa-de-volta-ao-passado-e-vai-embora\/\",\"name\":\"G\u00eanio ouve recusa de volta ao passado e vai embora - Notibras\",\"isPartOf\":{\"@id\":\"https:\/\/www.notibras.com\/site\/#website\"},\"primaryImageOfPage\":{\"@id\":\"https:\/\/www.notibras.com\/site\/genio-ouve-recusa-de-volta-ao-passado-e-vai-embora\/#primaryimage\"},\"image\":{\"@id\":\"https:\/\/www.notibras.com\/site\/genio-ouve-recusa-de-volta-ao-passado-e-vai-embora\/#primaryimage\"},\"thumbnailUrl\":\"https:\/\/www.notibras.com\/site\/wp-content\/uploads\/2023\/11\/tumblr_4eb36416f49d1caaa91c2fad12c84e21_71229ce9_1280.jpg\",\"datePublished\":\"2023-11-14T10:01:51+00:00\",\"dateModified\":\"2023-11-14T10:43:37+00:00\",\"breadcrumb\":{\"@id\":\"https:\/\/www.notibras.com\/site\/genio-ouve-recusa-de-volta-ao-passado-e-vai-embora\/#breadcrumb\"},\"inLanguage\":\"pt-BR\",\"potentialAction\":[{\"@type\":\"ReadAction\",\"target\":[\"https:\/\/www.notibras.com\/site\/genio-ouve-recusa-de-volta-ao-passado-e-vai-embora\/\"]}]},{\"@type\":\"ImageObject\",\"inLanguage\":\"pt-BR\",\"@id\":\"https:\/\/www.notibras.com\/site\/genio-ouve-recusa-de-volta-ao-passado-e-vai-embora\/#primaryimage\",\"url\":\"https:\/\/www.notibras.com\/site\/wp-content\/uploads\/2023\/11\/tumblr_4eb36416f49d1caaa91c2fad12c84e21_71229ce9_1280.jpg\",\"contentUrl\":\"https:\/\/www.notibras.com\/site\/wp-content\/uploads\/2023\/11\/tumblr_4eb36416f49d1caaa91c2fad12c84e21_71229ce9_1280.jpg\",\"width\":1000,\"height\":900},{\"@type\":\"BreadcrumbList\",\"@id\":\"https:\/\/www.notibras.com\/site\/genio-ouve-recusa-de-volta-ao-passado-e-vai-embora\/#breadcrumb\",\"itemListElement\":[{\"@type\":\"ListItem\",\"position\":1,\"name\":\"In\u00edcio\",\"item\":\"https:\/\/www.notibras.com\/site\/\"},{\"@type\":\"ListItem\",\"position\":2,\"name\":\"G\u00eanio ouve recusa de volta ao passado e vai embora\"}]},{\"@type\":\"WebSite\",\"@id\":\"https:\/\/www.notibras.com\/site\/#website\",\"url\":\"https:\/\/www.notibras.com\/site\/\",\"name\":\"Notibras\",\"description\":\"Not\u00edcias de Bras\u00edlia, do Brasil e do Mundo\",\"publisher\":{\"@id\":\"https:\/\/www.notibras.com\/site\/#organization\"},\"potentialAction\":[{\"@type\":\"SearchAction\",\"target\":{\"@type\":\"EntryPoint\",\"urlTemplate\":\"https:\/\/www.notibras.com\/site\/?s={search_term_string}\"},\"query-input\":{\"@type\":\"PropertyValueSpecification\",\"valueRequired\":true,\"valueName\":\"search_term_string\"}}],\"inLanguage\":\"pt-BR\"},{\"@type\":\"Organization\",\"@id\":\"https:\/\/www.notibras.com\/site\/#organization\",\"name\":\"Grupo Notibras de Comunica\u00e7\u00e3o\",\"url\":\"https:\/\/www.notibras.com\/site\/\",\"logo\":{\"@type\":\"ImageObject\",\"inLanguage\":\"pt-BR\",\"@id\":\"https:\/\/www.notibras.com\/site\/#\/schema\/logo\/image\/\",\"url\":\"https:\/\/www.notibras.com\/site\/wp-content\/uploads\/2023\/01\/notibras23.png\",\"contentUrl\":\"https:\/\/www.notibras.com\/site\/wp-content\/uploads\/2023\/01\/notibras23.png\",\"width\":350,\"height\":87,\"caption\":\"Grupo Notibras de Comunica\u00e7\u00e3o\"},\"image\":{\"@id\":\"https:\/\/www.notibras.com\/site\/#\/schema\/logo\/image\/\"},\"sameAs\":[\"https:\/\/www.facebook.com\/notibras\/\",\"https:\/\/x.com\/Notibras\",\"https:\/\/www.instagram.com\/notibras\/\"]},{\"@type\":\"Person\",\"@id\":\"https:\/\/www.notibras.com\/site\/#\/schema\/person\/36ab0979449956132d3e5b517ea76ac8\",\"name\":\"Reda\u00e7\u00e3o\",\"image\":{\"@type\":\"ImageObject\",\"inLanguage\":\"pt-BR\",\"@id\":\"https:\/\/secure.gravatar.com\/avatar\/e0a867bdedb85fd243eadf09663511f96fc81e0720a4a42581f334ad4303aa6b?s=96&d=mm&r=g\",\"url\":\"https:\/\/secure.gravatar.com\/avatar\/e0a867bdedb85fd243eadf09663511f96fc81e0720a4a42581f334ad4303aa6b?s=96&d=mm&r=g\",\"contentUrl\":\"https:\/\/secure.gravatar.com\/avatar\/e0a867bdedb85fd243eadf09663511f96fc81e0720a4a42581f334ad4303aa6b?s=96&d=mm&r=g\",\"caption\":\"Reda\u00e7\u00e3o\"}}]}<\/script>\n<!-- \/ Yoast SEO plugin. -->","yoast_head_json":{"title":"G\u00eanio ouve recusa de volta ao passado e vai embora - Notibras","robots":{"index":"index","follow":"follow","max-snippet":"max-snippet:-1","max-image-preview":"max-image-preview:large","max-video-preview":"max-video-preview:-1"},"canonical":"https:\/\/www.notibras.com\/site\/genio-ouve-recusa-de-volta-ao-passado-e-vai-embora\/","og_locale":"pt_BR","og_type":"article","og_title":"G\u00eanio ouve recusa de volta ao passado e vai embora - Notibras","og_description":"Fitei-a por todo o fim da tarde at\u00e9 o in\u00edcio da noite. J\u00e1 havia separado o necess\u00e1rio para o seu funcionamento. O \u00f3leo e os f\u00f3sforos. Num dado momento, cumpri o ritual. No primeiro compartimento da l\u00e2mpada, que se assemelhava a uma bacia de metal virada para baixo, a pequena tampa de encaixe de um [&hellip;]","og_url":"https:\/\/www.notibras.com\/site\/genio-ouve-recusa-de-volta-ao-passado-e-vai-embora\/","og_site_name":"Notibras","article_publisher":"https:\/\/www.facebook.com\/notibras\/","article_published_time":"2023-11-14T10:01:51+00:00","article_modified_time":"2023-11-14T10:43:37+00:00","og_image":[{"width":1000,"height":900,"url":"https:\/\/www.notibras.com\/site\/wp-content\/uploads\/2023\/11\/tumblr_4eb36416f49d1caaa91c2fad12c84e21_71229ce9_1280.jpg","type":"image\/jpeg"}],"author":"Reda\u00e7\u00e3o","twitter_card":"summary_large_image","twitter_creator":"@Notibras","twitter_site":"@Notibras","twitter_misc":{"Escrito por":"Reda\u00e7\u00e3o","Est. tempo de leitura":"9 minutos"},"schema":{"@context":"https:\/\/schema.org","@graph":[{"@type":"Article","@id":"https:\/\/www.notibras.com\/site\/genio-ouve-recusa-de-volta-ao-passado-e-vai-embora\/#article","isPartOf":{"@id":"https:\/\/www.notibras.com\/site\/genio-ouve-recusa-de-volta-ao-passado-e-vai-embora\/"},"author":{"name":"Reda\u00e7\u00e3o","@id":"https:\/\/www.notibras.com\/site\/#\/schema\/person\/36ab0979449956132d3e5b517ea76ac8"},"headline":"G\u00eanio ouve recusa de volta ao passado e vai embora","datePublished":"2023-11-14T10:01:51+00:00","dateModified":"2023-11-14T10:43:37+00:00","mainEntityOfPage":{"@id":"https:\/\/www.notibras.com\/site\/genio-ouve-recusa-de-volta-ao-passado-e-vai-embora\/"},"wordCount":1605,"publisher":{"@id":"https:\/\/www.notibras.com\/site\/#organization"},"image":{"@id":"https:\/\/www.notibras.com\/site\/genio-ouve-recusa-de-volta-ao-passado-e-vai-embora\/#primaryimage"},"thumbnailUrl":"https:\/\/www.notibras.com\/site\/wp-content\/uploads\/2023\/11\/tumblr_4eb36416f49d1caaa91c2fad12c84e21_71229ce9_1280.jpg","articleSection":["Quadradinho em Foco"],"inLanguage":"pt-BR"},{"@type":"WebPage","@id":"https:\/\/www.notibras.com\/site\/genio-ouve-recusa-de-volta-ao-passado-e-vai-embora\/","url":"https:\/\/www.notibras.com\/site\/genio-ouve-recusa-de-volta-ao-passado-e-vai-embora\/","name":"G\u00eanio ouve recusa de volta ao passado e vai embora - Notibras","isPartOf":{"@id":"https:\/\/www.notibras.com\/site\/#website"},"primaryImageOfPage":{"@id":"https:\/\/www.notibras.com\/site\/genio-ouve-recusa-de-volta-ao-passado-e-vai-embora\/#primaryimage"},"image":{"@id":"https:\/\/www.notibras.com\/site\/genio-ouve-recusa-de-volta-ao-passado-e-vai-embora\/#primaryimage"},"thumbnailUrl":"https:\/\/www.notibras.com\/site\/wp-content\/uploads\/2023\/11\/tumblr_4eb36416f49d1caaa91c2fad12c84e21_71229ce9_1280.jpg","datePublished":"2023-11-14T10:01:51+00:00","dateModified":"2023-11-14T10:43:37+00:00","breadcrumb":{"@id":"https:\/\/www.notibras.com\/site\/genio-ouve-recusa-de-volta-ao-passado-e-vai-embora\/#breadcrumb"},"inLanguage":"pt-BR","potentialAction":[{"@type":"ReadAction","target":["https:\/\/www.notibras.com\/site\/genio-ouve-recusa-de-volta-ao-passado-e-vai-embora\/"]}]},{"@type":"ImageObject","inLanguage":"pt-BR","@id":"https:\/\/www.notibras.com\/site\/genio-ouve-recusa-de-volta-ao-passado-e-vai-embora\/#primaryimage","url":"https:\/\/www.notibras.com\/site\/wp-content\/uploads\/2023\/11\/tumblr_4eb36416f49d1caaa91c2fad12c84e21_71229ce9_1280.jpg","contentUrl":"https:\/\/www.notibras.com\/site\/wp-content\/uploads\/2023\/11\/tumblr_4eb36416f49d1caaa91c2fad12c84e21_71229ce9_1280.jpg","width":1000,"height":900},{"@type":"BreadcrumbList","@id":"https:\/\/www.notibras.com\/site\/genio-ouve-recusa-de-volta-ao-passado-e-vai-embora\/#breadcrumb","itemListElement":[{"@type":"ListItem","position":1,"name":"In\u00edcio","item":"https:\/\/www.notibras.com\/site\/"},{"@type":"ListItem","position":2,"name":"G\u00eanio ouve recusa de volta ao passado e vai embora"}]},{"@type":"WebSite","@id":"https:\/\/www.notibras.com\/site\/#website","url":"https:\/\/www.notibras.com\/site\/","name":"Notibras","description":"Not\u00edcias de Bras\u00edlia, do Brasil e do Mundo","publisher":{"@id":"https:\/\/www.notibras.com\/site\/#organization"},"potentialAction":[{"@type":"SearchAction","target":{"@type":"EntryPoint","urlTemplate":"https:\/\/www.notibras.com\/site\/?s={search_term_string}"},"query-input":{"@type":"PropertyValueSpecification","valueRequired":true,"valueName":"search_term_string"}}],"inLanguage":"pt-BR"},{"@type":"Organization","@id":"https:\/\/www.notibras.com\/site\/#organization","name":"Grupo Notibras de Comunica\u00e7\u00e3o","url":"https:\/\/www.notibras.com\/site\/","logo":{"@type":"ImageObject","inLanguage":"pt-BR","@id":"https:\/\/www.notibras.com\/site\/#\/schema\/logo\/image\/","url":"https:\/\/www.notibras.com\/site\/wp-content\/uploads\/2023\/01\/notibras23.png","contentUrl":"https:\/\/www.notibras.com\/site\/wp-content\/uploads\/2023\/01\/notibras23.png","width":350,"height":87,"caption":"Grupo Notibras de Comunica\u00e7\u00e3o"},"image":{"@id":"https:\/\/www.notibras.com\/site\/#\/schema\/logo\/image\/"},"sameAs":["https:\/\/www.facebook.com\/notibras\/","https:\/\/x.com\/Notibras","https:\/\/www.instagram.com\/notibras\/"]},{"@type":"Person","@id":"https:\/\/www.notibras.com\/site\/#\/schema\/person\/36ab0979449956132d3e5b517ea76ac8","name":"Reda\u00e7\u00e3o","image":{"@type":"ImageObject","inLanguage":"pt-BR","@id":"https:\/\/secure.gravatar.com\/avatar\/e0a867bdedb85fd243eadf09663511f96fc81e0720a4a42581f334ad4303aa6b?s=96&d=mm&r=g","url":"https:\/\/secure.gravatar.com\/avatar\/e0a867bdedb85fd243eadf09663511f96fc81e0720a4a42581f334ad4303aa6b?s=96&d=mm&r=g","contentUrl":"https:\/\/secure.gravatar.com\/avatar\/e0a867bdedb85fd243eadf09663511f96fc81e0720a4a42581f334ad4303aa6b?s=96&d=mm&r=g","caption":"Reda\u00e7\u00e3o"}}]}},"amp_enabled":true,"_links":{"self":[{"href":"https:\/\/www.notibras.com\/site\/wp-json\/wp\/v2\/posts\/316925","targetHints":{"allow":["GET"]}}],"collection":[{"href":"https:\/\/www.notibras.com\/site\/wp-json\/wp\/v2\/posts"}],"about":[{"href":"https:\/\/www.notibras.com\/site\/wp-json\/wp\/v2\/types\/post"}],"author":[{"embeddable":true,"href":"https:\/\/www.notibras.com\/site\/wp-json\/wp\/v2\/users\/2"}],"replies":[{"embeddable":true,"href":"https:\/\/www.notibras.com\/site\/wp-json\/wp\/v2\/comments?post=316925"}],"version-history":[{"count":3,"href":"https:\/\/www.notibras.com\/site\/wp-json\/wp\/v2\/posts\/316925\/revisions"}],"predecessor-version":[{"id":316931,"href":"https:\/\/www.notibras.com\/site\/wp-json\/wp\/v2\/posts\/316925\/revisions\/316931"}],"wp:featuredmedia":[{"embeddable":true,"href":"https:\/\/www.notibras.com\/site\/wp-json\/wp\/v2\/media\/316929"}],"wp:attachment":[{"href":"https:\/\/www.notibras.com\/site\/wp-json\/wp\/v2\/media?parent=316925"}],"wp:term":[{"taxonomy":"category","embeddable":true,"href":"https:\/\/www.notibras.com\/site\/wp-json\/wp\/v2\/categories?post=316925"},{"taxonomy":"post_tag","embeddable":true,"href":"https:\/\/www.notibras.com\/site\/wp-json\/wp\/v2\/tags?post=316925"}],"curies":[{"name":"wp","href":"https:\/\/api.w.org\/{rel}","templated":true}]}}