{"id":316965,"date":"2023-11-14T19:01:16","date_gmt":"2023-11-14T22:01:16","guid":{"rendered":"https:\/\/www.notibras.com\/site\/?p=316965"},"modified":"2023-11-14T20:26:41","modified_gmt":"2023-11-14T23:26:41","slug":"inep-libera-gabarito-do-enem-resultado-final-sai-em-janeiro","status":"publish","type":"post","link":"https:\/\/www.notibras.com\/site\/inep-libera-gabarito-do-enem-resultado-final-sai-em-janeiro\/","title":{"rendered":"Inep libera gabarito do Enem; resultado final sai em janeiro"},"content":{"rendered":"<p>Os candidatos que fizeram as provas do Exame Nacional do Ensino M\u00e9dio (Enem) neste ano j\u00e1 podem consultar \u00a0o\u00a0<a href=\"https:\/\/www.gov.br\/inep\/pt-br\" target=\"_blank\" rel=\"noopener\">gabarito oficial<\/a> e\u00a0os cadernos de quest\u00f5es. As informa\u00e7\u00f5es est\u00e3o dispon\u00edveis no\u00a0<a href=\"https:\/\/www.gov.br\/inep\/pt-br\" target=\"_blank\" rel=\"noopener\">portal<\/a> do Instituto Nacional de Estudos e Pesquisas Educacionais An\u00edsio Teixeira (Inep).<\/p>\n<p>J\u00e1 o resultado final do Enem, com as notas de cada candidato, ser\u00e1 divulgado no dia 16 de janeiro de 2024, conforme o edital do exame, na P\u00e1gina do Participante.<\/p>\n<p>Quem quiser solicitar a reaplica\u00e7\u00e3o do Enem dever\u00e1 fazer o pedido na P\u00e1gina do Participante at\u00e9 a pr\u00f3xima sexta-feira (17). As pessoas que faltaram por problemas log\u00edsticos ou doen\u00e7as infectocontagiosas, como prev\u00ea o edital, podem pedir para fazer as provas nos dias 12 e 13 de dezembro. O mesmo vale para quem foi alocado em locais de prova com dist\u00e2ncia superior a 30 quil\u00f4metros da resid\u00eancia informada na inscri\u00e7\u00e3o.<\/p>\n<p>O Exame Nacional do Ensino M\u00e9dio avalia o desempenho escolar dos estudantes ao t\u00e9rmino da educa\u00e7\u00e3o b\u00e1sica e \u00e9 considerado a principal porta de entrada para a educa\u00e7\u00e3o superior no Brasil, por meio do Sistema de Sele\u00e7\u00e3o Unificada (Sisu) e de iniciativas como o Programa Universidade para Todos (Prouni). Os resultados tamb\u00e9m s\u00e3o utilizados como crit\u00e9rio \u00fanico ou complementar dos processos seletivos, al\u00e9m de servirem de par\u00e2metro para acesso a aux\u00edlios governamentais, como o Fundo de Financiamento Estudantil (Fies).<\/p>\n","protected":false},"excerpt":{"rendered":"<p>Os candidatos que fizeram as provas do Exame Nacional do Ensino M\u00e9dio (Enem) neste ano j\u00e1 podem consultar \u00a0o\u00a0gabarito oficial e\u00a0os cadernos de quest\u00f5es. As informa\u00e7\u00f5es est\u00e3o dispon\u00edveis no\u00a0portal do Instituto Nacional de Estudos e Pesquisas Educacionais An\u00edsio Teixeira (Inep). J\u00e1 o resultado final do Enem, com as notas de cada candidato, ser\u00e1 divulgado no [&hellip;]<\/p>\n","protected":false},"author":2,"featured_media":316966,"comment_status":"closed","ping_status":"closed","sticky":false,"template":"","format":"standard","meta":{"_acf_changed":false,"footnotes":""},"categories":[161],"tags":[95],"class_list":["post-316965","post","type-post","status-publish","format-standard","has-post-thumbnail","hentry","category-quadradinho-em-foco","tag-capa"],"acf":[],"yoast_head":"<!-- This site is optimized with the Yoast SEO plugin v27.2 - https:\/\/yoast.com\/product\/yoast-seo-wordpress\/ -->\n<title>Inep libera gabarito do Enem; resultado final sai em janeiro - Notibras<\/title>\n<meta name=\"robots\" content=\"index, follow, max-snippet:-1, max-image-preview:large, max-video-preview:-1\" \/>\n<link rel=\"canonical\" href=\"https:\/\/www.notibras.com\/site\/inep-libera-gabarito-do-enem-resultado-final-sai-em-janeiro\/\" \/>\n<meta property=\"og:locale\" content=\"pt_BR\" \/>\n<meta property=\"og:type\" content=\"article\" \/>\n<meta property=\"og:title\" content=\"Inep libera gabarito do Enem; resultado final sai em janeiro - Notibras\" \/>\n<meta property=\"og:description\" content=\"Os candidatos que fizeram as provas do Exame Nacional do Ensino M\u00e9dio (Enem) neste ano j\u00e1 podem consultar \u00a0o\u00a0gabarito oficial e\u00a0os cadernos de quest\u00f5es. As informa\u00e7\u00f5es est\u00e3o dispon\u00edveis no\u00a0portal do Instituto Nacional de Estudos e Pesquisas Educacionais An\u00edsio Teixeira (Inep). J\u00e1 o resultado final do Enem, com as notas de cada candidato, ser\u00e1 divulgado no [&hellip;]\" \/>\n<meta property=\"og:url\" content=\"https:\/\/www.notibras.com\/site\/inep-libera-gabarito-do-enem-resultado-final-sai-em-janeiro\/\" \/>\n<meta property=\"og:site_name\" content=\"Notibras\" \/>\n<meta property=\"article:publisher\" content=\"https:\/\/www.facebook.com\/notibras\/\" \/>\n<meta property=\"article:published_time\" content=\"2023-11-14T22:01:16+00:00\" \/>\n<meta property=\"article:modified_time\" content=\"2023-11-14T23:26:41+00:00\" \/>\n<meta property=\"og:image\" content=\"https:\/\/www.notibras.com\/site\/wp-content\/uploads\/2023\/11\/enem2gaba.webp\" \/>\n\t<meta property=\"og:image:width\" content=\"1170\" \/>\n\t<meta property=\"og:image:height\" content=\"700\" \/>\n\t<meta property=\"og:image:type\" content=\"image\/webp\" \/>\n<meta name=\"author\" content=\"Reda\u00e7\u00e3o\" \/>\n<meta name=\"twitter:card\" content=\"summary_large_image\" \/>\n<meta name=\"twitter:creator\" content=\"@Notibras\" \/>\n<meta name=\"twitter:site\" content=\"@Notibras\" \/>\n<meta name=\"twitter:label1\" content=\"Escrito por\" \/>\n\t<meta name=\"twitter:data1\" content=\"Reda\u00e7\u00e3o\" \/>\n\t<meta name=\"twitter:label2\" content=\"Est. tempo de leitura\" \/>\n\t<meta name=\"twitter:data2\" content=\"2 minutos\" \/>\n<script type=\"application\/ld+json\" class=\"yoast-schema-graph\">{\"@context\":\"https:\/\/schema.org\",\"@graph\":[{\"@type\":\"Article\",\"@id\":\"https:\/\/www.notibras.com\/site\/inep-libera-gabarito-do-enem-resultado-final-sai-em-janeiro\/#article\",\"isPartOf\":{\"@id\":\"https:\/\/www.notibras.com\/site\/inep-libera-gabarito-do-enem-resultado-final-sai-em-janeiro\/\"},\"author\":{\"name\":\"Reda\u00e7\u00e3o\",\"@id\":\"https:\/\/www.notibras.com\/site\/#\/schema\/person\/36ab0979449956132d3e5b517ea76ac8\"},\"headline\":\"Inep libera gabarito do Enem; resultado final sai em janeiro\",\"datePublished\":\"2023-11-14T22:01:16+00:00\",\"dateModified\":\"2023-11-14T23:26:41+00:00\",\"mainEntityOfPage\":{\"@id\":\"https:\/\/www.notibras.com\/site\/inep-libera-gabarito-do-enem-resultado-final-sai-em-janeiro\/\"},\"wordCount\":252,\"publisher\":{\"@id\":\"https:\/\/www.notibras.com\/site\/#organization\"},\"image\":{\"@id\":\"https:\/\/www.notibras.com\/site\/inep-libera-gabarito-do-enem-resultado-final-sai-em-janeiro\/#primaryimage\"},\"thumbnailUrl\":\"https:\/\/www.notibras.com\/site\/wp-content\/uploads\/2023\/11\/enem2gaba.webp\",\"keywords\":[\"capa\"],\"articleSection\":[\"Quadradinho em Foco\"],\"inLanguage\":\"pt-BR\"},{\"@type\":\"WebPage\",\"@id\":\"https:\/\/www.notibras.com\/site\/inep-libera-gabarito-do-enem-resultado-final-sai-em-janeiro\/\",\"url\":\"https:\/\/www.notibras.com\/site\/inep-libera-gabarito-do-enem-resultado-final-sai-em-janeiro\/\",\"name\":\"Inep libera gabarito do Enem; resultado final sai em janeiro - Notibras\",\"isPartOf\":{\"@id\":\"https:\/\/www.notibras.com\/site\/#website\"},\"primaryImageOfPage\":{\"@id\":\"https:\/\/www.notibras.com\/site\/inep-libera-gabarito-do-enem-resultado-final-sai-em-janeiro\/#primaryimage\"},\"image\":{\"@id\":\"https:\/\/www.notibras.com\/site\/inep-libera-gabarito-do-enem-resultado-final-sai-em-janeiro\/#primaryimage\"},\"thumbnailUrl\":\"https:\/\/www.notibras.com\/site\/wp-content\/uploads\/2023\/11\/enem2gaba.webp\",\"datePublished\":\"2023-11-14T22:01:16+00:00\",\"dateModified\":\"2023-11-14T23:26:41+00:00\",\"breadcrumb\":{\"@id\":\"https:\/\/www.notibras.com\/site\/inep-libera-gabarito-do-enem-resultado-final-sai-em-janeiro\/#breadcrumb\"},\"inLanguage\":\"pt-BR\",\"potentialAction\":[{\"@type\":\"ReadAction\",\"target\":[\"https:\/\/www.notibras.com\/site\/inep-libera-gabarito-do-enem-resultado-final-sai-em-janeiro\/\"]}]},{\"@type\":\"ImageObject\",\"inLanguage\":\"pt-BR\",\"@id\":\"https:\/\/www.notibras.com\/site\/inep-libera-gabarito-do-enem-resultado-final-sai-em-janeiro\/#primaryimage\",\"url\":\"https:\/\/www.notibras.com\/site\/wp-content\/uploads\/2023\/11\/enem2gaba.webp\",\"contentUrl\":\"https:\/\/www.notibras.com\/site\/wp-content\/uploads\/2023\/11\/enem2gaba.webp\",\"width\":1170,\"height\":700},{\"@type\":\"BreadcrumbList\",\"@id\":\"https:\/\/www.notibras.com\/site\/inep-libera-gabarito-do-enem-resultado-final-sai-em-janeiro\/#breadcrumb\",\"itemListElement\":[{\"@type\":\"ListItem\",\"position\":1,\"name\":\"In\u00edcio\",\"item\":\"https:\/\/www.notibras.com\/site\/\"},{\"@type\":\"ListItem\",\"position\":2,\"name\":\"Inep libera gabarito do Enem; resultado final sai em janeiro\"}]},{\"@type\":\"WebSite\",\"@id\":\"https:\/\/www.notibras.com\/site\/#website\",\"url\":\"https:\/\/www.notibras.com\/site\/\",\"name\":\"Notibras\",\"description\":\"Not\u00edcias de Bras\u00edlia, do Brasil e do Mundo\",\"publisher\":{\"@id\":\"https:\/\/www.notibras.com\/site\/#organization\"},\"potentialAction\":[{\"@type\":\"SearchAction\",\"target\":{\"@type\":\"EntryPoint\",\"urlTemplate\":\"https:\/\/www.notibras.com\/site\/?s={search_term_string}\"},\"query-input\":{\"@type\":\"PropertyValueSpecification\",\"valueRequired\":true,\"valueName\":\"search_term_string\"}}],\"inLanguage\":\"pt-BR\"},{\"@type\":\"Organization\",\"@id\":\"https:\/\/www.notibras.com\/site\/#organization\",\"name\":\"Grupo Notibras de Comunica\u00e7\u00e3o\",\"url\":\"https:\/\/www.notibras.com\/site\/\",\"logo\":{\"@type\":\"ImageObject\",\"inLanguage\":\"pt-BR\",\"@id\":\"https:\/\/www.notibras.com\/site\/#\/schema\/logo\/image\/\",\"url\":\"https:\/\/www.notibras.com\/site\/wp-content\/uploads\/2023\/01\/notibras23.png\",\"contentUrl\":\"https:\/\/www.notibras.com\/site\/wp-content\/uploads\/2023\/01\/notibras23.png\",\"width\":350,\"height\":87,\"caption\":\"Grupo Notibras de Comunica\u00e7\u00e3o\"},\"image\":{\"@id\":\"https:\/\/www.notibras.com\/site\/#\/schema\/logo\/image\/\"},\"sameAs\":[\"https:\/\/www.facebook.com\/notibras\/\",\"https:\/\/x.com\/Notibras\",\"https:\/\/www.instagram.com\/notibras\/\"]},{\"@type\":\"Person\",\"@id\":\"https:\/\/www.notibras.com\/site\/#\/schema\/person\/36ab0979449956132d3e5b517ea76ac8\",\"name\":\"Reda\u00e7\u00e3o\",\"image\":{\"@type\":\"ImageObject\",\"inLanguage\":\"pt-BR\",\"@id\":\"https:\/\/secure.gravatar.com\/avatar\/e0a867bdedb85fd243eadf09663511f96fc81e0720a4a42581f334ad4303aa6b?s=96&d=mm&r=g\",\"url\":\"https:\/\/secure.gravatar.com\/avatar\/e0a867bdedb85fd243eadf09663511f96fc81e0720a4a42581f334ad4303aa6b?s=96&d=mm&r=g\",\"contentUrl\":\"https:\/\/secure.gravatar.com\/avatar\/e0a867bdedb85fd243eadf09663511f96fc81e0720a4a42581f334ad4303aa6b?s=96&d=mm&r=g\",\"caption\":\"Reda\u00e7\u00e3o\"}}]}<\/script>\n<!-- \/ Yoast SEO plugin. -->","yoast_head_json":{"title":"Inep libera gabarito do Enem; resultado final sai em janeiro - Notibras","robots":{"index":"index","follow":"follow","max-snippet":"max-snippet:-1","max-image-preview":"max-image-preview:large","max-video-preview":"max-video-preview:-1"},"canonical":"https:\/\/www.notibras.com\/site\/inep-libera-gabarito-do-enem-resultado-final-sai-em-janeiro\/","og_locale":"pt_BR","og_type":"article","og_title":"Inep libera gabarito do Enem; resultado final sai em janeiro - Notibras","og_description":"Os candidatos que fizeram as provas do Exame Nacional do Ensino M\u00e9dio (Enem) neste ano j\u00e1 podem consultar \u00a0o\u00a0gabarito oficial e\u00a0os cadernos de quest\u00f5es. As informa\u00e7\u00f5es est\u00e3o dispon\u00edveis no\u00a0portal do Instituto Nacional de Estudos e Pesquisas Educacionais An\u00edsio Teixeira (Inep). J\u00e1 o resultado final do Enem, com as notas de cada candidato, ser\u00e1 divulgado no [&hellip;]","og_url":"https:\/\/www.notibras.com\/site\/inep-libera-gabarito-do-enem-resultado-final-sai-em-janeiro\/","og_site_name":"Notibras","article_publisher":"https:\/\/www.facebook.com\/notibras\/","article_published_time":"2023-11-14T22:01:16+00:00","article_modified_time":"2023-11-14T23:26:41+00:00","og_image":[{"width":1170,"height":700,"url":"https:\/\/www.notibras.com\/site\/wp-content\/uploads\/2023\/11\/enem2gaba.webp","type":"image\/webp"}],"author":"Reda\u00e7\u00e3o","twitter_card":"summary_large_image","twitter_creator":"@Notibras","twitter_site":"@Notibras","twitter_misc":{"Escrito por":"Reda\u00e7\u00e3o","Est. tempo de leitura":"2 minutos"},"schema":{"@context":"https:\/\/schema.org","@graph":[{"@type":"Article","@id":"https:\/\/www.notibras.com\/site\/inep-libera-gabarito-do-enem-resultado-final-sai-em-janeiro\/#article","isPartOf":{"@id":"https:\/\/www.notibras.com\/site\/inep-libera-gabarito-do-enem-resultado-final-sai-em-janeiro\/"},"author":{"name":"Reda\u00e7\u00e3o","@id":"https:\/\/www.notibras.com\/site\/#\/schema\/person\/36ab0979449956132d3e5b517ea76ac8"},"headline":"Inep libera gabarito do Enem; resultado final sai em janeiro","datePublished":"2023-11-14T22:01:16+00:00","dateModified":"2023-11-14T23:26:41+00:00","mainEntityOfPage":{"@id":"https:\/\/www.notibras.com\/site\/inep-libera-gabarito-do-enem-resultado-final-sai-em-janeiro\/"},"wordCount":252,"publisher":{"@id":"https:\/\/www.notibras.com\/site\/#organization"},"image":{"@id":"https:\/\/www.notibras.com\/site\/inep-libera-gabarito-do-enem-resultado-final-sai-em-janeiro\/#primaryimage"},"thumbnailUrl":"https:\/\/www.notibras.com\/site\/wp-content\/uploads\/2023\/11\/enem2gaba.webp","keywords":["capa"],"articleSection":["Quadradinho em Foco"],"inLanguage":"pt-BR"},{"@type":"WebPage","@id":"https:\/\/www.notibras.com\/site\/inep-libera-gabarito-do-enem-resultado-final-sai-em-janeiro\/","url":"https:\/\/www.notibras.com\/site\/inep-libera-gabarito-do-enem-resultado-final-sai-em-janeiro\/","name":"Inep libera gabarito do Enem; resultado final sai em janeiro - Notibras","isPartOf":{"@id":"https:\/\/www.notibras.com\/site\/#website"},"primaryImageOfPage":{"@id":"https:\/\/www.notibras.com\/site\/inep-libera-gabarito-do-enem-resultado-final-sai-em-janeiro\/#primaryimage"},"image":{"@id":"https:\/\/www.notibras.com\/site\/inep-libera-gabarito-do-enem-resultado-final-sai-em-janeiro\/#primaryimage"},"thumbnailUrl":"https:\/\/www.notibras.com\/site\/wp-content\/uploads\/2023\/11\/enem2gaba.webp","datePublished":"2023-11-14T22:01:16+00:00","dateModified":"2023-11-14T23:26:41+00:00","breadcrumb":{"@id":"https:\/\/www.notibras.com\/site\/inep-libera-gabarito-do-enem-resultado-final-sai-em-janeiro\/#breadcrumb"},"inLanguage":"pt-BR","potentialAction":[{"@type":"ReadAction","target":["https:\/\/www.notibras.com\/site\/inep-libera-gabarito-do-enem-resultado-final-sai-em-janeiro\/"]}]},{"@type":"ImageObject","inLanguage":"pt-BR","@id":"https:\/\/www.notibras.com\/site\/inep-libera-gabarito-do-enem-resultado-final-sai-em-janeiro\/#primaryimage","url":"https:\/\/www.notibras.com\/site\/wp-content\/uploads\/2023\/11\/enem2gaba.webp","contentUrl":"https:\/\/www.notibras.com\/site\/wp-content\/uploads\/2023\/11\/enem2gaba.webp","width":1170,"height":700},{"@type":"BreadcrumbList","@id":"https:\/\/www.notibras.com\/site\/inep-libera-gabarito-do-enem-resultado-final-sai-em-janeiro\/#breadcrumb","itemListElement":[{"@type":"ListItem","position":1,"name":"In\u00edcio","item":"https:\/\/www.notibras.com\/site\/"},{"@type":"ListItem","position":2,"name":"Inep libera gabarito do Enem; resultado final sai em janeiro"}]},{"@type":"WebSite","@id":"https:\/\/www.notibras.com\/site\/#website","url":"https:\/\/www.notibras.com\/site\/","name":"Notibras","description":"Not\u00edcias de Bras\u00edlia, do Brasil e do Mundo","publisher":{"@id":"https:\/\/www.notibras.com\/site\/#organization"},"potentialAction":[{"@type":"SearchAction","target":{"@type":"EntryPoint","urlTemplate":"https:\/\/www.notibras.com\/site\/?s={search_term_string}"},"query-input":{"@type":"PropertyValueSpecification","valueRequired":true,"valueName":"search_term_string"}}],"inLanguage":"pt-BR"},{"@type":"Organization","@id":"https:\/\/www.notibras.com\/site\/#organization","name":"Grupo Notibras de Comunica\u00e7\u00e3o","url":"https:\/\/www.notibras.com\/site\/","logo":{"@type":"ImageObject","inLanguage":"pt-BR","@id":"https:\/\/www.notibras.com\/site\/#\/schema\/logo\/image\/","url":"https:\/\/www.notibras.com\/site\/wp-content\/uploads\/2023\/01\/notibras23.png","contentUrl":"https:\/\/www.notibras.com\/site\/wp-content\/uploads\/2023\/01\/notibras23.png","width":350,"height":87,"caption":"Grupo Notibras de Comunica\u00e7\u00e3o"},"image":{"@id":"https:\/\/www.notibras.com\/site\/#\/schema\/logo\/image\/"},"sameAs":["https:\/\/www.facebook.com\/notibras\/","https:\/\/x.com\/Notibras","https:\/\/www.instagram.com\/notibras\/"]},{"@type":"Person","@id":"https:\/\/www.notibras.com\/site\/#\/schema\/person\/36ab0979449956132d3e5b517ea76ac8","name":"Reda\u00e7\u00e3o","image":{"@type":"ImageObject","inLanguage":"pt-BR","@id":"https:\/\/secure.gravatar.com\/avatar\/e0a867bdedb85fd243eadf09663511f96fc81e0720a4a42581f334ad4303aa6b?s=96&d=mm&r=g","url":"https:\/\/secure.gravatar.com\/avatar\/e0a867bdedb85fd243eadf09663511f96fc81e0720a4a42581f334ad4303aa6b?s=96&d=mm&r=g","contentUrl":"https:\/\/secure.gravatar.com\/avatar\/e0a867bdedb85fd243eadf09663511f96fc81e0720a4a42581f334ad4303aa6b?s=96&d=mm&r=g","caption":"Reda\u00e7\u00e3o"}}]}},"amp_enabled":true,"_links":{"self":[{"href":"https:\/\/www.notibras.com\/site\/wp-json\/wp\/v2\/posts\/316965","targetHints":{"allow":["GET"]}}],"collection":[{"href":"https:\/\/www.notibras.com\/site\/wp-json\/wp\/v2\/posts"}],"about":[{"href":"https:\/\/www.notibras.com\/site\/wp-json\/wp\/v2\/types\/post"}],"author":[{"embeddable":true,"href":"https:\/\/www.notibras.com\/site\/wp-json\/wp\/v2\/users\/2"}],"replies":[{"embeddable":true,"href":"https:\/\/www.notibras.com\/site\/wp-json\/wp\/v2\/comments?post=316965"}],"version-history":[{"count":2,"href":"https:\/\/www.notibras.com\/site\/wp-json\/wp\/v2\/posts\/316965\/revisions"}],"predecessor-version":[{"id":316968,"href":"https:\/\/www.notibras.com\/site\/wp-json\/wp\/v2\/posts\/316965\/revisions\/316968"}],"wp:featuredmedia":[{"embeddable":true,"href":"https:\/\/www.notibras.com\/site\/wp-json\/wp\/v2\/media\/316966"}],"wp:attachment":[{"href":"https:\/\/www.notibras.com\/site\/wp-json\/wp\/v2\/media?parent=316965"}],"wp:term":[{"taxonomy":"category","embeddable":true,"href":"https:\/\/www.notibras.com\/site\/wp-json\/wp\/v2\/categories?post=316965"},{"taxonomy":"post_tag","embeddable":true,"href":"https:\/\/www.notibras.com\/site\/wp-json\/wp\/v2\/tags?post=316965"}],"curies":[{"name":"wp","href":"https:\/\/api.w.org\/{rel}","templated":true}]}}