{"id":316975,"date":"2023-11-15T00:31:44","date_gmt":"2023-11-15T03:31:44","guid":{"rendered":"https:\/\/www.notibras.com\/site\/?p=316975"},"modified":"2023-11-15T06:33:40","modified_gmt":"2023-11-15T09:33:40","slug":"shopping-traz-cancoes-natalinas-e-pluralidade-musical","status":"publish","type":"post","link":"https:\/\/www.notibras.com\/site\/shopping-traz-cancoes-natalinas-e-pluralidade-musical\/","title":{"rendered":"Shopping traz can\u00e7\u00f5es natalinas e pluralidade musical"},"content":{"rendered":"<p>O Coral Mensageiros do Rei abrir\u00e1 a programa\u00e7\u00e3o semanal de corais natalinos no Terra\u00e7o Shopping, nesta sexta-feira (17), \u00e0s 19h30, prometendo encantar a todos com suas belas vozes entrela\u00e7adas, trazendo um repert\u00f3rio emocionante, para aquecer cora\u00e7\u00f5es e criar mem\u00f3rias inesquec\u00edveis.<\/p>\n<p>No s\u00e1bado, 18, o palco ser\u00e1 tomado pelo Coral da Escola Adventista do Guar\u00e1. Este talentoso grupo, conhecido por sua energia contagiante e performance cativante, ir\u00e1 transportar o p\u00fablico para o clima m\u00e1gico e festivo da temporada natalina, \u00e0s 19h30.<\/p>\n<p>J\u00e1 o Almo\u00e7o Musical deste domingo (19) envolver\u00e1 os presentes em uma experi\u00eancia encantadora. \u00c0s 13h, a talentosa cantora Thay Lima, nascida em Sobradinho, ir\u00e1 iluminar a Pra\u00e7a Central com seu repert\u00f3rio ecl\u00e9tico. Desde a inf\u00e2ncia, Thay Lima nutre uma paix\u00e3o pela m\u00fasica que a levou a desenvolver seu incr\u00edvel talento ao longo dos anos. Hoje, ela \u00e9 uma presen\u00e7a marcante nos cen\u00e1rios musicais da cidade, conquistando admiradores com sua habilidade vocal e sua capacidade de transmitir emo\u00e7\u00e3o por meio da m\u00fasica.<\/p>\n<p><strong>Servi\u00e7o:<\/strong><br \/>\nCorais Natalinos<br \/>\nLocal: Pra\u00e7a Central<br \/>\nHor\u00e1rio: 19h30 \u2013 \u00e0s sextas-feiras e s\u00e1bados<br \/>\n17\/11 \u2013 Coral Mensageiros do Rei<br \/>\n18\/11 \u2013 Coral da Escola Adventista do Guar\u00e1<\/p>\n<p>Almo\u00e7o Musical<br \/>\nLocal: Pra\u00e7a Central<br \/>\nHor\u00e1rio: 13h \u2013 domingo<br \/>\n19\/11 &#8211; Thay Lima<\/p>\n","protected":false},"excerpt":{"rendered":"<p>O Coral Mensageiros do Rei abrir\u00e1 a programa\u00e7\u00e3o semanal de corais natalinos no Terra\u00e7o Shopping, nesta sexta-feira (17), \u00e0s 19h30, prometendo encantar a todos com suas belas vozes entrela\u00e7adas, trazendo um repert\u00f3rio emocionante, para aquecer cora\u00e7\u00f5es e criar mem\u00f3rias inesquec\u00edveis. No s\u00e1bado, 18, o palco ser\u00e1 tomado pelo Coral da Escola Adventista do Guar\u00e1. Este [&hellip;]<\/p>\n","protected":false},"author":2,"featured_media":316976,"comment_status":"closed","ping_status":"closed","sticky":false,"template":"","format":"standard","meta":{"_acf_changed":false,"footnotes":""},"categories":[161],"tags":[],"class_list":["post-316975","post","type-post","status-publish","format-standard","has-post-thumbnail","hentry","category-quadradinho-em-foco"],"acf":[],"yoast_head":"<!-- This site is optimized with the Yoast SEO plugin v27.2 - https:\/\/yoast.com\/product\/yoast-seo-wordpress\/ -->\n<title>Shopping traz can\u00e7\u00f5es natalinas e pluralidade musical - Notibras<\/title>\n<meta name=\"robots\" content=\"index, follow, max-snippet:-1, max-image-preview:large, max-video-preview:-1\" \/>\n<link rel=\"canonical\" href=\"https:\/\/www.notibras.com\/site\/shopping-traz-cancoes-natalinas-e-pluralidade-musical\/\" \/>\n<meta property=\"og:locale\" content=\"pt_BR\" \/>\n<meta property=\"og:type\" content=\"article\" \/>\n<meta property=\"og:title\" content=\"Shopping traz can\u00e7\u00f5es natalinas e pluralidade musical - Notibras\" \/>\n<meta property=\"og:description\" content=\"O Coral Mensageiros do Rei abrir\u00e1 a programa\u00e7\u00e3o semanal de corais natalinos no Terra\u00e7o Shopping, nesta sexta-feira (17), \u00e0s 19h30, prometendo encantar a todos com suas belas vozes entrela\u00e7adas, trazendo um repert\u00f3rio emocionante, para aquecer cora\u00e7\u00f5es e criar mem\u00f3rias inesquec\u00edveis. No s\u00e1bado, 18, o palco ser\u00e1 tomado pelo Coral da Escola Adventista do Guar\u00e1. Este [&hellip;]\" \/>\n<meta property=\"og:url\" content=\"https:\/\/www.notibras.com\/site\/shopping-traz-cancoes-natalinas-e-pluralidade-musical\/\" \/>\n<meta property=\"og:site_name\" content=\"Notibras\" \/>\n<meta property=\"article:publisher\" content=\"https:\/\/www.facebook.com\/notibras\/\" \/>\n<meta property=\"article:published_time\" content=\"2023-11-15T03:31:44+00:00\" \/>\n<meta property=\"article:modified_time\" content=\"2023-11-15T09:33:40+00:00\" \/>\n<meta property=\"og:image\" content=\"https:\/\/www.notibras.com\/site\/wp-content\/uploads\/2023\/11\/Coral-da-Escola-Adventista-do-Guara.jpg\" \/>\n\t<meta property=\"og:image:width\" content=\"795\" \/>\n\t<meta property=\"og:image:height\" content=\"357\" \/>\n\t<meta property=\"og:image:type\" content=\"image\/jpeg\" \/>\n<meta name=\"author\" content=\"Reda\u00e7\u00e3o\" \/>\n<meta name=\"twitter:card\" content=\"summary_large_image\" \/>\n<meta name=\"twitter:creator\" content=\"@Notibras\" \/>\n<meta name=\"twitter:site\" content=\"@Notibras\" \/>\n<meta name=\"twitter:label1\" content=\"Escrito por\" \/>\n\t<meta name=\"twitter:data1\" content=\"Reda\u00e7\u00e3o\" \/>\n\t<meta name=\"twitter:label2\" content=\"Est. tempo de leitura\" \/>\n\t<meta name=\"twitter:data2\" content=\"2 minutos\" \/>\n<script type=\"application\/ld+json\" class=\"yoast-schema-graph\">{\"@context\":\"https:\/\/schema.org\",\"@graph\":[{\"@type\":\"Article\",\"@id\":\"https:\/\/www.notibras.com\/site\/shopping-traz-cancoes-natalinas-e-pluralidade-musical\/#article\",\"isPartOf\":{\"@id\":\"https:\/\/www.notibras.com\/site\/shopping-traz-cancoes-natalinas-e-pluralidade-musical\/\"},\"author\":{\"name\":\"Reda\u00e7\u00e3o\",\"@id\":\"https:\/\/www.notibras.com\/site\/#\/schema\/person\/36ab0979449956132d3e5b517ea76ac8\"},\"headline\":\"Shopping traz can\u00e7\u00f5es natalinas e pluralidade musical\",\"datePublished\":\"2023-11-15T03:31:44+00:00\",\"dateModified\":\"2023-11-15T09:33:40+00:00\",\"mainEntityOfPage\":{\"@id\":\"https:\/\/www.notibras.com\/site\/shopping-traz-cancoes-natalinas-e-pluralidade-musical\/\"},\"wordCount\":229,\"publisher\":{\"@id\":\"https:\/\/www.notibras.com\/site\/#organization\"},\"image\":{\"@id\":\"https:\/\/www.notibras.com\/site\/shopping-traz-cancoes-natalinas-e-pluralidade-musical\/#primaryimage\"},\"thumbnailUrl\":\"https:\/\/www.notibras.com\/site\/wp-content\/uploads\/2023\/11\/Coral-da-Escola-Adventista-do-Guara.jpg\",\"articleSection\":[\"Quadradinho em Foco\"],\"inLanguage\":\"pt-BR\"},{\"@type\":\"WebPage\",\"@id\":\"https:\/\/www.notibras.com\/site\/shopping-traz-cancoes-natalinas-e-pluralidade-musical\/\",\"url\":\"https:\/\/www.notibras.com\/site\/shopping-traz-cancoes-natalinas-e-pluralidade-musical\/\",\"name\":\"Shopping traz can\u00e7\u00f5es natalinas e pluralidade musical - Notibras\",\"isPartOf\":{\"@id\":\"https:\/\/www.notibras.com\/site\/#website\"},\"primaryImageOfPage\":{\"@id\":\"https:\/\/www.notibras.com\/site\/shopping-traz-cancoes-natalinas-e-pluralidade-musical\/#primaryimage\"},\"image\":{\"@id\":\"https:\/\/www.notibras.com\/site\/shopping-traz-cancoes-natalinas-e-pluralidade-musical\/#primaryimage\"},\"thumbnailUrl\":\"https:\/\/www.notibras.com\/site\/wp-content\/uploads\/2023\/11\/Coral-da-Escola-Adventista-do-Guara.jpg\",\"datePublished\":\"2023-11-15T03:31:44+00:00\",\"dateModified\":\"2023-11-15T09:33:40+00:00\",\"breadcrumb\":{\"@id\":\"https:\/\/www.notibras.com\/site\/shopping-traz-cancoes-natalinas-e-pluralidade-musical\/#breadcrumb\"},\"inLanguage\":\"pt-BR\",\"potentialAction\":[{\"@type\":\"ReadAction\",\"target\":[\"https:\/\/www.notibras.com\/site\/shopping-traz-cancoes-natalinas-e-pluralidade-musical\/\"]}]},{\"@type\":\"ImageObject\",\"inLanguage\":\"pt-BR\",\"@id\":\"https:\/\/www.notibras.com\/site\/shopping-traz-cancoes-natalinas-e-pluralidade-musical\/#primaryimage\",\"url\":\"https:\/\/www.notibras.com\/site\/wp-content\/uploads\/2023\/11\/Coral-da-Escola-Adventista-do-Guara.jpg\",\"contentUrl\":\"https:\/\/www.notibras.com\/site\/wp-content\/uploads\/2023\/11\/Coral-da-Escola-Adventista-do-Guara.jpg\",\"width\":795,\"height\":357},{\"@type\":\"BreadcrumbList\",\"@id\":\"https:\/\/www.notibras.com\/site\/shopping-traz-cancoes-natalinas-e-pluralidade-musical\/#breadcrumb\",\"itemListElement\":[{\"@type\":\"ListItem\",\"position\":1,\"name\":\"In\u00edcio\",\"item\":\"https:\/\/www.notibras.com\/site\/\"},{\"@type\":\"ListItem\",\"position\":2,\"name\":\"Shopping traz can\u00e7\u00f5es natalinas e pluralidade musical\"}]},{\"@type\":\"WebSite\",\"@id\":\"https:\/\/www.notibras.com\/site\/#website\",\"url\":\"https:\/\/www.notibras.com\/site\/\",\"name\":\"Notibras\",\"description\":\"Not\u00edcias de Bras\u00edlia, do Brasil e do Mundo\",\"publisher\":{\"@id\":\"https:\/\/www.notibras.com\/site\/#organization\"},\"potentialAction\":[{\"@type\":\"SearchAction\",\"target\":{\"@type\":\"EntryPoint\",\"urlTemplate\":\"https:\/\/www.notibras.com\/site\/?s={search_term_string}\"},\"query-input\":{\"@type\":\"PropertyValueSpecification\",\"valueRequired\":true,\"valueName\":\"search_term_string\"}}],\"inLanguage\":\"pt-BR\"},{\"@type\":\"Organization\",\"@id\":\"https:\/\/www.notibras.com\/site\/#organization\",\"name\":\"Grupo Notibras de Comunica\u00e7\u00e3o\",\"url\":\"https:\/\/www.notibras.com\/site\/\",\"logo\":{\"@type\":\"ImageObject\",\"inLanguage\":\"pt-BR\",\"@id\":\"https:\/\/www.notibras.com\/site\/#\/schema\/logo\/image\/\",\"url\":\"https:\/\/www.notibras.com\/site\/wp-content\/uploads\/2023\/01\/notibras23.png\",\"contentUrl\":\"https:\/\/www.notibras.com\/site\/wp-content\/uploads\/2023\/01\/notibras23.png\",\"width\":350,\"height\":87,\"caption\":\"Grupo Notibras de Comunica\u00e7\u00e3o\"},\"image\":{\"@id\":\"https:\/\/www.notibras.com\/site\/#\/schema\/logo\/image\/\"},\"sameAs\":[\"https:\/\/www.facebook.com\/notibras\/\",\"https:\/\/x.com\/Notibras\",\"https:\/\/www.instagram.com\/notibras\/\"]},{\"@type\":\"Person\",\"@id\":\"https:\/\/www.notibras.com\/site\/#\/schema\/person\/36ab0979449956132d3e5b517ea76ac8\",\"name\":\"Reda\u00e7\u00e3o\",\"image\":{\"@type\":\"ImageObject\",\"inLanguage\":\"pt-BR\",\"@id\":\"https:\/\/secure.gravatar.com\/avatar\/e0a867bdedb85fd243eadf09663511f96fc81e0720a4a42581f334ad4303aa6b?s=96&d=mm&r=g\",\"url\":\"https:\/\/secure.gravatar.com\/avatar\/e0a867bdedb85fd243eadf09663511f96fc81e0720a4a42581f334ad4303aa6b?s=96&d=mm&r=g\",\"contentUrl\":\"https:\/\/secure.gravatar.com\/avatar\/e0a867bdedb85fd243eadf09663511f96fc81e0720a4a42581f334ad4303aa6b?s=96&d=mm&r=g\",\"caption\":\"Reda\u00e7\u00e3o\"}}]}<\/script>\n<!-- \/ Yoast SEO plugin. -->","yoast_head_json":{"title":"Shopping traz can\u00e7\u00f5es natalinas e pluralidade musical - Notibras","robots":{"index":"index","follow":"follow","max-snippet":"max-snippet:-1","max-image-preview":"max-image-preview:large","max-video-preview":"max-video-preview:-1"},"canonical":"https:\/\/www.notibras.com\/site\/shopping-traz-cancoes-natalinas-e-pluralidade-musical\/","og_locale":"pt_BR","og_type":"article","og_title":"Shopping traz can\u00e7\u00f5es natalinas e pluralidade musical - Notibras","og_description":"O Coral Mensageiros do Rei abrir\u00e1 a programa\u00e7\u00e3o semanal de corais natalinos no Terra\u00e7o Shopping, nesta sexta-feira (17), \u00e0s 19h30, prometendo encantar a todos com suas belas vozes entrela\u00e7adas, trazendo um repert\u00f3rio emocionante, para aquecer cora\u00e7\u00f5es e criar mem\u00f3rias inesquec\u00edveis. No s\u00e1bado, 18, o palco ser\u00e1 tomado pelo Coral da Escola Adventista do Guar\u00e1. Este [&hellip;]","og_url":"https:\/\/www.notibras.com\/site\/shopping-traz-cancoes-natalinas-e-pluralidade-musical\/","og_site_name":"Notibras","article_publisher":"https:\/\/www.facebook.com\/notibras\/","article_published_time":"2023-11-15T03:31:44+00:00","article_modified_time":"2023-11-15T09:33:40+00:00","og_image":[{"width":795,"height":357,"url":"https:\/\/www.notibras.com\/site\/wp-content\/uploads\/2023\/11\/Coral-da-Escola-Adventista-do-Guara.jpg","type":"image\/jpeg"}],"author":"Reda\u00e7\u00e3o","twitter_card":"summary_large_image","twitter_creator":"@Notibras","twitter_site":"@Notibras","twitter_misc":{"Escrito por":"Reda\u00e7\u00e3o","Est. tempo de leitura":"2 minutos"},"schema":{"@context":"https:\/\/schema.org","@graph":[{"@type":"Article","@id":"https:\/\/www.notibras.com\/site\/shopping-traz-cancoes-natalinas-e-pluralidade-musical\/#article","isPartOf":{"@id":"https:\/\/www.notibras.com\/site\/shopping-traz-cancoes-natalinas-e-pluralidade-musical\/"},"author":{"name":"Reda\u00e7\u00e3o","@id":"https:\/\/www.notibras.com\/site\/#\/schema\/person\/36ab0979449956132d3e5b517ea76ac8"},"headline":"Shopping traz can\u00e7\u00f5es natalinas e pluralidade musical","datePublished":"2023-11-15T03:31:44+00:00","dateModified":"2023-11-15T09:33:40+00:00","mainEntityOfPage":{"@id":"https:\/\/www.notibras.com\/site\/shopping-traz-cancoes-natalinas-e-pluralidade-musical\/"},"wordCount":229,"publisher":{"@id":"https:\/\/www.notibras.com\/site\/#organization"},"image":{"@id":"https:\/\/www.notibras.com\/site\/shopping-traz-cancoes-natalinas-e-pluralidade-musical\/#primaryimage"},"thumbnailUrl":"https:\/\/www.notibras.com\/site\/wp-content\/uploads\/2023\/11\/Coral-da-Escola-Adventista-do-Guara.jpg","articleSection":["Quadradinho em Foco"],"inLanguage":"pt-BR"},{"@type":"WebPage","@id":"https:\/\/www.notibras.com\/site\/shopping-traz-cancoes-natalinas-e-pluralidade-musical\/","url":"https:\/\/www.notibras.com\/site\/shopping-traz-cancoes-natalinas-e-pluralidade-musical\/","name":"Shopping traz can\u00e7\u00f5es natalinas e pluralidade musical - Notibras","isPartOf":{"@id":"https:\/\/www.notibras.com\/site\/#website"},"primaryImageOfPage":{"@id":"https:\/\/www.notibras.com\/site\/shopping-traz-cancoes-natalinas-e-pluralidade-musical\/#primaryimage"},"image":{"@id":"https:\/\/www.notibras.com\/site\/shopping-traz-cancoes-natalinas-e-pluralidade-musical\/#primaryimage"},"thumbnailUrl":"https:\/\/www.notibras.com\/site\/wp-content\/uploads\/2023\/11\/Coral-da-Escola-Adventista-do-Guara.jpg","datePublished":"2023-11-15T03:31:44+00:00","dateModified":"2023-11-15T09:33:40+00:00","breadcrumb":{"@id":"https:\/\/www.notibras.com\/site\/shopping-traz-cancoes-natalinas-e-pluralidade-musical\/#breadcrumb"},"inLanguage":"pt-BR","potentialAction":[{"@type":"ReadAction","target":["https:\/\/www.notibras.com\/site\/shopping-traz-cancoes-natalinas-e-pluralidade-musical\/"]}]},{"@type":"ImageObject","inLanguage":"pt-BR","@id":"https:\/\/www.notibras.com\/site\/shopping-traz-cancoes-natalinas-e-pluralidade-musical\/#primaryimage","url":"https:\/\/www.notibras.com\/site\/wp-content\/uploads\/2023\/11\/Coral-da-Escola-Adventista-do-Guara.jpg","contentUrl":"https:\/\/www.notibras.com\/site\/wp-content\/uploads\/2023\/11\/Coral-da-Escola-Adventista-do-Guara.jpg","width":795,"height":357},{"@type":"BreadcrumbList","@id":"https:\/\/www.notibras.com\/site\/shopping-traz-cancoes-natalinas-e-pluralidade-musical\/#breadcrumb","itemListElement":[{"@type":"ListItem","position":1,"name":"In\u00edcio","item":"https:\/\/www.notibras.com\/site\/"},{"@type":"ListItem","position":2,"name":"Shopping traz can\u00e7\u00f5es natalinas e pluralidade musical"}]},{"@type":"WebSite","@id":"https:\/\/www.notibras.com\/site\/#website","url":"https:\/\/www.notibras.com\/site\/","name":"Notibras","description":"Not\u00edcias de Bras\u00edlia, do Brasil e do Mundo","publisher":{"@id":"https:\/\/www.notibras.com\/site\/#organization"},"potentialAction":[{"@type":"SearchAction","target":{"@type":"EntryPoint","urlTemplate":"https:\/\/www.notibras.com\/site\/?s={search_term_string}"},"query-input":{"@type":"PropertyValueSpecification","valueRequired":true,"valueName":"search_term_string"}}],"inLanguage":"pt-BR"},{"@type":"Organization","@id":"https:\/\/www.notibras.com\/site\/#organization","name":"Grupo Notibras de Comunica\u00e7\u00e3o","url":"https:\/\/www.notibras.com\/site\/","logo":{"@type":"ImageObject","inLanguage":"pt-BR","@id":"https:\/\/www.notibras.com\/site\/#\/schema\/logo\/image\/","url":"https:\/\/www.notibras.com\/site\/wp-content\/uploads\/2023\/01\/notibras23.png","contentUrl":"https:\/\/www.notibras.com\/site\/wp-content\/uploads\/2023\/01\/notibras23.png","width":350,"height":87,"caption":"Grupo Notibras de Comunica\u00e7\u00e3o"},"image":{"@id":"https:\/\/www.notibras.com\/site\/#\/schema\/logo\/image\/"},"sameAs":["https:\/\/www.facebook.com\/notibras\/","https:\/\/x.com\/Notibras","https:\/\/www.instagram.com\/notibras\/"]},{"@type":"Person","@id":"https:\/\/www.notibras.com\/site\/#\/schema\/person\/36ab0979449956132d3e5b517ea76ac8","name":"Reda\u00e7\u00e3o","image":{"@type":"ImageObject","inLanguage":"pt-BR","@id":"https:\/\/secure.gravatar.com\/avatar\/e0a867bdedb85fd243eadf09663511f96fc81e0720a4a42581f334ad4303aa6b?s=96&d=mm&r=g","url":"https:\/\/secure.gravatar.com\/avatar\/e0a867bdedb85fd243eadf09663511f96fc81e0720a4a42581f334ad4303aa6b?s=96&d=mm&r=g","contentUrl":"https:\/\/secure.gravatar.com\/avatar\/e0a867bdedb85fd243eadf09663511f96fc81e0720a4a42581f334ad4303aa6b?s=96&d=mm&r=g","caption":"Reda\u00e7\u00e3o"}}]}},"amp_enabled":true,"_links":{"self":[{"href":"https:\/\/www.notibras.com\/site\/wp-json\/wp\/v2\/posts\/316975","targetHints":{"allow":["GET"]}}],"collection":[{"href":"https:\/\/www.notibras.com\/site\/wp-json\/wp\/v2\/posts"}],"about":[{"href":"https:\/\/www.notibras.com\/site\/wp-json\/wp\/v2\/types\/post"}],"author":[{"embeddable":true,"href":"https:\/\/www.notibras.com\/site\/wp-json\/wp\/v2\/users\/2"}],"replies":[{"embeddable":true,"href":"https:\/\/www.notibras.com\/site\/wp-json\/wp\/v2\/comments?post=316975"}],"version-history":[{"count":1,"href":"https:\/\/www.notibras.com\/site\/wp-json\/wp\/v2\/posts\/316975\/revisions"}],"predecessor-version":[{"id":316977,"href":"https:\/\/www.notibras.com\/site\/wp-json\/wp\/v2\/posts\/316975\/revisions\/316977"}],"wp:featuredmedia":[{"embeddable":true,"href":"https:\/\/www.notibras.com\/site\/wp-json\/wp\/v2\/media\/316976"}],"wp:attachment":[{"href":"https:\/\/www.notibras.com\/site\/wp-json\/wp\/v2\/media?parent=316975"}],"wp:term":[{"taxonomy":"category","embeddable":true,"href":"https:\/\/www.notibras.com\/site\/wp-json\/wp\/v2\/categories?post=316975"},{"taxonomy":"post_tag","embeddable":true,"href":"https:\/\/www.notibras.com\/site\/wp-json\/wp\/v2\/tags?post=316975"}],"curies":[{"name":"wp","href":"https:\/\/api.w.org\/{rel}","templated":true}]}}