{"id":316996,"date":"2023-11-15T08:53:34","date_gmt":"2023-11-15T11:53:34","guid":{"rendered":"https:\/\/www.notibras.com\/site\/?p=316996"},"modified":"2023-11-15T08:53:34","modified_gmt":"2023-11-15T11:53:34","slug":"altas-temperaturas-colocam-em-risco-vida-de-idosos","status":"publish","type":"post","link":"https:\/\/www.notibras.com\/site\/altas-temperaturas-colocam-em-risco-vida-de-idosos\/","title":{"rendered":"Altas temperaturas colocam em risco vida de idosos"},"content":{"rendered":"<p>O principal risco para idosos que enfrentam temperaturas muito elevadas que ocorrem em quase todo o Brasil est\u00e1 relacionado \u00e0 desidrata\u00e7\u00e3o, afirmou o vice-presidente da Sociedade Brasileira de Geriatria e Gerontologia (SBGG), Leonardo Brando de Oliva.<\/p>\n<p>Oliva disse que \u201co idoso j\u00e1 \u00e9 mais suscet\u00edvel \u00e0 desidrata\u00e7\u00e3o do que [pessoas] de outras faixas et\u00e1rias, tanto pela diminui\u00e7\u00e3o da quantidade de \u00e1gua no corpo, mas tamb\u00e9m por redu\u00e7\u00e3o de alguns mecanismos que protegem da desidrata\u00e7\u00e3o\u201d. Nesse caso, o principal \u00e9 o mecanismo da sede, frisou Oliva \u00e0 Ag\u00eancia Brasil.<\/p>\n<p>O que faz as pessoas buscarem se hidratar \u00e9 a sede. S\u00f3 que, no caso dos mais velhos, esse mecanismo do sistema nervoso central envelhece \u00e0 medida em que o envelhecimento avan\u00e7a. Por isso, h\u00e1 a tend\u00eancia de os idosos n\u00e3o sentirem sede, mesmo precisando de l\u00edquidos.<\/p>\n<p><strong>Hidrata\u00e7\u00e3o<\/strong><br \/>\n\u201cSe torna mais dif\u00edcil buscar a hidrata\u00e7\u00e3o, como aceitar a hidrata\u00e7\u00e3o quando a gente a oferece\u201d, explicou o m\u00e9dico. H\u00e1 idosos, por exemplo, que se negam a beber \u00e1gua. Isso ocorre porque eles n\u00e3o t\u00eam sede. \u201cEles n\u00e3o t\u00eam um mecanismo que os jovens possuem, que sinaliza que \u00e9 preciso se hidratar\u201d, acentuou.<\/p>\n<p>Al\u00e9m disso, tamb\u00e9m envelhece no corpo humano, \u00e0 medida que o tempo passa, o sistema de regula\u00e7\u00e3o da temperatura corporal.<\/p>\n<p>\u201cA gente tem mecanismos que aumentam a capacidade de trocar a temperatura com o calor, isto \u00e9, ceder a nossa temperatura. Isso se d\u00e1, principalmente, pela sudorese. Quando estamos com febre e tomamos um antit\u00e9rmico at\u00e9 a febre baixar, a gente sua muito. Esse \u00e9 um dos mecanismos que temos para trocar calor, ceder calor para o ambiente. E esse mecanismo da sudorese tamb\u00e9m pode estar prejudicado nos mais idosos\u201d, sinalizou o especialista.<\/p>\n<p><strong>Vasodilata\u00e7\u00e3o<\/strong><br \/>\nDo mesmo modo, pode haver preju\u00edzo na capacidade de o ser humano se vasodilatar para trocar calor. Esse mecanismo tamb\u00e9m pode estar prejudicado nos mais velhos. Ou seja, al\u00e9m de buscar menos a hidrata\u00e7\u00e3o, h\u00e1 mais dificuldade de liberar o calor do corpo para o ambiente, ou seja, diminuir a temperatura do corpo.<\/p>\n<p>Segundo o m\u00e9dico, isso pode fazer com que o nosso sistema funcione mal. \u00c9 preciso que haja uma temperatura regulada para que todos os \u00f3rg\u00e3os e sistemas funcionem bem. Ent\u00e3o, no momento em que a temperatura aumenta, h\u00e1 a chance de alguma coisa n\u00e3o funcionar bem e o idoso acabar adoecendo.<\/p>\n<p>Quando algu\u00e9m est\u00e1 exposto a extremos de calor, Oliva chamou a aten\u00e7\u00e3o que se deve estar atento, em primeiro lugar, \u00e0 hidrata\u00e7\u00e3o. \u201cN\u00e3o pode esperar a sede vir. \u00c9 preciso ofertar l\u00edquidos o tempo todo, mas l\u00edquidos com sabor. N\u00e3o s\u00f3 \u00e1gua, mas uma \u00e1gua saborizada, \u00e1gua de coco, suco leve, ch\u00e1 gelado. S\u00e3o l\u00edquidos que podem facilitar a aceita\u00e7\u00e3o\u201d, opinou.<\/p>\n<p><strong>Temperatura<\/strong><br \/>\nO segundo ponto \u00e9 prestar aten\u00e7\u00e3o em rela\u00e7\u00e3o \u00e0 exposi\u00e7\u00e3o ao Sol. Deve-se evitar ficar exposto ao Sol, principalmente no per\u00edodo [de mais calor] entre 10h e 16h. N\u00e3o se deve realizar atividades ao ar livre nesse hor\u00e1rio, especialmente atividade f\u00edsica onde se produz calor no corpo. \u201cDeve-se procurar um ambiente mais fresco para que a temperatura do nosso corpo n\u00e3o aumente\u201d, sugeriu o m\u00e9dico.<\/p>\n<p>Em rela\u00e7\u00e3o ao traje, ele disse que os idosos devem usar roupas mais leves e adequadas para a temperatura. \u201cEssas s\u00e3o medidas que a gente pode fazer para evitar consequ\u00eancias ruins do calor extremo\u201d, avaliou.<\/p>\n<p>A seguir, o m\u00e9dico disse que, como o idoso n\u00e3o sente sede, uma forma de perceber se h\u00e1 desidrata\u00e7\u00e3o ou n\u00e3o \u00e9 na urina, tanto em termos de quantidade como de cor. \u201cA urina que vai ficando escura \u00e9 um sinal de desidrata\u00e7\u00e3o e a gente precisa ter aten\u00e7\u00e3o com esse idoso que est\u00e1 com urina de colora\u00e7\u00e3o mais escurecida, para oferecer mais l\u00edquidos para ele\u201d, finalizou.<\/p>\n","protected":false},"excerpt":{"rendered":"<p>O principal risco para idosos que enfrentam temperaturas muito elevadas que ocorrem em quase todo o Brasil est\u00e1 relacionado \u00e0 desidrata\u00e7\u00e3o, afirmou o vice-presidente da Sociedade Brasileira de Geriatria e Gerontologia (SBGG), Leonardo Brando de Oliva. Oliva disse que \u201co idoso j\u00e1 \u00e9 mais suscet\u00edvel \u00e0 desidrata\u00e7\u00e3o do que [pessoas] de outras faixas et\u00e1rias, tanto [&hellip;]<\/p>\n","protected":false},"author":2,"featured_media":316997,"comment_status":"closed","ping_status":"closed","sticky":false,"template":"","format":"standard","meta":{"_acf_changed":false,"footnotes":""},"categories":[161],"tags":[],"class_list":["post-316996","post","type-post","status-publish","format-standard","has-post-thumbnail","hentry","category-quadradinho-em-foco"],"acf":[],"yoast_head":"<!-- This site is optimized with the Yoast SEO plugin v27.2 - https:\/\/yoast.com\/product\/yoast-seo-wordpress\/ -->\n<title>Altas temperaturas colocam em risco vida de idosos - Notibras<\/title>\n<meta name=\"robots\" content=\"index, follow, max-snippet:-1, max-image-preview:large, max-video-preview:-1\" \/>\n<link rel=\"canonical\" href=\"https:\/\/www.notibras.com\/site\/altas-temperaturas-colocam-em-risco-vida-de-idosos\/\" \/>\n<meta property=\"og:locale\" content=\"pt_BR\" \/>\n<meta property=\"og:type\" content=\"article\" \/>\n<meta property=\"og:title\" content=\"Altas temperaturas colocam em risco vida de idosos - Notibras\" \/>\n<meta property=\"og:description\" content=\"O principal risco para idosos que enfrentam temperaturas muito elevadas que ocorrem em quase todo o Brasil est\u00e1 relacionado \u00e0 desidrata\u00e7\u00e3o, afirmou o vice-presidente da Sociedade Brasileira de Geriatria e Gerontologia (SBGG), Leonardo Brando de Oliva. Oliva disse que \u201co idoso j\u00e1 \u00e9 mais suscet\u00edvel \u00e0 desidrata\u00e7\u00e3o do que [pessoas] de outras faixas et\u00e1rias, tanto [&hellip;]\" \/>\n<meta property=\"og:url\" content=\"https:\/\/www.notibras.com\/site\/altas-temperaturas-colocam-em-risco-vida-de-idosos\/\" \/>\n<meta property=\"og:site_name\" content=\"Notibras\" \/>\n<meta property=\"article:publisher\" content=\"https:\/\/www.facebook.com\/notibras\/\" \/>\n<meta property=\"article:published_time\" content=\"2023-11-15T11:53:34+00:00\" \/>\n<meta property=\"og:image\" content=\"https:\/\/www.notibras.com\/site\/wp-content\/uploads\/2023\/11\/calor.idosos.webp\" \/>\n\t<meta property=\"og:image:width\" content=\"1170\" \/>\n\t<meta property=\"og:image:height\" content=\"700\" \/>\n\t<meta property=\"og:image:type\" content=\"image\/webp\" \/>\n<meta name=\"author\" content=\"Reda\u00e7\u00e3o\" \/>\n<meta name=\"twitter:card\" content=\"summary_large_image\" \/>\n<meta name=\"twitter:creator\" content=\"@Notibras\" \/>\n<meta name=\"twitter:site\" content=\"@Notibras\" \/>\n<meta name=\"twitter:label1\" content=\"Escrito por\" \/>\n\t<meta name=\"twitter:data1\" content=\"Reda\u00e7\u00e3o\" \/>\n\t<meta name=\"twitter:label2\" content=\"Est. tempo de leitura\" \/>\n\t<meta name=\"twitter:data2\" content=\"4 minutos\" \/>\n<script type=\"application\/ld+json\" class=\"yoast-schema-graph\">{\"@context\":\"https:\/\/schema.org\",\"@graph\":[{\"@type\":\"Article\",\"@id\":\"https:\/\/www.notibras.com\/site\/altas-temperaturas-colocam-em-risco-vida-de-idosos\/#article\",\"isPartOf\":{\"@id\":\"https:\/\/www.notibras.com\/site\/altas-temperaturas-colocam-em-risco-vida-de-idosos\/\"},\"author\":{\"name\":\"Reda\u00e7\u00e3o\",\"@id\":\"https:\/\/www.notibras.com\/site\/#\/schema\/person\/36ab0979449956132d3e5b517ea76ac8\"},\"headline\":\"Altas temperaturas colocam em risco vida de idosos\",\"datePublished\":\"2023-11-15T11:53:34+00:00\",\"mainEntityOfPage\":{\"@id\":\"https:\/\/www.notibras.com\/site\/altas-temperaturas-colocam-em-risco-vida-de-idosos\/\"},\"wordCount\":672,\"publisher\":{\"@id\":\"https:\/\/www.notibras.com\/site\/#organization\"},\"image\":{\"@id\":\"https:\/\/www.notibras.com\/site\/altas-temperaturas-colocam-em-risco-vida-de-idosos\/#primaryimage\"},\"thumbnailUrl\":\"https:\/\/www.notibras.com\/site\/wp-content\/uploads\/2023\/11\/calor.idosos.webp\",\"articleSection\":[\"Quadradinho em Foco\"],\"inLanguage\":\"pt-BR\"},{\"@type\":\"WebPage\",\"@id\":\"https:\/\/www.notibras.com\/site\/altas-temperaturas-colocam-em-risco-vida-de-idosos\/\",\"url\":\"https:\/\/www.notibras.com\/site\/altas-temperaturas-colocam-em-risco-vida-de-idosos\/\",\"name\":\"Altas temperaturas colocam em risco vida de idosos - Notibras\",\"isPartOf\":{\"@id\":\"https:\/\/www.notibras.com\/site\/#website\"},\"primaryImageOfPage\":{\"@id\":\"https:\/\/www.notibras.com\/site\/altas-temperaturas-colocam-em-risco-vida-de-idosos\/#primaryimage\"},\"image\":{\"@id\":\"https:\/\/www.notibras.com\/site\/altas-temperaturas-colocam-em-risco-vida-de-idosos\/#primaryimage\"},\"thumbnailUrl\":\"https:\/\/www.notibras.com\/site\/wp-content\/uploads\/2023\/11\/calor.idosos.webp\",\"datePublished\":\"2023-11-15T11:53:34+00:00\",\"breadcrumb\":{\"@id\":\"https:\/\/www.notibras.com\/site\/altas-temperaturas-colocam-em-risco-vida-de-idosos\/#breadcrumb\"},\"inLanguage\":\"pt-BR\",\"potentialAction\":[{\"@type\":\"ReadAction\",\"target\":[\"https:\/\/www.notibras.com\/site\/altas-temperaturas-colocam-em-risco-vida-de-idosos\/\"]}]},{\"@type\":\"ImageObject\",\"inLanguage\":\"pt-BR\",\"@id\":\"https:\/\/www.notibras.com\/site\/altas-temperaturas-colocam-em-risco-vida-de-idosos\/#primaryimage\",\"url\":\"https:\/\/www.notibras.com\/site\/wp-content\/uploads\/2023\/11\/calor.idosos.webp\",\"contentUrl\":\"https:\/\/www.notibras.com\/site\/wp-content\/uploads\/2023\/11\/calor.idosos.webp\",\"width\":1170,\"height\":700},{\"@type\":\"BreadcrumbList\",\"@id\":\"https:\/\/www.notibras.com\/site\/altas-temperaturas-colocam-em-risco-vida-de-idosos\/#breadcrumb\",\"itemListElement\":[{\"@type\":\"ListItem\",\"position\":1,\"name\":\"In\u00edcio\",\"item\":\"https:\/\/www.notibras.com\/site\/\"},{\"@type\":\"ListItem\",\"position\":2,\"name\":\"Altas temperaturas colocam em risco vida de idosos\"}]},{\"@type\":\"WebSite\",\"@id\":\"https:\/\/www.notibras.com\/site\/#website\",\"url\":\"https:\/\/www.notibras.com\/site\/\",\"name\":\"Notibras\",\"description\":\"Not\u00edcias de Bras\u00edlia, do Brasil e do Mundo\",\"publisher\":{\"@id\":\"https:\/\/www.notibras.com\/site\/#organization\"},\"potentialAction\":[{\"@type\":\"SearchAction\",\"target\":{\"@type\":\"EntryPoint\",\"urlTemplate\":\"https:\/\/www.notibras.com\/site\/?s={search_term_string}\"},\"query-input\":{\"@type\":\"PropertyValueSpecification\",\"valueRequired\":true,\"valueName\":\"search_term_string\"}}],\"inLanguage\":\"pt-BR\"},{\"@type\":\"Organization\",\"@id\":\"https:\/\/www.notibras.com\/site\/#organization\",\"name\":\"Grupo Notibras de Comunica\u00e7\u00e3o\",\"url\":\"https:\/\/www.notibras.com\/site\/\",\"logo\":{\"@type\":\"ImageObject\",\"inLanguage\":\"pt-BR\",\"@id\":\"https:\/\/www.notibras.com\/site\/#\/schema\/logo\/image\/\",\"url\":\"https:\/\/www.notibras.com\/site\/wp-content\/uploads\/2023\/01\/notibras23.png\",\"contentUrl\":\"https:\/\/www.notibras.com\/site\/wp-content\/uploads\/2023\/01\/notibras23.png\",\"width\":350,\"height\":87,\"caption\":\"Grupo Notibras de Comunica\u00e7\u00e3o\"},\"image\":{\"@id\":\"https:\/\/www.notibras.com\/site\/#\/schema\/logo\/image\/\"},\"sameAs\":[\"https:\/\/www.facebook.com\/notibras\/\",\"https:\/\/x.com\/Notibras\",\"https:\/\/www.instagram.com\/notibras\/\"]},{\"@type\":\"Person\",\"@id\":\"https:\/\/www.notibras.com\/site\/#\/schema\/person\/36ab0979449956132d3e5b517ea76ac8\",\"name\":\"Reda\u00e7\u00e3o\",\"image\":{\"@type\":\"ImageObject\",\"inLanguage\":\"pt-BR\",\"@id\":\"https:\/\/secure.gravatar.com\/avatar\/e0a867bdedb85fd243eadf09663511f96fc81e0720a4a42581f334ad4303aa6b?s=96&d=mm&r=g\",\"url\":\"https:\/\/secure.gravatar.com\/avatar\/e0a867bdedb85fd243eadf09663511f96fc81e0720a4a42581f334ad4303aa6b?s=96&d=mm&r=g\",\"contentUrl\":\"https:\/\/secure.gravatar.com\/avatar\/e0a867bdedb85fd243eadf09663511f96fc81e0720a4a42581f334ad4303aa6b?s=96&d=mm&r=g\",\"caption\":\"Reda\u00e7\u00e3o\"}}]}<\/script>\n<!-- \/ Yoast SEO plugin. -->","yoast_head_json":{"title":"Altas temperaturas colocam em risco vida de idosos - Notibras","robots":{"index":"index","follow":"follow","max-snippet":"max-snippet:-1","max-image-preview":"max-image-preview:large","max-video-preview":"max-video-preview:-1"},"canonical":"https:\/\/www.notibras.com\/site\/altas-temperaturas-colocam-em-risco-vida-de-idosos\/","og_locale":"pt_BR","og_type":"article","og_title":"Altas temperaturas colocam em risco vida de idosos - Notibras","og_description":"O principal risco para idosos que enfrentam temperaturas muito elevadas que ocorrem em quase todo o Brasil est\u00e1 relacionado \u00e0 desidrata\u00e7\u00e3o, afirmou o vice-presidente da Sociedade Brasileira de Geriatria e Gerontologia (SBGG), Leonardo Brando de Oliva. Oliva disse que \u201co idoso j\u00e1 \u00e9 mais suscet\u00edvel \u00e0 desidrata\u00e7\u00e3o do que [pessoas] de outras faixas et\u00e1rias, tanto [&hellip;]","og_url":"https:\/\/www.notibras.com\/site\/altas-temperaturas-colocam-em-risco-vida-de-idosos\/","og_site_name":"Notibras","article_publisher":"https:\/\/www.facebook.com\/notibras\/","article_published_time":"2023-11-15T11:53:34+00:00","og_image":[{"width":1170,"height":700,"url":"https:\/\/www.notibras.com\/site\/wp-content\/uploads\/2023\/11\/calor.idosos.webp","type":"image\/webp"}],"author":"Reda\u00e7\u00e3o","twitter_card":"summary_large_image","twitter_creator":"@Notibras","twitter_site":"@Notibras","twitter_misc":{"Escrito por":"Reda\u00e7\u00e3o","Est. tempo de leitura":"4 minutos"},"schema":{"@context":"https:\/\/schema.org","@graph":[{"@type":"Article","@id":"https:\/\/www.notibras.com\/site\/altas-temperaturas-colocam-em-risco-vida-de-idosos\/#article","isPartOf":{"@id":"https:\/\/www.notibras.com\/site\/altas-temperaturas-colocam-em-risco-vida-de-idosos\/"},"author":{"name":"Reda\u00e7\u00e3o","@id":"https:\/\/www.notibras.com\/site\/#\/schema\/person\/36ab0979449956132d3e5b517ea76ac8"},"headline":"Altas temperaturas colocam em risco vida de idosos","datePublished":"2023-11-15T11:53:34+00:00","mainEntityOfPage":{"@id":"https:\/\/www.notibras.com\/site\/altas-temperaturas-colocam-em-risco-vida-de-idosos\/"},"wordCount":672,"publisher":{"@id":"https:\/\/www.notibras.com\/site\/#organization"},"image":{"@id":"https:\/\/www.notibras.com\/site\/altas-temperaturas-colocam-em-risco-vida-de-idosos\/#primaryimage"},"thumbnailUrl":"https:\/\/www.notibras.com\/site\/wp-content\/uploads\/2023\/11\/calor.idosos.webp","articleSection":["Quadradinho em Foco"],"inLanguage":"pt-BR"},{"@type":"WebPage","@id":"https:\/\/www.notibras.com\/site\/altas-temperaturas-colocam-em-risco-vida-de-idosos\/","url":"https:\/\/www.notibras.com\/site\/altas-temperaturas-colocam-em-risco-vida-de-idosos\/","name":"Altas temperaturas colocam em risco vida de idosos - Notibras","isPartOf":{"@id":"https:\/\/www.notibras.com\/site\/#website"},"primaryImageOfPage":{"@id":"https:\/\/www.notibras.com\/site\/altas-temperaturas-colocam-em-risco-vida-de-idosos\/#primaryimage"},"image":{"@id":"https:\/\/www.notibras.com\/site\/altas-temperaturas-colocam-em-risco-vida-de-idosos\/#primaryimage"},"thumbnailUrl":"https:\/\/www.notibras.com\/site\/wp-content\/uploads\/2023\/11\/calor.idosos.webp","datePublished":"2023-11-15T11:53:34+00:00","breadcrumb":{"@id":"https:\/\/www.notibras.com\/site\/altas-temperaturas-colocam-em-risco-vida-de-idosos\/#breadcrumb"},"inLanguage":"pt-BR","potentialAction":[{"@type":"ReadAction","target":["https:\/\/www.notibras.com\/site\/altas-temperaturas-colocam-em-risco-vida-de-idosos\/"]}]},{"@type":"ImageObject","inLanguage":"pt-BR","@id":"https:\/\/www.notibras.com\/site\/altas-temperaturas-colocam-em-risco-vida-de-idosos\/#primaryimage","url":"https:\/\/www.notibras.com\/site\/wp-content\/uploads\/2023\/11\/calor.idosos.webp","contentUrl":"https:\/\/www.notibras.com\/site\/wp-content\/uploads\/2023\/11\/calor.idosos.webp","width":1170,"height":700},{"@type":"BreadcrumbList","@id":"https:\/\/www.notibras.com\/site\/altas-temperaturas-colocam-em-risco-vida-de-idosos\/#breadcrumb","itemListElement":[{"@type":"ListItem","position":1,"name":"In\u00edcio","item":"https:\/\/www.notibras.com\/site\/"},{"@type":"ListItem","position":2,"name":"Altas temperaturas colocam em risco vida de idosos"}]},{"@type":"WebSite","@id":"https:\/\/www.notibras.com\/site\/#website","url":"https:\/\/www.notibras.com\/site\/","name":"Notibras","description":"Not\u00edcias de Bras\u00edlia, do Brasil e do Mundo","publisher":{"@id":"https:\/\/www.notibras.com\/site\/#organization"},"potentialAction":[{"@type":"SearchAction","target":{"@type":"EntryPoint","urlTemplate":"https:\/\/www.notibras.com\/site\/?s={search_term_string}"},"query-input":{"@type":"PropertyValueSpecification","valueRequired":true,"valueName":"search_term_string"}}],"inLanguage":"pt-BR"},{"@type":"Organization","@id":"https:\/\/www.notibras.com\/site\/#organization","name":"Grupo Notibras de Comunica\u00e7\u00e3o","url":"https:\/\/www.notibras.com\/site\/","logo":{"@type":"ImageObject","inLanguage":"pt-BR","@id":"https:\/\/www.notibras.com\/site\/#\/schema\/logo\/image\/","url":"https:\/\/www.notibras.com\/site\/wp-content\/uploads\/2023\/01\/notibras23.png","contentUrl":"https:\/\/www.notibras.com\/site\/wp-content\/uploads\/2023\/01\/notibras23.png","width":350,"height":87,"caption":"Grupo Notibras de Comunica\u00e7\u00e3o"},"image":{"@id":"https:\/\/www.notibras.com\/site\/#\/schema\/logo\/image\/"},"sameAs":["https:\/\/www.facebook.com\/notibras\/","https:\/\/x.com\/Notibras","https:\/\/www.instagram.com\/notibras\/"]},{"@type":"Person","@id":"https:\/\/www.notibras.com\/site\/#\/schema\/person\/36ab0979449956132d3e5b517ea76ac8","name":"Reda\u00e7\u00e3o","image":{"@type":"ImageObject","inLanguage":"pt-BR","@id":"https:\/\/secure.gravatar.com\/avatar\/e0a867bdedb85fd243eadf09663511f96fc81e0720a4a42581f334ad4303aa6b?s=96&d=mm&r=g","url":"https:\/\/secure.gravatar.com\/avatar\/e0a867bdedb85fd243eadf09663511f96fc81e0720a4a42581f334ad4303aa6b?s=96&d=mm&r=g","contentUrl":"https:\/\/secure.gravatar.com\/avatar\/e0a867bdedb85fd243eadf09663511f96fc81e0720a4a42581f334ad4303aa6b?s=96&d=mm&r=g","caption":"Reda\u00e7\u00e3o"}}]}},"amp_enabled":true,"_links":{"self":[{"href":"https:\/\/www.notibras.com\/site\/wp-json\/wp\/v2\/posts\/316996","targetHints":{"allow":["GET"]}}],"collection":[{"href":"https:\/\/www.notibras.com\/site\/wp-json\/wp\/v2\/posts"}],"about":[{"href":"https:\/\/www.notibras.com\/site\/wp-json\/wp\/v2\/types\/post"}],"author":[{"embeddable":true,"href":"https:\/\/www.notibras.com\/site\/wp-json\/wp\/v2\/users\/2"}],"replies":[{"embeddable":true,"href":"https:\/\/www.notibras.com\/site\/wp-json\/wp\/v2\/comments?post=316996"}],"version-history":[{"count":1,"href":"https:\/\/www.notibras.com\/site\/wp-json\/wp\/v2\/posts\/316996\/revisions"}],"predecessor-version":[{"id":316998,"href":"https:\/\/www.notibras.com\/site\/wp-json\/wp\/v2\/posts\/316996\/revisions\/316998"}],"wp:featuredmedia":[{"embeddable":true,"href":"https:\/\/www.notibras.com\/site\/wp-json\/wp\/v2\/media\/316997"}],"wp:attachment":[{"href":"https:\/\/www.notibras.com\/site\/wp-json\/wp\/v2\/media?parent=316996"}],"wp:term":[{"taxonomy":"category","embeddable":true,"href":"https:\/\/www.notibras.com\/site\/wp-json\/wp\/v2\/categories?post=316996"},{"taxonomy":"post_tag","embeddable":true,"href":"https:\/\/www.notibras.com\/site\/wp-json\/wp\/v2\/tags?post=316996"}],"curies":[{"name":"wp","href":"https:\/\/api.w.org\/{rel}","templated":true}]}}