{"id":316999,"date":"2023-11-15T09:10:44","date_gmt":"2023-11-15T12:10:44","guid":{"rendered":"https:\/\/www.notibras.com\/site\/?p=316999"},"modified":"2023-11-15T09:13:47","modified_gmt":"2023-11-15T12:13:47","slug":"nem-garrincha-nem-pele-marta-e-bola-no-pe","status":"publish","type":"post","link":"https:\/\/www.notibras.com\/site\/nem-garrincha-nem-pele-marta-e-bola-no-pe\/","title":{"rendered":"Nem Garrincha nem Pel\u00e9; Marta \u00e9 bola no p\u00e9"},"content":{"rendered":"<p>L\u00e1 pelas tantas, depois de infinitas batatinhas fritas, calabresas e at\u00e9 uma por\u00e7\u00e3o de frango a passarinho, l\u00e1 est\u00e3o aqueles tr\u00eas amigos quase insepar\u00e1veis. Quase porque, de vez em quando, nem eles pr\u00f3prios se suportavam. Mas eis que, ap\u00f3s discutirem pol\u00edtica, m\u00fasica essa ou aquela, at\u00e9 mesmo uma arriscada em economia, apesar de ningu\u00e9m ser realmente um especialista, surge um tema muito recorrente entre os apaixonados por futebol: afinal, quem \u00e9 melhor: Garrincha ou Pel\u00e9? Obviamente que os protagonistas desse duelo de tit\u00e3s, caso a discuss\u00e3o fosse mais ao sul, n\u00e3o seriam os mesmos e, certamente, o vencedor seria um terceiro g\u00eanio.<\/p>\n<p>O primeiro, que estava degustando mais um gole, afirmou categoricamente que era o Pel\u00e9. \u201cN\u00e3o h\u00e1 d\u00favida, pois ele \u00e9 o maior artilheiro do futebol, ganhou tr\u00eas Copas, dois Mundiais pelo Santos&#8230;\u201d Pois \u00e9, o rei parecia mesmo estar em vantagem, pois n\u00e3o h\u00e1 outro jogador com tantas marcas surpreendentes. Gostem ou n\u00e3o do eterno camisa 10 do Santos, n\u00e3o h\u00e1 como negar a sua carreira fenomenal. Sem qualquer sombra de d\u00favida, um dos maiores da hist\u00f3ria! Ainda mais depois da cl\u00e1ssica conclus\u00e3o do defensor da tese: \u201cOs n\u00fameros n\u00e3o mentem!\u201d<\/p>\n<p>O embate poderia muito bem ter cessado por a\u00ed, caso esses argumentos, apesar de surpreendentes, n\u00e3o fossem colocados em d\u00favida pelo segundo amigo. \u201cPois \u00e9, os n\u00fameros n\u00e3o mentem, mas n\u00e3o d\u00e1 para olhar apenas para os n\u00fameros, j\u00e1 que o futebol \u00e9 um esporte coletivo e, por isso mesmo, h\u00e1 in\u00fameras variantes a serem avaliadas. Se f\u00f4ssemos olhar apenas os n\u00fameros, ter\u00edamos que dizer que alguns pernas de pau que levantaram a ta\u00e7a de alguma Copa seriam melhores que o Zico, o Zizinho, o Platini, o S\u00f3crates&#8230; Ou seja, os n\u00fameros n\u00e3o mentem, mas iludem muitas pessoas. Al\u00e9m disso, o Garrincha, pelo menos aos olhos dos que entendem profundamente o esporte bret\u00e3o, \u00e9 o maior jogador das Copas\u201d.<\/p>\n<p>L\u00e1 estava o terceiro com os olhos fixos no copo, agora com mais espuma que qualquer coisa. Ele escutava as teses dos companheiros de copo. Olhou a \u00faltima batatinha na travessa de metal frio e, com um gesto ligeiro, a levou at\u00e9 a boca. Mastigou-a e a engoliu quase sem gosto. O indicador esquerdo voltou \u00e0 travessa, onde apertou uma pequena quantidade de sal, suficiente para despert\u00e1-lo do transe moment\u00e2neo. \u201cNem Garrincha nem Pel\u00e9!\u201d Os dois companheiros olharam abismados para o dono daquela boca que profanou qualquer bom senso em rela\u00e7\u00e3o a essa eterna d\u00favida brasileira. \u201cNem Garrincha nem Pel\u00e9!\u201d, repetiu. Em seguida, levantou-se e foi em dire\u00e7\u00e3o ao banheiro, n\u00e3o t\u00e3o limpo, do boteco.<\/p>\n<p>Os dois que ficaram na mesa, ainda se recuperando das palavras estapaf\u00fardias do amigo, entreolharam-se e, quase em un\u00edssono, balan\u00e7aram a cabe\u00e7a negativamente. Com certeza, o terceiro amigo teria bebido demais.<\/p>\n<p>&#8211; Ele deve ter ido vomitar, n\u00e3o \u00e9 poss\u00edvel que ele esteja bem.<\/p>\n<p>&#8211; Acho que foi a calabresa, muita gordura.<\/p>\n<p>&#8211; Vamos pedir a conta?<\/p>\n<p>&#8211; \u00c9, j\u00e1 deu por hoje.<\/p>\n<p>Dois minutos ou mais, l\u00e1 vem o terceiro, tr\u00f4pego. O olhar meio emba\u00e7ado, mas nada que um dorso de m\u00e3o n\u00e3o resolva. \u201cMais uma rodada, Juva!\u201d, ele se dirige ao gar\u00e7om de longa data. Os companheiros, est\u00e1ticos, nem questionam. Eles simplesmente observam o amigo por alguns instantes, at\u00e9 que o Juva derrama mais uma garrafa nos copos sedentos.<\/p>\n<p>Os dois amigos encaram o companheiro, esperan\u00e7osos de uma resposta. Ser\u00e1 que ele disse aquilo para contestar? Talvez nem se lembre mais do que disse. Os questionamentos iam e viam, quase ao ritmo das ondas do mar de Copacabana.<\/p>\n<p>&#8211; A Marta!, quase cuspiu. Ningu\u00e9m discute a Marta, ningu\u00e9m questiona se fulana ou sicrana \u00e9 melhor que a Marta. Craca\u00e7a!!!, quase berra. Ela dribla como Garrincha, marca gol como Pel\u00e9, faz lan\u00e7amentos como o Gerson e \u00e9 t\u00e3o inteligente como o Didi. Ningu\u00e9m pode com ela, finalizou.<\/p>\n<p>Os outros dois ficaram apenas observando e, ao mesmo tempo, tentando encontrar argumentos para refutarem os argumentos postos, literalmente, na mesa. N\u00e3o acharam um sequer, talvez por terem aberto a mente para a genialidade da Camisa 10, que h\u00e1 anos dribla as advers\u00e1rias dentro das quatro linhas e, principalmente, muitos outros fora delas.<\/p>\n","protected":false},"excerpt":{"rendered":"<p>L\u00e1 pelas tantas, depois de infinitas batatinhas fritas, calabresas e at\u00e9 uma por\u00e7\u00e3o de frango a passarinho, l\u00e1 est\u00e3o aqueles tr\u00eas amigos quase insepar\u00e1veis. Quase porque, de vez em quando, nem eles pr\u00f3prios se suportavam. Mas eis que, ap\u00f3s discutirem pol\u00edtica, m\u00fasica essa ou aquela, at\u00e9 mesmo uma arriscada em economia, apesar de ningu\u00e9m ser [&hellip;]<\/p>\n","protected":false},"author":2,"featured_media":317001,"comment_status":"closed","ping_status":"closed","sticky":false,"template":"","format":"standard","meta":{"_acf_changed":false,"footnotes":""},"categories":[161],"tags":[],"class_list":["post-316999","post","type-post","status-publish","format-standard","has-post-thumbnail","hentry","category-quadradinho-em-foco"],"acf":[],"yoast_head":"<!-- This site is optimized with the Yoast SEO plugin v27.2 - https:\/\/yoast.com\/product\/yoast-seo-wordpress\/ -->\n<title>Nem Garrincha nem Pel\u00e9; Marta \u00e9 bola no p\u00e9 - Notibras<\/title>\n<meta name=\"robots\" content=\"index, follow, max-snippet:-1, max-image-preview:large, max-video-preview:-1\" \/>\n<link rel=\"canonical\" href=\"https:\/\/www.notibras.com\/site\/nem-garrincha-nem-pele-marta-e-bola-no-pe\/\" \/>\n<meta property=\"og:locale\" content=\"pt_BR\" \/>\n<meta property=\"og:type\" content=\"article\" \/>\n<meta property=\"og:title\" content=\"Nem Garrincha nem Pel\u00e9; Marta \u00e9 bola no p\u00e9 - Notibras\" \/>\n<meta property=\"og:description\" content=\"L\u00e1 pelas tantas, depois de infinitas batatinhas fritas, calabresas e at\u00e9 uma por\u00e7\u00e3o de frango a passarinho, l\u00e1 est\u00e3o aqueles tr\u00eas amigos quase insepar\u00e1veis. Quase porque, de vez em quando, nem eles pr\u00f3prios se suportavam. Mas eis que, ap\u00f3s discutirem pol\u00edtica, m\u00fasica essa ou aquela, at\u00e9 mesmo uma arriscada em economia, apesar de ningu\u00e9m ser [&hellip;]\" \/>\n<meta property=\"og:url\" content=\"https:\/\/www.notibras.com\/site\/nem-garrincha-nem-pele-marta-e-bola-no-pe\/\" \/>\n<meta property=\"og:site_name\" content=\"Notibras\" \/>\n<meta property=\"article:publisher\" content=\"https:\/\/www.facebook.com\/notibras\/\" \/>\n<meta property=\"article:published_time\" content=\"2023-11-15T12:10:44+00:00\" \/>\n<meta property=\"article:modified_time\" content=\"2023-11-15T12:13:47+00:00\" \/>\n<meta property=\"og:image\" content=\"https:\/\/www.notibras.com\/site\/wp-content\/uploads\/2023\/11\/marta.gol_.webp\" \/>\n\t<meta property=\"og:image:width\" content=\"770\" \/>\n\t<meta property=\"og:image:height\" content=\"513\" \/>\n\t<meta property=\"og:image:type\" content=\"image\/webp\" \/>\n<meta name=\"author\" content=\"Reda\u00e7\u00e3o\" \/>\n<meta name=\"twitter:card\" content=\"summary_large_image\" \/>\n<meta name=\"twitter:creator\" content=\"@Notibras\" \/>\n<meta name=\"twitter:site\" content=\"@Notibras\" \/>\n<meta name=\"twitter:label1\" content=\"Escrito por\" \/>\n\t<meta name=\"twitter:data1\" content=\"Reda\u00e7\u00e3o\" \/>\n\t<meta name=\"twitter:label2\" content=\"Est. tempo de leitura\" \/>\n\t<meta name=\"twitter:data2\" content=\"4 minutos\" \/>\n<script type=\"application\/ld+json\" class=\"yoast-schema-graph\">{\"@context\":\"https:\/\/schema.org\",\"@graph\":[{\"@type\":\"Article\",\"@id\":\"https:\/\/www.notibras.com\/site\/nem-garrincha-nem-pele-marta-e-bola-no-pe\/#article\",\"isPartOf\":{\"@id\":\"https:\/\/www.notibras.com\/site\/nem-garrincha-nem-pele-marta-e-bola-no-pe\/\"},\"author\":{\"name\":\"Reda\u00e7\u00e3o\",\"@id\":\"https:\/\/www.notibras.com\/site\/#\/schema\/person\/36ab0979449956132d3e5b517ea76ac8\"},\"headline\":\"Nem Garrincha nem Pel\u00e9; Marta \u00e9 bola no p\u00e9\",\"datePublished\":\"2023-11-15T12:10:44+00:00\",\"dateModified\":\"2023-11-15T12:13:47+00:00\",\"mainEntityOfPage\":{\"@id\":\"https:\/\/www.notibras.com\/site\/nem-garrincha-nem-pele-marta-e-bola-no-pe\/\"},\"wordCount\":752,\"publisher\":{\"@id\":\"https:\/\/www.notibras.com\/site\/#organization\"},\"image\":{\"@id\":\"https:\/\/www.notibras.com\/site\/nem-garrincha-nem-pele-marta-e-bola-no-pe\/#primaryimage\"},\"thumbnailUrl\":\"https:\/\/www.notibras.com\/site\/wp-content\/uploads\/2023\/11\/marta.gol_.webp\",\"articleSection\":[\"Quadradinho em Foco\"],\"inLanguage\":\"pt-BR\"},{\"@type\":\"WebPage\",\"@id\":\"https:\/\/www.notibras.com\/site\/nem-garrincha-nem-pele-marta-e-bola-no-pe\/\",\"url\":\"https:\/\/www.notibras.com\/site\/nem-garrincha-nem-pele-marta-e-bola-no-pe\/\",\"name\":\"Nem Garrincha nem Pel\u00e9; Marta \u00e9 bola no p\u00e9 - Notibras\",\"isPartOf\":{\"@id\":\"https:\/\/www.notibras.com\/site\/#website\"},\"primaryImageOfPage\":{\"@id\":\"https:\/\/www.notibras.com\/site\/nem-garrincha-nem-pele-marta-e-bola-no-pe\/#primaryimage\"},\"image\":{\"@id\":\"https:\/\/www.notibras.com\/site\/nem-garrincha-nem-pele-marta-e-bola-no-pe\/#primaryimage\"},\"thumbnailUrl\":\"https:\/\/www.notibras.com\/site\/wp-content\/uploads\/2023\/11\/marta.gol_.webp\",\"datePublished\":\"2023-11-15T12:10:44+00:00\",\"dateModified\":\"2023-11-15T12:13:47+00:00\",\"breadcrumb\":{\"@id\":\"https:\/\/www.notibras.com\/site\/nem-garrincha-nem-pele-marta-e-bola-no-pe\/#breadcrumb\"},\"inLanguage\":\"pt-BR\",\"potentialAction\":[{\"@type\":\"ReadAction\",\"target\":[\"https:\/\/www.notibras.com\/site\/nem-garrincha-nem-pele-marta-e-bola-no-pe\/\"]}]},{\"@type\":\"ImageObject\",\"inLanguage\":\"pt-BR\",\"@id\":\"https:\/\/www.notibras.com\/site\/nem-garrincha-nem-pele-marta-e-bola-no-pe\/#primaryimage\",\"url\":\"https:\/\/www.notibras.com\/site\/wp-content\/uploads\/2023\/11\/marta.gol_.webp\",\"contentUrl\":\"https:\/\/www.notibras.com\/site\/wp-content\/uploads\/2023\/11\/marta.gol_.webp\",\"width\":770,\"height\":513},{\"@type\":\"BreadcrumbList\",\"@id\":\"https:\/\/www.notibras.com\/site\/nem-garrincha-nem-pele-marta-e-bola-no-pe\/#breadcrumb\",\"itemListElement\":[{\"@type\":\"ListItem\",\"position\":1,\"name\":\"In\u00edcio\",\"item\":\"https:\/\/www.notibras.com\/site\/\"},{\"@type\":\"ListItem\",\"position\":2,\"name\":\"Nem Garrincha nem Pel\u00e9; Marta \u00e9 bola no p\u00e9\"}]},{\"@type\":\"WebSite\",\"@id\":\"https:\/\/www.notibras.com\/site\/#website\",\"url\":\"https:\/\/www.notibras.com\/site\/\",\"name\":\"Notibras\",\"description\":\"Not\u00edcias de Bras\u00edlia, do Brasil e do Mundo\",\"publisher\":{\"@id\":\"https:\/\/www.notibras.com\/site\/#organization\"},\"potentialAction\":[{\"@type\":\"SearchAction\",\"target\":{\"@type\":\"EntryPoint\",\"urlTemplate\":\"https:\/\/www.notibras.com\/site\/?s={search_term_string}\"},\"query-input\":{\"@type\":\"PropertyValueSpecification\",\"valueRequired\":true,\"valueName\":\"search_term_string\"}}],\"inLanguage\":\"pt-BR\"},{\"@type\":\"Organization\",\"@id\":\"https:\/\/www.notibras.com\/site\/#organization\",\"name\":\"Grupo Notibras de Comunica\u00e7\u00e3o\",\"url\":\"https:\/\/www.notibras.com\/site\/\",\"logo\":{\"@type\":\"ImageObject\",\"inLanguage\":\"pt-BR\",\"@id\":\"https:\/\/www.notibras.com\/site\/#\/schema\/logo\/image\/\",\"url\":\"https:\/\/www.notibras.com\/site\/wp-content\/uploads\/2023\/01\/notibras23.png\",\"contentUrl\":\"https:\/\/www.notibras.com\/site\/wp-content\/uploads\/2023\/01\/notibras23.png\",\"width\":350,\"height\":87,\"caption\":\"Grupo Notibras de Comunica\u00e7\u00e3o\"},\"image\":{\"@id\":\"https:\/\/www.notibras.com\/site\/#\/schema\/logo\/image\/\"},\"sameAs\":[\"https:\/\/www.facebook.com\/notibras\/\",\"https:\/\/x.com\/Notibras\",\"https:\/\/www.instagram.com\/notibras\/\"]},{\"@type\":\"Person\",\"@id\":\"https:\/\/www.notibras.com\/site\/#\/schema\/person\/36ab0979449956132d3e5b517ea76ac8\",\"name\":\"Reda\u00e7\u00e3o\",\"image\":{\"@type\":\"ImageObject\",\"inLanguage\":\"pt-BR\",\"@id\":\"https:\/\/secure.gravatar.com\/avatar\/e0a867bdedb85fd243eadf09663511f96fc81e0720a4a42581f334ad4303aa6b?s=96&d=mm&r=g\",\"url\":\"https:\/\/secure.gravatar.com\/avatar\/e0a867bdedb85fd243eadf09663511f96fc81e0720a4a42581f334ad4303aa6b?s=96&d=mm&r=g\",\"contentUrl\":\"https:\/\/secure.gravatar.com\/avatar\/e0a867bdedb85fd243eadf09663511f96fc81e0720a4a42581f334ad4303aa6b?s=96&d=mm&r=g\",\"caption\":\"Reda\u00e7\u00e3o\"}}]}<\/script>\n<!-- \/ Yoast SEO plugin. -->","yoast_head_json":{"title":"Nem Garrincha nem Pel\u00e9; Marta \u00e9 bola no p\u00e9 - Notibras","robots":{"index":"index","follow":"follow","max-snippet":"max-snippet:-1","max-image-preview":"max-image-preview:large","max-video-preview":"max-video-preview:-1"},"canonical":"https:\/\/www.notibras.com\/site\/nem-garrincha-nem-pele-marta-e-bola-no-pe\/","og_locale":"pt_BR","og_type":"article","og_title":"Nem Garrincha nem Pel\u00e9; Marta \u00e9 bola no p\u00e9 - Notibras","og_description":"L\u00e1 pelas tantas, depois de infinitas batatinhas fritas, calabresas e at\u00e9 uma por\u00e7\u00e3o de frango a passarinho, l\u00e1 est\u00e3o aqueles tr\u00eas amigos quase insepar\u00e1veis. Quase porque, de vez em quando, nem eles pr\u00f3prios se suportavam. Mas eis que, ap\u00f3s discutirem pol\u00edtica, m\u00fasica essa ou aquela, at\u00e9 mesmo uma arriscada em economia, apesar de ningu\u00e9m ser [&hellip;]","og_url":"https:\/\/www.notibras.com\/site\/nem-garrincha-nem-pele-marta-e-bola-no-pe\/","og_site_name":"Notibras","article_publisher":"https:\/\/www.facebook.com\/notibras\/","article_published_time":"2023-11-15T12:10:44+00:00","article_modified_time":"2023-11-15T12:13:47+00:00","og_image":[{"width":770,"height":513,"url":"https:\/\/www.notibras.com\/site\/wp-content\/uploads\/2023\/11\/marta.gol_.webp","type":"image\/webp"}],"author":"Reda\u00e7\u00e3o","twitter_card":"summary_large_image","twitter_creator":"@Notibras","twitter_site":"@Notibras","twitter_misc":{"Escrito por":"Reda\u00e7\u00e3o","Est. tempo de leitura":"4 minutos"},"schema":{"@context":"https:\/\/schema.org","@graph":[{"@type":"Article","@id":"https:\/\/www.notibras.com\/site\/nem-garrincha-nem-pele-marta-e-bola-no-pe\/#article","isPartOf":{"@id":"https:\/\/www.notibras.com\/site\/nem-garrincha-nem-pele-marta-e-bola-no-pe\/"},"author":{"name":"Reda\u00e7\u00e3o","@id":"https:\/\/www.notibras.com\/site\/#\/schema\/person\/36ab0979449956132d3e5b517ea76ac8"},"headline":"Nem Garrincha nem Pel\u00e9; Marta \u00e9 bola no p\u00e9","datePublished":"2023-11-15T12:10:44+00:00","dateModified":"2023-11-15T12:13:47+00:00","mainEntityOfPage":{"@id":"https:\/\/www.notibras.com\/site\/nem-garrincha-nem-pele-marta-e-bola-no-pe\/"},"wordCount":752,"publisher":{"@id":"https:\/\/www.notibras.com\/site\/#organization"},"image":{"@id":"https:\/\/www.notibras.com\/site\/nem-garrincha-nem-pele-marta-e-bola-no-pe\/#primaryimage"},"thumbnailUrl":"https:\/\/www.notibras.com\/site\/wp-content\/uploads\/2023\/11\/marta.gol_.webp","articleSection":["Quadradinho em Foco"],"inLanguage":"pt-BR"},{"@type":"WebPage","@id":"https:\/\/www.notibras.com\/site\/nem-garrincha-nem-pele-marta-e-bola-no-pe\/","url":"https:\/\/www.notibras.com\/site\/nem-garrincha-nem-pele-marta-e-bola-no-pe\/","name":"Nem Garrincha nem Pel\u00e9; Marta \u00e9 bola no p\u00e9 - Notibras","isPartOf":{"@id":"https:\/\/www.notibras.com\/site\/#website"},"primaryImageOfPage":{"@id":"https:\/\/www.notibras.com\/site\/nem-garrincha-nem-pele-marta-e-bola-no-pe\/#primaryimage"},"image":{"@id":"https:\/\/www.notibras.com\/site\/nem-garrincha-nem-pele-marta-e-bola-no-pe\/#primaryimage"},"thumbnailUrl":"https:\/\/www.notibras.com\/site\/wp-content\/uploads\/2023\/11\/marta.gol_.webp","datePublished":"2023-11-15T12:10:44+00:00","dateModified":"2023-11-15T12:13:47+00:00","breadcrumb":{"@id":"https:\/\/www.notibras.com\/site\/nem-garrincha-nem-pele-marta-e-bola-no-pe\/#breadcrumb"},"inLanguage":"pt-BR","potentialAction":[{"@type":"ReadAction","target":["https:\/\/www.notibras.com\/site\/nem-garrincha-nem-pele-marta-e-bola-no-pe\/"]}]},{"@type":"ImageObject","inLanguage":"pt-BR","@id":"https:\/\/www.notibras.com\/site\/nem-garrincha-nem-pele-marta-e-bola-no-pe\/#primaryimage","url":"https:\/\/www.notibras.com\/site\/wp-content\/uploads\/2023\/11\/marta.gol_.webp","contentUrl":"https:\/\/www.notibras.com\/site\/wp-content\/uploads\/2023\/11\/marta.gol_.webp","width":770,"height":513},{"@type":"BreadcrumbList","@id":"https:\/\/www.notibras.com\/site\/nem-garrincha-nem-pele-marta-e-bola-no-pe\/#breadcrumb","itemListElement":[{"@type":"ListItem","position":1,"name":"In\u00edcio","item":"https:\/\/www.notibras.com\/site\/"},{"@type":"ListItem","position":2,"name":"Nem Garrincha nem Pel\u00e9; Marta \u00e9 bola no p\u00e9"}]},{"@type":"WebSite","@id":"https:\/\/www.notibras.com\/site\/#website","url":"https:\/\/www.notibras.com\/site\/","name":"Notibras","description":"Not\u00edcias de Bras\u00edlia, do Brasil e do Mundo","publisher":{"@id":"https:\/\/www.notibras.com\/site\/#organization"},"potentialAction":[{"@type":"SearchAction","target":{"@type":"EntryPoint","urlTemplate":"https:\/\/www.notibras.com\/site\/?s={search_term_string}"},"query-input":{"@type":"PropertyValueSpecification","valueRequired":true,"valueName":"search_term_string"}}],"inLanguage":"pt-BR"},{"@type":"Organization","@id":"https:\/\/www.notibras.com\/site\/#organization","name":"Grupo Notibras de Comunica\u00e7\u00e3o","url":"https:\/\/www.notibras.com\/site\/","logo":{"@type":"ImageObject","inLanguage":"pt-BR","@id":"https:\/\/www.notibras.com\/site\/#\/schema\/logo\/image\/","url":"https:\/\/www.notibras.com\/site\/wp-content\/uploads\/2023\/01\/notibras23.png","contentUrl":"https:\/\/www.notibras.com\/site\/wp-content\/uploads\/2023\/01\/notibras23.png","width":350,"height":87,"caption":"Grupo Notibras de Comunica\u00e7\u00e3o"},"image":{"@id":"https:\/\/www.notibras.com\/site\/#\/schema\/logo\/image\/"},"sameAs":["https:\/\/www.facebook.com\/notibras\/","https:\/\/x.com\/Notibras","https:\/\/www.instagram.com\/notibras\/"]},{"@type":"Person","@id":"https:\/\/www.notibras.com\/site\/#\/schema\/person\/36ab0979449956132d3e5b517ea76ac8","name":"Reda\u00e7\u00e3o","image":{"@type":"ImageObject","inLanguage":"pt-BR","@id":"https:\/\/secure.gravatar.com\/avatar\/e0a867bdedb85fd243eadf09663511f96fc81e0720a4a42581f334ad4303aa6b?s=96&d=mm&r=g","url":"https:\/\/secure.gravatar.com\/avatar\/e0a867bdedb85fd243eadf09663511f96fc81e0720a4a42581f334ad4303aa6b?s=96&d=mm&r=g","contentUrl":"https:\/\/secure.gravatar.com\/avatar\/e0a867bdedb85fd243eadf09663511f96fc81e0720a4a42581f334ad4303aa6b?s=96&d=mm&r=g","caption":"Reda\u00e7\u00e3o"}}]}},"amp_enabled":true,"_links":{"self":[{"href":"https:\/\/www.notibras.com\/site\/wp-json\/wp\/v2\/posts\/316999","targetHints":{"allow":["GET"]}}],"collection":[{"href":"https:\/\/www.notibras.com\/site\/wp-json\/wp\/v2\/posts"}],"about":[{"href":"https:\/\/www.notibras.com\/site\/wp-json\/wp\/v2\/types\/post"}],"author":[{"embeddable":true,"href":"https:\/\/www.notibras.com\/site\/wp-json\/wp\/v2\/users\/2"}],"replies":[{"embeddable":true,"href":"https:\/\/www.notibras.com\/site\/wp-json\/wp\/v2\/comments?post=316999"}],"version-history":[{"count":2,"href":"https:\/\/www.notibras.com\/site\/wp-json\/wp\/v2\/posts\/316999\/revisions"}],"predecessor-version":[{"id":317003,"href":"https:\/\/www.notibras.com\/site\/wp-json\/wp\/v2\/posts\/316999\/revisions\/317003"}],"wp:featuredmedia":[{"embeddable":true,"href":"https:\/\/www.notibras.com\/site\/wp-json\/wp\/v2\/media\/317001"}],"wp:attachment":[{"href":"https:\/\/www.notibras.com\/site\/wp-json\/wp\/v2\/media?parent=316999"}],"wp:term":[{"taxonomy":"category","embeddable":true,"href":"https:\/\/www.notibras.com\/site\/wp-json\/wp\/v2\/categories?post=316999"},{"taxonomy":"post_tag","embeddable":true,"href":"https:\/\/www.notibras.com\/site\/wp-json\/wp\/v2\/tags?post=316999"}],"curies":[{"name":"wp","href":"https:\/\/api.w.org\/{rel}","templated":true}]}}