{"id":317057,"date":"2023-11-16T00:20:45","date_gmt":"2023-11-16T03:20:45","guid":{"rendered":"https:\/\/www.notibras.com\/site\/?p=317057"},"modified":"2023-11-16T06:23:02","modified_gmt":"2023-11-16T09:23:02","slug":"bebes-e-gestantes-precisam-de-comidas-leves-e-mais-liquido","status":"publish","type":"post","link":"https:\/\/www.notibras.com\/site\/bebes-e-gestantes-precisam-de-comidas-leves-e-mais-liquido\/","title":{"rendered":"Beb\u00eas e gestantes precisam de comidas leves e mais l\u00edquido"},"content":{"rendered":"<p>Na gesta\u00e7\u00e3o, a temperatura corporal da mulher aumenta aproximadamente meio grau e, em dias mais quentes, isso pode causar grande inc\u00f4modo para a futura mam\u00e3e, pois o calor excessivo provoca incha\u00e7o e pode deix\u00e1-la mais cansada, principalmente no \u00faltimo trimestre da gravidez. O alerta \u00e9 da m\u00e9dica C\u00e9lia Regina Silva, vice-presidente da Associa\u00e7\u00e3o de Ginecologia e Obstetr\u00edcia.<\/p>\n<p>Em um quadro de temperaturas elevadas, como as que o Brasil vive no momento, C\u00e9lia Regina disse que \u00e9 essencial tomar bastante \u00e1gua e manter uma alimenta\u00e7\u00e3o saud\u00e1vel, incluindo refei\u00e7\u00f5es mais frias, como saladas e frutas.<\/p>\n<p>\u201c\u2028Geralmente, o incha\u00e7o \u00e9 causado pela compress\u00e3o do \u00fatero sobre os vasos respons\u00e1veis pelo retorno do sangue das pernas ao cora\u00e7\u00e3o. A circula\u00e7\u00e3o \u00e9 ainda mais prejudicada quando esses vasos s\u00e3o dilatados pelo calor. Para prevenir o problema, as gestantes precisam alterar as posi\u00e7\u00f5es corporais durante o dia. Se as pernas estiverem muito inchadas, \u00e9 recomend\u00e1vel deix\u00e1-las elevadas por um tempo.\u201d Para a mulher que trabalha em p\u00e9 ou sentada, a m\u00e9dica aconselha n\u00e3o ficar parada mais do que uma hora.<\/p>\n<p>Tamb\u00e9m vice-presidente da associa\u00e7\u00e3o, o obstetra Renato S\u00e1 ressaltou que, no caso da gestante de risco habitual, que n\u00e3o tem comorbidades, a preocupa\u00e7\u00e3o \u00e9 com a hidrata\u00e7\u00e3o, que tem que ser a adequada, porque as mulheres gr\u00e1vidas t\u00eam dificuldade para controlar a press\u00e3o. &#8220;Todo mundo j\u00e1 viu gr\u00e1vidas desmaiando, especialmente em condi\u00e7\u00f5es de calor&#8221;, disse o m\u00e9dico. Por isso, \u00e9 preciso que elas mantenham uma hidrata\u00e7\u00e3o melhor.<\/p>\n<p>No momento atual, em que os brasileiros enfrentam temperaturas muito elevadas, existem dois problemas: excesso de calor e baixa umidade do ar. A tend\u00eancia \u00e9 a pessoa desidratar bem mais. \u201cE isso \u00e9 para gestantes e para todo mundo.\u201d<\/p>\n<p><strong>Comorbidades<\/strong><br \/>\nTamb\u00e9m \u00e9 preciso ter aten\u00e7\u00e3o as gestantes que t\u00eam comorbidades, entre as quais, a quest\u00e3o da press\u00e3o arterial e pr\u00e9-eclampsia. \u201cPorque a\u00ed n\u00e3o \u00e9 s\u00f3 a quest\u00e3o da hidrata\u00e7\u00e3o, mas como ela vai ser feita e qual repercuss\u00e3o que o calor pode ter na press\u00e3o arterial da gr\u00e1vida\u201d, destacou Renato S\u00e1. Esta pode ser uma situa\u00e7\u00e3o em que a gr\u00e1vida precisa consultar o m\u00e9dico do pr\u00e9-natal para saber se ter\u00e1 que mudar alguma coisa em sua conduta.<\/p>\n<p>Segundo o m\u00e9dico, outro ponto nevr\u00e1lgico \u00e9 que mulheres gr\u00e1vidas t\u00eam tend\u00eancia maior \u00e0 infec\u00e7\u00e3o urin\u00e1ria. Ele advertiu que a baixa hidrata\u00e7\u00e3o aumenta o rico de infec\u00e7\u00e3o urin\u00e1ria e que isso pode ser muito grave para uma gestante, levando at\u00e9 a uma infec\u00e7\u00e3o generalizada, ou septicemia. \u201cA mulher precisa de um cuidado maior ainda em rela\u00e7\u00e3o \u00e0 hidrata\u00e7\u00e3o, que todo mundo pode ter, mas por esse ponto espec\u00edfico da infec\u00e7\u00e3o urin\u00e1ria\u201d, acrescentou.<\/p>\n<p>As mulheres que j\u00e1 tiveram o beb\u00ea, as lactantes, precisam de mais hidrata\u00e7\u00e3o ainda, porque 90% do leite materno \u00e9 \u00e1gua. \u201cSe ela n\u00e3o beber bastante l\u00edquido, n\u00e3o conseguir\u00e1 produzir leite adequadamente\u201d. No caso do beb\u00ea, percebe-se que o controle de temperatura \u00e9 muito fr\u00e1gil e ele desidrata com muita facilidade. Basicamente, a nutri\u00e7\u00e3o e alimenta\u00e7\u00e3o de um beb\u00ea \u00e9 leite materno. Por isso, a lactante tem que ter uma produ\u00e7\u00e3o bem adequada para suprir tanto as necessidades nutricionais quanto de hidrata\u00e7\u00e3o da crian\u00e7a, explicou Renato S\u00e1.<\/p>\n<p>O m\u00e9dico n\u00e3o recomenda que se tome refrigerante em vez de \u00e1gua. \u201cIsso n\u00e3o \u00e9 interessante, porque, no caso da gr\u00e1vida, por exemplo, ela pode ter diabetes gestacional. E h\u00e1 a situa\u00e7\u00e3o cal\u00f3rica, \u00e0s vezes tamb\u00e9m de sucos. N\u00e3o \u00e9 o mais adequado. O mais adequado \u00e9 \u00e1gua mesmo. A recomenda\u00e7\u00e3o \u00e9 hidratar, preferencialmente com \u00e1gua\u201d.<\/p>\n<p>As gr\u00e1vidas e lactantes devem evitar tamb\u00e9m bebidas com cafe\u00edna. \u201cN\u00e3o est\u00e3o proibidas, mas devem ser evitadas\u201d. A orienta\u00e7\u00e3o do obstetra \u00e9 hidrata\u00e7\u00e3o, preferencialmente com \u00e1gua. Se ela quiser uma fruta, o ideal \u00e9 que coma, em vez de fazer suco, que tem mais caloria.\u201d<\/p>\n<p><strong>Crian\u00e7as<\/strong><br \/>\nDe acordo com a m\u00e9dica Tania Sih, membro do Departamento Cient\u00edfico de Pediatria Ambulatorial da Sociedade Brasileira de Pediatria (SBP), o principal problema que as temperaturas elevadas podem provocar nos beb\u00eas e crian\u00e7as \u00e9 a hipertermia, quando o corpo fica com temperatura mais elevada do que normal.<\/p>\n<p>Quando a fam\u00edlia n\u00e3o tem aparelho de ar condicionado, a orienta\u00e7\u00e3o \u00e9 manter janelas e portas abertas para que o ar circule, ou ventilador de teto. \u201cQuanto mais o ar circula, melhor\u201d. Em segundo lugar, crian\u00e7as e adultos t\u00eam que se hidratar. Mesmo que o menor n\u00e3o pe\u00e7a, devem ser oferecidos a ele l\u00edquidos a cada 15 ou 20 minutos, recomendou a pediatra.<\/p>\n<p>\u201cSe for dar algum alimento \u00e0 crian\u00e7a, de prefer\u00eancia, n\u00e3o d\u00ea nada seco, como galinha assada, por exemplo, porque seca a garganta. A comida deve ser mais molhada\u201d. Segundo Tania, uma boa op\u00e7\u00e3o s\u00e3o frutas com bastante l\u00edquido, como melancia. \u201cE v\u00e1 alternando \u00e1gua e sucos com alimentos mais l\u00edquidos.\u201d<\/p>\n<p><strong>Creme no corpo<\/strong><br \/>\nTamb\u00e9m \u00e9 aconselh\u00e1vel hidratar a pele da crian\u00e7a. \u201cEu deixaria a crian\u00e7a, de prefer\u00eancia, s\u00f3 de fraldinha, de p\u00e9 descal\u00e7o, s\u00f3 de camiseta. E n\u00e3o esquecer de passar um creme hidratante. Importante tamb\u00e9m \u00e9 a crian\u00e7a n\u00e3o ir para a rua, mas ficar dentro de casa, \u201ccom janela aberta, ar-condicionado ou ventilador de teto ligado.\u201d<\/p>\n<p>Para a m\u00e9dica, n\u00e3o h\u00e1 problema em tomar gelados, como sorvetes. Para evitar que o nariz seque muito, pelo menos quatro vezes por dia, os pais devem usar soro fisiol\u00f3gico ou borrifar um spray de higiene nasal sem corticoides no nariz da crian\u00e7a. Os l\u00e1bios devem receber manteiga de cacau. E n\u00e3o se deve esquecer de quando for aplicar o creme hidratante, aplicar tamb\u00e9m na orelha, na parte externa que encontra o cabelo, para evitar rachaduras e infec\u00e7\u00f5es.<\/p>\n<p>Tania Sih recomendou ainda que as m\u00e3es passem a m\u00e3o \u00famida na cabe\u00e7a dos filhos, de modo a umedecer o couro cabeludo. \u201cA crian\u00e7a tem que estar com creme hidratante no corpo, sem esquecer a orelha, com manteiga de cacau nos l\u00e1bios e tomar l\u00edquidos para que a boca fique \u00famida por dentro, e o nariz tem que estar hidratado com qualquer sorinho fisiol\u00f3gico de conta-gotas ou de spray&#8221;, refor\u00e7ou.<\/p>\n<p>A m\u00e9dica enfatizou que \u00e9 bom a crian\u00e7a ficar s\u00f3 com a fralda, pezinhos descal\u00e7os, correndo dentro de casa \u00e0 vontade, sem sair l\u00e1 fora, porque &#8220;ali o morma\u00e7o \u00e9 muito mais forte\u201d. Estes seriam os principais cuidados a serem tomados em situa\u00e7\u00f5es de temperatura muito elevada, al\u00e9m dos alimentos que se transformam em \u00e1gua com facilidade, como melancia e frutas. \u201cE bastante suco e \u00e1gua\u201d. A temperatura dos l\u00edquidos pode ser gelada, sem problema nenhum, reiterou.<\/p>\n","protected":false},"excerpt":{"rendered":"<p>Na gesta\u00e7\u00e3o, a temperatura corporal da mulher aumenta aproximadamente meio grau e, em dias mais quentes, isso pode causar grande inc\u00f4modo para a futura mam\u00e3e, pois o calor excessivo provoca incha\u00e7o e pode deix\u00e1-la mais cansada, principalmente no \u00faltimo trimestre da gravidez. O alerta \u00e9 da m\u00e9dica C\u00e9lia Regina Silva, vice-presidente da Associa\u00e7\u00e3o de Ginecologia [&hellip;]<\/p>\n","protected":false},"author":2,"featured_media":317058,"comment_status":"closed","ping_status":"closed","sticky":false,"template":"","format":"standard","meta":{"_acf_changed":false,"footnotes":""},"categories":[161],"tags":[],"class_list":["post-317057","post","type-post","status-publish","format-standard","has-post-thumbnail","hentry","category-quadradinho-em-foco"],"acf":[],"yoast_head":"<!-- This site is optimized with the Yoast SEO plugin v27.2 - https:\/\/yoast.com\/product\/yoast-seo-wordpress\/ -->\n<title>Beb\u00eas e gestantes precisam de comidas leves e mais l\u00edquido - Notibras<\/title>\n<meta name=\"robots\" content=\"index, follow, max-snippet:-1, max-image-preview:large, max-video-preview:-1\" \/>\n<link rel=\"canonical\" href=\"https:\/\/www.notibras.com\/site\/bebes-e-gestantes-precisam-de-comidas-leves-e-mais-liquido\/\" \/>\n<meta property=\"og:locale\" content=\"pt_BR\" \/>\n<meta property=\"og:type\" content=\"article\" \/>\n<meta property=\"og:title\" content=\"Beb\u00eas e gestantes precisam de comidas leves e mais l\u00edquido - Notibras\" \/>\n<meta property=\"og:description\" content=\"Na gesta\u00e7\u00e3o, a temperatura corporal da mulher aumenta aproximadamente meio grau e, em dias mais quentes, isso pode causar grande inc\u00f4modo para a futura mam\u00e3e, pois o calor excessivo provoca incha\u00e7o e pode deix\u00e1-la mais cansada, principalmente no \u00faltimo trimestre da gravidez. O alerta \u00e9 da m\u00e9dica C\u00e9lia Regina Silva, vice-presidente da Associa\u00e7\u00e3o de Ginecologia [&hellip;]\" \/>\n<meta property=\"og:url\" content=\"https:\/\/www.notibras.com\/site\/bebes-e-gestantes-precisam-de-comidas-leves-e-mais-liquido\/\" \/>\n<meta property=\"og:site_name\" content=\"Notibras\" \/>\n<meta property=\"article:publisher\" content=\"https:\/\/www.facebook.com\/notibras\/\" \/>\n<meta property=\"article:published_time\" content=\"2023-11-16T03:20:45+00:00\" \/>\n<meta property=\"article:modified_time\" content=\"2023-11-16T09:23:02+00:00\" \/>\n<meta property=\"og:image\" content=\"https:\/\/www.notibras.com\/site\/wp-content\/uploads\/2023\/11\/bebe.sede_.webp\" \/>\n\t<meta property=\"og:image:width\" content=\"1170\" \/>\n\t<meta property=\"og:image:height\" content=\"700\" \/>\n\t<meta property=\"og:image:type\" content=\"image\/webp\" \/>\n<meta name=\"author\" content=\"Reda\u00e7\u00e3o\" \/>\n<meta name=\"twitter:card\" content=\"summary_large_image\" \/>\n<meta name=\"twitter:creator\" content=\"@Notibras\" \/>\n<meta name=\"twitter:site\" content=\"@Notibras\" \/>\n<meta name=\"twitter:label1\" content=\"Escrito por\" \/>\n\t<meta name=\"twitter:data1\" content=\"Reda\u00e7\u00e3o\" \/>\n\t<meta name=\"twitter:label2\" content=\"Est. tempo de leitura\" \/>\n\t<meta name=\"twitter:data2\" content=\"6 minutos\" \/>\n<script type=\"application\/ld+json\" class=\"yoast-schema-graph\">{\"@context\":\"https:\/\/schema.org\",\"@graph\":[{\"@type\":\"Article\",\"@id\":\"https:\/\/www.notibras.com\/site\/bebes-e-gestantes-precisam-de-comidas-leves-e-mais-liquido\/#article\",\"isPartOf\":{\"@id\":\"https:\/\/www.notibras.com\/site\/bebes-e-gestantes-precisam-de-comidas-leves-e-mais-liquido\/\"},\"author\":{\"name\":\"Reda\u00e7\u00e3o\",\"@id\":\"https:\/\/www.notibras.com\/site\/#\/schema\/person\/36ab0979449956132d3e5b517ea76ac8\"},\"headline\":\"Beb\u00eas e gestantes precisam de comidas leves e mais l\u00edquido\",\"datePublished\":\"2023-11-16T03:20:45+00:00\",\"dateModified\":\"2023-11-16T09:23:02+00:00\",\"mainEntityOfPage\":{\"@id\":\"https:\/\/www.notibras.com\/site\/bebes-e-gestantes-precisam-de-comidas-leves-e-mais-liquido\/\"},\"wordCount\":1188,\"publisher\":{\"@id\":\"https:\/\/www.notibras.com\/site\/#organization\"},\"image\":{\"@id\":\"https:\/\/www.notibras.com\/site\/bebes-e-gestantes-precisam-de-comidas-leves-e-mais-liquido\/#primaryimage\"},\"thumbnailUrl\":\"https:\/\/www.notibras.com\/site\/wp-content\/uploads\/2023\/11\/bebe.sede_.webp\",\"articleSection\":[\"Quadradinho em Foco\"],\"inLanguage\":\"pt-BR\"},{\"@type\":\"WebPage\",\"@id\":\"https:\/\/www.notibras.com\/site\/bebes-e-gestantes-precisam-de-comidas-leves-e-mais-liquido\/\",\"url\":\"https:\/\/www.notibras.com\/site\/bebes-e-gestantes-precisam-de-comidas-leves-e-mais-liquido\/\",\"name\":\"Beb\u00eas e gestantes precisam de comidas leves e mais l\u00edquido - Notibras\",\"isPartOf\":{\"@id\":\"https:\/\/www.notibras.com\/site\/#website\"},\"primaryImageOfPage\":{\"@id\":\"https:\/\/www.notibras.com\/site\/bebes-e-gestantes-precisam-de-comidas-leves-e-mais-liquido\/#primaryimage\"},\"image\":{\"@id\":\"https:\/\/www.notibras.com\/site\/bebes-e-gestantes-precisam-de-comidas-leves-e-mais-liquido\/#primaryimage\"},\"thumbnailUrl\":\"https:\/\/www.notibras.com\/site\/wp-content\/uploads\/2023\/11\/bebe.sede_.webp\",\"datePublished\":\"2023-11-16T03:20:45+00:00\",\"dateModified\":\"2023-11-16T09:23:02+00:00\",\"breadcrumb\":{\"@id\":\"https:\/\/www.notibras.com\/site\/bebes-e-gestantes-precisam-de-comidas-leves-e-mais-liquido\/#breadcrumb\"},\"inLanguage\":\"pt-BR\",\"potentialAction\":[{\"@type\":\"ReadAction\",\"target\":[\"https:\/\/www.notibras.com\/site\/bebes-e-gestantes-precisam-de-comidas-leves-e-mais-liquido\/\"]}]},{\"@type\":\"ImageObject\",\"inLanguage\":\"pt-BR\",\"@id\":\"https:\/\/www.notibras.com\/site\/bebes-e-gestantes-precisam-de-comidas-leves-e-mais-liquido\/#primaryimage\",\"url\":\"https:\/\/www.notibras.com\/site\/wp-content\/uploads\/2023\/11\/bebe.sede_.webp\",\"contentUrl\":\"https:\/\/www.notibras.com\/site\/wp-content\/uploads\/2023\/11\/bebe.sede_.webp\",\"width\":1170,\"height\":700},{\"@type\":\"BreadcrumbList\",\"@id\":\"https:\/\/www.notibras.com\/site\/bebes-e-gestantes-precisam-de-comidas-leves-e-mais-liquido\/#breadcrumb\",\"itemListElement\":[{\"@type\":\"ListItem\",\"position\":1,\"name\":\"In\u00edcio\",\"item\":\"https:\/\/www.notibras.com\/site\/\"},{\"@type\":\"ListItem\",\"position\":2,\"name\":\"Beb\u00eas e gestantes precisam de comidas leves e mais l\u00edquido\"}]},{\"@type\":\"WebSite\",\"@id\":\"https:\/\/www.notibras.com\/site\/#website\",\"url\":\"https:\/\/www.notibras.com\/site\/\",\"name\":\"Notibras\",\"description\":\"Not\u00edcias de Bras\u00edlia, do Brasil e do Mundo\",\"publisher\":{\"@id\":\"https:\/\/www.notibras.com\/site\/#organization\"},\"potentialAction\":[{\"@type\":\"SearchAction\",\"target\":{\"@type\":\"EntryPoint\",\"urlTemplate\":\"https:\/\/www.notibras.com\/site\/?s={search_term_string}\"},\"query-input\":{\"@type\":\"PropertyValueSpecification\",\"valueRequired\":true,\"valueName\":\"search_term_string\"}}],\"inLanguage\":\"pt-BR\"},{\"@type\":\"Organization\",\"@id\":\"https:\/\/www.notibras.com\/site\/#organization\",\"name\":\"Grupo Notibras de Comunica\u00e7\u00e3o\",\"url\":\"https:\/\/www.notibras.com\/site\/\",\"logo\":{\"@type\":\"ImageObject\",\"inLanguage\":\"pt-BR\",\"@id\":\"https:\/\/www.notibras.com\/site\/#\/schema\/logo\/image\/\",\"url\":\"https:\/\/www.notibras.com\/site\/wp-content\/uploads\/2023\/01\/notibras23.png\",\"contentUrl\":\"https:\/\/www.notibras.com\/site\/wp-content\/uploads\/2023\/01\/notibras23.png\",\"width\":350,\"height\":87,\"caption\":\"Grupo Notibras de Comunica\u00e7\u00e3o\"},\"image\":{\"@id\":\"https:\/\/www.notibras.com\/site\/#\/schema\/logo\/image\/\"},\"sameAs\":[\"https:\/\/www.facebook.com\/notibras\/\",\"https:\/\/x.com\/Notibras\",\"https:\/\/www.instagram.com\/notibras\/\"]},{\"@type\":\"Person\",\"@id\":\"https:\/\/www.notibras.com\/site\/#\/schema\/person\/36ab0979449956132d3e5b517ea76ac8\",\"name\":\"Reda\u00e7\u00e3o\",\"image\":{\"@type\":\"ImageObject\",\"inLanguage\":\"pt-BR\",\"@id\":\"https:\/\/secure.gravatar.com\/avatar\/e0a867bdedb85fd243eadf09663511f96fc81e0720a4a42581f334ad4303aa6b?s=96&d=mm&r=g\",\"url\":\"https:\/\/secure.gravatar.com\/avatar\/e0a867bdedb85fd243eadf09663511f96fc81e0720a4a42581f334ad4303aa6b?s=96&d=mm&r=g\",\"contentUrl\":\"https:\/\/secure.gravatar.com\/avatar\/e0a867bdedb85fd243eadf09663511f96fc81e0720a4a42581f334ad4303aa6b?s=96&d=mm&r=g\",\"caption\":\"Reda\u00e7\u00e3o\"}}]}<\/script>\n<!-- \/ Yoast SEO plugin. -->","yoast_head_json":{"title":"Beb\u00eas e gestantes precisam de comidas leves e mais l\u00edquido - Notibras","robots":{"index":"index","follow":"follow","max-snippet":"max-snippet:-1","max-image-preview":"max-image-preview:large","max-video-preview":"max-video-preview:-1"},"canonical":"https:\/\/www.notibras.com\/site\/bebes-e-gestantes-precisam-de-comidas-leves-e-mais-liquido\/","og_locale":"pt_BR","og_type":"article","og_title":"Beb\u00eas e gestantes precisam de comidas leves e mais l\u00edquido - Notibras","og_description":"Na gesta\u00e7\u00e3o, a temperatura corporal da mulher aumenta aproximadamente meio grau e, em dias mais quentes, isso pode causar grande inc\u00f4modo para a futura mam\u00e3e, pois o calor excessivo provoca incha\u00e7o e pode deix\u00e1-la mais cansada, principalmente no \u00faltimo trimestre da gravidez. O alerta \u00e9 da m\u00e9dica C\u00e9lia Regina Silva, vice-presidente da Associa\u00e7\u00e3o de Ginecologia [&hellip;]","og_url":"https:\/\/www.notibras.com\/site\/bebes-e-gestantes-precisam-de-comidas-leves-e-mais-liquido\/","og_site_name":"Notibras","article_publisher":"https:\/\/www.facebook.com\/notibras\/","article_published_time":"2023-11-16T03:20:45+00:00","article_modified_time":"2023-11-16T09:23:02+00:00","og_image":[{"width":1170,"height":700,"url":"https:\/\/www.notibras.com\/site\/wp-content\/uploads\/2023\/11\/bebe.sede_.webp","type":"image\/webp"}],"author":"Reda\u00e7\u00e3o","twitter_card":"summary_large_image","twitter_creator":"@Notibras","twitter_site":"@Notibras","twitter_misc":{"Escrito por":"Reda\u00e7\u00e3o","Est. tempo de leitura":"6 minutos"},"schema":{"@context":"https:\/\/schema.org","@graph":[{"@type":"Article","@id":"https:\/\/www.notibras.com\/site\/bebes-e-gestantes-precisam-de-comidas-leves-e-mais-liquido\/#article","isPartOf":{"@id":"https:\/\/www.notibras.com\/site\/bebes-e-gestantes-precisam-de-comidas-leves-e-mais-liquido\/"},"author":{"name":"Reda\u00e7\u00e3o","@id":"https:\/\/www.notibras.com\/site\/#\/schema\/person\/36ab0979449956132d3e5b517ea76ac8"},"headline":"Beb\u00eas e gestantes precisam de comidas leves e mais l\u00edquido","datePublished":"2023-11-16T03:20:45+00:00","dateModified":"2023-11-16T09:23:02+00:00","mainEntityOfPage":{"@id":"https:\/\/www.notibras.com\/site\/bebes-e-gestantes-precisam-de-comidas-leves-e-mais-liquido\/"},"wordCount":1188,"publisher":{"@id":"https:\/\/www.notibras.com\/site\/#organization"},"image":{"@id":"https:\/\/www.notibras.com\/site\/bebes-e-gestantes-precisam-de-comidas-leves-e-mais-liquido\/#primaryimage"},"thumbnailUrl":"https:\/\/www.notibras.com\/site\/wp-content\/uploads\/2023\/11\/bebe.sede_.webp","articleSection":["Quadradinho em Foco"],"inLanguage":"pt-BR"},{"@type":"WebPage","@id":"https:\/\/www.notibras.com\/site\/bebes-e-gestantes-precisam-de-comidas-leves-e-mais-liquido\/","url":"https:\/\/www.notibras.com\/site\/bebes-e-gestantes-precisam-de-comidas-leves-e-mais-liquido\/","name":"Beb\u00eas e gestantes precisam de comidas leves e mais l\u00edquido - Notibras","isPartOf":{"@id":"https:\/\/www.notibras.com\/site\/#website"},"primaryImageOfPage":{"@id":"https:\/\/www.notibras.com\/site\/bebes-e-gestantes-precisam-de-comidas-leves-e-mais-liquido\/#primaryimage"},"image":{"@id":"https:\/\/www.notibras.com\/site\/bebes-e-gestantes-precisam-de-comidas-leves-e-mais-liquido\/#primaryimage"},"thumbnailUrl":"https:\/\/www.notibras.com\/site\/wp-content\/uploads\/2023\/11\/bebe.sede_.webp","datePublished":"2023-11-16T03:20:45+00:00","dateModified":"2023-11-16T09:23:02+00:00","breadcrumb":{"@id":"https:\/\/www.notibras.com\/site\/bebes-e-gestantes-precisam-de-comidas-leves-e-mais-liquido\/#breadcrumb"},"inLanguage":"pt-BR","potentialAction":[{"@type":"ReadAction","target":["https:\/\/www.notibras.com\/site\/bebes-e-gestantes-precisam-de-comidas-leves-e-mais-liquido\/"]}]},{"@type":"ImageObject","inLanguage":"pt-BR","@id":"https:\/\/www.notibras.com\/site\/bebes-e-gestantes-precisam-de-comidas-leves-e-mais-liquido\/#primaryimage","url":"https:\/\/www.notibras.com\/site\/wp-content\/uploads\/2023\/11\/bebe.sede_.webp","contentUrl":"https:\/\/www.notibras.com\/site\/wp-content\/uploads\/2023\/11\/bebe.sede_.webp","width":1170,"height":700},{"@type":"BreadcrumbList","@id":"https:\/\/www.notibras.com\/site\/bebes-e-gestantes-precisam-de-comidas-leves-e-mais-liquido\/#breadcrumb","itemListElement":[{"@type":"ListItem","position":1,"name":"In\u00edcio","item":"https:\/\/www.notibras.com\/site\/"},{"@type":"ListItem","position":2,"name":"Beb\u00eas e gestantes precisam de comidas leves e mais l\u00edquido"}]},{"@type":"WebSite","@id":"https:\/\/www.notibras.com\/site\/#website","url":"https:\/\/www.notibras.com\/site\/","name":"Notibras","description":"Not\u00edcias de Bras\u00edlia, do Brasil e do Mundo","publisher":{"@id":"https:\/\/www.notibras.com\/site\/#organization"},"potentialAction":[{"@type":"SearchAction","target":{"@type":"EntryPoint","urlTemplate":"https:\/\/www.notibras.com\/site\/?s={search_term_string}"},"query-input":{"@type":"PropertyValueSpecification","valueRequired":true,"valueName":"search_term_string"}}],"inLanguage":"pt-BR"},{"@type":"Organization","@id":"https:\/\/www.notibras.com\/site\/#organization","name":"Grupo Notibras de Comunica\u00e7\u00e3o","url":"https:\/\/www.notibras.com\/site\/","logo":{"@type":"ImageObject","inLanguage":"pt-BR","@id":"https:\/\/www.notibras.com\/site\/#\/schema\/logo\/image\/","url":"https:\/\/www.notibras.com\/site\/wp-content\/uploads\/2023\/01\/notibras23.png","contentUrl":"https:\/\/www.notibras.com\/site\/wp-content\/uploads\/2023\/01\/notibras23.png","width":350,"height":87,"caption":"Grupo Notibras de Comunica\u00e7\u00e3o"},"image":{"@id":"https:\/\/www.notibras.com\/site\/#\/schema\/logo\/image\/"},"sameAs":["https:\/\/www.facebook.com\/notibras\/","https:\/\/x.com\/Notibras","https:\/\/www.instagram.com\/notibras\/"]},{"@type":"Person","@id":"https:\/\/www.notibras.com\/site\/#\/schema\/person\/36ab0979449956132d3e5b517ea76ac8","name":"Reda\u00e7\u00e3o","image":{"@type":"ImageObject","inLanguage":"pt-BR","@id":"https:\/\/secure.gravatar.com\/avatar\/e0a867bdedb85fd243eadf09663511f96fc81e0720a4a42581f334ad4303aa6b?s=96&d=mm&r=g","url":"https:\/\/secure.gravatar.com\/avatar\/e0a867bdedb85fd243eadf09663511f96fc81e0720a4a42581f334ad4303aa6b?s=96&d=mm&r=g","contentUrl":"https:\/\/secure.gravatar.com\/avatar\/e0a867bdedb85fd243eadf09663511f96fc81e0720a4a42581f334ad4303aa6b?s=96&d=mm&r=g","caption":"Reda\u00e7\u00e3o"}}]}},"amp_enabled":true,"_links":{"self":[{"href":"https:\/\/www.notibras.com\/site\/wp-json\/wp\/v2\/posts\/317057","targetHints":{"allow":["GET"]}}],"collection":[{"href":"https:\/\/www.notibras.com\/site\/wp-json\/wp\/v2\/posts"}],"about":[{"href":"https:\/\/www.notibras.com\/site\/wp-json\/wp\/v2\/types\/post"}],"author":[{"embeddable":true,"href":"https:\/\/www.notibras.com\/site\/wp-json\/wp\/v2\/users\/2"}],"replies":[{"embeddable":true,"href":"https:\/\/www.notibras.com\/site\/wp-json\/wp\/v2\/comments?post=317057"}],"version-history":[{"count":1,"href":"https:\/\/www.notibras.com\/site\/wp-json\/wp\/v2\/posts\/317057\/revisions"}],"predecessor-version":[{"id":317059,"href":"https:\/\/www.notibras.com\/site\/wp-json\/wp\/v2\/posts\/317057\/revisions\/317059"}],"wp:featuredmedia":[{"embeddable":true,"href":"https:\/\/www.notibras.com\/site\/wp-json\/wp\/v2\/media\/317058"}],"wp:attachment":[{"href":"https:\/\/www.notibras.com\/site\/wp-json\/wp\/v2\/media?parent=317057"}],"wp:term":[{"taxonomy":"category","embeddable":true,"href":"https:\/\/www.notibras.com\/site\/wp-json\/wp\/v2\/categories?post=317057"},{"taxonomy":"post_tag","embeddable":true,"href":"https:\/\/www.notibras.com\/site\/wp-json\/wp\/v2\/tags?post=317057"}],"curies":[{"name":"wp","href":"https:\/\/api.w.org\/{rel}","templated":true}]}}