{"id":317060,"date":"2023-11-16T00:25:12","date_gmt":"2023-11-16T03:25:12","guid":{"rendered":"https:\/\/www.notibras.com\/site\/?p=317060"},"modified":"2023-11-16T06:31:20","modified_gmt":"2023-11-16T09:31:20","slug":"artesaos-de-todo-o-brasil-invadem-o-patio-brasil","status":"publish","type":"post","link":"https:\/\/www.notibras.com\/site\/artesaos-de-todo-o-brasil-invadem-o-patio-brasil\/","title":{"rendered":"Artes\u00e3os de todo o Brasil &#8216;invadem&#8217; o P\u00e1tio Brasil"},"content":{"rendered":"<p>Aberto no feriado de quinta, 15, vai at\u00e9 o domingo, m19, o 16\u00b0 sal\u00e3o do artesanato no shopping P\u00e1tio Brasil. O evento reune artes\u00e3os de todo o Brasil permitindo um amplo reconhecimento desses artistas e oportunidades de compra, entretenimento e capacita\u00e7\u00e3o.<\/p>\n<p>Realizado pela Rome Eventos, com parceria da Secretaria de Turismo, o evento \u00e9 uma imensa vitrine para os artes\u00e3os e manualistas e tamb\u00e9m uma \u00f3tima oportunidade de fomentar a economia dessa \u00e1rea. Ser\u00e3o 80 mil pe\u00e7as ao total de acess\u00f3rios e utens\u00edlios a esculturas e m\u00f3veis. Cerca de 38 artes\u00e3os de Bras\u00edlia estar\u00e3o presentes no 16\u00b0 sal\u00e3o do artesanato, contando com apoio de um estande institucional, um estande na \u00e1rea do PAB e 28 estandes de artes\u00e3os individuais.<\/p>\n<p>L\u00e1, o p\u00fablico tem a oportunidade de apreciar o magn\u00edfico trabalho dos artes\u00e3os que utilizam dos mais variados materiais para criar suas obras de arte. Outras atra\u00e7\u00f5es tamb\u00e9m estar\u00e3o presentes, diversas oficinas com mestres artes\u00e3os e com inscri\u00e7\u00f5es gratuitas com 20 minutos de anteced\u00eancia. O evento tamb\u00e9m disponibiliza dois estandes exclusivos para artes\u00e3os ind\u00edgenas e artes\u00e3os refugiados.<\/p>\n<p>Al\u00e9m disso, o sal\u00e3o tamb\u00e9m conta com os temas flores do Cerrado, montagem de colares e pulseiras de sementes, m\u00e1scaras africanas em cer\u00e2mica, carteira de folhas do Cerrado, abertura de placas, biojoias com mi\u00e7angas e sementes (colares e brincos), montagem de colares de semente com macram\u00ea, introdu\u00e7\u00e3o \u00e0 figura\u00e7\u00e3o humana, decora\u00e7\u00e3o com engobe (cer\u00e2mica) e escultura de animais em cer\u00e2mica.<\/p>\n<p>Para dar mais destaque \u00e0 arte de diferentes estados, a \u00e1rea dos mestres reune artes\u00e3os dos estados Mato Grosso do Sul, Sergipe, Goi\u00e1s, Pernambuco, Rio Grande do Norte, Para\u00edba, Piau\u00ed e Distrito Federal. Esse espa\u00e7o permite que o p\u00fablico testemunhe o processo criativo de cada mestre artes\u00e3o em suas obras. Em 2023, a tecelagem, o tran\u00e7ado de fibras, o artesanato em barro, a madeira, a renda renascen\u00e7a, arte santeira e cartonagem estar\u00e3o em destaque.<\/p>\n<p><strong>Servi\u00e7o:<\/strong><br \/>\n16\u00ba Sal\u00e3o do Artesanato<br \/>\nShopping P\u00e1tio Brasil<br \/>\nAt\u00e9 19 de novembro<br \/>\nDas 10h \u00e0s 22h (quinta, sexta e s\u00e1bado)<br \/>\nDas 10h \u00e0s 20h (domingo)<br \/>\nEntrada franca<\/p>\n","protected":false},"excerpt":{"rendered":"<p>Aberto no feriado de quinta, 15, vai at\u00e9 o domingo, m19, o 16\u00b0 sal\u00e3o do artesanato no shopping P\u00e1tio Brasil. O evento reune artes\u00e3os de todo o Brasil permitindo um amplo reconhecimento desses artistas e oportunidades de compra, entretenimento e capacita\u00e7\u00e3o. Realizado pela Rome Eventos, com parceria da Secretaria de Turismo, o evento \u00e9 uma [&hellip;]<\/p>\n","protected":false},"author":2,"featured_media":317061,"comment_status":"closed","ping_status":"closed","sticky":false,"template":"","format":"standard","meta":{"_acf_changed":false,"footnotes":""},"categories":[161],"tags":[],"class_list":["post-317060","post","type-post","status-publish","format-standard","has-post-thumbnail","hentry","category-quadradinho-em-foco"],"acf":[],"yoast_head":"<!-- This site is optimized with the Yoast SEO plugin v27.2 - https:\/\/yoast.com\/product\/yoast-seo-wordpress\/ -->\n<title>Artes\u00e3os de todo o Brasil &#039;invadem&#039; o P\u00e1tio Brasil - Notibras<\/title>\n<meta name=\"robots\" content=\"index, follow, max-snippet:-1, max-image-preview:large, max-video-preview:-1\" \/>\n<link rel=\"canonical\" href=\"https:\/\/www.notibras.com\/site\/artesaos-de-todo-o-brasil-invadem-o-patio-brasil\/\" \/>\n<meta property=\"og:locale\" content=\"pt_BR\" \/>\n<meta property=\"og:type\" content=\"article\" \/>\n<meta property=\"og:title\" content=\"Artes\u00e3os de todo o Brasil &#039;invadem&#039; o P\u00e1tio Brasil - Notibras\" \/>\n<meta property=\"og:description\" content=\"Aberto no feriado de quinta, 15, vai at\u00e9 o domingo, m19, o 16\u00b0 sal\u00e3o do artesanato no shopping P\u00e1tio Brasil. O evento reune artes\u00e3os de todo o Brasil permitindo um amplo reconhecimento desses artistas e oportunidades de compra, entretenimento e capacita\u00e7\u00e3o. Realizado pela Rome Eventos, com parceria da Secretaria de Turismo, o evento \u00e9 uma [&hellip;]\" \/>\n<meta property=\"og:url\" content=\"https:\/\/www.notibras.com\/site\/artesaos-de-todo-o-brasil-invadem-o-patio-brasil\/\" \/>\n<meta property=\"og:site_name\" content=\"Notibras\" \/>\n<meta property=\"article:publisher\" content=\"https:\/\/www.facebook.com\/notibras\/\" \/>\n<meta property=\"article:published_time\" content=\"2023-11-16T03:25:12+00:00\" \/>\n<meta property=\"article:modified_time\" content=\"2023-11-16T09:31:20+00:00\" \/>\n<meta property=\"og:image\" content=\"https:\/\/www.notibras.com\/site\/wp-content\/uploads\/2023\/11\/11.jpg\" \/>\n\t<meta property=\"og:image:width\" content=\"1440\" \/>\n\t<meta property=\"og:image:height\" content=\"960\" \/>\n\t<meta property=\"og:image:type\" content=\"image\/jpeg\" \/>\n<meta name=\"author\" content=\"Reda\u00e7\u00e3o\" \/>\n<meta name=\"twitter:card\" content=\"summary_large_image\" \/>\n<meta name=\"twitter:creator\" content=\"@Notibras\" \/>\n<meta name=\"twitter:site\" content=\"@Notibras\" \/>\n<meta name=\"twitter:label1\" content=\"Escrito por\" \/>\n\t<meta name=\"twitter:data1\" content=\"Reda\u00e7\u00e3o\" \/>\n\t<meta name=\"twitter:label2\" content=\"Est. tempo de leitura\" \/>\n\t<meta name=\"twitter:data2\" content=\"2 minutos\" \/>\n<script type=\"application\/ld+json\" class=\"yoast-schema-graph\">{\"@context\":\"https:\/\/schema.org\",\"@graph\":[{\"@type\":\"Article\",\"@id\":\"https:\/\/www.notibras.com\/site\/artesaos-de-todo-o-brasil-invadem-o-patio-brasil\/#article\",\"isPartOf\":{\"@id\":\"https:\/\/www.notibras.com\/site\/artesaos-de-todo-o-brasil-invadem-o-patio-brasil\/\"},\"author\":{\"name\":\"Reda\u00e7\u00e3o\",\"@id\":\"https:\/\/www.notibras.com\/site\/#\/schema\/person\/36ab0979449956132d3e5b517ea76ac8\"},\"headline\":\"Artes\u00e3os de todo o Brasil &#8216;invadem&#8217; o P\u00e1tio Brasil\",\"datePublished\":\"2023-11-16T03:25:12+00:00\",\"dateModified\":\"2023-11-16T09:31:20+00:00\",\"mainEntityOfPage\":{\"@id\":\"https:\/\/www.notibras.com\/site\/artesaos-de-todo-o-brasil-invadem-o-patio-brasil\/\"},\"wordCount\":388,\"publisher\":{\"@id\":\"https:\/\/www.notibras.com\/site\/#organization\"},\"image\":{\"@id\":\"https:\/\/www.notibras.com\/site\/artesaos-de-todo-o-brasil-invadem-o-patio-brasil\/#primaryimage\"},\"thumbnailUrl\":\"https:\/\/www.notibras.com\/site\/wp-content\/uploads\/2023\/11\/11.jpg\",\"articleSection\":[\"Quadradinho em Foco\"],\"inLanguage\":\"pt-BR\"},{\"@type\":\"WebPage\",\"@id\":\"https:\/\/www.notibras.com\/site\/artesaos-de-todo-o-brasil-invadem-o-patio-brasil\/\",\"url\":\"https:\/\/www.notibras.com\/site\/artesaos-de-todo-o-brasil-invadem-o-patio-brasil\/\",\"name\":\"Artes\u00e3os de todo o Brasil 'invadem' o P\u00e1tio Brasil - Notibras\",\"isPartOf\":{\"@id\":\"https:\/\/www.notibras.com\/site\/#website\"},\"primaryImageOfPage\":{\"@id\":\"https:\/\/www.notibras.com\/site\/artesaos-de-todo-o-brasil-invadem-o-patio-brasil\/#primaryimage\"},\"image\":{\"@id\":\"https:\/\/www.notibras.com\/site\/artesaos-de-todo-o-brasil-invadem-o-patio-brasil\/#primaryimage\"},\"thumbnailUrl\":\"https:\/\/www.notibras.com\/site\/wp-content\/uploads\/2023\/11\/11.jpg\",\"datePublished\":\"2023-11-16T03:25:12+00:00\",\"dateModified\":\"2023-11-16T09:31:20+00:00\",\"breadcrumb\":{\"@id\":\"https:\/\/www.notibras.com\/site\/artesaos-de-todo-o-brasil-invadem-o-patio-brasil\/#breadcrumb\"},\"inLanguage\":\"pt-BR\",\"potentialAction\":[{\"@type\":\"ReadAction\",\"target\":[\"https:\/\/www.notibras.com\/site\/artesaos-de-todo-o-brasil-invadem-o-patio-brasil\/\"]}]},{\"@type\":\"ImageObject\",\"inLanguage\":\"pt-BR\",\"@id\":\"https:\/\/www.notibras.com\/site\/artesaos-de-todo-o-brasil-invadem-o-patio-brasil\/#primaryimage\",\"url\":\"https:\/\/www.notibras.com\/site\/wp-content\/uploads\/2023\/11\/11.jpg\",\"contentUrl\":\"https:\/\/www.notibras.com\/site\/wp-content\/uploads\/2023\/11\/11.jpg\",\"width\":1440,\"height\":960},{\"@type\":\"BreadcrumbList\",\"@id\":\"https:\/\/www.notibras.com\/site\/artesaos-de-todo-o-brasil-invadem-o-patio-brasil\/#breadcrumb\",\"itemListElement\":[{\"@type\":\"ListItem\",\"position\":1,\"name\":\"In\u00edcio\",\"item\":\"https:\/\/www.notibras.com\/site\/\"},{\"@type\":\"ListItem\",\"position\":2,\"name\":\"Artes\u00e3os de todo o Brasil &#8216;invadem&#8217; o P\u00e1tio Brasil\"}]},{\"@type\":\"WebSite\",\"@id\":\"https:\/\/www.notibras.com\/site\/#website\",\"url\":\"https:\/\/www.notibras.com\/site\/\",\"name\":\"Notibras\",\"description\":\"Not\u00edcias de Bras\u00edlia, do Brasil e do Mundo\",\"publisher\":{\"@id\":\"https:\/\/www.notibras.com\/site\/#organization\"},\"potentialAction\":[{\"@type\":\"SearchAction\",\"target\":{\"@type\":\"EntryPoint\",\"urlTemplate\":\"https:\/\/www.notibras.com\/site\/?s={search_term_string}\"},\"query-input\":{\"@type\":\"PropertyValueSpecification\",\"valueRequired\":true,\"valueName\":\"search_term_string\"}}],\"inLanguage\":\"pt-BR\"},{\"@type\":\"Organization\",\"@id\":\"https:\/\/www.notibras.com\/site\/#organization\",\"name\":\"Grupo Notibras de Comunica\u00e7\u00e3o\",\"url\":\"https:\/\/www.notibras.com\/site\/\",\"logo\":{\"@type\":\"ImageObject\",\"inLanguage\":\"pt-BR\",\"@id\":\"https:\/\/www.notibras.com\/site\/#\/schema\/logo\/image\/\",\"url\":\"https:\/\/www.notibras.com\/site\/wp-content\/uploads\/2023\/01\/notibras23.png\",\"contentUrl\":\"https:\/\/www.notibras.com\/site\/wp-content\/uploads\/2023\/01\/notibras23.png\",\"width\":350,\"height\":87,\"caption\":\"Grupo Notibras de Comunica\u00e7\u00e3o\"},\"image\":{\"@id\":\"https:\/\/www.notibras.com\/site\/#\/schema\/logo\/image\/\"},\"sameAs\":[\"https:\/\/www.facebook.com\/notibras\/\",\"https:\/\/x.com\/Notibras\",\"https:\/\/www.instagram.com\/notibras\/\"]},{\"@type\":\"Person\",\"@id\":\"https:\/\/www.notibras.com\/site\/#\/schema\/person\/36ab0979449956132d3e5b517ea76ac8\",\"name\":\"Reda\u00e7\u00e3o\",\"image\":{\"@type\":\"ImageObject\",\"inLanguage\":\"pt-BR\",\"@id\":\"https:\/\/secure.gravatar.com\/avatar\/e0a867bdedb85fd243eadf09663511f96fc81e0720a4a42581f334ad4303aa6b?s=96&d=mm&r=g\",\"url\":\"https:\/\/secure.gravatar.com\/avatar\/e0a867bdedb85fd243eadf09663511f96fc81e0720a4a42581f334ad4303aa6b?s=96&d=mm&r=g\",\"contentUrl\":\"https:\/\/secure.gravatar.com\/avatar\/e0a867bdedb85fd243eadf09663511f96fc81e0720a4a42581f334ad4303aa6b?s=96&d=mm&r=g\",\"caption\":\"Reda\u00e7\u00e3o\"}}]}<\/script>\n<!-- \/ Yoast SEO plugin. -->","yoast_head_json":{"title":"Artes\u00e3os de todo o Brasil 'invadem' o P\u00e1tio Brasil - Notibras","robots":{"index":"index","follow":"follow","max-snippet":"max-snippet:-1","max-image-preview":"max-image-preview:large","max-video-preview":"max-video-preview:-1"},"canonical":"https:\/\/www.notibras.com\/site\/artesaos-de-todo-o-brasil-invadem-o-patio-brasil\/","og_locale":"pt_BR","og_type":"article","og_title":"Artes\u00e3os de todo o Brasil 'invadem' o P\u00e1tio Brasil - Notibras","og_description":"Aberto no feriado de quinta, 15, vai at\u00e9 o domingo, m19, o 16\u00b0 sal\u00e3o do artesanato no shopping P\u00e1tio Brasil. O evento reune artes\u00e3os de todo o Brasil permitindo um amplo reconhecimento desses artistas e oportunidades de compra, entretenimento e capacita\u00e7\u00e3o. Realizado pela Rome Eventos, com parceria da Secretaria de Turismo, o evento \u00e9 uma [&hellip;]","og_url":"https:\/\/www.notibras.com\/site\/artesaos-de-todo-o-brasil-invadem-o-patio-brasil\/","og_site_name":"Notibras","article_publisher":"https:\/\/www.facebook.com\/notibras\/","article_published_time":"2023-11-16T03:25:12+00:00","article_modified_time":"2023-11-16T09:31:20+00:00","og_image":[{"width":1440,"height":960,"url":"https:\/\/www.notibras.com\/site\/wp-content\/uploads\/2023\/11\/11.jpg","type":"image\/jpeg"}],"author":"Reda\u00e7\u00e3o","twitter_card":"summary_large_image","twitter_creator":"@Notibras","twitter_site":"@Notibras","twitter_misc":{"Escrito por":"Reda\u00e7\u00e3o","Est. tempo de leitura":"2 minutos"},"schema":{"@context":"https:\/\/schema.org","@graph":[{"@type":"Article","@id":"https:\/\/www.notibras.com\/site\/artesaos-de-todo-o-brasil-invadem-o-patio-brasil\/#article","isPartOf":{"@id":"https:\/\/www.notibras.com\/site\/artesaos-de-todo-o-brasil-invadem-o-patio-brasil\/"},"author":{"name":"Reda\u00e7\u00e3o","@id":"https:\/\/www.notibras.com\/site\/#\/schema\/person\/36ab0979449956132d3e5b517ea76ac8"},"headline":"Artes\u00e3os de todo o Brasil &#8216;invadem&#8217; o P\u00e1tio Brasil","datePublished":"2023-11-16T03:25:12+00:00","dateModified":"2023-11-16T09:31:20+00:00","mainEntityOfPage":{"@id":"https:\/\/www.notibras.com\/site\/artesaos-de-todo-o-brasil-invadem-o-patio-brasil\/"},"wordCount":388,"publisher":{"@id":"https:\/\/www.notibras.com\/site\/#organization"},"image":{"@id":"https:\/\/www.notibras.com\/site\/artesaos-de-todo-o-brasil-invadem-o-patio-brasil\/#primaryimage"},"thumbnailUrl":"https:\/\/www.notibras.com\/site\/wp-content\/uploads\/2023\/11\/11.jpg","articleSection":["Quadradinho em Foco"],"inLanguage":"pt-BR"},{"@type":"WebPage","@id":"https:\/\/www.notibras.com\/site\/artesaos-de-todo-o-brasil-invadem-o-patio-brasil\/","url":"https:\/\/www.notibras.com\/site\/artesaos-de-todo-o-brasil-invadem-o-patio-brasil\/","name":"Artes\u00e3os de todo o Brasil 'invadem' o P\u00e1tio Brasil - Notibras","isPartOf":{"@id":"https:\/\/www.notibras.com\/site\/#website"},"primaryImageOfPage":{"@id":"https:\/\/www.notibras.com\/site\/artesaos-de-todo-o-brasil-invadem-o-patio-brasil\/#primaryimage"},"image":{"@id":"https:\/\/www.notibras.com\/site\/artesaos-de-todo-o-brasil-invadem-o-patio-brasil\/#primaryimage"},"thumbnailUrl":"https:\/\/www.notibras.com\/site\/wp-content\/uploads\/2023\/11\/11.jpg","datePublished":"2023-11-16T03:25:12+00:00","dateModified":"2023-11-16T09:31:20+00:00","breadcrumb":{"@id":"https:\/\/www.notibras.com\/site\/artesaos-de-todo-o-brasil-invadem-o-patio-brasil\/#breadcrumb"},"inLanguage":"pt-BR","potentialAction":[{"@type":"ReadAction","target":["https:\/\/www.notibras.com\/site\/artesaos-de-todo-o-brasil-invadem-o-patio-brasil\/"]}]},{"@type":"ImageObject","inLanguage":"pt-BR","@id":"https:\/\/www.notibras.com\/site\/artesaos-de-todo-o-brasil-invadem-o-patio-brasil\/#primaryimage","url":"https:\/\/www.notibras.com\/site\/wp-content\/uploads\/2023\/11\/11.jpg","contentUrl":"https:\/\/www.notibras.com\/site\/wp-content\/uploads\/2023\/11\/11.jpg","width":1440,"height":960},{"@type":"BreadcrumbList","@id":"https:\/\/www.notibras.com\/site\/artesaos-de-todo-o-brasil-invadem-o-patio-brasil\/#breadcrumb","itemListElement":[{"@type":"ListItem","position":1,"name":"In\u00edcio","item":"https:\/\/www.notibras.com\/site\/"},{"@type":"ListItem","position":2,"name":"Artes\u00e3os de todo o Brasil &#8216;invadem&#8217; o P\u00e1tio Brasil"}]},{"@type":"WebSite","@id":"https:\/\/www.notibras.com\/site\/#website","url":"https:\/\/www.notibras.com\/site\/","name":"Notibras","description":"Not\u00edcias de Bras\u00edlia, do Brasil e do Mundo","publisher":{"@id":"https:\/\/www.notibras.com\/site\/#organization"},"potentialAction":[{"@type":"SearchAction","target":{"@type":"EntryPoint","urlTemplate":"https:\/\/www.notibras.com\/site\/?s={search_term_string}"},"query-input":{"@type":"PropertyValueSpecification","valueRequired":true,"valueName":"search_term_string"}}],"inLanguage":"pt-BR"},{"@type":"Organization","@id":"https:\/\/www.notibras.com\/site\/#organization","name":"Grupo Notibras de Comunica\u00e7\u00e3o","url":"https:\/\/www.notibras.com\/site\/","logo":{"@type":"ImageObject","inLanguage":"pt-BR","@id":"https:\/\/www.notibras.com\/site\/#\/schema\/logo\/image\/","url":"https:\/\/www.notibras.com\/site\/wp-content\/uploads\/2023\/01\/notibras23.png","contentUrl":"https:\/\/www.notibras.com\/site\/wp-content\/uploads\/2023\/01\/notibras23.png","width":350,"height":87,"caption":"Grupo Notibras de Comunica\u00e7\u00e3o"},"image":{"@id":"https:\/\/www.notibras.com\/site\/#\/schema\/logo\/image\/"},"sameAs":["https:\/\/www.facebook.com\/notibras\/","https:\/\/x.com\/Notibras","https:\/\/www.instagram.com\/notibras\/"]},{"@type":"Person","@id":"https:\/\/www.notibras.com\/site\/#\/schema\/person\/36ab0979449956132d3e5b517ea76ac8","name":"Reda\u00e7\u00e3o","image":{"@type":"ImageObject","inLanguage":"pt-BR","@id":"https:\/\/secure.gravatar.com\/avatar\/e0a867bdedb85fd243eadf09663511f96fc81e0720a4a42581f334ad4303aa6b?s=96&d=mm&r=g","url":"https:\/\/secure.gravatar.com\/avatar\/e0a867bdedb85fd243eadf09663511f96fc81e0720a4a42581f334ad4303aa6b?s=96&d=mm&r=g","contentUrl":"https:\/\/secure.gravatar.com\/avatar\/e0a867bdedb85fd243eadf09663511f96fc81e0720a4a42581f334ad4303aa6b?s=96&d=mm&r=g","caption":"Reda\u00e7\u00e3o"}}]}},"amp_enabled":true,"_links":{"self":[{"href":"https:\/\/www.notibras.com\/site\/wp-json\/wp\/v2\/posts\/317060","targetHints":{"allow":["GET"]}}],"collection":[{"href":"https:\/\/www.notibras.com\/site\/wp-json\/wp\/v2\/posts"}],"about":[{"href":"https:\/\/www.notibras.com\/site\/wp-json\/wp\/v2\/types\/post"}],"author":[{"embeddable":true,"href":"https:\/\/www.notibras.com\/site\/wp-json\/wp\/v2\/users\/2"}],"replies":[{"embeddable":true,"href":"https:\/\/www.notibras.com\/site\/wp-json\/wp\/v2\/comments?post=317060"}],"version-history":[{"count":1,"href":"https:\/\/www.notibras.com\/site\/wp-json\/wp\/v2\/posts\/317060\/revisions"}],"predecessor-version":[{"id":317062,"href":"https:\/\/www.notibras.com\/site\/wp-json\/wp\/v2\/posts\/317060\/revisions\/317062"}],"wp:featuredmedia":[{"embeddable":true,"href":"https:\/\/www.notibras.com\/site\/wp-json\/wp\/v2\/media\/317061"}],"wp:attachment":[{"href":"https:\/\/www.notibras.com\/site\/wp-json\/wp\/v2\/media?parent=317060"}],"wp:term":[{"taxonomy":"category","embeddable":true,"href":"https:\/\/www.notibras.com\/site\/wp-json\/wp\/v2\/categories?post=317060"},{"taxonomy":"post_tag","embeddable":true,"href":"https:\/\/www.notibras.com\/site\/wp-json\/wp\/v2\/tags?post=317060"}],"curies":[{"name":"wp","href":"https:\/\/api.w.org\/{rel}","templated":true}]}}