{"id":317063,"date":"2023-11-16T00:00:52","date_gmt":"2023-11-16T03:00:52","guid":{"rendered":"https:\/\/www.notibras.com\/site\/?p=317063"},"modified":"2023-11-16T06:37:35","modified_gmt":"2023-11-16T09:37:35","slug":"trabalho-no-comercio-em-feriados-exige-convencao-coletiva","status":"publish","type":"post","link":"https:\/\/www.notibras.com\/site\/trabalho-no-comercio-em-feriados-exige-convencao-coletiva\/","title":{"rendered":"Trabalho no com\u00e9rcio em feriados exige conven\u00e7\u00e3o coletiva"},"content":{"rendered":"<p>A partir de agora, o trabalho no com\u00e9rcio nos feriados exigir\u00e1 negocia\u00e7\u00e3o coletiva com os sindicatos. Portaria do Minist\u00e9rio do Trabalho e Emprego estabelece a exig\u00eancia de concord\u00e2ncia dos trabalhadores.<\/p>\n<p>Segundo a portaria, apenas as feiras livres poder\u00e3o abrir nos feriados sem acordo coletivo. A medida altera uma portaria de 2021 que regulamentava o trabalho em atividades comerciais.<\/p>\n<p>A Confedera\u00e7\u00e3o Nacional dos Trabalhadores no Com\u00e9rcio (CNTC) comemorou a medida. Para a entidade, a portaria repara um erro hist\u00f3rico.<\/p>\n<p>\u201cA medida foi resultado de uma articula\u00e7\u00e3o das entidades sindicais, em especial das confedera\u00e7\u00f5es, que defenderam, junto ao ministro do Trabalho, Luiz Marinho, a necessidade de reparar um erro hist\u00f3rico que come\u00e7ou no governo de Michel Temer, quando foi desrespeitada a legisla\u00e7\u00e3o que garantia o direito dos trabalhadores do com\u00e9rcio de negociar as condi\u00e7\u00f5es de trabalho em feriados\u201d, ressaltou a confedera\u00e7\u00e3o.<\/p>\n<p><strong>Precariza\u00e7\u00e3o<\/strong><br \/>\nVinculada \u00e0 Central \u00danica dos Trabalhadores (CUT), a Confedera\u00e7\u00e3o Nacional dos Trabalhadores no Com\u00e9rcio e Servi\u00e7os (Contracs) tamb\u00e9m elogiou a portaria. Para o presidente da entidade, Julimar Roberto, a decis\u00e3o representa uma vit\u00f3ria dos trabalhadores contra a precariza\u00e7\u00e3o profissional.<\/p>\n<p>\u201cEssa portaria fortalece bastante as conven\u00e7\u00f5es coletivas, que s\u00e3o o instrumento mais adequado para garantir os direitos e os benef\u00edcios dos trabalhadores do com\u00e9rcio. Agradecemos ao ministro Luiz Marinho, ao Minist\u00e9rio do Trabalho, pela repara\u00e7\u00e3o desse erro que tanto prejudicava os trabalhadores\u201d, afirmou o presidente da Contracs.<\/p>\n<p>A For\u00e7a Sindical considera a decis\u00e3o importante. \u201cResgate hist\u00f3rico para a nossa categoria\u201d, comentou o presidente do Sindicato dos Empregados no Com\u00e9rcio de Porto Alegre, Nilton Neco. O sindicato \u00e9 vinculado \u00e0 central sindical.<\/p>\n","protected":false},"excerpt":{"rendered":"<p>A partir de agora, o trabalho no com\u00e9rcio nos feriados exigir\u00e1 negocia\u00e7\u00e3o coletiva com os sindicatos. Portaria do Minist\u00e9rio do Trabalho e Emprego estabelece a exig\u00eancia de concord\u00e2ncia dos trabalhadores. Segundo a portaria, apenas as feiras livres poder\u00e3o abrir nos feriados sem acordo coletivo. A medida altera uma portaria de 2021 que regulamentava o trabalho [&hellip;]<\/p>\n","protected":false},"author":2,"featured_media":317064,"comment_status":"closed","ping_status":"closed","sticky":false,"template":"","format":"standard","meta":{"_acf_changed":false,"footnotes":""},"categories":[161],"tags":[],"class_list":["post-317063","post","type-post","status-publish","format-standard","has-post-thumbnail","hentry","category-quadradinho-em-foco"],"acf":[],"yoast_head":"<!-- This site is optimized with the Yoast SEO plugin v27.2 - https:\/\/yoast.com\/product\/yoast-seo-wordpress\/ -->\n<title>Trabalho no com\u00e9rcio em feriados exige conven\u00e7\u00e3o coletiva - Notibras<\/title>\n<meta name=\"robots\" content=\"index, follow, max-snippet:-1, max-image-preview:large, max-video-preview:-1\" \/>\n<link rel=\"canonical\" href=\"https:\/\/www.notibras.com\/site\/trabalho-no-comercio-em-feriados-exige-convencao-coletiva\/\" \/>\n<meta property=\"og:locale\" content=\"pt_BR\" \/>\n<meta property=\"og:type\" content=\"article\" \/>\n<meta property=\"og:title\" content=\"Trabalho no com\u00e9rcio em feriados exige conven\u00e7\u00e3o coletiva - Notibras\" \/>\n<meta property=\"og:description\" content=\"A partir de agora, o trabalho no com\u00e9rcio nos feriados exigir\u00e1 negocia\u00e7\u00e3o coletiva com os sindicatos. Portaria do Minist\u00e9rio do Trabalho e Emprego estabelece a exig\u00eancia de concord\u00e2ncia dos trabalhadores. Segundo a portaria, apenas as feiras livres poder\u00e3o abrir nos feriados sem acordo coletivo. A medida altera uma portaria de 2021 que regulamentava o trabalho [&hellip;]\" \/>\n<meta property=\"og:url\" content=\"https:\/\/www.notibras.com\/site\/trabalho-no-comercio-em-feriados-exige-convencao-coletiva\/\" \/>\n<meta property=\"og:site_name\" content=\"Notibras\" \/>\n<meta property=\"article:publisher\" content=\"https:\/\/www.facebook.com\/notibras\/\" \/>\n<meta property=\"article:published_time\" content=\"2023-11-16T03:00:52+00:00\" \/>\n<meta property=\"article:modified_time\" content=\"2023-11-16T09:37:35+00:00\" \/>\n<meta property=\"og:image\" content=\"https:\/\/www.notibras.com\/site\/wp-content\/uploads\/2023\/11\/traferiado.webp\" \/>\n\t<meta property=\"og:image:width\" content=\"1170\" \/>\n\t<meta property=\"og:image:height\" content=\"700\" \/>\n\t<meta property=\"og:image:type\" content=\"image\/webp\" \/>\n<meta name=\"author\" content=\"Reda\u00e7\u00e3o\" \/>\n<meta name=\"twitter:card\" content=\"summary_large_image\" \/>\n<meta name=\"twitter:creator\" content=\"@Notibras\" \/>\n<meta name=\"twitter:site\" content=\"@Notibras\" \/>\n<meta name=\"twitter:label1\" content=\"Escrito por\" \/>\n\t<meta name=\"twitter:data1\" content=\"Reda\u00e7\u00e3o\" \/>\n\t<meta name=\"twitter:label2\" content=\"Est. tempo de leitura\" \/>\n\t<meta name=\"twitter:data2\" content=\"2 minutos\" \/>\n<script type=\"application\/ld+json\" class=\"yoast-schema-graph\">{\"@context\":\"https:\/\/schema.org\",\"@graph\":[{\"@type\":\"Article\",\"@id\":\"https:\/\/www.notibras.com\/site\/trabalho-no-comercio-em-feriados-exige-convencao-coletiva\/#article\",\"isPartOf\":{\"@id\":\"https:\/\/www.notibras.com\/site\/trabalho-no-comercio-em-feriados-exige-convencao-coletiva\/\"},\"author\":{\"name\":\"Reda\u00e7\u00e3o\",\"@id\":\"https:\/\/www.notibras.com\/site\/#\/schema\/person\/36ab0979449956132d3e5b517ea76ac8\"},\"headline\":\"Trabalho no com\u00e9rcio em feriados exige conven\u00e7\u00e3o coletiva\",\"datePublished\":\"2023-11-16T03:00:52+00:00\",\"dateModified\":\"2023-11-16T09:37:35+00:00\",\"mainEntityOfPage\":{\"@id\":\"https:\/\/www.notibras.com\/site\/trabalho-no-comercio-em-feriados-exige-convencao-coletiva\/\"},\"wordCount\":301,\"publisher\":{\"@id\":\"https:\/\/www.notibras.com\/site\/#organization\"},\"image\":{\"@id\":\"https:\/\/www.notibras.com\/site\/trabalho-no-comercio-em-feriados-exige-convencao-coletiva\/#primaryimage\"},\"thumbnailUrl\":\"https:\/\/www.notibras.com\/site\/wp-content\/uploads\/2023\/11\/traferiado.webp\",\"articleSection\":[\"Quadradinho em Foco\"],\"inLanguage\":\"pt-BR\"},{\"@type\":\"WebPage\",\"@id\":\"https:\/\/www.notibras.com\/site\/trabalho-no-comercio-em-feriados-exige-convencao-coletiva\/\",\"url\":\"https:\/\/www.notibras.com\/site\/trabalho-no-comercio-em-feriados-exige-convencao-coletiva\/\",\"name\":\"Trabalho no com\u00e9rcio em feriados exige conven\u00e7\u00e3o coletiva - Notibras\",\"isPartOf\":{\"@id\":\"https:\/\/www.notibras.com\/site\/#website\"},\"primaryImageOfPage\":{\"@id\":\"https:\/\/www.notibras.com\/site\/trabalho-no-comercio-em-feriados-exige-convencao-coletiva\/#primaryimage\"},\"image\":{\"@id\":\"https:\/\/www.notibras.com\/site\/trabalho-no-comercio-em-feriados-exige-convencao-coletiva\/#primaryimage\"},\"thumbnailUrl\":\"https:\/\/www.notibras.com\/site\/wp-content\/uploads\/2023\/11\/traferiado.webp\",\"datePublished\":\"2023-11-16T03:00:52+00:00\",\"dateModified\":\"2023-11-16T09:37:35+00:00\",\"breadcrumb\":{\"@id\":\"https:\/\/www.notibras.com\/site\/trabalho-no-comercio-em-feriados-exige-convencao-coletiva\/#breadcrumb\"},\"inLanguage\":\"pt-BR\",\"potentialAction\":[{\"@type\":\"ReadAction\",\"target\":[\"https:\/\/www.notibras.com\/site\/trabalho-no-comercio-em-feriados-exige-convencao-coletiva\/\"]}]},{\"@type\":\"ImageObject\",\"inLanguage\":\"pt-BR\",\"@id\":\"https:\/\/www.notibras.com\/site\/trabalho-no-comercio-em-feriados-exige-convencao-coletiva\/#primaryimage\",\"url\":\"https:\/\/www.notibras.com\/site\/wp-content\/uploads\/2023\/11\/traferiado.webp\",\"contentUrl\":\"https:\/\/www.notibras.com\/site\/wp-content\/uploads\/2023\/11\/traferiado.webp\",\"width\":1170,\"height\":700},{\"@type\":\"BreadcrumbList\",\"@id\":\"https:\/\/www.notibras.com\/site\/trabalho-no-comercio-em-feriados-exige-convencao-coletiva\/#breadcrumb\",\"itemListElement\":[{\"@type\":\"ListItem\",\"position\":1,\"name\":\"In\u00edcio\",\"item\":\"https:\/\/www.notibras.com\/site\/\"},{\"@type\":\"ListItem\",\"position\":2,\"name\":\"Trabalho no com\u00e9rcio em feriados exige conven\u00e7\u00e3o coletiva\"}]},{\"@type\":\"WebSite\",\"@id\":\"https:\/\/www.notibras.com\/site\/#website\",\"url\":\"https:\/\/www.notibras.com\/site\/\",\"name\":\"Notibras\",\"description\":\"Not\u00edcias de Bras\u00edlia, do Brasil e do Mundo\",\"publisher\":{\"@id\":\"https:\/\/www.notibras.com\/site\/#organization\"},\"potentialAction\":[{\"@type\":\"SearchAction\",\"target\":{\"@type\":\"EntryPoint\",\"urlTemplate\":\"https:\/\/www.notibras.com\/site\/?s={search_term_string}\"},\"query-input\":{\"@type\":\"PropertyValueSpecification\",\"valueRequired\":true,\"valueName\":\"search_term_string\"}}],\"inLanguage\":\"pt-BR\"},{\"@type\":\"Organization\",\"@id\":\"https:\/\/www.notibras.com\/site\/#organization\",\"name\":\"Grupo Notibras de Comunica\u00e7\u00e3o\",\"url\":\"https:\/\/www.notibras.com\/site\/\",\"logo\":{\"@type\":\"ImageObject\",\"inLanguage\":\"pt-BR\",\"@id\":\"https:\/\/www.notibras.com\/site\/#\/schema\/logo\/image\/\",\"url\":\"https:\/\/www.notibras.com\/site\/wp-content\/uploads\/2023\/01\/notibras23.png\",\"contentUrl\":\"https:\/\/www.notibras.com\/site\/wp-content\/uploads\/2023\/01\/notibras23.png\",\"width\":350,\"height\":87,\"caption\":\"Grupo Notibras de Comunica\u00e7\u00e3o\"},\"image\":{\"@id\":\"https:\/\/www.notibras.com\/site\/#\/schema\/logo\/image\/\"},\"sameAs\":[\"https:\/\/www.facebook.com\/notibras\/\",\"https:\/\/x.com\/Notibras\",\"https:\/\/www.instagram.com\/notibras\/\"]},{\"@type\":\"Person\",\"@id\":\"https:\/\/www.notibras.com\/site\/#\/schema\/person\/36ab0979449956132d3e5b517ea76ac8\",\"name\":\"Reda\u00e7\u00e3o\",\"image\":{\"@type\":\"ImageObject\",\"inLanguage\":\"pt-BR\",\"@id\":\"https:\/\/secure.gravatar.com\/avatar\/e0a867bdedb85fd243eadf09663511f96fc81e0720a4a42581f334ad4303aa6b?s=96&d=mm&r=g\",\"url\":\"https:\/\/secure.gravatar.com\/avatar\/e0a867bdedb85fd243eadf09663511f96fc81e0720a4a42581f334ad4303aa6b?s=96&d=mm&r=g\",\"contentUrl\":\"https:\/\/secure.gravatar.com\/avatar\/e0a867bdedb85fd243eadf09663511f96fc81e0720a4a42581f334ad4303aa6b?s=96&d=mm&r=g\",\"caption\":\"Reda\u00e7\u00e3o\"}}]}<\/script>\n<!-- \/ Yoast SEO plugin. -->","yoast_head_json":{"title":"Trabalho no com\u00e9rcio em feriados exige conven\u00e7\u00e3o coletiva - Notibras","robots":{"index":"index","follow":"follow","max-snippet":"max-snippet:-1","max-image-preview":"max-image-preview:large","max-video-preview":"max-video-preview:-1"},"canonical":"https:\/\/www.notibras.com\/site\/trabalho-no-comercio-em-feriados-exige-convencao-coletiva\/","og_locale":"pt_BR","og_type":"article","og_title":"Trabalho no com\u00e9rcio em feriados exige conven\u00e7\u00e3o coletiva - Notibras","og_description":"A partir de agora, o trabalho no com\u00e9rcio nos feriados exigir\u00e1 negocia\u00e7\u00e3o coletiva com os sindicatos. Portaria do Minist\u00e9rio do Trabalho e Emprego estabelece a exig\u00eancia de concord\u00e2ncia dos trabalhadores. Segundo a portaria, apenas as feiras livres poder\u00e3o abrir nos feriados sem acordo coletivo. A medida altera uma portaria de 2021 que regulamentava o trabalho [&hellip;]","og_url":"https:\/\/www.notibras.com\/site\/trabalho-no-comercio-em-feriados-exige-convencao-coletiva\/","og_site_name":"Notibras","article_publisher":"https:\/\/www.facebook.com\/notibras\/","article_published_time":"2023-11-16T03:00:52+00:00","article_modified_time":"2023-11-16T09:37:35+00:00","og_image":[{"width":1170,"height":700,"url":"https:\/\/www.notibras.com\/site\/wp-content\/uploads\/2023\/11\/traferiado.webp","type":"image\/webp"}],"author":"Reda\u00e7\u00e3o","twitter_card":"summary_large_image","twitter_creator":"@Notibras","twitter_site":"@Notibras","twitter_misc":{"Escrito por":"Reda\u00e7\u00e3o","Est. tempo de leitura":"2 minutos"},"schema":{"@context":"https:\/\/schema.org","@graph":[{"@type":"Article","@id":"https:\/\/www.notibras.com\/site\/trabalho-no-comercio-em-feriados-exige-convencao-coletiva\/#article","isPartOf":{"@id":"https:\/\/www.notibras.com\/site\/trabalho-no-comercio-em-feriados-exige-convencao-coletiva\/"},"author":{"name":"Reda\u00e7\u00e3o","@id":"https:\/\/www.notibras.com\/site\/#\/schema\/person\/36ab0979449956132d3e5b517ea76ac8"},"headline":"Trabalho no com\u00e9rcio em feriados exige conven\u00e7\u00e3o coletiva","datePublished":"2023-11-16T03:00:52+00:00","dateModified":"2023-11-16T09:37:35+00:00","mainEntityOfPage":{"@id":"https:\/\/www.notibras.com\/site\/trabalho-no-comercio-em-feriados-exige-convencao-coletiva\/"},"wordCount":301,"publisher":{"@id":"https:\/\/www.notibras.com\/site\/#organization"},"image":{"@id":"https:\/\/www.notibras.com\/site\/trabalho-no-comercio-em-feriados-exige-convencao-coletiva\/#primaryimage"},"thumbnailUrl":"https:\/\/www.notibras.com\/site\/wp-content\/uploads\/2023\/11\/traferiado.webp","articleSection":["Quadradinho em Foco"],"inLanguage":"pt-BR"},{"@type":"WebPage","@id":"https:\/\/www.notibras.com\/site\/trabalho-no-comercio-em-feriados-exige-convencao-coletiva\/","url":"https:\/\/www.notibras.com\/site\/trabalho-no-comercio-em-feriados-exige-convencao-coletiva\/","name":"Trabalho no com\u00e9rcio em feriados exige conven\u00e7\u00e3o coletiva - Notibras","isPartOf":{"@id":"https:\/\/www.notibras.com\/site\/#website"},"primaryImageOfPage":{"@id":"https:\/\/www.notibras.com\/site\/trabalho-no-comercio-em-feriados-exige-convencao-coletiva\/#primaryimage"},"image":{"@id":"https:\/\/www.notibras.com\/site\/trabalho-no-comercio-em-feriados-exige-convencao-coletiva\/#primaryimage"},"thumbnailUrl":"https:\/\/www.notibras.com\/site\/wp-content\/uploads\/2023\/11\/traferiado.webp","datePublished":"2023-11-16T03:00:52+00:00","dateModified":"2023-11-16T09:37:35+00:00","breadcrumb":{"@id":"https:\/\/www.notibras.com\/site\/trabalho-no-comercio-em-feriados-exige-convencao-coletiva\/#breadcrumb"},"inLanguage":"pt-BR","potentialAction":[{"@type":"ReadAction","target":["https:\/\/www.notibras.com\/site\/trabalho-no-comercio-em-feriados-exige-convencao-coletiva\/"]}]},{"@type":"ImageObject","inLanguage":"pt-BR","@id":"https:\/\/www.notibras.com\/site\/trabalho-no-comercio-em-feriados-exige-convencao-coletiva\/#primaryimage","url":"https:\/\/www.notibras.com\/site\/wp-content\/uploads\/2023\/11\/traferiado.webp","contentUrl":"https:\/\/www.notibras.com\/site\/wp-content\/uploads\/2023\/11\/traferiado.webp","width":1170,"height":700},{"@type":"BreadcrumbList","@id":"https:\/\/www.notibras.com\/site\/trabalho-no-comercio-em-feriados-exige-convencao-coletiva\/#breadcrumb","itemListElement":[{"@type":"ListItem","position":1,"name":"In\u00edcio","item":"https:\/\/www.notibras.com\/site\/"},{"@type":"ListItem","position":2,"name":"Trabalho no com\u00e9rcio em feriados exige conven\u00e7\u00e3o coletiva"}]},{"@type":"WebSite","@id":"https:\/\/www.notibras.com\/site\/#website","url":"https:\/\/www.notibras.com\/site\/","name":"Notibras","description":"Not\u00edcias de Bras\u00edlia, do Brasil e do Mundo","publisher":{"@id":"https:\/\/www.notibras.com\/site\/#organization"},"potentialAction":[{"@type":"SearchAction","target":{"@type":"EntryPoint","urlTemplate":"https:\/\/www.notibras.com\/site\/?s={search_term_string}"},"query-input":{"@type":"PropertyValueSpecification","valueRequired":true,"valueName":"search_term_string"}}],"inLanguage":"pt-BR"},{"@type":"Organization","@id":"https:\/\/www.notibras.com\/site\/#organization","name":"Grupo Notibras de Comunica\u00e7\u00e3o","url":"https:\/\/www.notibras.com\/site\/","logo":{"@type":"ImageObject","inLanguage":"pt-BR","@id":"https:\/\/www.notibras.com\/site\/#\/schema\/logo\/image\/","url":"https:\/\/www.notibras.com\/site\/wp-content\/uploads\/2023\/01\/notibras23.png","contentUrl":"https:\/\/www.notibras.com\/site\/wp-content\/uploads\/2023\/01\/notibras23.png","width":350,"height":87,"caption":"Grupo Notibras de Comunica\u00e7\u00e3o"},"image":{"@id":"https:\/\/www.notibras.com\/site\/#\/schema\/logo\/image\/"},"sameAs":["https:\/\/www.facebook.com\/notibras\/","https:\/\/x.com\/Notibras","https:\/\/www.instagram.com\/notibras\/"]},{"@type":"Person","@id":"https:\/\/www.notibras.com\/site\/#\/schema\/person\/36ab0979449956132d3e5b517ea76ac8","name":"Reda\u00e7\u00e3o","image":{"@type":"ImageObject","inLanguage":"pt-BR","@id":"https:\/\/secure.gravatar.com\/avatar\/e0a867bdedb85fd243eadf09663511f96fc81e0720a4a42581f334ad4303aa6b?s=96&d=mm&r=g","url":"https:\/\/secure.gravatar.com\/avatar\/e0a867bdedb85fd243eadf09663511f96fc81e0720a4a42581f334ad4303aa6b?s=96&d=mm&r=g","contentUrl":"https:\/\/secure.gravatar.com\/avatar\/e0a867bdedb85fd243eadf09663511f96fc81e0720a4a42581f334ad4303aa6b?s=96&d=mm&r=g","caption":"Reda\u00e7\u00e3o"}}]}},"amp_enabled":true,"_links":{"self":[{"href":"https:\/\/www.notibras.com\/site\/wp-json\/wp\/v2\/posts\/317063","targetHints":{"allow":["GET"]}}],"collection":[{"href":"https:\/\/www.notibras.com\/site\/wp-json\/wp\/v2\/posts"}],"about":[{"href":"https:\/\/www.notibras.com\/site\/wp-json\/wp\/v2\/types\/post"}],"author":[{"embeddable":true,"href":"https:\/\/www.notibras.com\/site\/wp-json\/wp\/v2\/users\/2"}],"replies":[{"embeddable":true,"href":"https:\/\/www.notibras.com\/site\/wp-json\/wp\/v2\/comments?post=317063"}],"version-history":[{"count":1,"href":"https:\/\/www.notibras.com\/site\/wp-json\/wp\/v2\/posts\/317063\/revisions"}],"predecessor-version":[{"id":317065,"href":"https:\/\/www.notibras.com\/site\/wp-json\/wp\/v2\/posts\/317063\/revisions\/317065"}],"wp:featuredmedia":[{"embeddable":true,"href":"https:\/\/www.notibras.com\/site\/wp-json\/wp\/v2\/media\/317064"}],"wp:attachment":[{"href":"https:\/\/www.notibras.com\/site\/wp-json\/wp\/v2\/media?parent=317063"}],"wp:term":[{"taxonomy":"category","embeddable":true,"href":"https:\/\/www.notibras.com\/site\/wp-json\/wp\/v2\/categories?post=317063"},{"taxonomy":"post_tag","embeddable":true,"href":"https:\/\/www.notibras.com\/site\/wp-json\/wp\/v2\/tags?post=317063"}],"curies":[{"name":"wp","href":"https:\/\/api.w.org\/{rel}","templated":true}]}}